{"id":1132,"date":"2014-01-16T22:02:29","date_gmt":"2014-01-16T23:02:29","guid":{"rendered":"http:\/\/eldigitaldeasturias.com\/magazine365\/?p=1132"},"modified":"2014-01-16T22:02:29","modified_gmt":"2014-01-16T23:02:29","slug":"en-silla-de-ruedas-al-teide-vacaciones-sin-barreras-en-tenerife","status":"publish","type":"post","link":"https:\/\/eldigitaldeasturias.com\/magazine365\/en-silla-de-ruedas-al-teide-vacaciones-sin-barreras-en-tenerife\/","title":{"rendered":"En silla de ruedas al Teide : Vacaciones sin barreras en Tenerife"},"content":{"rendered":"<p><img fetchpriority=\"high\" decoding=\"async\" class=\"alignleft size-medium wp-image-1133\" alt=\"Mit dem Rollstuhl zum Teide - Urlaub ohne Barrieren auf Teneriffa\" src=\"https:\/\/eldigitaldeasturias.com\/magazine365\/wp-content\/uploads\/2014\/01\/EN_SILLA_DE_RUEDAS_A_36936290-200x300.jpg\" width=\"200\" height=\"300\" srcset=\"https:\/\/eldigitaldeasturias.com\/magazine365\/wp-content\/uploads\/2014\/01\/EN_SILLA_DE_RUEDAS_A_36936290-200x300.jpg 200w, https:\/\/eldigitaldeasturias.com\/magazine365\/wp-content\/uploads\/2014\/01\/EN_SILLA_DE_RUEDAS_A_36936290-427x640.jpg 427w, https:\/\/eldigitaldeasturias.com\/magazine365\/wp-content\/uploads\/2014\/01\/EN_SILLA_DE_RUEDAS_A_36936290-768x1152.jpg 768w, https:\/\/eldigitaldeasturias.com\/magazine365\/wp-content\/uploads\/2014\/01\/EN_SILLA_DE_RUEDAS_A_36936290-1024x1536.jpg 1024w, https:\/\/eldigitaldeasturias.com\/magazine365\/wp-content\/uploads\/2014\/01\/EN_SILLA_DE_RUEDAS_A_36936290-1366x2048.jpg 1366w, https:\/\/eldigitaldeasturias.com\/magazine365\/wp-content\/uploads\/2014\/01\/EN_SILLA_DE_RUEDAS_A_36936290-150x225.jpg 150w, https:\/\/eldigitaldeasturias.com\/magazine365\/wp-content\/uploads\/2014\/01\/EN_SILLA_DE_RUEDAS_A_36936290-450x675.jpg 450w, https:\/\/eldigitaldeasturias.com\/magazine365\/wp-content\/uploads\/2014\/01\/EN_SILLA_DE_RUEDAS_A_36936290-1200x1800.jpg 1200w, https:\/\/eldigitaldeasturias.com\/magazine365\/wp-content\/uploads\/2014\/01\/EN_SILLA_DE_RUEDAS_A_36936290-696x1044.jpg 696w, https:\/\/eldigitaldeasturias.com\/magazine365\/wp-content\/uploads\/2014\/01\/EN_SILLA_DE_RUEDAS_A_36936290-1068x1602.jpg 1068w, https:\/\/eldigitaldeasturias.com\/magazine365\/wp-content\/uploads\/2014\/01\/EN_SILLA_DE_RUEDAS_A_36936290-280x420.jpg 280w, https:\/\/eldigitaldeasturias.com\/magazine365\/wp-content\/uploads\/2014\/01\/EN_SILLA_DE_RUEDAS_A_36936290-scaled.jpg 1707w\" sizes=\"(max-width: 200px) 100vw, 200px\" \/>ARONA, Tenerife (dpa) &#8211; Para Noemi D\u00edaz Delgado no hay ninguna duda: \u00abLa culpa la ten\u00edan los suecos\u00bb, dice la encargada de turismo de la regi\u00f3n de Arona, con una sonrisa burlona. \u00abAqu\u00ed todo empez\u00f3 con ellos\u00bb. D\u00edaz Delgado est\u00e1 sentada en el bar de la piscina del hotel-balneario \u00abMar y Sol\u00bb, en Los Cristianos, y observa la escena. Detr\u00e1s de ella, acompa\u00f1ados por terapeutas, diab\u00e9ticos y parapl\u00e9jicos hacen ejercicios en el agua de la piscina, que tiene una temperatura de 37 grados. En la piscina de al lado, un poco menos caliente, comienza una clase de prueba de buceo para personas discapacitadas. De repente se oye el zumbar de servomotores: varios turistas en silla de ruedas han salido de sus habitaciones y compiten entre s\u00ed para asegurarse los mejores sitios en la sombra.<\/p>\n<p>Un grupo de j\u00f3venes que padec\u00edan esclerosis m\u00faltiple dio la se\u00f1al de salida. El primer grupo aterriz\u00f3 en 1957 en el sur de la isla canaria de Tenerife en busca de un lugar para pasar las vacaciones en un entorno clim\u00e1tico adecuado. El tiempo estaba bien pero no la infraestructura. \u00abAntes de que llegaran, nosotros \u00e9ramos pobres y viv\u00edamos aislados. Aqu\u00ed casi no hab\u00eda nada\u00bb, recuerda D\u00edaz Delgado.<\/p>\n<p>Sin embargo, despu\u00e9s de que algunos equipos televisivos escandinavos informaran sobre la atrevida excursi\u00f3n del grupo, cada vez m\u00e1s discapacitados vinieron aqu\u00ed. Los pescadores y campesinos vieron la oportunidad de hacer un buen negocio y reformaron sus caba\u00f1as adapt\u00e1ndolas a las necesidades de los nuevos hu\u00e9spedes. Despu\u00e9s, poco a poco fueron apareciendo hoteles y restaurantes.<\/p>\n<p>\u00ab\u00bfY ahora?\u00bb. D\u00edaz Delgado, hace una pausa intencionada y despu\u00e9s prosigue, dando importancia a sus palabras: \u00abAhora somos unas las regiones tur\u00edsticas l\u00edderes de Europa\u00bb. Gracias a los discapacitados, subraya. \u00abEstamos para siempre en deuda con ellos\u00bb.<\/p>\n<p>Una deuda que en toda la isla se paga con una infraestructura libre de barreras sin precedentes. Con siete kil\u00f3metros, el paseo mar\u00edtimo entre Los Cristianos y la vecina localidad de Playa las Vistas es la m\u00e1s larga de Europa sin escaleras ni obst\u00e1culos peligrosos, con bordillos bajados de nivel y con \u00a0numerosas rampas.<\/p>\n<p>En varios tramos de la playa, los discapacitados pueden meterse en el mar gracias a sillas de ruedas anfibias especiales, \u00a0empujadas por personal cualificado. En los anchos paseos hay suficiente espacio para que los discapacitados puedan girar sus sillas de ruedas y adelantarse a otros. Autobuses de piso bajo o veh\u00edculos lanzadera los llevan a otros destinos libres de barreras en toda la isla. En barcos de excursi\u00f3n como el \u00abGladiator\u00bb, que salen de la localidad costera de Los Gigantes, pueden observar ballenas, e incluso en la Cueva del Viento, cerca de Los Realejos, el quinto tubo volc\u00e1nico m\u00e1s grande del mundo, se ofrecen excursiones para turistas ciegos.<\/p>\n<p>\u00abProcuramos que todo el mundo pueda vivir todas las experiencias aqu\u00ed\u00bb, dice Dulce Torres, responsable del \u00e1rea de accesibilidad de la Sociedad Insular para la Promoci\u00f3n de Personas con Discapacidad (Sinpromi), en su oficina de cristal en la calle G\u00f3ngora, en Santa Cruz, la capital de Canarias. \u00abDa igual si son personas discapacitadas, mujeres embarazadas, familias con hijos peque\u00f1os o ancianos: todos se benefician de la ausencia de barreras\u00bb, dice Torres. Los miembros de la sociedad, en muchos casos ellos mismos discapacitados, utilizan sus experiencias y conocimientos para asesorar a particulares e instituciones p\u00fablicas en la aplicaci\u00f3n de medidas para reformar edificios que a veces tienen siglos de antig\u00fcedad.<\/p>\n<p>Un logro del trabajo de la sociedad es el Museo de la Naturaleza y el Hombre, situado en un antiguo hospital civil en la calle Fuente Morales de Santa Cruz. Este museo estatal, el primero de Espa\u00f1a completamente libre de barreras, cuenta con muchos ascensores, un sistema de audiogu\u00edas para personas con problemas de visi\u00f3n, \u00a0mucho espacio y vitrinas colocadas a baja altura para los usuarios de sillas de ruedas y \u00a0iPods con software especiales que \u00a0ayudan a los sordomudos a recorrer el museo.<\/p>\n<p>N\u00e9stor Yanes, de la administraci\u00f3n local de museos, est\u00e1 especialmente orgulloso del sistema de guiado t\u00e1ctil del museo. En cada letrero indicador y en la parte inferior de los pasamanos hay peque\u00f1os botones que transmiten informaci\u00f3n en el sistema de lectura braille. \u00abLa mayor\u00eda de los visitantes no se da cuenta de su presencia\u00bb, dice Yanes al tocar una de las barandillas de color amarillo oro. \u00abLos ciegos, sin embargo, saben inmediatamente que aqu\u00ed comienzan algunos escalones\u00bb. Adem\u00e1s, muchos objetos expuestos\u00a0 tales como amonites\u00a0 de millones de a\u00f1os de antig\u00fcedad, no se encuentran en vitrinas, sino en mesitas. \u00abQuien tiene problemas de visi\u00f3n simplemente puede tocar los objetos y sentir las estructuras\u00bb, explica Yanes.<\/p>\n<p>Adem\u00e1s de la oferta cultural, tambi\u00e9n la naturaleza se puede vivir libre de barreras, gracias a las sillas Jo\u00eblette, sillas de ruedas especiales para el exterior que superan pr\u00e1cticamente cualquier desnivel en el\u00a0 terreno. Con este veh\u00edculo de una rueda y parecida a una litera,\u00a0 los discapacitados incluso pueden llegar al Pico del Teide, la monta\u00f1a m\u00e1s alta de Espa\u00f1a. Mucha gente no confiaba en que Elena Mart\u00ednez, paralizada del cuello para abajo a causa de un accidente de tr\u00e1fico sufrido hace 22 a\u00f1os, lograra su objetivo cuando se puso en marcha con su silla Jo\u00eblette. \u00abIncluso la polic\u00eda no lo pod\u00eda creer y nos acompa\u00f1aba al principio\u00bb, dice Mart\u00ednez con una sonrisa. Sin embargo, la ex bailarina, de 38 a\u00f1os, no vacil\u00f3 y logr\u00f3 conquistar el gigantesco volc\u00e1n. \u00abSimplemente quer\u00eda hacerlo, cueste lo que cueste\u00bb.<\/p>\n<p>Toda una aventura, sin lugar a dudas. Un paso en falso de los ayudantes capacitados, que tiran delante y empujan detr\u00e1s, hubiera arrastrado a todos al abismo. Sin embargo, todo sali\u00f3 bien. El curioso veh\u00edculo, puesto a disposici\u00f3n de Elena por la asociaci\u00f3n Monta\u00f1as para Todos, super\u00f3 todas las crestas y al final, Elena se convirti\u00f3 en la primera persona postrada en una silla de ruedas que pudo contemplar desde la cima las nubes que se extienden alrededor del Teide. \u00abUna sensaci\u00f3n maravillosa. Demostr\u00e9 que tambi\u00e9n en silla de ruedas todo es posible\u00bb.<\/p>\n<p>INFORMACI\u00d3N B\u00c1SICA: Tenerife<\/p>\n<p>C\u00f3mo llegar: la localidad costera de Los Cristianos est\u00e1 situada a unos 30 kil\u00f3metros al suroeste del aeropuerto de Tenerife Sur (Reina Sof\u00eda). Desde el aeropuerto, el viaje en coche de alquiler dura unos 20 minutos.<\/p>\n<p>Cu\u00e1ndo viajar: Durante todo el a\u00f1o, el tiempo en Tenerife es templado y soleado. En los meses de verano, de finales de mayo a mediados de septiembre, las temperaturas diurnas alcanzan un m\u00e1ximo de m\u00e1s de 30 grados. Con temperaturas de hasta 25 grados, la primavera, el oto\u00f1o y el invierno son \u00e9pocas muy agradables en la isla.<\/p>\n<p>Informaciones: Sinpromi, Calle C\u00f3ngora s\/n, 38005 Santa Cruz de Tenerife (Tel.: 0034\/922 24 91 99, E-Mail: accesible.sinpromi@tenerife.es).<\/p>\n<p>Por Sven Schneider<\/p>\n","protected":false},"excerpt":{"rendered":"<p>ARONA, Tenerife (dpa) &#8211; Para Noemi D\u00edaz Delgado no hay ninguna duda: \u00abLa culpa la ten\u00edan los suecos\u00bb, dice la encargada de turismo de la regi\u00f3n de Arona, con una sonrisa burlona. \u00abAqu\u00ed todo empez\u00f3 con ellos\u00bb. D\u00edaz Delgado est\u00e1 sentada en el bar de la piscina del hotel-balneario \u00abMar y Sol\u00bb, en Los Cristianos,<\/p>\n","protected":false},"author":1,"featured_media":1133,"comment_status":"open","ping_status":"open","sticky":false,"template":"","format":"standard","meta":{"footnotes":""},"categories":[238],"tags":[],"class_list":{"0":"post-1132","1":"post","2":"type-post","3":"status-publish","4":"format-standard","5":"has-post-thumbnail","7":"category-viajes"},"aioseo_notices":[],"aioseo_head":"\n\t\t<!-- All in One SEO Pro 4.9.6.1 - aioseo.com -->\n\t<meta name=\"description\" content=\"ARONA, Tenerife (dpa) - Para Noemi D\u00edaz Delgado no hay ninguna duda: &quot;La culpa la ten\u00edan los suecos&quot;, dice la encargada de turismo de la regi\u00f3n de Arona, con una sonrisa burlona. &quot;Aqu\u00ed todo empez\u00f3 con ellos&quot;. D\u00edaz Delgado est\u00e1 sentada en el bar de la piscina del hotel-balneario &quot;Mar y Sol&quot;, en Los Cristianos,\" \/>\n\t<meta name=\"robots\" content=\"max-image-preview:large\" \/>\n\t<meta name=\"author\" content=\"admin\"\/>\n\t<meta name=\"google-site-verification\" content=\"UA-38556648-1\" \/>\n\t<meta name=\"keywords\" content=\"viajes\" \/>\n\t<link rel=\"canonical\" href=\"https:\/\/eldigitaldeasturias.com\/magazine365\/en-silla-de-ruedas-al-teide-vacaciones-sin-barreras-en-tenerife\/\" \/>\n\t<meta name=\"generator\" content=\"All in One SEO Pro (AIOSEO) 4.9.6.1\" \/>\n\t\t<meta property=\"og:locale\" content=\"es_ES\" \/>\n\t\t<meta property=\"og:site_name\" content=\"El Digital de Asturias \u2013 Revista de ocio, turismo y estilo de vida\" \/>\n\t\t<meta property=\"og:type\" content=\"article\" \/>\n\t\t<meta property=\"og:title\" content=\"En silla de ruedas al Teide : Vacaciones sin barreras en Tenerife | El Digital de Asturias\" \/>\n\t\t<meta property=\"og:description\" content=\"ARONA, Tenerife (dpa) - Para Noemi D\u00edaz Delgado no hay ninguna duda: &quot;La culpa la ten\u00edan los suecos&quot;, dice la encargada de turismo de la regi\u00f3n de Arona, con una sonrisa burlona. &quot;Aqu\u00ed todo empez\u00f3 con ellos&quot;. D\u00edaz Delgado est\u00e1 sentada en el bar de la piscina del hotel-balneario &quot;Mar y Sol&quot;, en Los Cristianos,\" \/>\n\t\t<meta property=\"og:url\" content=\"https:\/\/eldigitaldeasturias.com\/magazine365\/en-silla-de-ruedas-al-teide-vacaciones-sin-barreras-en-tenerife\/\" \/>\n\t\t<meta property=\"og:image\" content=\"https:\/\/eldigitaldeasturias.com\/magazine365\/wp-content\/uploads\/2014\/01\/EN_SILLA_DE_RUEDAS_A_36936290-scaled.jpg\" \/>\n\t\t<meta property=\"og:image:secure_url\" content=\"https:\/\/eldigitaldeasturias.com\/magazine365\/wp-content\/uploads\/2014\/01\/EN_SILLA_DE_RUEDAS_A_36936290-scaled.jpg\" \/>\n\t\t<meta property=\"og:image:width\" content=\"1707\" \/>\n\t\t<meta property=\"og:image:height\" content=\"2560\" \/>\n\t\t<meta property=\"article:published_time\" content=\"2014-01-16T23:02:29+00:00\" \/>\n\t\t<meta property=\"article:modified_time\" content=\"2014-01-16T23:02:29+00:00\" \/>\n\t\t<meta name=\"twitter:card\" content=\"summary_large_image\" \/>\n\t\t<meta name=\"twitter:title\" content=\"En silla de ruedas al Teide : Vacaciones sin barreras en Tenerife | El Digital de Asturias\" \/>\n\t\t<meta name=\"twitter:description\" content=\"ARONA, Tenerife (dpa) - Para Noemi D\u00edaz Delgado no hay ninguna duda: &quot;La culpa la ten\u00edan los suecos&quot;, dice la encargada de turismo de la regi\u00f3n de Arona, con una sonrisa burlona. &quot;Aqu\u00ed todo empez\u00f3 con ellos&quot;. D\u00edaz Delgado est\u00e1 sentada en el bar de la piscina del hotel-balneario &quot;Mar y Sol&quot;, en Los Cristianos,\" \/>\n\t\t<meta name=\"twitter:image\" content=\"https:\/\/eldigitaldeasturias.com\/magazine365\/wp-content\/uploads\/2014\/01\/EN_SILLA_DE_RUEDAS_A_36936290-scaled.jpg\" \/>\n\t\t<script type=\"application\/ld+json\" class=\"aioseo-schema\">\n\t\t\t{\"@context\":\"https:\\\/\\\/schema.org\",\"@graph\":[{\"@type\":\"Article\",\"@id\":\"https:\\\/\\\/eldigitaldeasturias.com\\\/magazine365\\\/en-silla-de-ruedas-al-teide-vacaciones-sin-barreras-en-tenerife\\\/#article\",\"name\":\"En silla de ruedas al Teide : Vacaciones sin barreras en Tenerife | El Digital de Asturias\",\"headline\":\"En silla de ruedas al Teide : Vacaciones sin barreras en Tenerife\",\"author\":{\"@id\":\"https:\\\/\\\/eldigitaldeasturias.com\\\/magazine365\\\/author\\\/admin\\\/#author\"},\"publisher\":{\"@id\":\"https:\\\/\\\/eldigitaldeasturias.com\\\/magazine365\\\/#organization\"},\"image\":{\"@type\":\"ImageObject\",\"url\":\"https:\\\/\\\/eldigitaldeasturias.com\\\/magazine365\\\/wp-content\\\/uploads\\\/2014\\\/01\\\/EN_SILLA_DE_RUEDAS_A_36936290-scaled.jpg\",\"width\":1707,\"height\":2560},\"datePublished\":\"2014-01-16T22:02:29+01:00\",\"dateModified\":\"2014-01-16T22:02:29+01:00\",\"inLanguage\":\"es-ES\",\"mainEntityOfPage\":{\"@id\":\"https:\\\/\\\/eldigitaldeasturias.com\\\/magazine365\\\/en-silla-de-ruedas-al-teide-vacaciones-sin-barreras-en-tenerife\\\/#webpage\"},\"isPartOf\":{\"@id\":\"https:\\\/\\\/eldigitaldeasturias.com\\\/magazine365\\\/en-silla-de-ruedas-al-teide-vacaciones-sin-barreras-en-tenerife\\\/#webpage\"},\"articleSection\":\"Viajes\"},{\"@type\":\"BreadcrumbList\",\"@id\":\"https:\\\/\\\/eldigitaldeasturias.com\\\/magazine365\\\/en-silla-de-ruedas-al-teide-vacaciones-sin-barreras-en-tenerife\\\/#breadcrumblist\",\"itemListElement\":[{\"@type\":\"ListItem\",\"@id\":\"https:\\\/\\\/eldigitaldeasturias.com\\\/magazine365#listItem\",\"position\":1,\"name\":\"Home\",\"item\":\"https:\\\/\\\/eldigitaldeasturias.com\\\/magazine365\",\"nextItem\":{\"@type\":\"ListItem\",\"@id\":\"https:\\\/\\\/eldigitaldeasturias.com\\\/magazine365\\\/category\\\/viajes\\\/#listItem\",\"name\":\"Viajes\"}},{\"@type\":\"ListItem\",\"@id\":\"https:\\\/\\\/eldigitaldeasturias.com\\\/magazine365\\\/category\\\/viajes\\\/#listItem\",\"position\":2,\"name\":\"Viajes\",\"item\":\"https:\\\/\\\/eldigitaldeasturias.com\\\/magazine365\\\/category\\\/viajes\\\/\",\"nextItem\":{\"@type\":\"ListItem\",\"@id\":\"https:\\\/\\\/eldigitaldeasturias.com\\\/magazine365\\\/en-silla-de-ruedas-al-teide-vacaciones-sin-barreras-en-tenerife\\\/#listItem\",\"name\":\"En silla de ruedas al Teide : Vacaciones sin barreras en Tenerife\"},\"previousItem\":{\"@type\":\"ListItem\",\"@id\":\"https:\\\/\\\/eldigitaldeasturias.com\\\/magazine365#listItem\",\"name\":\"Home\"}},{\"@type\":\"ListItem\",\"@id\":\"https:\\\/\\\/eldigitaldeasturias.com\\\/magazine365\\\/en-silla-de-ruedas-al-teide-vacaciones-sin-barreras-en-tenerife\\\/#listItem\",\"position\":3,\"name\":\"En silla de ruedas al Teide : Vacaciones sin barreras en Tenerife\",\"previousItem\":{\"@type\":\"ListItem\",\"@id\":\"https:\\\/\\\/eldigitaldeasturias.com\\\/magazine365\\\/category\\\/viajes\\\/#listItem\",\"name\":\"Viajes\"}}]},{\"@type\":\"Organization\",\"@id\":\"https:\\\/\\\/eldigitaldeasturias.com\\\/magazine365\\\/#organization\",\"name\":\"El digital de Asturias\",\"description\":\"Revista de ocio, turismo y estilo de vida\",\"url\":\"https:\\\/\\\/eldigitaldeasturias.com\\\/magazine365\\\/\",\"logo\":{\"@type\":\"ImageObject\",\"url\":\"https:\\\/\\\/www.eldigitaldeasturias.com\\\/noticias\\\/wp-content\\\/uploads\\\/2020\\\/12\\\/EDA.jpg\",\"@id\":\"https:\\\/\\\/eldigitaldeasturias.com\\\/magazine365\\\/en-silla-de-ruedas-al-teide-vacaciones-sin-barreras-en-tenerife\\\/#organizationLogo\"},\"image\":{\"@id\":\"https:\\\/\\\/eldigitaldeasturias.com\\\/magazine365\\\/en-silla-de-ruedas-al-teide-vacaciones-sin-barreras-en-tenerife\\\/#organizationLogo\"}},{\"@type\":\"Person\",\"@id\":\"https:\\\/\\\/eldigitaldeasturias.com\\\/magazine365\\\/author\\\/admin\\\/#author\",\"url\":\"https:\\\/\\\/eldigitaldeasturias.com\\\/magazine365\\\/author\\\/admin\\\/\",\"name\":\"admin\",\"image\":{\"@type\":\"ImageObject\",\"@id\":\"https:\\\/\\\/eldigitaldeasturias.com\\\/magazine365\\\/en-silla-de-ruedas-al-teide-vacaciones-sin-barreras-en-tenerife\\\/#authorImage\",\"url\":\"https:\\\/\\\/eldigitaldeasturias.com\\\/magazine365\\\/wp-content\\\/litespeed\\\/avatar\\\/e571bcf59a0edd6fa6838245a470f2fe.jpg?ver=1777574230\",\"width\":96,\"height\":96,\"caption\":\"admin\"}},{\"@type\":\"WebPage\",\"@id\":\"https:\\\/\\\/eldigitaldeasturias.com\\\/magazine365\\\/en-silla-de-ruedas-al-teide-vacaciones-sin-barreras-en-tenerife\\\/#webpage\",\"url\":\"https:\\\/\\\/eldigitaldeasturias.com\\\/magazine365\\\/en-silla-de-ruedas-al-teide-vacaciones-sin-barreras-en-tenerife\\\/\",\"name\":\"En silla de ruedas al Teide : Vacaciones sin barreras en Tenerife | El Digital de Asturias\",\"description\":\"ARONA, Tenerife (dpa) - Para Noemi D\\u00edaz Delgado no hay ninguna duda: \\\"La culpa la ten\\u00edan los suecos\\\", dice la encargada de turismo de la regi\\u00f3n de Arona, con una sonrisa burlona. \\\"Aqu\\u00ed todo empez\\u00f3 con ellos\\\". D\\u00edaz Delgado est\\u00e1 sentada en el bar de la piscina del hotel-balneario \\\"Mar y Sol\\\", en Los Cristianos,\",\"inLanguage\":\"es-ES\",\"isPartOf\":{\"@id\":\"https:\\\/\\\/eldigitaldeasturias.com\\\/magazine365\\\/#website\"},\"breadcrumb\":{\"@id\":\"https:\\\/\\\/eldigitaldeasturias.com\\\/magazine365\\\/en-silla-de-ruedas-al-teide-vacaciones-sin-barreras-en-tenerife\\\/#breadcrumblist\"},\"author\":{\"@id\":\"https:\\\/\\\/eldigitaldeasturias.com\\\/magazine365\\\/author\\\/admin\\\/#author\"},\"creator\":{\"@id\":\"https:\\\/\\\/eldigitaldeasturias.com\\\/magazine365\\\/author\\\/admin\\\/#author\"},\"image\":{\"@type\":\"ImageObject\",\"url\":\"https:\\\/\\\/eldigitaldeasturias.com\\\/magazine365\\\/wp-content\\\/uploads\\\/2014\\\/01\\\/EN_SILLA_DE_RUEDAS_A_36936290-scaled.jpg\",\"@id\":\"https:\\\/\\\/eldigitaldeasturias.com\\\/magazine365\\\/en-silla-de-ruedas-al-teide-vacaciones-sin-barreras-en-tenerife\\\/#mainImage\",\"width\":1707,\"height\":2560},\"primaryImageOfPage\":{\"@id\":\"https:\\\/\\\/eldigitaldeasturias.com\\\/magazine365\\\/en-silla-de-ruedas-al-teide-vacaciones-sin-barreras-en-tenerife\\\/#mainImage\"},\"datePublished\":\"2014-01-16T22:02:29+01:00\",\"dateModified\":\"2014-01-16T22:02:29+01:00\"},{\"@type\":\"WebSite\",\"@id\":\"https:\\\/\\\/eldigitaldeasturias.com\\\/magazine365\\\/#website\",\"url\":\"https:\\\/\\\/eldigitaldeasturias.com\\\/magazine365\\\/\",\"name\":\"El Digital de Asturias\",\"description\":\"Revista de ocio, turismo y estilo de vida\",\"inLanguage\":\"es-ES\",\"publisher\":{\"@id\":\"https:\\\/\\\/eldigitaldeasturias.com\\\/magazine365\\\/#organization\"}}]}\n\t\t<\/script>\n\t\t<!-- All in One SEO Pro -->\r\n\t\t<title>En silla de ruedas al Teide : Vacaciones sin barreras en Tenerife | El Digital de Asturias<\/title>\n\n","aioseo_head_json":{"title":"En silla de ruedas al Teide : Vacaciones sin barreras en Tenerife | El Digital de Asturias","description":"ARONA, Tenerife (dpa) - Para Noemi D\u00edaz Delgado no hay ninguna duda: \"La culpa la ten\u00edan los suecos\", dice la encargada de turismo de la regi\u00f3n de Arona, con una sonrisa burlona. \"Aqu\u00ed todo empez\u00f3 con ellos\". D\u00edaz Delgado est\u00e1 sentada en el bar de la piscina del hotel-balneario \"Mar y Sol\", en Los Cristianos,","canonical_url":"https:\/\/eldigitaldeasturias.com\/magazine365\/en-silla-de-ruedas-al-teide-vacaciones-sin-barreras-en-tenerife\/","robots":"max-image-preview:large","keywords":"viajes","webmasterTools":{"google-site-verification":"UA-38556648-1","miscellaneous":""},"schema":{"@context":"https:\/\/schema.org","@graph":[{"@type":"Article","@id":"https:\/\/eldigitaldeasturias.com\/magazine365\/en-silla-de-ruedas-al-teide-vacaciones-sin-barreras-en-tenerife\/#article","name":"En silla de ruedas al Teide : Vacaciones sin barreras en Tenerife | El Digital de Asturias","headline":"En silla de ruedas al Teide : Vacaciones sin barreras en Tenerife","author":{"@id":"https:\/\/eldigitaldeasturias.com\/magazine365\/author\/admin\/#author"},"publisher":{"@id":"https:\/\/eldigitaldeasturias.com\/magazine365\/#organization"},"image":{"@type":"ImageObject","url":"https:\/\/eldigitaldeasturias.com\/magazine365\/wp-content\/uploads\/2014\/01\/EN_SILLA_DE_RUEDAS_A_36936290-scaled.jpg","width":1707,"height":2560},"datePublished":"2014-01-16T22:02:29+01:00","dateModified":"2014-01-16T22:02:29+01:00","inLanguage":"es-ES","mainEntityOfPage":{"@id":"https:\/\/eldigitaldeasturias.com\/magazine365\/en-silla-de-ruedas-al-teide-vacaciones-sin-barreras-en-tenerife\/#webpage"},"isPartOf":{"@id":"https:\/\/eldigitaldeasturias.com\/magazine365\/en-silla-de-ruedas-al-teide-vacaciones-sin-barreras-en-tenerife\/#webpage"},"articleSection":"Viajes"},{"@type":"BreadcrumbList","@id":"https:\/\/eldigitaldeasturias.com\/magazine365\/en-silla-de-ruedas-al-teide-vacaciones-sin-barreras-en-tenerife\/#breadcrumblist","itemListElement":[{"@type":"ListItem","@id":"https:\/\/eldigitaldeasturias.com\/magazine365#listItem","position":1,"name":"Home","item":"https:\/\/eldigitaldeasturias.com\/magazine365","nextItem":{"@type":"ListItem","@id":"https:\/\/eldigitaldeasturias.com\/magazine365\/category\/viajes\/#listItem","name":"Viajes"}},{"@type":"ListItem","@id":"https:\/\/eldigitaldeasturias.com\/magazine365\/category\/viajes\/#listItem","position":2,"name":"Viajes","item":"https:\/\/eldigitaldeasturias.com\/magazine365\/category\/viajes\/","nextItem":{"@type":"ListItem","@id":"https:\/\/eldigitaldeasturias.com\/magazine365\/en-silla-de-ruedas-al-teide-vacaciones-sin-barreras-en-tenerife\/#listItem","name":"En silla de ruedas al Teide : Vacaciones sin barreras en Tenerife"},"previousItem":{"@type":"ListItem","@id":"https:\/\/eldigitaldeasturias.com\/magazine365#listItem","name":"Home"}},{"@type":"ListItem","@id":"https:\/\/eldigitaldeasturias.com\/magazine365\/en-silla-de-ruedas-al-teide-vacaciones-sin-barreras-en-tenerife\/#listItem","position":3,"name":"En silla de ruedas al Teide : Vacaciones sin barreras en Tenerife","previousItem":{"@type":"ListItem","@id":"https:\/\/eldigitaldeasturias.com\/magazine365\/category\/viajes\/#listItem","name":"Viajes"}}]},{"@type":"Organization","@id":"https:\/\/eldigitaldeasturias.com\/magazine365\/#organization","name":"El digital de Asturias","description":"Revista de ocio, turismo y estilo de vida","url":"https:\/\/eldigitaldeasturias.com\/magazine365\/","logo":{"@type":"ImageObject","url":"https:\/\/www.eldigitaldeasturias.com\/noticias\/wp-content\/uploads\/2020\/12\/EDA.jpg","@id":"https:\/\/eldigitaldeasturias.com\/magazine365\/en-silla-de-ruedas-al-teide-vacaciones-sin-barreras-en-tenerife\/#organizationLogo"},"image":{"@id":"https:\/\/eldigitaldeasturias.com\/magazine365\/en-silla-de-ruedas-al-teide-vacaciones-sin-barreras-en-tenerife\/#organizationLogo"}},{"@type":"Person","@id":"https:\/\/eldigitaldeasturias.com\/magazine365\/author\/admin\/#author","url":"https:\/\/eldigitaldeasturias.com\/magazine365\/author\/admin\/","name":"admin","image":{"@type":"ImageObject","@id":"https:\/\/eldigitaldeasturias.com\/magazine365\/en-silla-de-ruedas-al-teide-vacaciones-sin-barreras-en-tenerife\/#authorImage","url":"https:\/\/eldigitaldeasturias.com\/magazine365\/wp-content\/litespeed\/avatar\/e571bcf59a0edd6fa6838245a470f2fe.jpg?ver=1777574230","width":96,"height":96,"caption":"admin"}},{"@type":"WebPage","@id":"https:\/\/eldigitaldeasturias.com\/magazine365\/en-silla-de-ruedas-al-teide-vacaciones-sin-barreras-en-tenerife\/#webpage","url":"https:\/\/eldigitaldeasturias.com\/magazine365\/en-silla-de-ruedas-al-teide-vacaciones-sin-barreras-en-tenerife\/","name":"En silla de ruedas al Teide : Vacaciones sin barreras en Tenerife | El Digital de Asturias","description":"ARONA, Tenerife (dpa) - Para Noemi D\u00edaz Delgado no hay ninguna duda: \"La culpa la ten\u00edan los suecos\", dice la encargada de turismo de la regi\u00f3n de Arona, con una sonrisa burlona. \"Aqu\u00ed todo empez\u00f3 con ellos\". D\u00edaz Delgado est\u00e1 sentada en el bar de la piscina del hotel-balneario \"Mar y Sol\", en Los Cristianos,","inLanguage":"es-ES","isPartOf":{"@id":"https:\/\/eldigitaldeasturias.com\/magazine365\/#website"},"breadcrumb":{"@id":"https:\/\/eldigitaldeasturias.com\/magazine365\/en-silla-de-ruedas-al-teide-vacaciones-sin-barreras-en-tenerife\/#breadcrumblist"},"author":{"@id":"https:\/\/eldigitaldeasturias.com\/magazine365\/author\/admin\/#author"},"creator":{"@id":"https:\/\/eldigitaldeasturias.com\/magazine365\/author\/admin\/#author"},"image":{"@type":"ImageObject","url":"https:\/\/eldigitaldeasturias.com\/magazine365\/wp-content\/uploads\/2014\/01\/EN_SILLA_DE_RUEDAS_A_36936290-scaled.jpg","@id":"https:\/\/eldigitaldeasturias.com\/magazine365\/en-silla-de-ruedas-al-teide-vacaciones-sin-barreras-en-tenerife\/#mainImage","width":1707,"height":2560},"primaryImageOfPage":{"@id":"https:\/\/eldigitaldeasturias.com\/magazine365\/en-silla-de-ruedas-al-teide-vacaciones-sin-barreras-en-tenerife\/#mainImage"},"datePublished":"2014-01-16T22:02:29+01:00","dateModified":"2014-01-16T22:02:29+01:00"},{"@type":"WebSite","@id":"https:\/\/eldigitaldeasturias.com\/magazine365\/#website","url":"https:\/\/eldigitaldeasturias.com\/magazine365\/","name":"El Digital de Asturias","description":"Revista de ocio, turismo y estilo de vida","inLanguage":"es-ES","publisher":{"@id":"https:\/\/eldigitaldeasturias.com\/magazine365\/#organization"}}]},"og:locale":"es_ES","og:site_name":"El Digital de Asturias \u2013 Revista de ocio, turismo y estilo de vida","og:type":"article","og:title":"En silla de ruedas al Teide : Vacaciones sin barreras en Tenerife | El Digital de Asturias","og:description":"ARONA, Tenerife (dpa) - Para Noemi D\u00edaz Delgado no hay ninguna duda: &quot;La culpa la ten\u00edan los suecos&quot;, dice la encargada de turismo de la regi\u00f3n de Arona, con una sonrisa burlona. &quot;Aqu\u00ed todo empez\u00f3 con ellos&quot;. D\u00edaz Delgado est\u00e1 sentada en el bar de la piscina del hotel-balneario &quot;Mar y Sol&quot;, en Los Cristianos,","og:url":"https:\/\/eldigitaldeasturias.com\/magazine365\/en-silla-de-ruedas-al-teide-vacaciones-sin-barreras-en-tenerife\/","og:image":"https:\/\/eldigitaldeasturias.com\/magazine365\/wp-content\/uploads\/2014\/01\/EN_SILLA_DE_RUEDAS_A_36936290-scaled.jpg","og:image:secure_url":"https:\/\/eldigitaldeasturias.com\/magazine365\/wp-content\/uploads\/2014\/01\/EN_SILLA_DE_RUEDAS_A_36936290-scaled.jpg","og:image:width":1707,"og:image:height":2560,"article:published_time":"2014-01-16T23:02:29+00:00","article:modified_time":"2014-01-16T23:02:29+00:00","twitter:card":"summary_large_image","twitter:title":"En silla de ruedas al Teide : Vacaciones sin barreras en Tenerife | El Digital de Asturias","twitter:description":"ARONA, Tenerife (dpa) - Para Noemi D\u00edaz Delgado no hay ninguna duda: &quot;La culpa la ten\u00edan los suecos&quot;, dice la encargada de turismo de la regi\u00f3n de Arona, con una sonrisa burlona. &quot;Aqu\u00ed todo empez\u00f3 con ellos&quot;. D\u00edaz Delgado est\u00e1 sentada en el bar de la piscina del hotel-balneario &quot;Mar y Sol&quot;, en Los Cristianos,","twitter:image":"https:\/\/eldigitaldeasturias.com\/magazine365\/wp-content\/uploads\/2014\/01\/EN_SILLA_DE_RUEDAS_A_36936290-scaled.jpg"},"aioseo_meta_data":{"post_id":"1132","title":null,"description":null,"keywords":null,"keyphrases":null,"primary_term":null,"canonical_url":null,"og_title":null,"og_description":null,"og_object_type":"default","og_image_type":"default","og_image_url":null,"og_image_width":null,"og_image_height":null,"og_image_custom_url":null,"og_image_custom_fields":null,"og_video":null,"og_custom_url":null,"og_article_section":null,"og_article_tags":null,"twitter_use_og":false,"twitter_card":"default","twitter_image_type":"default","twitter_image_url":null,"twitter_image_custom_url":null,"twitter_image_custom_fields":null,"twitter_title":null,"twitter_description":null,"schema":{"blockGraphs":[],"customGraphs":[],"default":{"data":{"Article":[],"Course":[],"Dataset":[],"FAQPage":[],"Movie":[],"Person":[],"Product":[],"ProductReview":[],"Car":[],"Recipe":[],"Service":[],"SoftwareApplication":[],"WebPage":[]},"graphName":"","isEnabled":true},"graphs":[],"defaultGraph":"","defaultPostTypeGraph":""},"schema_type":null,"schema_type_options":null,"pillar_content":false,"robots_default":true,"robots_noindex":false,"robots_noarchive":false,"robots_nosnippet":false,"robots_nofollow":false,"robots_noimageindex":false,"robots_noodp":false,"robots_notranslate":false,"robots_max_snippet":null,"robots_max_videopreview":null,"robots_max_imagepreview":"large","priority":null,"frequency":null,"location":null,"local_seo":null,"seo_analyzer_scan_date":"2025-09-16 08:47:57","breadcrumb_settings":null,"limit_modified_date":false,"open_ai":null,"ai":null,"created":"2020-12-21 13:36:37","updated":"2025-09-16 08:47:57"},"aioseo_breadcrumb":"<div class=\"aioseo-breadcrumbs\"><span class=\"aioseo-breadcrumb\">\n\t<a href=\"https:\/\/eldigitaldeasturias.com\/magazine365\" title=\"Home\">Home<\/a>\n<\/span><span class=\"aioseo-breadcrumb-separator\">\u2013<\/span><span class=\"aioseo-breadcrumb\">\n\t<a href=\"https:\/\/eldigitaldeasturias.com\/magazine365\/category\/viajes\/\" title=\"Viajes\">Viajes<\/a>\n<\/span><span class=\"aioseo-breadcrumb-separator\">\u2013<\/span><span class=\"aioseo-breadcrumb\">\n\t<a href=\"https:\/\/eldigitaldeasturias.com\/magazine365\/en-silla-de-ruedas-al-teide-vacaciones-sin-barreras-en-tenerife\/\" title=\"En silla de ruedas al Teide : Vacaciones sin barreras en Tenerife\">En silla de ruedas al Teide : Vacaciones sin barreras en Tenerife<\/a>\n<\/span><\/div>","aioseo_breadcrumb_json":[{"label":"Home","link":"https:\/\/eldigitaldeasturias.com\/magazine365"},{"label":"Viajes","link":"https:\/\/eldigitaldeasturias.com\/magazine365\/category\/viajes\/"},{"label":"En silla de ruedas al Teide : Vacaciones sin barreras en Tenerife","link":"https:\/\/eldigitaldeasturias.com\/magazine365\/en-silla-de-ruedas-al-teide-vacaciones-sin-barreras-en-tenerife\/"}],"_links":{"self":[{"href":"https:\/\/eldigitaldeasturias.com\/magazine365\/wp-json\/wp\/v2\/posts\/1132","targetHints":{"allow":["GET"]}}],"collection":[{"href":"https:\/\/eldigitaldeasturias.com\/magazine365\/wp-json\/wp\/v2\/posts"}],"about":[{"href":"https:\/\/eldigitaldeasturias.com\/magazine365\/wp-json\/wp\/v2\/types\/post"}],"author":[{"embeddable":true,"href":"https:\/\/eldigitaldeasturias.com\/magazine365\/wp-json\/wp\/v2\/users\/1"}],"replies":[{"embeddable":true,"href":"https:\/\/eldigitaldeasturias.com\/magazine365\/wp-json\/wp\/v2\/comments?post=1132"}],"version-history":[{"count":0,"href":"https:\/\/eldigitaldeasturias.com\/magazine365\/wp-json\/wp\/v2\/posts\/1132\/revisions"}],"wp:featuredmedia":[{"embeddable":true,"href":"https:\/\/eldigitaldeasturias.com\/magazine365\/wp-json\/wp\/v2\/media\/1133"}],"wp:attachment":[{"href":"https:\/\/eldigitaldeasturias.com\/magazine365\/wp-json\/wp\/v2\/media?parent=1132"}],"wp:term":[{"taxonomy":"category","embeddable":true,"href":"https:\/\/eldigitaldeasturias.com\/magazine365\/wp-json\/wp\/v2\/categories?post=1132"},{"taxonomy":"post_tag","embeddable":true,"href":"https:\/\/eldigitaldeasturias.com\/magazine365\/wp-json\/wp\/v2\/tags?post=1132"}],"curies":[{"name":"wp","href":"https:\/\/api.w.org\/{rel}","templated":true}]}}