{"id":112437,"date":"2026-09-03T09:13:14","date_gmt":"2026-09-03T07:13:14","guid":{"rendered":"https:\/\/eldigitaldeasturias.com\/magazine365\/?p=112437"},"modified":"2026-09-03T09:13:14","modified_gmt":"2026-09-03T07:13:14","slug":"cuando-el-verano-parece-volver-en-septiembre","status":"publish","type":"post","link":"https:\/\/eldigitaldeasturias.com\/magazine365\/cuando-el-verano-parece-volver-en-septiembre\/","title":{"rendered":"Cuando el verano parece volver en septiembre"},"content":{"rendered":"<p>Septiembre llega y, para mucha gente, el <a href=\"https:\/\/eldigitaldeasturias.com\/magazine365\/category\/estilo-de-vida\/\"><span style=\"color: #ff6600;\"><strong>verano<\/strong><\/span><\/a> parece terminar de golpe. El regreso al trabajo, la preparaci\u00f3n del curso escolar y la vuelta a las rutinas crean la sensaci\u00f3n de que la temporada ya est\u00e1 cerrada. Sin embargo, en muchas zonas, septiembre sigue siendo verano. El clima acompa\u00f1a, los d\u00edas a\u00fan son largos y las playas mantienen vida, aunque con un ambiente m\u00e1s local. Es un mes que combina la idea de inicio con la realidad de continuidad. No hay tantos turistas, pero el sol sigue ah\u00ed. No hay tanta prisa, pero el calor todav\u00eda invita a salir. Es un momento curioso del a\u00f1o: parece que todo vuelve a la normalidad, pero el verano no se ha ido.<\/p>\n<figure id=\"attachment_112438\" aria-describedby=\"caption-attachment-112438\" style=\"width: 650px\" class=\"wp-caption aligncenter\"><img fetchpriority=\"high\" decoding=\"async\" class=\"size-large wp-image-112438\" src=\"https:\/\/eldigitaldeasturias.com\/magazine365\/wp-content\/uploads\/2026\/09\/Cuando-el-verano-parece-volver-en-septiembre-650x426.jpg\" alt=\"Cuando el verano parece volver en septiembre\" width=\"650\" height=\"426\" srcset=\"https:\/\/eldigitaldeasturias.com\/magazine365\/wp-content\/uploads\/2026\/09\/Cuando-el-verano-parece-volver-en-septiembre-650x426.jpg 650w, https:\/\/eldigitaldeasturias.com\/magazine365\/wp-content\/uploads\/2026\/09\/Cuando-el-verano-parece-volver-en-septiembre-360x236.jpg 360w, https:\/\/eldigitaldeasturias.com\/magazine365\/wp-content\/uploads\/2026\/09\/Cuando-el-verano-parece-volver-en-septiembre-768x504.jpg 768w, https:\/\/eldigitaldeasturias.com\/magazine365\/wp-content\/uploads\/2026\/09\/Cuando-el-verano-parece-volver-en-septiembre-150x98.jpg 150w, https:\/\/eldigitaldeasturias.com\/magazine365\/wp-content\/uploads\/2026\/09\/Cuando-el-verano-parece-volver-en-septiembre-450x295.jpg 450w, https:\/\/eldigitaldeasturias.com\/magazine365\/wp-content\/uploads\/2026\/09\/Cuando-el-verano-parece-volver-en-septiembre-1200x787.jpg 1200w, https:\/\/eldigitaldeasturias.com\/magazine365\/wp-content\/uploads\/2026\/09\/Cuando-el-verano-parece-volver-en-septiembre.jpg 1247w\" sizes=\"(max-width: 650px) 100vw, 650px\" \/><figcaption id=\"caption-attachment-112438\" class=\"wp-caption-text\">Foto: 123rf.com<\/figcaption><\/figure>\n<h1><strong>Un verano m\u00e1s tranquilo, pero igual de presente<\/strong><\/h1>\n<p>En septiembre, los paseos mar\u00edtimos cambian de ritmo. Ya no est\u00e1n saturados, pero siguen vivos. Las terrazas se llenan sin agobios, encontrar sitio es m\u00e1s f\u00e1cil y las actividades al aire libre se disfrutan con m\u00e1s calma. La playa, en muchas zonas, mantiene su esencia: ba\u00f1os, helados, paseos y ese ambiente relajado que solo aparece cuando la masificaci\u00f3n baja. Incluso las sendas y rutas que en agosto son imposibles de recorrer se vuelven accesibles. Es un verano distinto, m\u00e1s pausado, m\u00e1s local, m\u00e1s real. Y aunque la vida laboral ya est\u00e9 en marcha, el clima sigue ofreciendo oportunidades para desconectar unas horas. Septiembre permite disfrutar lo que en pleno verano a veces se complica: espacios tranquilos, momentos sin prisa y lugares que recuperan su ritmo habitual.<\/p>\n<h2><strong>El contraste de zonas y la mezcla de sensaciones<\/strong><\/h2>\n<p>Es cierto que en algunas partes de Espa\u00f1a septiembre trae una combinaci\u00f3n curiosa: playa y chaqueta. Fresco por la ma\u00f1ana y por la noche, pero calor en las horas centrales del d\u00eda. Esa mezcla forma parte del encanto del mes. Puedes desayunar con una brisa suave, trabajar con normalidad y, al salir, encontrarte con un d\u00eda perfecto para caminar, tomar algo o incluso darte un ba\u00f1o. En otras zonas, el verano sigue con fuerza y septiembre se vive como una extensi\u00f3n natural de agosto. Cada lugar tiene su ritmo, pero la idea es la misma: el verano no desaparece porque el calendario cambie. A veces es la rutina la que nos impide verlo. Septiembre sigue siendo verano, solo que con otra velocidad. Menos ruido, menos saturaci\u00f3n, m\u00e1s espacio para disfrutar. Un mes que, sin pretenderlo, nos recuerda que el clima y la vida no siempre van al mismo paso.<\/p>\n","protected":false},"excerpt":{"rendered":"<p>Septiembre llega y, para mucha gente, el verano parece terminar de golpe. El regreso al trabajo, la preparaci\u00f3n del curso escolar y la vuelta a las rutinas crean la sensaci\u00f3n de que la temporada ya est\u00e1 cerrada. Sin embargo, en muchas zonas, septiembre sigue siendo verano. El clima acompa\u00f1a, los d\u00edas a\u00fan son largos y<\/p>\n","protected":false},"author":1,"featured_media":112438,"comment_status":"closed","ping_status":"closed","sticky":false,"template":"","format":"standard","meta":{"footnotes":""},"categories":[228,182],"tags":[],"class_list":["post-112437","post","type-post","status-publish","format-standard","has-post-thumbnail","category-destacadas","category-estilo-de-vida"],"aioseo_notices":[],"aioseo_head":"\n\t\t<!-- All in One SEO Pro 5.0.1.1 - aioseo.com -->\n\t<meta name=\"description\" content=\"Septiembre llega y, para mucha gente, el verano parece terminar de golpe. El regreso al trabajo, la preparaci\u00f3n del curso escolar y la vuelta a las rutinas\" \/>\n\t<meta name=\"robots\" content=\"max-image-preview:large\" \/>\n\t<meta name=\"author\" content=\"admin\"\/>\n\t<meta name=\"google-site-verification\" content=\"UA-38556648-1\" \/>\n\t<meta name=\"keywords\" content=\"destacadas,estilo de vida\" \/>\n\t<link rel=\"canonical\" href=\"https:\/\/eldigitaldeasturias.com\/magazine365\/cuando-el-verano-parece-volver-en-septiembre\/\" \/>\n\t<meta name=\"generator\" content=\"All in One SEO Pro (AIOSEO) 5.0.1.1\" \/>\n\t\t<meta property=\"og:locale\" content=\"es_ES\" \/>\n\t\t<meta property=\"og:site_name\" content=\"El Digital de Asturias \u2013 Revista de ocio, turismo y estilo de vida\" \/>\n\t\t<meta property=\"og:type\" content=\"article\" \/>\n\t\t<meta property=\"og:title\" content=\"Cuando el verano parece volver en septiembre \u2013 El Digital de Asturias\" \/>\n\t\t<meta property=\"og:description\" content=\"Septiembre llega y, para mucha gente, el verano parece terminar de golpe. El regreso al trabajo, la preparaci\u00f3n del curso escolar y la vuelta a las rutinas\" \/>\n\t\t<meta property=\"og:url\" content=\"https:\/\/eldigitaldeasturias.com\/magazine365\/cuando-el-verano-parece-volver-en-septiembre\/\" \/>\n\t\t<meta property=\"og:image\" content=\"https:\/\/eldigitaldeasturias.com\/magazine365\/wp-content\/uploads\/2026\/09\/Cuando-el-verano-parece-volver-en-septiembre.jpg\" \/>\n\t\t<meta property=\"og:image:secure_url\" content=\"https:\/\/eldigitaldeasturias.com\/magazine365\/wp-content\/uploads\/2026\/09\/Cuando-el-verano-parece-volver-en-septiembre.jpg\" \/>\n\t\t<meta property=\"og:image:width\" content=\"1247\" \/>\n\t\t<meta property=\"og:image:height\" content=\"818\" \/>\n\t\t<meta property=\"article:published_time\" content=\"2026-09-03T07:13:14+00:00\" \/>\n\t\t<meta property=\"article:modified_time\" content=\"2026-09-03T07:13:14+00:00\" \/>\n\t\t<meta name=\"twitter:card\" content=\"summary_large_image\" \/>\n\t\t<meta name=\"twitter:title\" content=\"Cuando el verano parece volver en septiembre \u2013 El Digital de Asturias\" \/>\n\t\t<meta name=\"twitter:description\" content=\"Septiembre llega y, para mucha gente, el verano parece terminar de golpe. El regreso al trabajo, la preparaci\u00f3n del curso escolar y la vuelta a las rutinas\" \/>\n\t\t<meta name=\"twitter:image\" content=\"https:\/\/eldigitaldeasturias.com\/magazine365\/wp-content\/uploads\/2026\/09\/Cuando-el-verano-parece-volver-en-septiembre.jpg\" \/>\n\t\t<script type=\"application\/ld+json\" class=\"aioseo-schema\">\n\t\t\t{\"@context\":\"https:\\\/\\\/schema.org\",\"@graph\":[{\"@type\":\"Article\",\"@id\":\"https:\\\/\\\/eldigitaldeasturias.com\\\/magazine365\\\/cuando-el-verano-parece-volver-en-septiembre\\\/#article\",\"name\":\"Cuando el verano parece volver en septiembre | El Digital de Asturias\",\"headline\":\"Cuando el verano parece volver en septiembre\",\"author\":{\"@id\":\"https:\\\/\\\/eldigitaldeasturias.com\\\/magazine365\\\/author\\\/admin\\\/#author\"},\"publisher\":{\"@id\":\"https:\\\/\\\/eldigitaldeasturias.com\\\/magazine365\\\/#organization\"},\"image\":{\"@type\":\"ImageObject\",\"url\":\"https:\\\/\\\/eldigitaldeasturias.com\\\/magazine365\\\/wp-content\\\/uploads\\\/2026\\\/09\\\/Cuando-el-verano-parece-volver-en-septiembre.jpg\",\"width\":1247,\"height\":818,\"caption\":\"Foto: 123rf.com\"},\"datePublished\":\"2026-09-03T09:13:14+02:00\",\"dateModified\":\"2026-09-03T09:13:14+02:00\",\"inLanguage\":\"es-ES\",\"mainEntityOfPage\":{\"@id\":\"https:\\\/\\\/eldigitaldeasturias.com\\\/magazine365\\\/cuando-el-verano-parece-volver-en-septiembre\\\/#webpage\"},\"isPartOf\":{\"@id\":\"https:\\\/\\\/eldigitaldeasturias.com\\\/magazine365\\\/cuando-el-verano-parece-volver-en-septiembre\\\/#webpage\"},\"articleSection\":\"Destacadas, Estilo de Vida\"},{\"@type\":\"BreadcrumbList\",\"@id\":\"https:\\\/\\\/eldigitaldeasturias.com\\\/magazine365\\\/cuando-el-verano-parece-volver-en-septiembre\\\/#breadcrumblist\",\"itemListElement\":[{\"@type\":\"ListItem\",\"@id\":\"https:\\\/\\\/eldigitaldeasturias.com\\\/magazine365#listItem\",\"position\":1,\"name\":\"Home\",\"item\":\"https:\\\/\\\/eldigitaldeasturias.com\\\/magazine365\",\"nextItem\":{\"@type\":\"ListItem\",\"@id\":\"https:\\\/\\\/eldigitaldeasturias.com\\\/magazine365\\\/category\\\/estilo-de-vida\\\/#listItem\",\"name\":\"Estilo de Vida\"}},{\"@type\":\"ListItem\",\"@id\":\"https:\\\/\\\/eldigitaldeasturias.com\\\/magazine365\\\/category\\\/estilo-de-vida\\\/#listItem\",\"position\":2,\"name\":\"Estilo de Vida\",\"item\":\"https:\\\/\\\/eldigitaldeasturias.com\\\/magazine365\\\/category\\\/estilo-de-vida\\\/\",\"nextItem\":{\"@type\":\"ListItem\",\"@id\":\"https:\\\/\\\/eldigitaldeasturias.com\\\/magazine365\\\/cuando-el-verano-parece-volver-en-septiembre\\\/#listItem\",\"name\":\"Cuando el verano parece volver en septiembre\"},\"previousItem\":{\"@type\":\"ListItem\",\"@id\":\"https:\\\/\\\/eldigitaldeasturias.com\\\/magazine365#listItem\",\"name\":\"Home\"}},{\"@type\":\"ListItem\",\"@id\":\"https:\\\/\\\/eldigitaldeasturias.com\\\/magazine365\\\/cuando-el-verano-parece-volver-en-septiembre\\\/#listItem\",\"position\":3,\"name\":\"Cuando el verano parece volver en septiembre\",\"previousItem\":{\"@type\":\"ListItem\",\"@id\":\"https:\\\/\\\/eldigitaldeasturias.com\\\/magazine365\\\/category\\\/estilo-de-vida\\\/#listItem\",\"name\":\"Estilo de Vida\"}}]},{\"@type\":\"Organization\",\"@id\":\"https:\\\/\\\/eldigitaldeasturias.com\\\/magazine365\\\/#organization\",\"name\":\"El digital de Asturias\",\"description\":\"Revista de ocio, turismo y estilo de vida\",\"url\":\"https:\\\/\\\/eldigitaldeasturias.com\\\/magazine365\\\/\",\"logo\":{\"@type\":\"ImageObject\",\"url\":\"https:\\\/\\\/www.eldigitaldeasturias.com\\\/noticias\\\/wp-content\\\/uploads\\\/2020\\\/12\\\/EDA.jpg\",\"@id\":\"https:\\\/\\\/eldigitaldeasturias.com\\\/magazine365\\\/cuando-el-verano-parece-volver-en-septiembre\\\/#organizationLogo\"},\"image\":{\"@id\":\"https:\\\/\\\/eldigitaldeasturias.com\\\/magazine365\\\/cuando-el-verano-parece-volver-en-septiembre\\\/#organizationLogo\"}},{\"@type\":\"Person\",\"@id\":\"https:\\\/\\\/eldigitaldeasturias.com\\\/magazine365\\\/author\\\/admin\\\/#author\",\"url\":\"https:\\\/\\\/eldigitaldeasturias.com\\\/magazine365\\\/author\\\/admin\\\/\",\"name\":\"admin\",\"image\":{\"@type\":\"ImageObject\",\"@id\":\"https:\\\/\\\/eldigitaldeasturias.com\\\/magazine365\\\/cuando-el-verano-parece-volver-en-septiembre\\\/#authorImage\",\"url\":\"https:\\\/\\\/eldigitaldeasturias.com\\\/magazine365\\\/wp-content\\\/litespeed\\\/avatar\\\/e571bcf59a0edd6fa6838245a470f2fe.jpg?ver=1788460993\",\"width\":96,\"height\":96,\"caption\":\"admin\"}},{\"@type\":\"WebPage\",\"@id\":\"https:\\\/\\\/eldigitaldeasturias.com\\\/magazine365\\\/cuando-el-verano-parece-volver-en-septiembre\\\/#webpage\",\"url\":\"https:\\\/\\\/eldigitaldeasturias.com\\\/magazine365\\\/cuando-el-verano-parece-volver-en-septiembre\\\/\",\"name\":\"Cuando el verano parece volver en septiembre | El Digital de Asturias\",\"description\":\"Septiembre llega y, para mucha gente, el verano parece terminar de golpe. El regreso al trabajo, la preparaci\\u00f3n del curso escolar y la vuelta a las rutinas\",\"inLanguage\":\"es-ES\",\"isPartOf\":{\"@id\":\"https:\\\/\\\/eldigitaldeasturias.com\\\/magazine365\\\/#website\"},\"breadcrumb\":{\"@id\":\"https:\\\/\\\/eldigitaldeasturias.com\\\/magazine365\\\/cuando-el-verano-parece-volver-en-septiembre\\\/#breadcrumblist\"},\"author\":{\"@id\":\"https:\\\/\\\/eldigitaldeasturias.com\\\/magazine365\\\/author\\\/admin\\\/#author\"},\"creator\":{\"@id\":\"https:\\\/\\\/eldigitaldeasturias.com\\\/magazine365\\\/author\\\/admin\\\/#author\"},\"image\":{\"@type\":\"ImageObject\",\"url\":\"https:\\\/\\\/eldigitaldeasturias.com\\\/magazine365\\\/wp-content\\\/uploads\\\/2026\\\/09\\\/Cuando-el-verano-parece-volver-en-septiembre.jpg\",\"@id\":\"https:\\\/\\\/eldigitaldeasturias.com\\\/magazine365\\\/cuando-el-verano-parece-volver-en-septiembre\\\/#mainImage\",\"width\":1247,\"height\":818,\"caption\":\"Foto: 123rf.com\"},\"primaryImageOfPage\":{\"@id\":\"https:\\\/\\\/eldigitaldeasturias.com\\\/magazine365\\\/cuando-el-verano-parece-volver-en-septiembre\\\/#mainImage\"},\"datePublished\":\"2026-09-03T09:13:14+02:00\",\"dateModified\":\"2026-09-03T09:13:14+02:00\"},{\"@type\":\"WebSite\",\"@id\":\"https:\\\/\\\/eldigitaldeasturias.com\\\/magazine365\\\/#website\",\"url\":\"https:\\\/\\\/eldigitaldeasturias.com\\\/magazine365\\\/\",\"name\":\"El Digital de Asturias\",\"description\":\"Revista de ocio, turismo y estilo de vida\",\"inLanguage\":\"es-ES\",\"publisher\":{\"@id\":\"https:\\\/\\\/eldigitaldeasturias.com\\\/magazine365\\\/#organization\"}}]}\n\t\t<\/script>\n\t\t<!-- All in One SEO Pro -->\r\n\t\t<title>Cuando el verano parece volver en septiembre | El Digital de Asturias<\/title>\n\n","aioseo_head_json":{"title":"Cuando el verano parece volver en septiembre | El Digital de Asturias","description":"Septiembre llega y, para mucha gente, el verano parece terminar de golpe. El regreso al trabajo, la preparaci\u00f3n del curso escolar y la vuelta a las rutinas","canonical_url":"https:\/\/eldigitaldeasturias.com\/magazine365\/cuando-el-verano-parece-volver-en-septiembre\/","robots":"max-image-preview:large","keywords":"destacadas,estilo de vida","webmasterTools":{"google-site-verification":"UA-38556648-1","miscellaneous":""},"schema":{"@context":"https:\/\/schema.org","@graph":[{"@type":"Article","@id":"https:\/\/eldigitaldeasturias.com\/magazine365\/cuando-el-verano-parece-volver-en-septiembre\/#article","name":"Cuando el verano parece volver en septiembre | El Digital de Asturias","headline":"Cuando el verano parece volver en septiembre","author":{"@id":"https:\/\/eldigitaldeasturias.com\/magazine365\/author\/admin\/#author"},"publisher":{"@id":"https:\/\/eldigitaldeasturias.com\/magazine365\/#organization"},"image":{"@type":"ImageObject","url":"https:\/\/eldigitaldeasturias.com\/magazine365\/wp-content\/uploads\/2026\/09\/Cuando-el-verano-parece-volver-en-septiembre.jpg","width":1247,"height":818,"caption":"Foto: 123rf.com"},"datePublished":"2026-09-03T09:13:14+02:00","dateModified":"2026-09-03T09:13:14+02:00","inLanguage":"es-ES","mainEntityOfPage":{"@id":"https:\/\/eldigitaldeasturias.com\/magazine365\/cuando-el-verano-parece-volver-en-septiembre\/#webpage"},"isPartOf":{"@id":"https:\/\/eldigitaldeasturias.com\/magazine365\/cuando-el-verano-parece-volver-en-septiembre\/#webpage"},"articleSection":"Destacadas, Estilo de Vida"},{"@type":"BreadcrumbList","@id":"https:\/\/eldigitaldeasturias.com\/magazine365\/cuando-el-verano-parece-volver-en-septiembre\/#breadcrumblist","itemListElement":[{"@type":"ListItem","@id":"https:\/\/eldigitaldeasturias.com\/magazine365#listItem","position":1,"name":"Home","item":"https:\/\/eldigitaldeasturias.com\/magazine365","nextItem":{"@type":"ListItem","@id":"https:\/\/eldigitaldeasturias.com\/magazine365\/category\/estilo-de-vida\/#listItem","name":"Estilo de Vida"}},{"@type":"ListItem","@id":"https:\/\/eldigitaldeasturias.com\/magazine365\/category\/estilo-de-vida\/#listItem","position":2,"name":"Estilo de Vida","item":"https:\/\/eldigitaldeasturias.com\/magazine365\/category\/estilo-de-vida\/","nextItem":{"@type":"ListItem","@id":"https:\/\/eldigitaldeasturias.com\/magazine365\/cuando-el-verano-parece-volver-en-septiembre\/#listItem","name":"Cuando el verano parece volver en septiembre"},"previousItem":{"@type":"ListItem","@id":"https:\/\/eldigitaldeasturias.com\/magazine365#listItem","name":"Home"}},{"@type":"ListItem","@id":"https:\/\/eldigitaldeasturias.com\/magazine365\/cuando-el-verano-parece-volver-en-septiembre\/#listItem","position":3,"name":"Cuando el verano parece volver en septiembre","previousItem":{"@type":"ListItem","@id":"https:\/\/eldigitaldeasturias.com\/magazine365\/category\/estilo-de-vida\/#listItem","name":"Estilo de Vida"}}]},{"@type":"Organization","@id":"https:\/\/eldigitaldeasturias.com\/magazine365\/#organization","name":"El digital de Asturias","description":"Revista de ocio, turismo y estilo de vida","url":"https:\/\/eldigitaldeasturias.com\/magazine365\/","logo":{"@type":"ImageObject","url":"https:\/\/www.eldigitaldeasturias.com\/noticias\/wp-content\/uploads\/2020\/12\/EDA.jpg","@id":"https:\/\/eldigitaldeasturias.com\/magazine365\/cuando-el-verano-parece-volver-en-septiembre\/#organizationLogo"},"image":{"@id":"https:\/\/eldigitaldeasturias.com\/magazine365\/cuando-el-verano-parece-volver-en-septiembre\/#organizationLogo"}},{"@type":"Person","@id":"https:\/\/eldigitaldeasturias.com\/magazine365\/author\/admin\/#author","url":"https:\/\/eldigitaldeasturias.com\/magazine365\/author\/admin\/","name":"admin","image":{"@type":"ImageObject","@id":"https:\/\/eldigitaldeasturias.com\/magazine365\/cuando-el-verano-parece-volver-en-septiembre\/#authorImage","url":"https:\/\/eldigitaldeasturias.com\/magazine365\/wp-content\/litespeed\/avatar\/e571bcf59a0edd6fa6838245a470f2fe.jpg?ver=1788460993","width":96,"height":96,"caption":"admin"}},{"@type":"WebPage","@id":"https:\/\/eldigitaldeasturias.com\/magazine365\/cuando-el-verano-parece-volver-en-septiembre\/#webpage","url":"https:\/\/eldigitaldeasturias.com\/magazine365\/cuando-el-verano-parece-volver-en-septiembre\/","name":"Cuando el verano parece volver en septiembre | El Digital de Asturias","description":"Septiembre llega y, para mucha gente, el verano parece terminar de golpe. El regreso al trabajo, la preparaci\u00f3n del curso escolar y la vuelta a las rutinas","inLanguage":"es-ES","isPartOf":{"@id":"https:\/\/eldigitaldeasturias.com\/magazine365\/#website"},"breadcrumb":{"@id":"https:\/\/eldigitaldeasturias.com\/magazine365\/cuando-el-verano-parece-volver-en-septiembre\/#breadcrumblist"},"author":{"@id":"https:\/\/eldigitaldeasturias.com\/magazine365\/author\/admin\/#author"},"creator":{"@id":"https:\/\/eldigitaldeasturias.com\/magazine365\/author\/admin\/#author"},"image":{"@type":"ImageObject","url":"https:\/\/eldigitaldeasturias.com\/magazine365\/wp-content\/uploads\/2026\/09\/Cuando-el-verano-parece-volver-en-septiembre.jpg","@id":"https:\/\/eldigitaldeasturias.com\/magazine365\/cuando-el-verano-parece-volver-en-septiembre\/#mainImage","width":1247,"height":818,"caption":"Foto: 123rf.com"},"primaryImageOfPage":{"@id":"https:\/\/eldigitaldeasturias.com\/magazine365\/cuando-el-verano-parece-volver-en-septiembre\/#mainImage"},"datePublished":"2026-09-03T09:13:14+02:00","dateModified":"2026-09-03T09:13:14+02:00"},{"@type":"WebSite","@id":"https:\/\/eldigitaldeasturias.com\/magazine365\/#website","url":"https:\/\/eldigitaldeasturias.com\/magazine365\/","name":"El Digital de Asturias","description":"Revista de ocio, turismo y estilo de vida","inLanguage":"es-ES","publisher":{"@id":"https:\/\/eldigitaldeasturias.com\/magazine365\/#organization"}}]},"og:locale":"es_ES","og:site_name":"El Digital de Asturias \u2013 Revista de ocio, turismo y estilo de vida","og:type":"article","og:title":"Cuando el verano parece volver en septiembre \u2013 El Digital de Asturias","og:description":"Septiembre llega y, para mucha gente, el verano parece terminar de golpe. El regreso al trabajo, la preparaci\u00f3n del curso escolar y la vuelta a las rutinas","og:url":"https:\/\/eldigitaldeasturias.com\/magazine365\/cuando-el-verano-parece-volver-en-septiembre\/","og:image":"https:\/\/eldigitaldeasturias.com\/magazine365\/wp-content\/uploads\/2026\/09\/Cuando-el-verano-parece-volver-en-septiembre.jpg","og:image:secure_url":"https:\/\/eldigitaldeasturias.com\/magazine365\/wp-content\/uploads\/2026\/09\/Cuando-el-verano-parece-volver-en-septiembre.jpg","og:image:width":1247,"og:image:height":818,"article:published_time":"2026-09-03T07:13:14+00:00","article:modified_time":"2026-09-03T07:13:14+00:00","twitter:card":"summary_large_image","twitter:title":"Cuando el verano parece volver en septiembre \u2013 El Digital de Asturias","twitter:description":"Septiembre llega y, para mucha gente, el verano parece terminar de golpe. El regreso al trabajo, la preparaci\u00f3n del curso escolar y la vuelta a las rutinas","twitter:image":"https:\/\/eldigitaldeasturias.com\/magazine365\/wp-content\/uploads\/2026\/09\/Cuando-el-verano-parece-volver-en-septiembre.jpg"},"aioseo_meta_data":{"post_id":"112437","title":null,"description":"Septiembre llega y, para mucha gente, el verano parece terminar de golpe. El regreso al trabajo, la preparaci\u00f3n del curso escolar y la vuelta a las rutinas","keywords":null,"keyphrases":{"focus":{"keyphrase":"septiembre","score":0,"analysis":[]},"additional":[{"keyphrase":"verano en septiembre","score":0}]},"primary_term":null,"canonical_url":null,"og_title":"#post_title #separator_sa #site_title","og_description":"Septiembre llega y, para mucha gente, el verano parece terminar de golpe. El regreso al trabajo, la preparaci\u00f3n del curso escolar y la vuelta a las rutinas","og_object_type":"default","og_image_type":"default","og_image_url":null,"og_image_width":null,"og_image_height":null,"og_image_custom_url":null,"og_image_custom_fields":null,"og_video":"","og_custom_url":null,"og_article_section":null,"og_article_tags":null,"twitter_use_og":true,"twitter_card":"default","twitter_image_type":"default","twitter_image_url":null,"twitter_image_custom_url":null,"twitter_image_custom_fields":null,"twitter_title":null,"twitter_description":null,"schema":{"blockGraphs":[],"customGraphs":[],"default":{"data":{"Article":[],"Course":[],"Dataset":[],"FAQPage":[],"Movie":[],"Person":[],"Product":[],"ProductReview":[],"Car":[],"Recipe":[],"Service":[],"SoftwareApplication":[],"WebPage":[]},"graphName":"Article","isEnabled":true},"graphs":[]},"schema_type":"default","schema_type_options":null,"pillar_content":false,"robots_default":true,"robots_noindex":false,"robots_noarchive":false,"robots_nosnippet":false,"robots_nofollow":false,"robots_noimageindex":false,"robots_noodp":false,"robots_notranslate":false,"robots_max_snippet":"-1","robots_max_videopreview":"-1","robots_max_imagepreview":"large","priority":null,"frequency":"default","location":null,"local_seo":null,"seo_analyzer_scan_date":"2026-09-03 07:14:49","breadcrumb_settings":null,"limit_modified_date":false,"open_ai":null,"ai":{"faqs":[],"keyPoints":[],"schemas":[],"titles":[],"descriptions":[],"socialPosts":{"email":{"subject":"","preview":"","content":""},"linkedin":[],"twitter":[],"facebook":[],"instagram":[]}},"created":"2026-09-03 07:06:53","updated":"2026-09-03 07:14:49","focus_keyword":"septiembre","additional_keywords":[{"word":"verano en septiembre","score":100,"items":{"introductionKeyword":{"score":9},"keyphraseLength":{"score":9},"keyphraseDensity":{"score":9},"functionWordsInKeyphrase":{"score":9},"textCompetingLinks":{"score":9},"imageKeyphrase":{"score":9}}}],"truseo_locale":null},"aioseo_breadcrumb":"<div class=\"aioseo-breadcrumbs\"><span class=\"aioseo-breadcrumb\">\n\t<a href=\"https:\/\/eldigitaldeasturias.com\/magazine365\" title=\"Home\">Home<\/a>\n<\/span><span class=\"aioseo-breadcrumb-separator\">\u2013<\/span><span class=\"aioseo-breadcrumb\">\n\t<a href=\"https:\/\/eldigitaldeasturias.com\/magazine365\/category\/estilo-de-vida\/\" title=\"Estilo de Vida\">Estilo de Vida<\/a>\n<\/span><span class=\"aioseo-breadcrumb-separator\">\u2013<\/span><span class=\"aioseo-breadcrumb\">\n\t<a href=\"https:\/\/eldigitaldeasturias.com\/magazine365\/cuando-el-verano-parece-volver-en-septiembre\/\" title=\"Cuando el verano parece volver en septiembre\">Cuando el verano parece volver en septiembre<\/a>\n<\/span><\/div>","aioseo_breadcrumb_json":[{"label":"Home","link":"https:\/\/eldigitaldeasturias.com\/magazine365"},{"label":"Estilo de Vida","link":"https:\/\/eldigitaldeasturias.com\/magazine365\/category\/estilo-de-vida\/"},{"label":"Cuando el verano parece volver en septiembre","link":"https:\/\/eldigitaldeasturias.com\/magazine365\/cuando-el-verano-parece-volver-en-septiembre\/"}],"_links":{"self":[{"href":"https:\/\/eldigitaldeasturias.com\/magazine365\/wp-json\/wp\/v2\/posts\/112437","targetHints":{"allow":["GET"]}}],"collection":[{"href":"https:\/\/eldigitaldeasturias.com\/magazine365\/wp-json\/wp\/v2\/posts"}],"about":[{"href":"https:\/\/eldigitaldeasturias.com\/magazine365\/wp-json\/wp\/v2\/types\/post"}],"author":[{"embeddable":true,"href":"https:\/\/eldigitaldeasturias.com\/magazine365\/wp-json\/wp\/v2\/users\/1"}],"replies":[{"embeddable":true,"href":"https:\/\/eldigitaldeasturias.com\/magazine365\/wp-json\/wp\/v2\/comments?post=112437"}],"version-history":[{"count":1,"href":"https:\/\/eldigitaldeasturias.com\/magazine365\/wp-json\/wp\/v2\/posts\/112437\/revisions"}],"predecessor-version":[{"id":112439,"href":"https:\/\/eldigitaldeasturias.com\/magazine365\/wp-json\/wp\/v2\/posts\/112437\/revisions\/112439"}],"wp:featuredmedia":[{"embeddable":true,"href":"https:\/\/eldigitaldeasturias.com\/magazine365\/wp-json\/wp\/v2\/media\/112438"}],"wp:attachment":[{"href":"https:\/\/eldigitaldeasturias.com\/magazine365\/wp-json\/wp\/v2\/media?parent=112437"}],"wp:term":[{"taxonomy":"category","embeddable":true,"href":"https:\/\/eldigitaldeasturias.com\/magazine365\/wp-json\/wp\/v2\/categories?post=112437"},{"taxonomy":"post_tag","embeddable":true,"href":"https:\/\/eldigitaldeasturias.com\/magazine365\/wp-json\/wp\/v2\/tags?post=112437"}],"curies":[{"name":"wp","href":"https:\/\/api.w.org\/{rel}","templated":true}]}}