{"id":112433,"date":"2026-09-01T06:55:06","date_gmt":"2026-09-01T04:55:06","guid":{"rendered":"https:\/\/eldigitaldeasturias.com\/magazine365\/?p=112433"},"modified":"2026-09-01T06:55:06","modified_gmt":"2026-09-01T04:55:06","slug":"feria-y-negocios-crecer-conocer-y-evolucionar","status":"publish","type":"post","link":"https:\/\/eldigitaldeasturias.com\/magazine365\/feria-y-negocios-crecer-conocer-y-evolucionar\/","title":{"rendered":"Feria y negocios: Crecer, conocer y evolucionar"},"content":{"rendered":"<p dir=\"ltr\"><strong>Una feria no se mide solo en venta<\/strong>s. Ese error lo cometen muchas <a href=\"https:\/\/eldigitaldeasturias.com\/magazine365\/category\/canal-empresas\/\"><span style=\"color: #ff6600;\"><strong>empresas<\/strong><\/span><\/a>. Lo que ah\u00ed ocurre, entre pasillos y stands, vale mucho m\u00e1s de lo que cabe en una sola factura de ese mes.<\/p>\n<figure id=\"attachment_112434\" aria-describedby=\"caption-attachment-112434\" style=\"width: 650px\" class=\"wp-caption aligncenter\"><img fetchpriority=\"high\" decoding=\"async\" class=\"size-large wp-image-112434\" src=\"https:\/\/eldigitaldeasturias.com\/magazine365\/wp-content\/uploads\/2026\/09\/Feria-y-negocios-Crecer-conocer-y-evolucionar-650x358.jpg\" alt=\"Feria y negocios Crecer, conocer y evolucionar\" width=\"650\" height=\"358\" srcset=\"https:\/\/eldigitaldeasturias.com\/magazine365\/wp-content\/uploads\/2026\/09\/Feria-y-negocios-Crecer-conocer-y-evolucionar-650x358.jpg 650w, https:\/\/eldigitaldeasturias.com\/magazine365\/wp-content\/uploads\/2026\/09\/Feria-y-negocios-Crecer-conocer-y-evolucionar-360x198.jpg 360w, https:\/\/eldigitaldeasturias.com\/magazine365\/wp-content\/uploads\/2026\/09\/Feria-y-negocios-Crecer-conocer-y-evolucionar-768x423.jpg 768w, https:\/\/eldigitaldeasturias.com\/magazine365\/wp-content\/uploads\/2026\/09\/Feria-y-negocios-Crecer-conocer-y-evolucionar-150x83.jpg 150w, https:\/\/eldigitaldeasturias.com\/magazine365\/wp-content\/uploads\/2026\/09\/Feria-y-negocios-Crecer-conocer-y-evolucionar-450x248.jpg 450w, https:\/\/eldigitaldeasturias.com\/magazine365\/wp-content\/uploads\/2026\/09\/Feria-y-negocios-Crecer-conocer-y-evolucionar-1200x661.jpg 1200w, https:\/\/eldigitaldeasturias.com\/magazine365\/wp-content\/uploads\/2026\/09\/Feria-y-negocios-Crecer-conocer-y-evolucionar.jpg 1258w\" sizes=\"(max-width: 650px) 100vw, 650px\" \/><figcaption id=\"caption-attachment-112434\" class=\"wp-caption-text\">Foto: 123rf.com<\/figcaption><\/figure>\n<h1 dir=\"ltr\">Ver el mercado antes de que llegue a todos<\/h1>\n<p dir=\"ltr\">Ir a una feria es adelantarse. Ah\u00ed se ven los productos antes de que salgan al mercado masivo. Antes de que la competencia los copie. Antes de que el cliente los pida sin saber todav\u00eda que existen.<\/p>\n<p dir=\"ltr\">Caminar entre los stands es, en el fondo, un ejercicio de curiosidad profesional. Se ve qu\u00e9 est\u00e1 probando la competencia. Se ve qu\u00e9 materiales usan otros, qu\u00e9 dise\u00f1os, qu\u00e9 precios manejan. Nada de eso aparece igual en una web corporativa, siempre m\u00e1s cuidada, m\u00e1s filtrada. En una feria las cosas se muestran casi en crudo.<\/p>\n<p dir=\"ltr\">Y esa informaci\u00f3n, aunque parezca menor, termina siendo estrat\u00e9gica. <strong>Permite ajustar el rumbo antes de que sea tarde. Permite saber si el sector se mueve hacia un lado o hacia otro, sin esperar a que alg\u00fan informe lo confirme meses despu\u00e9s.<\/strong><\/p>\n<p dir=\"ltr\">Hay algo m\u00e1s, casi f\u00edsico, que solo se aprende de pie, mirando un producto de cerca. El acabado real, el peso en la mano, la reacci\u00f3n de la gente al probarlo por primera vez. Ninguna ficha t\u00e9cnica transmite eso con la misma honestidad.<\/p>\n<h1 dir=\"ltr\">Caras reales, no solo cat\u00e1logos<\/h1>\n<p dir=\"ltr\">Las ferias sirven, sobre todo, para poner rostro a los nombres. Un <a href=\"https:\/\/candas365.es\/noticias\/category\/canal-empresas\/\" target=\"_blank\" rel=\"noopener\"><span style=\"color: #ff6600;\"><strong>proveedor<\/strong><\/span><\/a> deja de ser un correo autom\u00e1tico y pasa a ser una persona con la que se puede hablar cinco minutos, mirarse a los ojos, entender el tono real detr\u00e1s del negocio.<\/p>\n<p dir=\"ltr\">Eso cambia todo lo que viene despu\u00e9s. Negociar con alguien a quien se conoci\u00f3 en persona es distinto a negociar con un remitente an\u00f3nimo. Hay confianza construida, aunque sea peque\u00f1a, aunque haya durado solo el tiempo de un caf\u00e9 en el pasillo.<\/p>\n<p dir=\"ltr\">Tambi\u00e9n aparecen personas que no se buscaban. Alguien del sector, con un problema parecido al propio, contando c\u00f3mo lo resolvi\u00f3. Un cliente potencial que jam\u00e1s habr\u00eda llegado por ning\u00fan canal digital. Una conversaci\u00f3n casual que termina abriendo una puerta que ni siquiera estaba en el plan del d\u00eda.<\/p>\n<p dir=\"ltr\">Ese tipo de encuentro no se replica con anuncios ni con campa\u00f1as. Necesita presencia f\u00edsica, tiempo compartido, cierta casualidad que solo ocurre cuando muchas personas del mismo mundo se juntan en un mismo espacio, durante unos d\u00edas concretos.<\/p>\n<p dir=\"ltr\">Por eso muchas empresas insisten en ir, a\u00f1o tras a\u00f1o, aunque el balance de ventas de la feria no cierre del todo. Saben que el verdadero rendimiento se ve despu\u00e9s, en llamadas que llegan semanas m\u00e1s tarde. En correos que empiezan con \u00abnos conocimos en el stand\u00bb.<\/p>\n<h2 dir=\"ltr\">Alianzas que nacen sin cita previa<\/h2>\n<p dir=\"ltr\">Y luego est\u00e1 lo menos evidente: las alianzas. Muchas colaboraciones entre empresas no nacen de una reuni\u00f3n formal, planificada con semanas de anticipaci\u00f3n. Nacen de una charla espont\u00e1nea junto a un stand, de una coincidencia de intereses descubierta casi por accidente.<\/p>\n<p dir=\"ltr\">Dos negocios que no se conoc\u00edan encuentran, hablando, que sus productos se complementan. O que atienden al mismo cliente desde \u00e1ngulos distintos. O que podr\u00edan compartir un espacio, una campa\u00f1a, un evento futuro. Nada de eso estaba en la agenda de la feria. Simplemente ocurri\u00f3 porque hab\u00eda espacio para que ocurriera.<\/p>\n<p dir=\"ltr\">Estas alianzas puntuales, nacidas casi por casualidad, muchas veces terminan siendo m\u00e1s rentables que la venta que se cerr\u00f3 ese mismo d\u00eda en el stand. Una venta se agota. Una alianza bien encaminada puede sostener a una empresa durante a\u00f1os.<\/p>\n<p dir=\"ltr\">Por eso conviene mirar las ferias con otros ojos. No como una vitrina de ventas inmediatas, sino como un territorio de posibilidades que todav\u00eda no tienen nombre. Ah\u00ed, entre pasillos llenos de gente y ruido de fondo, se construye buena parte del futuro de un negocio, aunque nadie lo note en el momento.<\/p>\n","protected":false},"excerpt":{"rendered":"<p>Una feria no se mide solo en ventas. Ese error lo cometen muchas empresas. Lo que ah\u00ed ocurre, entre pasillos y stands, vale mucho m\u00e1s de lo que cabe en una sola factura de ese mes. Ver el mercado antes de que llegue a todos Ir a una feria es adelantarse. Ah\u00ed se ven los<\/p>\n","protected":false},"author":1,"featured_media":112434,"comment_status":"closed","ping_status":"closed","sticky":false,"template":"","format":"standard","meta":{"footnotes":""},"categories":[206],"tags":[355],"class_list":["post-112433","post","type-post","status-publish","format-standard","has-post-thumbnail","category-canal-empresas","tag-empresas"],"aioseo_notices":[],"aioseo_head":"\n\t\t<!-- All in One SEO Pro 5.0.1.1 - aioseo.com -->\n\t<meta name=\"description\" content=\"Una feria no se mide solo en ventas. Ese error lo cometen muchas empresas. Lo que ah\u00ed ocurre, entre pasillos y stands, vale mucho m\u00e1s de lo que cabe en una sola\" \/>\n\t<meta name=\"robots\" content=\"max-image-preview:large\" \/>\n\t<meta name=\"author\" content=\"admin\"\/>\n\t<meta name=\"google-site-verification\" content=\"UA-38556648-1\" \/>\n\t<meta name=\"keywords\" content=\"empresas,canal empresas\" \/>\n\t<link rel=\"canonical\" href=\"https:\/\/eldigitaldeasturias.com\/magazine365\/feria-y-negocios-crecer-conocer-y-evolucionar\/\" \/>\n\t<meta name=\"generator\" content=\"All in One SEO Pro (AIOSEO) 5.0.1.1\" \/>\n\t\t<meta property=\"og:locale\" content=\"es_ES\" \/>\n\t\t<meta property=\"og:site_name\" content=\"El Digital de Asturias \u2013 Revista de ocio, turismo y estilo de vida\" \/>\n\t\t<meta property=\"og:type\" content=\"article\" \/>\n\t\t<meta property=\"og:title\" content=\"Feria y negocios: Crecer, conocer y evolucionar \u2013 El Digital de Asturias\" \/>\n\t\t<meta property=\"og:description\" content=\"Una feria no se mide solo en ventas. Ese error lo cometen muchas empresas. Lo que ah\u00ed ocurre, entre pasillos y stands, vale mucho m\u00e1s de lo que cabe en una sola\" \/>\n\t\t<meta property=\"og:url\" content=\"https:\/\/eldigitaldeasturias.com\/magazine365\/feria-y-negocios-crecer-conocer-y-evolucionar\/\" \/>\n\t\t<meta property=\"og:image\" content=\"https:\/\/eldigitaldeasturias.com\/magazine365\/wp-content\/uploads\/2026\/09\/Feria-y-negocios-Crecer-conocer-y-evolucionar.jpg\" \/>\n\t\t<meta property=\"og:image:secure_url\" content=\"https:\/\/eldigitaldeasturias.com\/magazine365\/wp-content\/uploads\/2026\/09\/Feria-y-negocios-Crecer-conocer-y-evolucionar.jpg\" \/>\n\t\t<meta property=\"og:image:width\" content=\"1258\" \/>\n\t\t<meta property=\"og:image:height\" content=\"693\" \/>\n\t\t<meta property=\"article:published_time\" content=\"2026-09-01T04:55:06+00:00\" \/>\n\t\t<meta property=\"article:modified_time\" content=\"2026-09-01T04:55:06+00:00\" \/>\n\t\t<meta name=\"twitter:card\" content=\"summary_large_image\" \/>\n\t\t<meta name=\"twitter:title\" content=\"Feria y negocios: Crecer, conocer y evolucionar \u2013 El Digital de Asturias\" \/>\n\t\t<meta name=\"twitter:description\" content=\"Una feria no se mide solo en ventas. Ese error lo cometen muchas empresas. Lo que ah\u00ed ocurre, entre pasillos y stands, vale mucho m\u00e1s de lo que cabe en una sola\" \/>\n\t\t<meta name=\"twitter:image\" content=\"https:\/\/eldigitaldeasturias.com\/magazine365\/wp-content\/uploads\/2026\/09\/Feria-y-negocios-Crecer-conocer-y-evolucionar.jpg\" \/>\n\t\t<script type=\"application\/ld+json\" class=\"aioseo-schema\">\n\t\t\t{\"@context\":\"https:\\\/\\\/schema.org\",\"@graph\":[{\"@type\":\"Article\",\"@id\":\"https:\\\/\\\/eldigitaldeasturias.com\\\/magazine365\\\/feria-y-negocios-crecer-conocer-y-evolucionar\\\/#article\",\"name\":\"Feria y negocios: Crecer, conocer y evolucionar | El Digital de Asturias\",\"headline\":\"Feria y negocios: Crecer, conocer y evolucionar\",\"author\":{\"@id\":\"https:\\\/\\\/eldigitaldeasturias.com\\\/magazine365\\\/author\\\/admin\\\/#author\"},\"publisher\":{\"@id\":\"https:\\\/\\\/eldigitaldeasturias.com\\\/magazine365\\\/#organization\"},\"image\":{\"@type\":\"ImageObject\",\"url\":\"https:\\\/\\\/eldigitaldeasturias.com\\\/magazine365\\\/wp-content\\\/uploads\\\/2026\\\/09\\\/Feria-y-negocios-Crecer-conocer-y-evolucionar.jpg\",\"width\":1258,\"height\":693,\"caption\":\"Foto: 123rf.com\"},\"datePublished\":\"2026-09-01T06:55:06+02:00\",\"dateModified\":\"2026-09-01T06:55:06+02:00\",\"inLanguage\":\"es-ES\",\"mainEntityOfPage\":{\"@id\":\"https:\\\/\\\/eldigitaldeasturias.com\\\/magazine365\\\/feria-y-negocios-crecer-conocer-y-evolucionar\\\/#webpage\"},\"isPartOf\":{\"@id\":\"https:\\\/\\\/eldigitaldeasturias.com\\\/magazine365\\\/feria-y-negocios-crecer-conocer-y-evolucionar\\\/#webpage\"},\"articleSection\":\"Canal Empresas, Empresas\"},{\"@type\":\"BreadcrumbList\",\"@id\":\"https:\\\/\\\/eldigitaldeasturias.com\\\/magazine365\\\/feria-y-negocios-crecer-conocer-y-evolucionar\\\/#breadcrumblist\",\"itemListElement\":[{\"@type\":\"ListItem\",\"@id\":\"https:\\\/\\\/eldigitaldeasturias.com\\\/magazine365#listItem\",\"position\":1,\"name\":\"Home\",\"item\":\"https:\\\/\\\/eldigitaldeasturias.com\\\/magazine365\",\"nextItem\":{\"@type\":\"ListItem\",\"@id\":\"https:\\\/\\\/eldigitaldeasturias.com\\\/magazine365\\\/category\\\/canal-empresas\\\/#listItem\",\"name\":\"Canal Empresas\"}},{\"@type\":\"ListItem\",\"@id\":\"https:\\\/\\\/eldigitaldeasturias.com\\\/magazine365\\\/category\\\/canal-empresas\\\/#listItem\",\"position\":2,\"name\":\"Canal Empresas\",\"item\":\"https:\\\/\\\/eldigitaldeasturias.com\\\/magazine365\\\/category\\\/canal-empresas\\\/\",\"nextItem\":{\"@type\":\"ListItem\",\"@id\":\"https:\\\/\\\/eldigitaldeasturias.com\\\/magazine365\\\/feria-y-negocios-crecer-conocer-y-evolucionar\\\/#listItem\",\"name\":\"Feria y negocios: Crecer, conocer y evolucionar\"},\"previousItem\":{\"@type\":\"ListItem\",\"@id\":\"https:\\\/\\\/eldigitaldeasturias.com\\\/magazine365#listItem\",\"name\":\"Home\"}},{\"@type\":\"ListItem\",\"@id\":\"https:\\\/\\\/eldigitaldeasturias.com\\\/magazine365\\\/feria-y-negocios-crecer-conocer-y-evolucionar\\\/#listItem\",\"position\":3,\"name\":\"Feria y negocios: Crecer, conocer y evolucionar\",\"previousItem\":{\"@type\":\"ListItem\",\"@id\":\"https:\\\/\\\/eldigitaldeasturias.com\\\/magazine365\\\/category\\\/canal-empresas\\\/#listItem\",\"name\":\"Canal Empresas\"}}]},{\"@type\":\"Organization\",\"@id\":\"https:\\\/\\\/eldigitaldeasturias.com\\\/magazine365\\\/#organization\",\"name\":\"El digital de Asturias\",\"description\":\"Revista de ocio, turismo y estilo de vida\",\"url\":\"https:\\\/\\\/eldigitaldeasturias.com\\\/magazine365\\\/\",\"logo\":{\"@type\":\"ImageObject\",\"url\":\"https:\\\/\\\/www.eldigitaldeasturias.com\\\/noticias\\\/wp-content\\\/uploads\\\/2020\\\/12\\\/EDA.jpg\",\"@id\":\"https:\\\/\\\/eldigitaldeasturias.com\\\/magazine365\\\/feria-y-negocios-crecer-conocer-y-evolucionar\\\/#organizationLogo\"},\"image\":{\"@id\":\"https:\\\/\\\/eldigitaldeasturias.com\\\/magazine365\\\/feria-y-negocios-crecer-conocer-y-evolucionar\\\/#organizationLogo\"}},{\"@type\":\"Person\",\"@id\":\"https:\\\/\\\/eldigitaldeasturias.com\\\/magazine365\\\/author\\\/admin\\\/#author\",\"url\":\"https:\\\/\\\/eldigitaldeasturias.com\\\/magazine365\\\/author\\\/admin\\\/\",\"name\":\"admin\",\"image\":{\"@type\":\"ImageObject\",\"@id\":\"https:\\\/\\\/eldigitaldeasturias.com\\\/magazine365\\\/feria-y-negocios-crecer-conocer-y-evolucionar\\\/#authorImage\",\"url\":\"https:\\\/\\\/eldigitaldeasturias.com\\\/magazine365\\\/wp-content\\\/litespeed\\\/avatar\\\/e571bcf59a0edd6fa6838245a470f2fe.jpg?ver=1787856165\",\"width\":96,\"height\":96,\"caption\":\"admin\"}},{\"@type\":\"WebPage\",\"@id\":\"https:\\\/\\\/eldigitaldeasturias.com\\\/magazine365\\\/feria-y-negocios-crecer-conocer-y-evolucionar\\\/#webpage\",\"url\":\"https:\\\/\\\/eldigitaldeasturias.com\\\/magazine365\\\/feria-y-negocios-crecer-conocer-y-evolucionar\\\/\",\"name\":\"Feria y negocios: Crecer, conocer y evolucionar | El Digital de Asturias\",\"description\":\"Una feria no se mide solo en ventas. Ese error lo cometen muchas empresas. Lo que ah\\u00ed ocurre, entre pasillos y stands, vale mucho m\\u00e1s de lo que cabe en una sola\",\"inLanguage\":\"es-ES\",\"isPartOf\":{\"@id\":\"https:\\\/\\\/eldigitaldeasturias.com\\\/magazine365\\\/#website\"},\"breadcrumb\":{\"@id\":\"https:\\\/\\\/eldigitaldeasturias.com\\\/magazine365\\\/feria-y-negocios-crecer-conocer-y-evolucionar\\\/#breadcrumblist\"},\"author\":{\"@id\":\"https:\\\/\\\/eldigitaldeasturias.com\\\/magazine365\\\/author\\\/admin\\\/#author\"},\"creator\":{\"@id\":\"https:\\\/\\\/eldigitaldeasturias.com\\\/magazine365\\\/author\\\/admin\\\/#author\"},\"image\":{\"@type\":\"ImageObject\",\"url\":\"https:\\\/\\\/eldigitaldeasturias.com\\\/magazine365\\\/wp-content\\\/uploads\\\/2026\\\/09\\\/Feria-y-negocios-Crecer-conocer-y-evolucionar.jpg\",\"@id\":\"https:\\\/\\\/eldigitaldeasturias.com\\\/magazine365\\\/feria-y-negocios-crecer-conocer-y-evolucionar\\\/#mainImage\",\"width\":1258,\"height\":693,\"caption\":\"Foto: 123rf.com\"},\"primaryImageOfPage\":{\"@id\":\"https:\\\/\\\/eldigitaldeasturias.com\\\/magazine365\\\/feria-y-negocios-crecer-conocer-y-evolucionar\\\/#mainImage\"},\"datePublished\":\"2026-09-01T06:55:06+02:00\",\"dateModified\":\"2026-09-01T06:55:06+02:00\"},{\"@type\":\"WebSite\",\"@id\":\"https:\\\/\\\/eldigitaldeasturias.com\\\/magazine365\\\/#website\",\"url\":\"https:\\\/\\\/eldigitaldeasturias.com\\\/magazine365\\\/\",\"name\":\"El Digital de Asturias\",\"description\":\"Revista de ocio, turismo y estilo de vida\",\"inLanguage\":\"es-ES\",\"publisher\":{\"@id\":\"https:\\\/\\\/eldigitaldeasturias.com\\\/magazine365\\\/#organization\"}}]}\n\t\t<\/script>\n\t\t<!-- All in One SEO Pro -->\r\n\t\t<title>Feria y negocios: Crecer, conocer y evolucionar | El Digital de Asturias<\/title>\n\n","aioseo_head_json":{"title":"Feria y negocios: Crecer, conocer y evolucionar | El Digital de Asturias","description":"Una feria no se mide solo en ventas. Ese error lo cometen muchas empresas. Lo que ah\u00ed ocurre, entre pasillos y stands, vale mucho m\u00e1s de lo que cabe en una sola","canonical_url":"https:\/\/eldigitaldeasturias.com\/magazine365\/feria-y-negocios-crecer-conocer-y-evolucionar\/","robots":"max-image-preview:large","keywords":"empresas,canal empresas","webmasterTools":{"google-site-verification":"UA-38556648-1","miscellaneous":""},"schema":{"@context":"https:\/\/schema.org","@graph":[{"@type":"Article","@id":"https:\/\/eldigitaldeasturias.com\/magazine365\/feria-y-negocios-crecer-conocer-y-evolucionar\/#article","name":"Feria y negocios: Crecer, conocer y evolucionar | El Digital de Asturias","headline":"Feria y negocios: Crecer, conocer y evolucionar","author":{"@id":"https:\/\/eldigitaldeasturias.com\/magazine365\/author\/admin\/#author"},"publisher":{"@id":"https:\/\/eldigitaldeasturias.com\/magazine365\/#organization"},"image":{"@type":"ImageObject","url":"https:\/\/eldigitaldeasturias.com\/magazine365\/wp-content\/uploads\/2026\/09\/Feria-y-negocios-Crecer-conocer-y-evolucionar.jpg","width":1258,"height":693,"caption":"Foto: 123rf.com"},"datePublished":"2026-09-01T06:55:06+02:00","dateModified":"2026-09-01T06:55:06+02:00","inLanguage":"es-ES","mainEntityOfPage":{"@id":"https:\/\/eldigitaldeasturias.com\/magazine365\/feria-y-negocios-crecer-conocer-y-evolucionar\/#webpage"},"isPartOf":{"@id":"https:\/\/eldigitaldeasturias.com\/magazine365\/feria-y-negocios-crecer-conocer-y-evolucionar\/#webpage"},"articleSection":"Canal Empresas, Empresas"},{"@type":"BreadcrumbList","@id":"https:\/\/eldigitaldeasturias.com\/magazine365\/feria-y-negocios-crecer-conocer-y-evolucionar\/#breadcrumblist","itemListElement":[{"@type":"ListItem","@id":"https:\/\/eldigitaldeasturias.com\/magazine365#listItem","position":1,"name":"Home","item":"https:\/\/eldigitaldeasturias.com\/magazine365","nextItem":{"@type":"ListItem","@id":"https:\/\/eldigitaldeasturias.com\/magazine365\/category\/canal-empresas\/#listItem","name":"Canal Empresas"}},{"@type":"ListItem","@id":"https:\/\/eldigitaldeasturias.com\/magazine365\/category\/canal-empresas\/#listItem","position":2,"name":"Canal Empresas","item":"https:\/\/eldigitaldeasturias.com\/magazine365\/category\/canal-empresas\/","nextItem":{"@type":"ListItem","@id":"https:\/\/eldigitaldeasturias.com\/magazine365\/feria-y-negocios-crecer-conocer-y-evolucionar\/#listItem","name":"Feria y negocios: Crecer, conocer y evolucionar"},"previousItem":{"@type":"ListItem","@id":"https:\/\/eldigitaldeasturias.com\/magazine365#listItem","name":"Home"}},{"@type":"ListItem","@id":"https:\/\/eldigitaldeasturias.com\/magazine365\/feria-y-negocios-crecer-conocer-y-evolucionar\/#listItem","position":3,"name":"Feria y negocios: Crecer, conocer y evolucionar","previousItem":{"@type":"ListItem","@id":"https:\/\/eldigitaldeasturias.com\/magazine365\/category\/canal-empresas\/#listItem","name":"Canal Empresas"}}]},{"@type":"Organization","@id":"https:\/\/eldigitaldeasturias.com\/magazine365\/#organization","name":"El digital de Asturias","description":"Revista de ocio, turismo y estilo de vida","url":"https:\/\/eldigitaldeasturias.com\/magazine365\/","logo":{"@type":"ImageObject","url":"https:\/\/www.eldigitaldeasturias.com\/noticias\/wp-content\/uploads\/2020\/12\/EDA.jpg","@id":"https:\/\/eldigitaldeasturias.com\/magazine365\/feria-y-negocios-crecer-conocer-y-evolucionar\/#organizationLogo"},"image":{"@id":"https:\/\/eldigitaldeasturias.com\/magazine365\/feria-y-negocios-crecer-conocer-y-evolucionar\/#organizationLogo"}},{"@type":"Person","@id":"https:\/\/eldigitaldeasturias.com\/magazine365\/author\/admin\/#author","url":"https:\/\/eldigitaldeasturias.com\/magazine365\/author\/admin\/","name":"admin","image":{"@type":"ImageObject","@id":"https:\/\/eldigitaldeasturias.com\/magazine365\/feria-y-negocios-crecer-conocer-y-evolucionar\/#authorImage","url":"https:\/\/eldigitaldeasturias.com\/magazine365\/wp-content\/litespeed\/avatar\/e571bcf59a0edd6fa6838245a470f2fe.jpg?ver=1787856165","width":96,"height":96,"caption":"admin"}},{"@type":"WebPage","@id":"https:\/\/eldigitaldeasturias.com\/magazine365\/feria-y-negocios-crecer-conocer-y-evolucionar\/#webpage","url":"https:\/\/eldigitaldeasturias.com\/magazine365\/feria-y-negocios-crecer-conocer-y-evolucionar\/","name":"Feria y negocios: Crecer, conocer y evolucionar | El Digital de Asturias","description":"Una feria no se mide solo en ventas. Ese error lo cometen muchas empresas. Lo que ah\u00ed ocurre, entre pasillos y stands, vale mucho m\u00e1s de lo que cabe en una sola","inLanguage":"es-ES","isPartOf":{"@id":"https:\/\/eldigitaldeasturias.com\/magazine365\/#website"},"breadcrumb":{"@id":"https:\/\/eldigitaldeasturias.com\/magazine365\/feria-y-negocios-crecer-conocer-y-evolucionar\/#breadcrumblist"},"author":{"@id":"https:\/\/eldigitaldeasturias.com\/magazine365\/author\/admin\/#author"},"creator":{"@id":"https:\/\/eldigitaldeasturias.com\/magazine365\/author\/admin\/#author"},"image":{"@type":"ImageObject","url":"https:\/\/eldigitaldeasturias.com\/magazine365\/wp-content\/uploads\/2026\/09\/Feria-y-negocios-Crecer-conocer-y-evolucionar.jpg","@id":"https:\/\/eldigitaldeasturias.com\/magazine365\/feria-y-negocios-crecer-conocer-y-evolucionar\/#mainImage","width":1258,"height":693,"caption":"Foto: 123rf.com"},"primaryImageOfPage":{"@id":"https:\/\/eldigitaldeasturias.com\/magazine365\/feria-y-negocios-crecer-conocer-y-evolucionar\/#mainImage"},"datePublished":"2026-09-01T06:55:06+02:00","dateModified":"2026-09-01T06:55:06+02:00"},{"@type":"WebSite","@id":"https:\/\/eldigitaldeasturias.com\/magazine365\/#website","url":"https:\/\/eldigitaldeasturias.com\/magazine365\/","name":"El Digital de Asturias","description":"Revista de ocio, turismo y estilo de vida","inLanguage":"es-ES","publisher":{"@id":"https:\/\/eldigitaldeasturias.com\/magazine365\/#organization"}}]},"og:locale":"es_ES","og:site_name":"El Digital de Asturias \u2013 Revista de ocio, turismo y estilo de vida","og:type":"article","og:title":"Feria y negocios: Crecer, conocer y evolucionar \u2013 El Digital de Asturias","og:description":"Una feria no se mide solo en ventas. Ese error lo cometen muchas empresas. Lo que ah\u00ed ocurre, entre pasillos y stands, vale mucho m\u00e1s de lo que cabe en una sola","og:url":"https:\/\/eldigitaldeasturias.com\/magazine365\/feria-y-negocios-crecer-conocer-y-evolucionar\/","og:image":"https:\/\/eldigitaldeasturias.com\/magazine365\/wp-content\/uploads\/2026\/09\/Feria-y-negocios-Crecer-conocer-y-evolucionar.jpg","og:image:secure_url":"https:\/\/eldigitaldeasturias.com\/magazine365\/wp-content\/uploads\/2026\/09\/Feria-y-negocios-Crecer-conocer-y-evolucionar.jpg","og:image:width":1258,"og:image:height":693,"article:published_time":"2026-09-01T04:55:06+00:00","article:modified_time":"2026-09-01T04:55:06+00:00","twitter:card":"summary_large_image","twitter:title":"Feria y negocios: Crecer, conocer y evolucionar \u2013 El Digital de Asturias","twitter:description":"Una feria no se mide solo en ventas. Ese error lo cometen muchas empresas. Lo que ah\u00ed ocurre, entre pasillos y stands, vale mucho m\u00e1s de lo que cabe en una sola","twitter:image":"https:\/\/eldigitaldeasturias.com\/magazine365\/wp-content\/uploads\/2026\/09\/Feria-y-negocios-Crecer-conocer-y-evolucionar.jpg"},"aioseo_meta_data":{"post_id":"112433","title":null,"description":"Una feria no se mide solo en ventas. Ese error lo cometen muchas empresas. Lo que ah\u00ed ocurre, entre pasillos y stands, vale mucho m\u00e1s de lo que cabe en una sola","keywords":null,"keyphrases":{"focus":{"keyphrase":"Feria","score":0,"analysis":[]},"additional":[{"keyphrase":"Feria y negocios","score":0}]},"primary_term":null,"canonical_url":null,"og_title":"#post_title #separator_sa #site_title","og_description":"Una feria no se mide solo en ventas. Ese error lo cometen muchas empresas. Lo que ah\u00ed ocurre, entre pasillos y stands, vale mucho m\u00e1s de lo que cabe en una sola","og_object_type":"default","og_image_type":"default","og_image_url":null,"og_image_width":null,"og_image_height":null,"og_image_custom_url":null,"og_image_custom_fields":null,"og_video":"","og_custom_url":null,"og_article_section":null,"og_article_tags":null,"twitter_use_og":false,"twitter_card":"default","twitter_image_type":"default","twitter_image_url":null,"twitter_image_custom_url":null,"twitter_image_custom_fields":null,"twitter_title":"#post_title #separator_sa #site_title","twitter_description":"Una feria no se mide solo en ventas. Ese error lo cometen muchas empresas. Lo que ah\u00ed ocurre, entre pasillos y stands, vale mucho m\u00e1s de lo que cabe en una sola","schema":{"blockGraphs":[],"customGraphs":[],"default":{"data":{"Article":[],"Course":[],"Dataset":[],"FAQPage":[],"Movie":[],"Person":[],"Product":[],"ProductReview":[],"Car":[],"Recipe":[],"Service":[],"SoftwareApplication":[],"WebPage":[]},"graphName":"Article","isEnabled":true},"graphs":[]},"schema_type":"default","schema_type_options":null,"pillar_content":false,"robots_default":true,"robots_noindex":false,"robots_noarchive":false,"robots_nosnippet":false,"robots_nofollow":false,"robots_noimageindex":false,"robots_noodp":false,"robots_notranslate":false,"robots_max_snippet":"-1","robots_max_videopreview":"-1","robots_max_imagepreview":"large","priority":null,"frequency":"default","location":null,"local_seo":null,"seo_analyzer_scan_date":"2026-09-01 04:55:48","breadcrumb_settings":null,"limit_modified_date":false,"open_ai":null,"ai":{"faqs":[],"keyPoints":[],"schemas":[],"titles":[],"descriptions":[],"socialPosts":{"email":{"subject":"","preview":"","content":""},"linkedin":[],"twitter":[],"facebook":[],"instagram":[]}},"created":"2026-09-01 04:39:08","updated":"2026-09-01 05:13:49","focus_keyword":"Feria","additional_keywords":[{"word":"Feria y negocios","score":80,"items":{"introductionKeyword":{"score":3},"keyphraseLength":{"score":9},"keyphraseDensity":{"score":4},"functionWordsInKeyphrase":{"score":9},"textCompetingLinks":{"score":9},"imageKeyphrase":{"score":9}}}],"truseo_locale":null},"aioseo_breadcrumb":"<div class=\"aioseo-breadcrumbs\"><span class=\"aioseo-breadcrumb\">\n\t<a href=\"https:\/\/eldigitaldeasturias.com\/magazine365\" title=\"Home\">Home<\/a>\n<\/span><span class=\"aioseo-breadcrumb-separator\">\u2013<\/span><span class=\"aioseo-breadcrumb\">\n\t<a href=\"https:\/\/eldigitaldeasturias.com\/magazine365\/category\/canal-empresas\/\" title=\"Canal Empresas\">Canal Empresas<\/a>\n<\/span><span class=\"aioseo-breadcrumb-separator\">\u2013<\/span><span class=\"aioseo-breadcrumb\">\n\t<a href=\"https:\/\/eldigitaldeasturias.com\/magazine365\/feria-y-negocios-crecer-conocer-y-evolucionar\/\" title=\"Feria y negocios: Crecer, conocer y evolucionar\">Feria y negocios: Crecer, conocer y evolucionar<\/a>\n<\/span><\/div>","aioseo_breadcrumb_json":[{"label":"Home","link":"https:\/\/eldigitaldeasturias.com\/magazine365"},{"label":"Canal Empresas","link":"https:\/\/eldigitaldeasturias.com\/magazine365\/category\/canal-empresas\/"},{"label":"Feria y negocios: Crecer, conocer y evolucionar","link":"https:\/\/eldigitaldeasturias.com\/magazine365\/feria-y-negocios-crecer-conocer-y-evolucionar\/"}],"_links":{"self":[{"href":"https:\/\/eldigitaldeasturias.com\/magazine365\/wp-json\/wp\/v2\/posts\/112433","targetHints":{"allow":["GET"]}}],"collection":[{"href":"https:\/\/eldigitaldeasturias.com\/magazine365\/wp-json\/wp\/v2\/posts"}],"about":[{"href":"https:\/\/eldigitaldeasturias.com\/magazine365\/wp-json\/wp\/v2\/types\/post"}],"author":[{"embeddable":true,"href":"https:\/\/eldigitaldeasturias.com\/magazine365\/wp-json\/wp\/v2\/users\/1"}],"replies":[{"embeddable":true,"href":"https:\/\/eldigitaldeasturias.com\/magazine365\/wp-json\/wp\/v2\/comments?post=112433"}],"version-history":[{"count":1,"href":"https:\/\/eldigitaldeasturias.com\/magazine365\/wp-json\/wp\/v2\/posts\/112433\/revisions"}],"predecessor-version":[{"id":112435,"href":"https:\/\/eldigitaldeasturias.com\/magazine365\/wp-json\/wp\/v2\/posts\/112433\/revisions\/112435"}],"wp:featuredmedia":[{"embeddable":true,"href":"https:\/\/eldigitaldeasturias.com\/magazine365\/wp-json\/wp\/v2\/media\/112434"}],"wp:attachment":[{"href":"https:\/\/eldigitaldeasturias.com\/magazine365\/wp-json\/wp\/v2\/media?parent=112433"}],"wp:term":[{"taxonomy":"category","embeddable":true,"href":"https:\/\/eldigitaldeasturias.com\/magazine365\/wp-json\/wp\/v2\/categories?post=112433"},{"taxonomy":"post_tag","embeddable":true,"href":"https:\/\/eldigitaldeasturias.com\/magazine365\/wp-json\/wp\/v2\/tags?post=112433"}],"curies":[{"name":"wp","href":"https:\/\/api.w.org\/{rel}","templated":true}]}}