{"id":112429,"date":"2026-08-29T06:54:36","date_gmt":"2026-08-29T04:54:36","guid":{"rendered":"https:\/\/eldigitaldeasturias.com\/magazine365\/?p=112429"},"modified":"2026-08-29T06:54:36","modified_gmt":"2026-08-29T04:54:36","slug":"claves-para-comenzar-el-dia-en-positivo","status":"publish","type":"post","link":"https:\/\/eldigitaldeasturias.com\/magazine365\/claves-para-comenzar-el-dia-en-positivo\/","title":{"rendered":"Claves para comenzar el d\u00eda en positivo"},"content":{"rendered":"<p dir=\"ltr\">La forma en que comenzamos el d\u00eda influye en el \u00e1nimo, la concentraci\u00f3n y el ritmo de las horas siguientes. La calma matinal no depende de la suerte, sino de la organizaci\u00f3n previa.<\/p>\n<figure id=\"attachment_112430\" aria-describedby=\"caption-attachment-112430\" style=\"width: 650px\" class=\"wp-caption aligncenter\"><img fetchpriority=\"high\" decoding=\"async\" class=\"size-large wp-image-112430\" src=\"https:\/\/eldigitaldeasturias.com\/magazine365\/wp-content\/uploads\/2026\/08\/Claves-para-comenzar-el-dia-en-positivo-650x422.jpg\" alt=\"Claves para comenzar el d\u00eda en positivo\" width=\"650\" height=\"422\" srcset=\"https:\/\/eldigitaldeasturias.com\/magazine365\/wp-content\/uploads\/2026\/08\/Claves-para-comenzar-el-dia-en-positivo-650x422.jpg 650w, https:\/\/eldigitaldeasturias.com\/magazine365\/wp-content\/uploads\/2026\/08\/Claves-para-comenzar-el-dia-en-positivo-360x233.jpg 360w, https:\/\/eldigitaldeasturias.com\/magazine365\/wp-content\/uploads\/2026\/08\/Claves-para-comenzar-el-dia-en-positivo-768x498.jpg 768w, https:\/\/eldigitaldeasturias.com\/magazine365\/wp-content\/uploads\/2026\/08\/Claves-para-comenzar-el-dia-en-positivo-150x97.jpg 150w, https:\/\/eldigitaldeasturias.com\/magazine365\/wp-content\/uploads\/2026\/08\/Claves-para-comenzar-el-dia-en-positivo-450x292.jpg 450w, https:\/\/eldigitaldeasturias.com\/magazine365\/wp-content\/uploads\/2026\/08\/Claves-para-comenzar-el-dia-en-positivo-1200x778.jpg 1200w, https:\/\/eldigitaldeasturias.com\/magazine365\/wp-content\/uploads\/2026\/08\/Claves-para-comenzar-el-dia-en-positivo.jpg 1246w\" sizes=\"(max-width: 650px) 100vw, 650px\" \/><figcaption id=\"caption-attachment-112430\" class=\"wp-caption-text\">Foto: 123rf.com<\/figcaption><\/figure>\n<h3 dir=\"ltr\">El ritmo con el que se despierta el cuerpo<\/h3>\n<p dir=\"ltr\">El cuerpo no pasa del sue\u00f1o a la actividad de forma instant\u00e1nea. Existe una transici\u00f3n natural en la que el <a href=\"https:\/\/candas365.es\/noticias\/category\/salud\/\" target=\"_blank\" rel=\"noopener\"><span style=\"color: #ff6600;\"><strong>organismo ajusta su temperatura<\/strong><\/span><\/a>, su ritmo card\u00edaco y su nivel de alerta.<strong> Cuando esa transici\u00f3n se interrumpe de golpe \u2014por ejemplo, con una alarma que obliga a saltar de la cama en segundos\u2014 el sistema nervioso entra en un estado de activaci\u00f3n brusca que muchas personas identifican como esa sensaci\u00f3n de ir \u201ca remolque\u201d durante el resto de la ma\u00f1ana.<\/strong><\/p>\n<p dir=\"ltr\">Por el contrario, cuando existe un margen de tiempo entre el momento de despertar y el momento de tener que actuar, ese ajuste se produce de forma progresiva. Es lo que ocurre, por ejemplo, con quienes dedican unos minutos a permanecer despiertos en la cama antes de levantarse, dejando que la mente se oriente antes de que el cuerpo se ponga en marcha. Ese peque\u00f1o margen no elimina las obligaciones del d\u00eda, pero cambia la forma en que se afrontan.<\/p>\n<h1 dir=\"ltr\">La preparaci\u00f3n previa marca la diferencia<\/h1>\n<p dir=\"ltr\">Buena parte de la sensaci\u00f3n de prisa por la ma\u00f1ana no nace en la ma\u00f1ana misma, sino en decisiones tomadas la noche anterior. Elegir la ropa, preparar la mochila o el bolso, dejar organizado lo necesario para el desayuno o revisar la agenda del d\u00eda siguiente son tareas peque\u00f1as que, resueltas con antelaci\u00f3n, liberan tiempo y atenci\u00f3n cuando llega el momento de salir de casa.<\/p>\n<p dir=\"ltr\">Esto se observa con claridad en quienes trabajan por turnos o tienen horarios exigentes: cuando la noche anterior ha servido para dejar todo listo, la ma\u00f1ana se convierte en una simple ejecuci\u00f3n de pasos ya decididos, sin necesidad de pensar ni improvisar bajo presi\u00f3n. En cambio, cuando esas decisiones se posponen, se acumulan justo en el tramo del d\u00eda en el que menos margen hay para resolverlas con calma.<\/p>\n<p dir=\"ltr\">Esta l\u00f3gica no depende de la <span style=\"color: #ff6600;\"><a style=\"color: #ff6600;\" href=\"https:\/\/eldigitaldeasturias.com\/magazine365\/category\/estilo-de-vida\/\"><strong>cantidad de tiempo disponible<\/strong><\/a><\/span>, sino de en qu\u00e9 momento se invierte ese tiempo. Adelantar decisiones no elimina la carga de las tareas, pero s\u00ed evita que todas ellas coincidan en el mismo instante.<\/p>\n<h2 dir=\"ltr\">El entorno y la calma como parte del comienzo<\/h2>\n<p dir=\"ltr\">El entorno en el que se despierta tambi\u00e9n forma parte de esta ecuaci\u00f3n. Una luz progresiva, un espacio ordenado o la ausencia de est\u00edmulos bruscos \u2014como notificaciones, ruidos intensos o pantallas encendidas nada m\u00e1s abrir los ojos\u2014 influyen en c\u00f3mo se percibe el inicio del d\u00eda. No se trata de un capricho est\u00e9tico, sino de c\u00f3mo el cerebro interpreta las primeras se\u00f1ales que recibe al despertar.<\/p>\n<p dir=\"ltr\">Muchas personas notan la diferencia cuando comparan una ma\u00f1ana en la que han revisado el tel\u00e9fono nada m\u00e1s levantarse con otra en la que han dejado pasar unos minutos antes de hacerlo. En el primer caso, la mente empieza a procesar informaci\u00f3n externa \u2014mensajes, noticias, pendientes\u2014 antes incluso de haberse orientado en el propio espacio. En el segundo, hay un margen para situarse antes de conectar con el exterior.<\/p>\n<p dir=\"ltr\">La suma de estos factores \u2014transici\u00f3n fisiol\u00f3gica, preparaci\u00f3n previa y entorno de despertar\u2014 no garantiza ma\u00f1anas perfectas, porque siempre habr\u00e1 imprevistos que escapan al control de cualquiera. Pero s\u00ed explica por qu\u00e9 algunas personas llegan al mediod\u00eda con una sensaci\u00f3n de continuidad y otras arrastran, desde las ocho de la ma\u00f1ana, la impresi\u00f3n de ir contrarreloj. La diferencia no suele estar en cu\u00e1nto tiempo se tiene, sino en c\u00f3mo se organiza el que existe.<\/p>\n","protected":false},"excerpt":{"rendered":"<p>La forma en que comenzamos el d\u00eda influye en el \u00e1nimo, la concentraci\u00f3n y el ritmo de las horas siguientes. La calma matinal no depende de la suerte, sino de la organizaci\u00f3n previa. El ritmo con el que se despierta el cuerpo El cuerpo no pasa del sue\u00f1o a la actividad de forma instant\u00e1nea. Existe<\/p>\n","protected":false},"author":1,"featured_media":112430,"comment_status":"closed","ping_status":"closed","sticky":false,"template":"","format":"standard","meta":{"footnotes":""},"categories":[182],"tags":[],"class_list":["post-112429","post","type-post","status-publish","format-standard","has-post-thumbnail","category-estilo-de-vida"],"aioseo_notices":[],"aioseo_head":"\n\t\t<!-- All in One SEO Pro 5.0.1.1 - aioseo.com -->\n\t<meta name=\"description\" content=\"La forma en que comenzamos el d\u00eda influye en el \u00e1nimo, la concentraci\u00f3n y el ritmo de las horas siguientes. La calma matinal no depende de la suerte\" \/>\n\t<meta name=\"robots\" content=\"max-image-preview:large\" \/>\n\t<meta name=\"author\" content=\"admin\"\/>\n\t<meta name=\"google-site-verification\" content=\"UA-38556648-1\" \/>\n\t<meta name=\"keywords\" content=\"estilo de vida\" \/>\n\t<link rel=\"canonical\" href=\"https:\/\/eldigitaldeasturias.com\/magazine365\/claves-para-comenzar-el-dia-en-positivo\/\" \/>\n\t<meta name=\"generator\" content=\"All in One SEO Pro (AIOSEO) 5.0.1.1\" \/>\n\t\t<meta property=\"og:locale\" content=\"es_ES\" \/>\n\t\t<meta property=\"og:site_name\" content=\"El Digital de Asturias \u2013 Revista de ocio, turismo y estilo de vida\" \/>\n\t\t<meta property=\"og:type\" content=\"article\" \/>\n\t\t<meta property=\"og:title\" content=\"Claves para comenzar el d\u00eda en positivo \u2013 El Digital de Asturias\" \/>\n\t\t<meta property=\"og:description\" content=\"La forma en que comenzamos el d\u00eda influye en el \u00e1nimo, la concentraci\u00f3n y el ritmo de las horas siguientes. La calma matinal no depende de la suerte,\" \/>\n\t\t<meta property=\"og:url\" content=\"https:\/\/eldigitaldeasturias.com\/magazine365\/claves-para-comenzar-el-dia-en-positivo\/\" \/>\n\t\t<meta property=\"og:image\" content=\"https:\/\/eldigitaldeasturias.com\/magazine365\/wp-content\/uploads\/2026\/08\/Claves-para-comenzar-el-dia-en-positivo.jpg\" \/>\n\t\t<meta property=\"og:image:secure_url\" content=\"https:\/\/eldigitaldeasturias.com\/magazine365\/wp-content\/uploads\/2026\/08\/Claves-para-comenzar-el-dia-en-positivo.jpg\" \/>\n\t\t<meta property=\"og:image:width\" content=\"1246\" \/>\n\t\t<meta property=\"og:image:height\" content=\"808\" \/>\n\t\t<meta property=\"article:published_time\" content=\"2026-08-29T04:54:36+00:00\" \/>\n\t\t<meta property=\"article:modified_time\" content=\"2026-08-29T04:54:36+00:00\" \/>\n\t\t<meta name=\"twitter:card\" content=\"summary_large_image\" \/>\n\t\t<meta name=\"twitter:title\" content=\"Claves para comenzar el d\u00eda en positivo \u2013 El Digital de Asturias\" \/>\n\t\t<meta name=\"twitter:description\" content=\"La forma en que comenzamos el d\u00eda influye en el \u00e1nimo, la concentraci\u00f3n y el ritmo de las horas siguientes. La calma matinal no depende de la suerte,\" \/>\n\t\t<meta name=\"twitter:image\" content=\"https:\/\/eldigitaldeasturias.com\/magazine365\/wp-content\/uploads\/2026\/08\/Claves-para-comenzar-el-dia-en-positivo.jpg\" \/>\n\t\t<script type=\"application\/ld+json\" class=\"aioseo-schema\">\n\t\t\t{\"@context\":\"https:\\\/\\\/schema.org\",\"@graph\":[{\"@type\":\"Article\",\"@id\":\"https:\\\/\\\/eldigitaldeasturias.com\\\/magazine365\\\/claves-para-comenzar-el-dia-en-positivo\\\/#article\",\"name\":\"Claves para comenzar el d\\u00eda en positivo | El Digital de Asturias\",\"headline\":\"Claves para comenzar el d\\u00eda en positivo\",\"author\":{\"@id\":\"https:\\\/\\\/eldigitaldeasturias.com\\\/magazine365\\\/author\\\/admin\\\/#author\"},\"publisher\":{\"@id\":\"https:\\\/\\\/eldigitaldeasturias.com\\\/magazine365\\\/#organization\"},\"image\":{\"@type\":\"ImageObject\",\"url\":\"https:\\\/\\\/eldigitaldeasturias.com\\\/magazine365\\\/wp-content\\\/uploads\\\/2026\\\/08\\\/Claves-para-comenzar-el-dia-en-positivo.jpg\",\"width\":1246,\"height\":808,\"caption\":\"Foto: 123rf.com\"},\"datePublished\":\"2026-08-29T06:54:36+02:00\",\"dateModified\":\"2026-08-29T06:54:36+02:00\",\"inLanguage\":\"es-ES\",\"mainEntityOfPage\":{\"@id\":\"https:\\\/\\\/eldigitaldeasturias.com\\\/magazine365\\\/claves-para-comenzar-el-dia-en-positivo\\\/#webpage\"},\"isPartOf\":{\"@id\":\"https:\\\/\\\/eldigitaldeasturias.com\\\/magazine365\\\/claves-para-comenzar-el-dia-en-positivo\\\/#webpage\"},\"articleSection\":\"Estilo de Vida\"},{\"@type\":\"BreadcrumbList\",\"@id\":\"https:\\\/\\\/eldigitaldeasturias.com\\\/magazine365\\\/claves-para-comenzar-el-dia-en-positivo\\\/#breadcrumblist\",\"itemListElement\":[{\"@type\":\"ListItem\",\"@id\":\"https:\\\/\\\/eldigitaldeasturias.com\\\/magazine365#listItem\",\"position\":1,\"name\":\"Home\",\"item\":\"https:\\\/\\\/eldigitaldeasturias.com\\\/magazine365\",\"nextItem\":{\"@type\":\"ListItem\",\"@id\":\"https:\\\/\\\/eldigitaldeasturias.com\\\/magazine365\\\/category\\\/estilo-de-vida\\\/#listItem\",\"name\":\"Estilo de Vida\"}},{\"@type\":\"ListItem\",\"@id\":\"https:\\\/\\\/eldigitaldeasturias.com\\\/magazine365\\\/category\\\/estilo-de-vida\\\/#listItem\",\"position\":2,\"name\":\"Estilo de Vida\",\"item\":\"https:\\\/\\\/eldigitaldeasturias.com\\\/magazine365\\\/category\\\/estilo-de-vida\\\/\",\"nextItem\":{\"@type\":\"ListItem\",\"@id\":\"https:\\\/\\\/eldigitaldeasturias.com\\\/magazine365\\\/claves-para-comenzar-el-dia-en-positivo\\\/#listItem\",\"name\":\"Claves para comenzar el d\\u00eda en positivo\"},\"previousItem\":{\"@type\":\"ListItem\",\"@id\":\"https:\\\/\\\/eldigitaldeasturias.com\\\/magazine365#listItem\",\"name\":\"Home\"}},{\"@type\":\"ListItem\",\"@id\":\"https:\\\/\\\/eldigitaldeasturias.com\\\/magazine365\\\/claves-para-comenzar-el-dia-en-positivo\\\/#listItem\",\"position\":3,\"name\":\"Claves para comenzar el d\\u00eda en positivo\",\"previousItem\":{\"@type\":\"ListItem\",\"@id\":\"https:\\\/\\\/eldigitaldeasturias.com\\\/magazine365\\\/category\\\/estilo-de-vida\\\/#listItem\",\"name\":\"Estilo de Vida\"}}]},{\"@type\":\"Organization\",\"@id\":\"https:\\\/\\\/eldigitaldeasturias.com\\\/magazine365\\\/#organization\",\"name\":\"El digital de Asturias\",\"description\":\"Revista de ocio, turismo y estilo de vida\",\"url\":\"https:\\\/\\\/eldigitaldeasturias.com\\\/magazine365\\\/\",\"logo\":{\"@type\":\"ImageObject\",\"url\":\"https:\\\/\\\/www.eldigitaldeasturias.com\\\/noticias\\\/wp-content\\\/uploads\\\/2020\\\/12\\\/EDA.jpg\",\"@id\":\"https:\\\/\\\/eldigitaldeasturias.com\\\/magazine365\\\/claves-para-comenzar-el-dia-en-positivo\\\/#organizationLogo\"},\"image\":{\"@id\":\"https:\\\/\\\/eldigitaldeasturias.com\\\/magazine365\\\/claves-para-comenzar-el-dia-en-positivo\\\/#organizationLogo\"}},{\"@type\":\"Person\",\"@id\":\"https:\\\/\\\/eldigitaldeasturias.com\\\/magazine365\\\/author\\\/admin\\\/#author\",\"url\":\"https:\\\/\\\/eldigitaldeasturias.com\\\/magazine365\\\/author\\\/admin\\\/\",\"name\":\"admin\",\"image\":{\"@type\":\"ImageObject\",\"@id\":\"https:\\\/\\\/eldigitaldeasturias.com\\\/magazine365\\\/claves-para-comenzar-el-dia-en-positivo\\\/#authorImage\",\"url\":\"https:\\\/\\\/eldigitaldeasturias.com\\\/magazine365\\\/wp-content\\\/litespeed\\\/avatar\\\/e571bcf59a0edd6fa6838245a470f2fe.jpg?ver=1787856165\",\"width\":96,\"height\":96,\"caption\":\"admin\"}},{\"@type\":\"WebPage\",\"@id\":\"https:\\\/\\\/eldigitaldeasturias.com\\\/magazine365\\\/claves-para-comenzar-el-dia-en-positivo\\\/#webpage\",\"url\":\"https:\\\/\\\/eldigitaldeasturias.com\\\/magazine365\\\/claves-para-comenzar-el-dia-en-positivo\\\/\",\"name\":\"Claves para comenzar el d\\u00eda en positivo | El Digital de Asturias\",\"description\":\"La forma en que comenzamos el d\\u00eda influye en el \\u00e1nimo, la concentraci\\u00f3n y el ritmo de las horas siguientes. La calma matinal no depende de la suerte\",\"inLanguage\":\"es-ES\",\"isPartOf\":{\"@id\":\"https:\\\/\\\/eldigitaldeasturias.com\\\/magazine365\\\/#website\"},\"breadcrumb\":{\"@id\":\"https:\\\/\\\/eldigitaldeasturias.com\\\/magazine365\\\/claves-para-comenzar-el-dia-en-positivo\\\/#breadcrumblist\"},\"author\":{\"@id\":\"https:\\\/\\\/eldigitaldeasturias.com\\\/magazine365\\\/author\\\/admin\\\/#author\"},\"creator\":{\"@id\":\"https:\\\/\\\/eldigitaldeasturias.com\\\/magazine365\\\/author\\\/admin\\\/#author\"},\"image\":{\"@type\":\"ImageObject\",\"url\":\"https:\\\/\\\/eldigitaldeasturias.com\\\/magazine365\\\/wp-content\\\/uploads\\\/2026\\\/08\\\/Claves-para-comenzar-el-dia-en-positivo.jpg\",\"@id\":\"https:\\\/\\\/eldigitaldeasturias.com\\\/magazine365\\\/claves-para-comenzar-el-dia-en-positivo\\\/#mainImage\",\"width\":1246,\"height\":808,\"caption\":\"Foto: 123rf.com\"},\"primaryImageOfPage\":{\"@id\":\"https:\\\/\\\/eldigitaldeasturias.com\\\/magazine365\\\/claves-para-comenzar-el-dia-en-positivo\\\/#mainImage\"},\"datePublished\":\"2026-08-29T06:54:36+02:00\",\"dateModified\":\"2026-08-29T06:54:36+02:00\"},{\"@type\":\"WebSite\",\"@id\":\"https:\\\/\\\/eldigitaldeasturias.com\\\/magazine365\\\/#website\",\"url\":\"https:\\\/\\\/eldigitaldeasturias.com\\\/magazine365\\\/\",\"name\":\"El Digital de Asturias\",\"description\":\"Revista de ocio, turismo y estilo de vida\",\"inLanguage\":\"es-ES\",\"publisher\":{\"@id\":\"https:\\\/\\\/eldigitaldeasturias.com\\\/magazine365\\\/#organization\"}}]}\n\t\t<\/script>\n\t\t<!-- All in One SEO Pro -->\r\n\t\t<title>Claves para comenzar el d\u00eda en positivo | El Digital de Asturias<\/title>\n\n","aioseo_head_json":{"title":"Claves para comenzar el d\u00eda en positivo | El Digital de Asturias","description":"La forma en que comenzamos el d\u00eda influye en el \u00e1nimo, la concentraci\u00f3n y el ritmo de las horas siguientes. La calma matinal no depende de la suerte","canonical_url":"https:\/\/eldigitaldeasturias.com\/magazine365\/claves-para-comenzar-el-dia-en-positivo\/","robots":"max-image-preview:large","keywords":"estilo de vida","webmasterTools":{"google-site-verification":"UA-38556648-1","miscellaneous":""},"schema":{"@context":"https:\/\/schema.org","@graph":[{"@type":"Article","@id":"https:\/\/eldigitaldeasturias.com\/magazine365\/claves-para-comenzar-el-dia-en-positivo\/#article","name":"Claves para comenzar el d\u00eda en positivo | El Digital de Asturias","headline":"Claves para comenzar el d\u00eda en positivo","author":{"@id":"https:\/\/eldigitaldeasturias.com\/magazine365\/author\/admin\/#author"},"publisher":{"@id":"https:\/\/eldigitaldeasturias.com\/magazine365\/#organization"},"image":{"@type":"ImageObject","url":"https:\/\/eldigitaldeasturias.com\/magazine365\/wp-content\/uploads\/2026\/08\/Claves-para-comenzar-el-dia-en-positivo.jpg","width":1246,"height":808,"caption":"Foto: 123rf.com"},"datePublished":"2026-08-29T06:54:36+02:00","dateModified":"2026-08-29T06:54:36+02:00","inLanguage":"es-ES","mainEntityOfPage":{"@id":"https:\/\/eldigitaldeasturias.com\/magazine365\/claves-para-comenzar-el-dia-en-positivo\/#webpage"},"isPartOf":{"@id":"https:\/\/eldigitaldeasturias.com\/magazine365\/claves-para-comenzar-el-dia-en-positivo\/#webpage"},"articleSection":"Estilo de Vida"},{"@type":"BreadcrumbList","@id":"https:\/\/eldigitaldeasturias.com\/magazine365\/claves-para-comenzar-el-dia-en-positivo\/#breadcrumblist","itemListElement":[{"@type":"ListItem","@id":"https:\/\/eldigitaldeasturias.com\/magazine365#listItem","position":1,"name":"Home","item":"https:\/\/eldigitaldeasturias.com\/magazine365","nextItem":{"@type":"ListItem","@id":"https:\/\/eldigitaldeasturias.com\/magazine365\/category\/estilo-de-vida\/#listItem","name":"Estilo de Vida"}},{"@type":"ListItem","@id":"https:\/\/eldigitaldeasturias.com\/magazine365\/category\/estilo-de-vida\/#listItem","position":2,"name":"Estilo de Vida","item":"https:\/\/eldigitaldeasturias.com\/magazine365\/category\/estilo-de-vida\/","nextItem":{"@type":"ListItem","@id":"https:\/\/eldigitaldeasturias.com\/magazine365\/claves-para-comenzar-el-dia-en-positivo\/#listItem","name":"Claves para comenzar el d\u00eda en positivo"},"previousItem":{"@type":"ListItem","@id":"https:\/\/eldigitaldeasturias.com\/magazine365#listItem","name":"Home"}},{"@type":"ListItem","@id":"https:\/\/eldigitaldeasturias.com\/magazine365\/claves-para-comenzar-el-dia-en-positivo\/#listItem","position":3,"name":"Claves para comenzar el d\u00eda en positivo","previousItem":{"@type":"ListItem","@id":"https:\/\/eldigitaldeasturias.com\/magazine365\/category\/estilo-de-vida\/#listItem","name":"Estilo de Vida"}}]},{"@type":"Organization","@id":"https:\/\/eldigitaldeasturias.com\/magazine365\/#organization","name":"El digital de Asturias","description":"Revista de ocio, turismo y estilo de vida","url":"https:\/\/eldigitaldeasturias.com\/magazine365\/","logo":{"@type":"ImageObject","url":"https:\/\/www.eldigitaldeasturias.com\/noticias\/wp-content\/uploads\/2020\/12\/EDA.jpg","@id":"https:\/\/eldigitaldeasturias.com\/magazine365\/claves-para-comenzar-el-dia-en-positivo\/#organizationLogo"},"image":{"@id":"https:\/\/eldigitaldeasturias.com\/magazine365\/claves-para-comenzar-el-dia-en-positivo\/#organizationLogo"}},{"@type":"Person","@id":"https:\/\/eldigitaldeasturias.com\/magazine365\/author\/admin\/#author","url":"https:\/\/eldigitaldeasturias.com\/magazine365\/author\/admin\/","name":"admin","image":{"@type":"ImageObject","@id":"https:\/\/eldigitaldeasturias.com\/magazine365\/claves-para-comenzar-el-dia-en-positivo\/#authorImage","url":"https:\/\/eldigitaldeasturias.com\/magazine365\/wp-content\/litespeed\/avatar\/e571bcf59a0edd6fa6838245a470f2fe.jpg?ver=1787856165","width":96,"height":96,"caption":"admin"}},{"@type":"WebPage","@id":"https:\/\/eldigitaldeasturias.com\/magazine365\/claves-para-comenzar-el-dia-en-positivo\/#webpage","url":"https:\/\/eldigitaldeasturias.com\/magazine365\/claves-para-comenzar-el-dia-en-positivo\/","name":"Claves para comenzar el d\u00eda en positivo | El Digital de Asturias","description":"La forma en que comenzamos el d\u00eda influye en el \u00e1nimo, la concentraci\u00f3n y el ritmo de las horas siguientes. La calma matinal no depende de la suerte","inLanguage":"es-ES","isPartOf":{"@id":"https:\/\/eldigitaldeasturias.com\/magazine365\/#website"},"breadcrumb":{"@id":"https:\/\/eldigitaldeasturias.com\/magazine365\/claves-para-comenzar-el-dia-en-positivo\/#breadcrumblist"},"author":{"@id":"https:\/\/eldigitaldeasturias.com\/magazine365\/author\/admin\/#author"},"creator":{"@id":"https:\/\/eldigitaldeasturias.com\/magazine365\/author\/admin\/#author"},"image":{"@type":"ImageObject","url":"https:\/\/eldigitaldeasturias.com\/magazine365\/wp-content\/uploads\/2026\/08\/Claves-para-comenzar-el-dia-en-positivo.jpg","@id":"https:\/\/eldigitaldeasturias.com\/magazine365\/claves-para-comenzar-el-dia-en-positivo\/#mainImage","width":1246,"height":808,"caption":"Foto: 123rf.com"},"primaryImageOfPage":{"@id":"https:\/\/eldigitaldeasturias.com\/magazine365\/claves-para-comenzar-el-dia-en-positivo\/#mainImage"},"datePublished":"2026-08-29T06:54:36+02:00","dateModified":"2026-08-29T06:54:36+02:00"},{"@type":"WebSite","@id":"https:\/\/eldigitaldeasturias.com\/magazine365\/#website","url":"https:\/\/eldigitaldeasturias.com\/magazine365\/","name":"El Digital de Asturias","description":"Revista de ocio, turismo y estilo de vida","inLanguage":"es-ES","publisher":{"@id":"https:\/\/eldigitaldeasturias.com\/magazine365\/#organization"}}]},"og:locale":"es_ES","og:site_name":"El Digital de Asturias \u2013 Revista de ocio, turismo y estilo de vida","og:type":"article","og:title":"Claves para comenzar el d\u00eda en positivo \u2013 El Digital de Asturias","og:description":"La forma en que comenzamos el d\u00eda influye en el \u00e1nimo, la concentraci\u00f3n y el ritmo de las horas siguientes. La calma matinal no depende de la suerte,","og:url":"https:\/\/eldigitaldeasturias.com\/magazine365\/claves-para-comenzar-el-dia-en-positivo\/","og:image":"https:\/\/eldigitaldeasturias.com\/magazine365\/wp-content\/uploads\/2026\/08\/Claves-para-comenzar-el-dia-en-positivo.jpg","og:image:secure_url":"https:\/\/eldigitaldeasturias.com\/magazine365\/wp-content\/uploads\/2026\/08\/Claves-para-comenzar-el-dia-en-positivo.jpg","og:image:width":1246,"og:image:height":808,"article:published_time":"2026-08-29T04:54:36+00:00","article:modified_time":"2026-08-29T04:54:36+00:00","twitter:card":"summary_large_image","twitter:title":"Claves para comenzar el d\u00eda en positivo \u2013 El Digital de Asturias","twitter:description":"La forma en que comenzamos el d\u00eda influye en el \u00e1nimo, la concentraci\u00f3n y el ritmo de las horas siguientes. La calma matinal no depende de la suerte,","twitter:image":"https:\/\/eldigitaldeasturias.com\/magazine365\/wp-content\/uploads\/2026\/08\/Claves-para-comenzar-el-dia-en-positivo.jpg"},"aioseo_meta_data":{"post_id":"112429","title":null,"description":"La forma en que comenzamos el d\u00eda influye en el \u00e1nimo, la concentraci\u00f3n y el ritmo de las horas siguientes. La calma matinal no depende de la suerte","keywords":null,"keyphrases":{"focus":{"keyphrase":"d\u00eda","score":0,"analysis":[]},"additional":[]},"primary_term":null,"canonical_url":null,"og_title":"#post_title #separator_sa #site_title","og_description":"La forma en que comenzamos el d\u00eda influye en el \u00e1nimo, la concentraci\u00f3n y el ritmo de las horas siguientes. La calma matinal no depende de la suerte,","og_object_type":"default","og_image_type":"default","og_image_url":null,"og_image_width":null,"og_image_height":null,"og_image_custom_url":null,"og_image_custom_fields":null,"og_video":"","og_custom_url":null,"og_article_section":null,"og_article_tags":null,"twitter_use_og":true,"twitter_card":"default","twitter_image_type":"default","twitter_image_url":null,"twitter_image_custom_url":null,"twitter_image_custom_fields":null,"twitter_title":null,"twitter_description":null,"schema":{"blockGraphs":[],"customGraphs":[],"default":{"data":{"Article":[],"Course":[],"Dataset":[],"FAQPage":[],"Movie":[],"Person":[],"Product":[],"ProductReview":[],"Car":[],"Recipe":[],"Service":[],"SoftwareApplication":[],"WebPage":[]},"graphName":"Article","isEnabled":true},"graphs":[]},"schema_type":"default","schema_type_options":null,"pillar_content":false,"robots_default":true,"robots_noindex":false,"robots_noarchive":false,"robots_nosnippet":false,"robots_nofollow":false,"robots_noimageindex":false,"robots_noodp":false,"robots_notranslate":false,"robots_max_snippet":"-1","robots_max_videopreview":"-1","robots_max_imagepreview":"large","priority":null,"frequency":"default","location":null,"local_seo":null,"seo_analyzer_scan_date":"2026-08-29 04:54:52","breadcrumb_settings":null,"limit_modified_date":false,"open_ai":null,"ai":{"faqs":[],"keyPoints":[],"schemas":[],"titles":[],"descriptions":[],"socialPosts":{"email":{"subject":"","preview":"","content":""},"linkedin":[],"twitter":[],"facebook":[],"instagram":[]}},"created":"2026-08-29 04:42:10","updated":"2026-08-29 05:35:52","focus_keyword":"d\u00eda","additional_keywords":null,"truseo_locale":null},"aioseo_breadcrumb":"<div class=\"aioseo-breadcrumbs\"><span class=\"aioseo-breadcrumb\">\n\t<a href=\"https:\/\/eldigitaldeasturias.com\/magazine365\" title=\"Home\">Home<\/a>\n<\/span><span class=\"aioseo-breadcrumb-separator\">\u2013<\/span><span class=\"aioseo-breadcrumb\">\n\t<a href=\"https:\/\/eldigitaldeasturias.com\/magazine365\/category\/estilo-de-vida\/\" title=\"Estilo de Vida\">Estilo de Vida<\/a>\n<\/span><span class=\"aioseo-breadcrumb-separator\">\u2013<\/span><span class=\"aioseo-breadcrumb\">\n\t<a href=\"https:\/\/eldigitaldeasturias.com\/magazine365\/claves-para-comenzar-el-dia-en-positivo\/\" title=\"Claves para comenzar el d\u00eda en positivo\">Claves para comenzar el d\u00eda en positivo<\/a>\n<\/span><\/div>","aioseo_breadcrumb_json":[{"label":"Home","link":"https:\/\/eldigitaldeasturias.com\/magazine365"},{"label":"Estilo de Vida","link":"https:\/\/eldigitaldeasturias.com\/magazine365\/category\/estilo-de-vida\/"},{"label":"Claves para comenzar el d\u00eda en positivo","link":"https:\/\/eldigitaldeasturias.com\/magazine365\/claves-para-comenzar-el-dia-en-positivo\/"}],"_links":{"self":[{"href":"https:\/\/eldigitaldeasturias.com\/magazine365\/wp-json\/wp\/v2\/posts\/112429","targetHints":{"allow":["GET"]}}],"collection":[{"href":"https:\/\/eldigitaldeasturias.com\/magazine365\/wp-json\/wp\/v2\/posts"}],"about":[{"href":"https:\/\/eldigitaldeasturias.com\/magazine365\/wp-json\/wp\/v2\/types\/post"}],"author":[{"embeddable":true,"href":"https:\/\/eldigitaldeasturias.com\/magazine365\/wp-json\/wp\/v2\/users\/1"}],"replies":[{"embeddable":true,"href":"https:\/\/eldigitaldeasturias.com\/magazine365\/wp-json\/wp\/v2\/comments?post=112429"}],"version-history":[{"count":0,"href":"https:\/\/eldigitaldeasturias.com\/magazine365\/wp-json\/wp\/v2\/posts\/112429\/revisions"}],"wp:featuredmedia":[{"embeddable":true,"href":"https:\/\/eldigitaldeasturias.com\/magazine365\/wp-json\/wp\/v2\/media\/112430"}],"wp:attachment":[{"href":"https:\/\/eldigitaldeasturias.com\/magazine365\/wp-json\/wp\/v2\/media?parent=112429"}],"wp:term":[{"taxonomy":"category","embeddable":true,"href":"https:\/\/eldigitaldeasturias.com\/magazine365\/wp-json\/wp\/v2\/categories?post=112429"},{"taxonomy":"post_tag","embeddable":true,"href":"https:\/\/eldigitaldeasturias.com\/magazine365\/wp-json\/wp\/v2\/tags?post=112429"}],"curies":[{"name":"wp","href":"https:\/\/api.w.org\/{rel}","templated":true}]}}