{"id":112384,"date":"2026-04-03T02:12:39","date_gmt":"2026-04-03T00:12:39","guid":{"rendered":"https:\/\/eldigitaldeasturias.com\/magazine365\/?p=112384"},"modified":"2026-04-03T02:12:39","modified_gmt":"2026-04-03T00:12:39","slug":"del-rapado-a-la-melena-masculina-un-gran-reto","status":"publish","type":"post","link":"https:\/\/eldigitaldeasturias.com\/magazine365\/del-rapado-a-la-melena-masculina-un-gran-reto\/","title":{"rendered":"Del rapado a la melena masculina: Un gran reto"},"content":{"rendered":"<p>Alguien, en alg\u00fan momento, toma la decisi\u00f3n. No m\u00e1s tijeras. Esta vez va en serio. El objetivo es claro: melena, <a href=\"https:\/\/eldigitaldeasturias.com\/magazine365\/category\/estilo-de-vida\/\"><span style=\"color: #ff6600;\"><strong>coleta<\/strong><\/span><\/a>, o simplemente m\u00e1s pelo del que nunca se ha tenido. Lo que nadie explica en ese momento es que entre la decisi\u00f3n y el resultado hay un camino que pone a prueba la paciencia de cualquiera. Y que la mayor\u00eda no llega al final.<\/p>\n<figure id=\"attachment_112385\" aria-describedby=\"caption-attachment-112385\" style=\"width: 650px\" class=\"wp-caption aligncenter\"><img fetchpriority=\"high\" decoding=\"async\" class=\"size-large wp-image-112385\" src=\"https:\/\/eldigitaldeasturias.com\/magazine365\/wp-content\/uploads\/2026\/04\/Del-rapado-a-la-melena-masculina-650x442.jpg\" alt=\"Del rapado a la melena masculina\" width=\"650\" height=\"442\" srcset=\"https:\/\/eldigitaldeasturias.com\/magazine365\/wp-content\/uploads\/2026\/04\/Del-rapado-a-la-melena-masculina-650x442.jpg 650w, https:\/\/eldigitaldeasturias.com\/magazine365\/wp-content\/uploads\/2026\/04\/Del-rapado-a-la-melena-masculina-360x245.jpg 360w, https:\/\/eldigitaldeasturias.com\/magazine365\/wp-content\/uploads\/2026\/04\/Del-rapado-a-la-melena-masculina-768x522.jpg 768w, https:\/\/eldigitaldeasturias.com\/magazine365\/wp-content\/uploads\/2026\/04\/Del-rapado-a-la-melena-masculina-150x102.jpg 150w, https:\/\/eldigitaldeasturias.com\/magazine365\/wp-content\/uploads\/2026\/04\/Del-rapado-a-la-melena-masculina-450x306.jpg 450w, https:\/\/eldigitaldeasturias.com\/magazine365\/wp-content\/uploads\/2026\/04\/Del-rapado-a-la-melena-masculina.jpg 1200w\" sizes=\"(max-width: 650px) 100vw, 650px\" \/><figcaption id=\"caption-attachment-112385\" class=\"wp-caption-text\">Foto: 123rf.com<\/figcaption><\/figure>\n<h2 class=\"text-text-100 mt-3 -mb-1 text-[1.125rem] font-bold\">El plan inicial y la primera traici\u00f3n del espejo<\/h2>\n<p class=\"font-claude-response-body break-words whitespace-normal leading-[1.7]\">Los primeros meses van bien. El pelo crece, se nota, y la idea sigue en pie. Pero llega un punto, sobre los tres o cuatro meses, donde todo se complica. El pelo ya no es corto pero tampoco es largo. No tiene forma, no tiene ca\u00edda, no hace nada de lo que deber\u00eda hacer. Es el momento del pelo amorfo, y es el momento en que m\u00e1s gente coge las tijeras y vuelve a empezar.<\/p>\n<p class=\"font-claude-response-body break-words whitespace-normal leading-[1.7]\">La gorra y el gorro se convierten en los mejores aliados de esta fase. <strong>No por moda, sino por necesidad. Y est\u00e1 bien. Es parte del proceso.<\/strong><\/p>\n<h1 class=\"text-text-100 mt-3 -mb-1 text-[1.125rem] font-bold\">El punto cr\u00edtico que decide todo<\/h1>\n<p class=\"font-claude-response-body break-words whitespace-normal leading-[1.7]\">Entre los seis y los diez meses el panorama mejora pero la tentaci\u00f3n de cortar sigue ah\u00ed. El pelo empieza a tener algo de longitud pero todav\u00eda no obedece. Algunos d\u00edas sale bien, otros es un desastre sin soluci\u00f3n aparente. Es exactamente aqu\u00ed donde se separan los que llegan de los que no llegan.<\/p>\n<p class=\"font-claude-response-body break-words whitespace-normal leading-[1.7]\">Lo que ayuda en esta fase no es resignarse sino actuar con criterio. Un corte de puntas, no para perder longitud sino para eliminar el pelo da\u00f1ado y dar forma, marca una diferencia visible. El pelo sano crece mejor y tiene mejor aspecto durante el proceso. A veces menos es m\u00e1s, tambi\u00e9n con el pelo.<\/p>\n<h2 class=\"text-text-100 mt-3 -mb-1 text-[1.125rem] font-bold\">Los cuidados que cambian el resultado<\/h2>\n<p class=\"font-claude-response-body break-words whitespace-normal leading-[1.7]\">Dejar <a href=\"https:\/\/candas365.es\/noticias\/category\/salud\/\" target=\"_blank\" rel=\"noopener\"><span style=\"color: #ff6600;\"><strong>crecer el pelo sin cuidarlo<\/strong><\/span><\/a> es el error m\u00e1s com\u00fan. Un buen champ\u00fa, una mascarilla ocasional y no abusar del secador no son caprichos, son la diferencia entre llegar al objetivo con un pelo en condiciones o con uno que parece otra cosa.<\/p>\n<p class=\"font-claude-response-body break-words whitespace-normal leading-[1.7]\">El cuero cabelludo tambi\u00e9n necesita atenci\u00f3n. Un cabello que crece desde una base sana crece mejor y m\u00e1s fuerte. No hace falta una rutina complicada, hace falta una rutina constante.<\/p>\n<h2 class=\"text-text-100 mt-3 -mb-1 text-[1.125rem] font-bold\">Cuando por fin llega lo que buscabas<\/h2>\n<p class=\"font-claude-response-body break-words whitespace-normal leading-[1.7]\">Doce, catorce, dieciocho meses despu\u00e9s, dependiendo del punto de partida y del objetivo, el pelo empieza a ser lo que se imagin\u00f3 aquel d\u00eda que se tom\u00f3 la decisi\u00f3n. La coleta ya es posible, la melena empieza a tener ca\u00edda y forma, y todo el camino inc\u00f3modo de golpe tiene sentido.<\/p>\n<p class=\"font-claude-response-body break-words whitespace-normal leading-[1.7]\">Mantener ese resultado pide los mismos cuidados que el proceso, pero con la diferencia de que ahora hay algo que proteger. Cortes de mantenimiento cada cierto tiempo, hidrataci\u00f3n regular y algo m\u00e1s de atenci\u00f3n al peinado diario son suficientes para que ese logro dure.<\/p>\n<h2 class=\"text-text-100 mt-3 -mb-1 text-[1.125rem] font-bold\">La decisi\u00f3n m\u00e1s dif\u00edcil no es dejarlo crecer<\/h2>\n<p class=\"font-claude-response-body break-words whitespace-normal leading-[1.7]\">Es aguantar cuando el espejo no acompa\u00f1a. Los que llegan al final no son los que tienen mejor pelo, son los que decidieron no cortar cuando todo les dec\u00eda que lo hicieran.<\/p>\n","protected":false},"excerpt":{"rendered":"<p>Alguien, en alg\u00fan momento, toma la decisi\u00f3n. No m\u00e1s tijeras. Esta vez va en serio. El objetivo es claro: melena, coleta, o simplemente m\u00e1s pelo del que nunca se ha tenido. Lo que nadie explica en ese momento es que entre la decisi\u00f3n y el resultado hay un camino que pone a prueba la paciencia<\/p>\n","protected":false},"author":1,"featured_media":112385,"comment_status":"closed","ping_status":"closed","sticky":false,"template":"","format":"standard","meta":{"footnotes":""},"categories":[182],"tags":[364],"class_list":{"0":"post-112384","1":"post","2":"type-post","3":"status-publish","4":"format-standard","5":"has-post-thumbnail","7":"category-estilo-de-vida","8":"tag-estilo-de-vida"},"aioseo_notices":[],"aioseo_head":"\n\t\t<!-- All in One SEO Pro 4.9.6.1 - aioseo.com -->\n\t<meta name=\"description\" content=\"Alguien, en alg\u00fan momento, toma la decisi\u00f3n. No m\u00e1s tijeras. Esta vez va en serio. El objetivo es claro: melena, coleta, o simplemente m\u00e1s pelo del que nunca\" \/>\n\t<meta name=\"robots\" content=\"max-image-preview:large\" \/>\n\t<meta name=\"author\" content=\"admin\"\/>\n\t<meta name=\"google-site-verification\" content=\"UA-38556648-1\" \/>\n\t<meta name=\"keywords\" content=\"estilo de vida\" \/>\n\t<link rel=\"canonical\" href=\"https:\/\/eldigitaldeasturias.com\/magazine365\/del-rapado-a-la-melena-masculina-un-gran-reto\/\" \/>\n\t<meta name=\"generator\" content=\"All in One SEO Pro (AIOSEO) 4.9.6.1\" \/>\n\t\t<meta property=\"og:locale\" content=\"es_ES\" \/>\n\t\t<meta property=\"og:site_name\" content=\"El Digital de Asturias \u2013 Revista de ocio, turismo y estilo de vida\" \/>\n\t\t<meta property=\"og:type\" content=\"article\" \/>\n\t\t<meta property=\"og:title\" content=\"Del rapado a la melena masculina: Un gran reto | El Digital de Asturias\" \/>\n\t\t<meta property=\"og:description\" content=\"Alguien, en alg\u00fan momento, toma la decisi\u00f3n. No m\u00e1s tijeras. Esta vez va en serio. El objetivo es claro: melena, coleta, o simplemente m\u00e1s pelo del que nunca\" \/>\n\t\t<meta property=\"og:url\" content=\"https:\/\/eldigitaldeasturias.com\/magazine365\/del-rapado-a-la-melena-masculina-un-gran-reto\/\" \/>\n\t\t<meta property=\"og:image\" content=\"https:\/\/eldigitaldeasturias.com\/magazine365\/wp-content\/uploads\/2026\/04\/Del-rapado-a-la-melena-masculina.jpg\" \/>\n\t\t<meta property=\"og:image:secure_url\" content=\"https:\/\/eldigitaldeasturias.com\/magazine365\/wp-content\/uploads\/2026\/04\/Del-rapado-a-la-melena-masculina.jpg\" \/>\n\t\t<meta property=\"og:image:width\" content=\"1200\" \/>\n\t\t<meta property=\"og:image:height\" content=\"816\" \/>\n\t\t<meta property=\"article:published_time\" content=\"2026-04-03T00:12:39+00:00\" \/>\n\t\t<meta property=\"article:modified_time\" content=\"2026-04-03T00:12:39+00:00\" \/>\n\t\t<meta name=\"twitter:card\" content=\"summary_large_image\" \/>\n\t\t<meta name=\"twitter:title\" content=\"Del rapado a la melena masculina: Un gran reto | El Digital de Asturias\" \/>\n\t\t<meta name=\"twitter:description\" content=\"Alguien, en alg\u00fan momento, toma la decisi\u00f3n. No m\u00e1s tijeras. Esta vez va en serio. El objetivo es claro: melena, coleta, o simplemente m\u00e1s pelo del que nunca\" \/>\n\t\t<meta name=\"twitter:image\" content=\"https:\/\/eldigitaldeasturias.com\/magazine365\/wp-content\/uploads\/2026\/04\/Del-rapado-a-la-melena-masculina.jpg\" \/>\n\t\t<script type=\"application\/ld+json\" class=\"aioseo-schema\">\n\t\t\t{\"@context\":\"https:\\\/\\\/schema.org\",\"@graph\":[{\"@type\":\"Article\",\"@id\":\"https:\\\/\\\/eldigitaldeasturias.com\\\/magazine365\\\/del-rapado-a-la-melena-masculina-un-gran-reto\\\/#article\",\"name\":\"Del rapado a la melena masculina: Un gran reto | El Digital de Asturias\",\"headline\":\"Del rapado a la melena masculina: Un gran reto\",\"author\":{\"@id\":\"https:\\\/\\\/eldigitaldeasturias.com\\\/magazine365\\\/author\\\/admin\\\/#author\"},\"publisher\":{\"@id\":\"https:\\\/\\\/eldigitaldeasturias.com\\\/magazine365\\\/#organization\"},\"image\":{\"@type\":\"ImageObject\",\"url\":\"https:\\\/\\\/eldigitaldeasturias.com\\\/magazine365\\\/wp-content\\\/uploads\\\/2026\\\/04\\\/Del-rapado-a-la-melena-masculina.jpg\",\"width\":1200,\"height\":816,\"caption\":\"Foto: 123rf.com\"},\"datePublished\":\"2026-04-03T02:12:39+02:00\",\"dateModified\":\"2026-04-03T02:12:39+02:00\",\"inLanguage\":\"es-ES\",\"mainEntityOfPage\":{\"@id\":\"https:\\\/\\\/eldigitaldeasturias.com\\\/magazine365\\\/del-rapado-a-la-melena-masculina-un-gran-reto\\\/#webpage\"},\"isPartOf\":{\"@id\":\"https:\\\/\\\/eldigitaldeasturias.com\\\/magazine365\\\/del-rapado-a-la-melena-masculina-un-gran-reto\\\/#webpage\"},\"articleSection\":\"Estilo de Vida, Estilo de vida\"},{\"@type\":\"BreadcrumbList\",\"@id\":\"https:\\\/\\\/eldigitaldeasturias.com\\\/magazine365\\\/del-rapado-a-la-melena-masculina-un-gran-reto\\\/#breadcrumblist\",\"itemListElement\":[{\"@type\":\"ListItem\",\"@id\":\"https:\\\/\\\/eldigitaldeasturias.com\\\/magazine365#listItem\",\"position\":1,\"name\":\"Home\",\"item\":\"https:\\\/\\\/eldigitaldeasturias.com\\\/magazine365\",\"nextItem\":{\"@type\":\"ListItem\",\"@id\":\"https:\\\/\\\/eldigitaldeasturias.com\\\/magazine365\\\/category\\\/estilo-de-vida\\\/#listItem\",\"name\":\"Estilo de Vida\"}},{\"@type\":\"ListItem\",\"@id\":\"https:\\\/\\\/eldigitaldeasturias.com\\\/magazine365\\\/category\\\/estilo-de-vida\\\/#listItem\",\"position\":2,\"name\":\"Estilo de Vida\",\"item\":\"https:\\\/\\\/eldigitaldeasturias.com\\\/magazine365\\\/category\\\/estilo-de-vida\\\/\",\"nextItem\":{\"@type\":\"ListItem\",\"@id\":\"https:\\\/\\\/eldigitaldeasturias.com\\\/magazine365\\\/del-rapado-a-la-melena-masculina-un-gran-reto\\\/#listItem\",\"name\":\"Del rapado a la melena masculina: Un gran reto\"},\"previousItem\":{\"@type\":\"ListItem\",\"@id\":\"https:\\\/\\\/eldigitaldeasturias.com\\\/magazine365#listItem\",\"name\":\"Home\"}},{\"@type\":\"ListItem\",\"@id\":\"https:\\\/\\\/eldigitaldeasturias.com\\\/magazine365\\\/del-rapado-a-la-melena-masculina-un-gran-reto\\\/#listItem\",\"position\":3,\"name\":\"Del rapado a la melena masculina: Un gran reto\",\"previousItem\":{\"@type\":\"ListItem\",\"@id\":\"https:\\\/\\\/eldigitaldeasturias.com\\\/magazine365\\\/category\\\/estilo-de-vida\\\/#listItem\",\"name\":\"Estilo de Vida\"}}]},{\"@type\":\"Organization\",\"@id\":\"https:\\\/\\\/eldigitaldeasturias.com\\\/magazine365\\\/#organization\",\"name\":\"El digital de Asturias\",\"description\":\"Revista de ocio, turismo y estilo de vida\",\"url\":\"https:\\\/\\\/eldigitaldeasturias.com\\\/magazine365\\\/\",\"logo\":{\"@type\":\"ImageObject\",\"url\":\"https:\\\/\\\/www.eldigitaldeasturias.com\\\/noticias\\\/wp-content\\\/uploads\\\/2020\\\/12\\\/EDA.jpg\",\"@id\":\"https:\\\/\\\/eldigitaldeasturias.com\\\/magazine365\\\/del-rapado-a-la-melena-masculina-un-gran-reto\\\/#organizationLogo\"},\"image\":{\"@id\":\"https:\\\/\\\/eldigitaldeasturias.com\\\/magazine365\\\/del-rapado-a-la-melena-masculina-un-gran-reto\\\/#organizationLogo\"}},{\"@type\":\"Person\",\"@id\":\"https:\\\/\\\/eldigitaldeasturias.com\\\/magazine365\\\/author\\\/admin\\\/#author\",\"url\":\"https:\\\/\\\/eldigitaldeasturias.com\\\/magazine365\\\/author\\\/admin\\\/\",\"name\":\"admin\",\"image\":{\"@type\":\"ImageObject\",\"@id\":\"https:\\\/\\\/eldigitaldeasturias.com\\\/magazine365\\\/del-rapado-a-la-melena-masculina-un-gran-reto\\\/#authorImage\",\"url\":\"https:\\\/\\\/eldigitaldeasturias.com\\\/magazine365\\\/wp-content\\\/litespeed\\\/avatar\\\/e571bcf59a0edd6fa6838245a470f2fe.jpg?ver=1776969259\",\"width\":96,\"height\":96,\"caption\":\"admin\"}},{\"@type\":\"WebPage\",\"@id\":\"https:\\\/\\\/eldigitaldeasturias.com\\\/magazine365\\\/del-rapado-a-la-melena-masculina-un-gran-reto\\\/#webpage\",\"url\":\"https:\\\/\\\/eldigitaldeasturias.com\\\/magazine365\\\/del-rapado-a-la-melena-masculina-un-gran-reto\\\/\",\"name\":\"Del rapado a la melena masculina: Un gran reto | El Digital de Asturias\",\"description\":\"Alguien, en alg\\u00fan momento, toma la decisi\\u00f3n. No m\\u00e1s tijeras. Esta vez va en serio. El objetivo es claro: melena, coleta, o simplemente m\\u00e1s pelo del que nunca\",\"inLanguage\":\"es-ES\",\"isPartOf\":{\"@id\":\"https:\\\/\\\/eldigitaldeasturias.com\\\/magazine365\\\/#website\"},\"breadcrumb\":{\"@id\":\"https:\\\/\\\/eldigitaldeasturias.com\\\/magazine365\\\/del-rapado-a-la-melena-masculina-un-gran-reto\\\/#breadcrumblist\"},\"author\":{\"@id\":\"https:\\\/\\\/eldigitaldeasturias.com\\\/magazine365\\\/author\\\/admin\\\/#author\"},\"creator\":{\"@id\":\"https:\\\/\\\/eldigitaldeasturias.com\\\/magazine365\\\/author\\\/admin\\\/#author\"},\"image\":{\"@type\":\"ImageObject\",\"url\":\"https:\\\/\\\/eldigitaldeasturias.com\\\/magazine365\\\/wp-content\\\/uploads\\\/2026\\\/04\\\/Del-rapado-a-la-melena-masculina.jpg\",\"@id\":\"https:\\\/\\\/eldigitaldeasturias.com\\\/magazine365\\\/del-rapado-a-la-melena-masculina-un-gran-reto\\\/#mainImage\",\"width\":1200,\"height\":816,\"caption\":\"Foto: 123rf.com\"},\"primaryImageOfPage\":{\"@id\":\"https:\\\/\\\/eldigitaldeasturias.com\\\/magazine365\\\/del-rapado-a-la-melena-masculina-un-gran-reto\\\/#mainImage\"},\"datePublished\":\"2026-04-03T02:12:39+02:00\",\"dateModified\":\"2026-04-03T02:12:39+02:00\"},{\"@type\":\"WebSite\",\"@id\":\"https:\\\/\\\/eldigitaldeasturias.com\\\/magazine365\\\/#website\",\"url\":\"https:\\\/\\\/eldigitaldeasturias.com\\\/magazine365\\\/\",\"name\":\"El Digital de Asturias\",\"description\":\"Revista de ocio, turismo y estilo de vida\",\"inLanguage\":\"es-ES\",\"publisher\":{\"@id\":\"https:\\\/\\\/eldigitaldeasturias.com\\\/magazine365\\\/#organization\"}}]}\n\t\t<\/script>\n\t\t<!-- All in One SEO Pro -->\r\n\t\t<title>Del rapado a la melena masculina: Un gran reto | El Digital de Asturias<\/title>\n\n","aioseo_head_json":{"title":"Del rapado a la melena masculina: Un gran reto | El Digital de Asturias","description":"Alguien, en alg\u00fan momento, toma la decisi\u00f3n. No m\u00e1s tijeras. Esta vez va en serio. El objetivo es claro: melena, coleta, o simplemente m\u00e1s pelo del que nunca","canonical_url":"https:\/\/eldigitaldeasturias.com\/magazine365\/del-rapado-a-la-melena-masculina-un-gran-reto\/","robots":"max-image-preview:large","keywords":"estilo de vida","webmasterTools":{"google-site-verification":"UA-38556648-1","miscellaneous":""},"schema":{"@context":"https:\/\/schema.org","@graph":[{"@type":"Article","@id":"https:\/\/eldigitaldeasturias.com\/magazine365\/del-rapado-a-la-melena-masculina-un-gran-reto\/#article","name":"Del rapado a la melena masculina: Un gran reto | El Digital de Asturias","headline":"Del rapado a la melena masculina: Un gran reto","author":{"@id":"https:\/\/eldigitaldeasturias.com\/magazine365\/author\/admin\/#author"},"publisher":{"@id":"https:\/\/eldigitaldeasturias.com\/magazine365\/#organization"},"image":{"@type":"ImageObject","url":"https:\/\/eldigitaldeasturias.com\/magazine365\/wp-content\/uploads\/2026\/04\/Del-rapado-a-la-melena-masculina.jpg","width":1200,"height":816,"caption":"Foto: 123rf.com"},"datePublished":"2026-04-03T02:12:39+02:00","dateModified":"2026-04-03T02:12:39+02:00","inLanguage":"es-ES","mainEntityOfPage":{"@id":"https:\/\/eldigitaldeasturias.com\/magazine365\/del-rapado-a-la-melena-masculina-un-gran-reto\/#webpage"},"isPartOf":{"@id":"https:\/\/eldigitaldeasturias.com\/magazine365\/del-rapado-a-la-melena-masculina-un-gran-reto\/#webpage"},"articleSection":"Estilo de Vida, Estilo de vida"},{"@type":"BreadcrumbList","@id":"https:\/\/eldigitaldeasturias.com\/magazine365\/del-rapado-a-la-melena-masculina-un-gran-reto\/#breadcrumblist","itemListElement":[{"@type":"ListItem","@id":"https:\/\/eldigitaldeasturias.com\/magazine365#listItem","position":1,"name":"Home","item":"https:\/\/eldigitaldeasturias.com\/magazine365","nextItem":{"@type":"ListItem","@id":"https:\/\/eldigitaldeasturias.com\/magazine365\/category\/estilo-de-vida\/#listItem","name":"Estilo de Vida"}},{"@type":"ListItem","@id":"https:\/\/eldigitaldeasturias.com\/magazine365\/category\/estilo-de-vida\/#listItem","position":2,"name":"Estilo de Vida","item":"https:\/\/eldigitaldeasturias.com\/magazine365\/category\/estilo-de-vida\/","nextItem":{"@type":"ListItem","@id":"https:\/\/eldigitaldeasturias.com\/magazine365\/del-rapado-a-la-melena-masculina-un-gran-reto\/#listItem","name":"Del rapado a la melena masculina: Un gran reto"},"previousItem":{"@type":"ListItem","@id":"https:\/\/eldigitaldeasturias.com\/magazine365#listItem","name":"Home"}},{"@type":"ListItem","@id":"https:\/\/eldigitaldeasturias.com\/magazine365\/del-rapado-a-la-melena-masculina-un-gran-reto\/#listItem","position":3,"name":"Del rapado a la melena masculina: Un gran reto","previousItem":{"@type":"ListItem","@id":"https:\/\/eldigitaldeasturias.com\/magazine365\/category\/estilo-de-vida\/#listItem","name":"Estilo de Vida"}}]},{"@type":"Organization","@id":"https:\/\/eldigitaldeasturias.com\/magazine365\/#organization","name":"El digital de Asturias","description":"Revista de ocio, turismo y estilo de vida","url":"https:\/\/eldigitaldeasturias.com\/magazine365\/","logo":{"@type":"ImageObject","url":"https:\/\/www.eldigitaldeasturias.com\/noticias\/wp-content\/uploads\/2020\/12\/EDA.jpg","@id":"https:\/\/eldigitaldeasturias.com\/magazine365\/del-rapado-a-la-melena-masculina-un-gran-reto\/#organizationLogo"},"image":{"@id":"https:\/\/eldigitaldeasturias.com\/magazine365\/del-rapado-a-la-melena-masculina-un-gran-reto\/#organizationLogo"}},{"@type":"Person","@id":"https:\/\/eldigitaldeasturias.com\/magazine365\/author\/admin\/#author","url":"https:\/\/eldigitaldeasturias.com\/magazine365\/author\/admin\/","name":"admin","image":{"@type":"ImageObject","@id":"https:\/\/eldigitaldeasturias.com\/magazine365\/del-rapado-a-la-melena-masculina-un-gran-reto\/#authorImage","url":"https:\/\/eldigitaldeasturias.com\/magazine365\/wp-content\/litespeed\/avatar\/e571bcf59a0edd6fa6838245a470f2fe.jpg?ver=1776969259","width":96,"height":96,"caption":"admin"}},{"@type":"WebPage","@id":"https:\/\/eldigitaldeasturias.com\/magazine365\/del-rapado-a-la-melena-masculina-un-gran-reto\/#webpage","url":"https:\/\/eldigitaldeasturias.com\/magazine365\/del-rapado-a-la-melena-masculina-un-gran-reto\/","name":"Del rapado a la melena masculina: Un gran reto | El Digital de Asturias","description":"Alguien, en alg\u00fan momento, toma la decisi\u00f3n. No m\u00e1s tijeras. Esta vez va en serio. El objetivo es claro: melena, coleta, o simplemente m\u00e1s pelo del que nunca","inLanguage":"es-ES","isPartOf":{"@id":"https:\/\/eldigitaldeasturias.com\/magazine365\/#website"},"breadcrumb":{"@id":"https:\/\/eldigitaldeasturias.com\/magazine365\/del-rapado-a-la-melena-masculina-un-gran-reto\/#breadcrumblist"},"author":{"@id":"https:\/\/eldigitaldeasturias.com\/magazine365\/author\/admin\/#author"},"creator":{"@id":"https:\/\/eldigitaldeasturias.com\/magazine365\/author\/admin\/#author"},"image":{"@type":"ImageObject","url":"https:\/\/eldigitaldeasturias.com\/magazine365\/wp-content\/uploads\/2026\/04\/Del-rapado-a-la-melena-masculina.jpg","@id":"https:\/\/eldigitaldeasturias.com\/magazine365\/del-rapado-a-la-melena-masculina-un-gran-reto\/#mainImage","width":1200,"height":816,"caption":"Foto: 123rf.com"},"primaryImageOfPage":{"@id":"https:\/\/eldigitaldeasturias.com\/magazine365\/del-rapado-a-la-melena-masculina-un-gran-reto\/#mainImage"},"datePublished":"2026-04-03T02:12:39+02:00","dateModified":"2026-04-03T02:12:39+02:00"},{"@type":"WebSite","@id":"https:\/\/eldigitaldeasturias.com\/magazine365\/#website","url":"https:\/\/eldigitaldeasturias.com\/magazine365\/","name":"El Digital de Asturias","description":"Revista de ocio, turismo y estilo de vida","inLanguage":"es-ES","publisher":{"@id":"https:\/\/eldigitaldeasturias.com\/magazine365\/#organization"}}]},"og:locale":"es_ES","og:site_name":"El Digital de Asturias \u2013 Revista de ocio, turismo y estilo de vida","og:type":"article","og:title":"Del rapado a la melena masculina: Un gran reto | El Digital de Asturias","og:description":"Alguien, en alg\u00fan momento, toma la decisi\u00f3n. No m\u00e1s tijeras. Esta vez va en serio. El objetivo es claro: melena, coleta, o simplemente m\u00e1s pelo del que nunca","og:url":"https:\/\/eldigitaldeasturias.com\/magazine365\/del-rapado-a-la-melena-masculina-un-gran-reto\/","og:image":"https:\/\/eldigitaldeasturias.com\/magazine365\/wp-content\/uploads\/2026\/04\/Del-rapado-a-la-melena-masculina.jpg","og:image:secure_url":"https:\/\/eldigitaldeasturias.com\/magazine365\/wp-content\/uploads\/2026\/04\/Del-rapado-a-la-melena-masculina.jpg","og:image:width":1200,"og:image:height":816,"article:published_time":"2026-04-03T00:12:39+00:00","article:modified_time":"2026-04-03T00:12:39+00:00","twitter:card":"summary_large_image","twitter:title":"Del rapado a la melena masculina: Un gran reto | El Digital de Asturias","twitter:description":"Alguien, en alg\u00fan momento, toma la decisi\u00f3n. No m\u00e1s tijeras. Esta vez va en serio. El objetivo es claro: melena, coleta, o simplemente m\u00e1s pelo del que nunca","twitter:image":"https:\/\/eldigitaldeasturias.com\/magazine365\/wp-content\/uploads\/2026\/04\/Del-rapado-a-la-melena-masculina.jpg"},"aioseo_meta_data":{"post_id":"112384","title":null,"description":"Alguien, en alg\u00fan momento, toma la decisi\u00f3n. No m\u00e1s tijeras. Esta vez va en serio. El objetivo es claro: melena, coleta, o simplemente m\u00e1s pelo del que nunca","keywords":null,"keyphrases":{"focus":{"keyphrase":"melena","score":78,"analysis":{"keyphraseInTitle":{"score":9,"maxScore":9,"error":0},"keyphraseInDescription":{"score":9,"maxScore":9,"error":0},"keyphraseLength":{"score":9,"maxScore":9,"error":0,"length":1},"keyphraseInURL":{"score":5,"maxScore":5,"error":0},"keyphraseInIntroduction":{"score":9,"maxScore":9,"error":0},"keyphraseInSubHeadings":{"score":3,"maxScore":9,"error":1},"keyphraseInImageAlt":{"score":9,"maxScore":9,"error":0},"keywordDensity":{"score":0,"type":"low","maxScore":9,"error":1}}},"additional":[{"keyphrase":"melena","score":80,"analysis":{"keyphraseInDescription":{"score":9,"maxScore":9,"error":0},"keyphraseLength":{"score":9,"maxScore":9,"error":0,"length":1},"keyphraseInIntroduction":{"score":9,"maxScore":9,"error":0},"keyphraseInImageAlt":{"score":9,"maxScore":9,"error":0},"keywordDensity":{"score":0,"type":"low","maxScore":9,"error":1}}}]},"primary_term":null,"canonical_url":null,"og_title":null,"og_description":null,"og_object_type":"default","og_image_type":"default","og_image_url":null,"og_image_width":null,"og_image_height":null,"og_image_custom_url":null,"og_image_custom_fields":null,"og_video":"","og_custom_url":null,"og_article_section":null,"og_article_tags":null,"twitter_use_og":false,"twitter_card":"default","twitter_image_type":"default","twitter_image_url":null,"twitter_image_custom_url":null,"twitter_image_custom_fields":null,"twitter_title":null,"twitter_description":null,"schema":{"blockGraphs":[],"customGraphs":[],"default":{"data":{"Article":[],"Course":[],"Dataset":[],"FAQPage":[],"Movie":[],"Person":[],"Product":[],"ProductReview":[],"Car":[],"Recipe":[],"Service":[],"SoftwareApplication":[],"WebPage":[]},"graphName":"Article","isEnabled":true},"graphs":[]},"schema_type":"default","schema_type_options":null,"pillar_content":false,"robots_default":true,"robots_noindex":false,"robots_noarchive":false,"robots_nosnippet":false,"robots_nofollow":false,"robots_noimageindex":false,"robots_noodp":false,"robots_notranslate":false,"robots_max_snippet":"-1","robots_max_videopreview":"-1","robots_max_imagepreview":"large","priority":null,"frequency":"default","location":null,"local_seo":null,"seo_analyzer_scan_date":"2026-04-03 00:12:51","breadcrumb_settings":null,"limit_modified_date":false,"open_ai":null,"ai":{"faqs":[],"keyPoints":[],"titles":[],"descriptions":[],"socialPosts":{"email":[],"linkedin":[],"twitter":[],"facebook":[],"instagram":[]}},"created":"2026-04-03 00:05:35","updated":"2026-04-03 00:12:52"},"aioseo_breadcrumb":"<div class=\"aioseo-breadcrumbs\"><span class=\"aioseo-breadcrumb\">\n\t<a href=\"https:\/\/eldigitaldeasturias.com\/magazine365\" title=\"Home\">Home<\/a>\n<\/span><span class=\"aioseo-breadcrumb-separator\">\u2013<\/span><span class=\"aioseo-breadcrumb\">\n\t<a href=\"https:\/\/eldigitaldeasturias.com\/magazine365\/category\/estilo-de-vida\/\" title=\"Estilo de Vida\">Estilo de Vida<\/a>\n<\/span><span class=\"aioseo-breadcrumb-separator\">\u2013<\/span><span class=\"aioseo-breadcrumb\">\n\t<a href=\"https:\/\/eldigitaldeasturias.com\/magazine365\/del-rapado-a-la-melena-masculina-un-gran-reto\/\" title=\"Del rapado a la melena masculina: Un gran reto\">Del rapado a la melena masculina: Un gran reto<\/a>\n<\/span><\/div>","aioseo_breadcrumb_json":[{"label":"Home","link":"https:\/\/eldigitaldeasturias.com\/magazine365"},{"label":"Estilo de Vida","link":"https:\/\/eldigitaldeasturias.com\/magazine365\/category\/estilo-de-vida\/"},{"label":"Del rapado a la melena masculina: Un gran reto","link":"https:\/\/eldigitaldeasturias.com\/magazine365\/del-rapado-a-la-melena-masculina-un-gran-reto\/"}],"_links":{"self":[{"href":"https:\/\/eldigitaldeasturias.com\/magazine365\/wp-json\/wp\/v2\/posts\/112384","targetHints":{"allow":["GET"]}}],"collection":[{"href":"https:\/\/eldigitaldeasturias.com\/magazine365\/wp-json\/wp\/v2\/posts"}],"about":[{"href":"https:\/\/eldigitaldeasturias.com\/magazine365\/wp-json\/wp\/v2\/types\/post"}],"author":[{"embeddable":true,"href":"https:\/\/eldigitaldeasturias.com\/magazine365\/wp-json\/wp\/v2\/users\/1"}],"replies":[{"embeddable":true,"href":"https:\/\/eldigitaldeasturias.com\/magazine365\/wp-json\/wp\/v2\/comments?post=112384"}],"version-history":[{"count":1,"href":"https:\/\/eldigitaldeasturias.com\/magazine365\/wp-json\/wp\/v2\/posts\/112384\/revisions"}],"predecessor-version":[{"id":112386,"href":"https:\/\/eldigitaldeasturias.com\/magazine365\/wp-json\/wp\/v2\/posts\/112384\/revisions\/112386"}],"wp:featuredmedia":[{"embeddable":true,"href":"https:\/\/eldigitaldeasturias.com\/magazine365\/wp-json\/wp\/v2\/media\/112385"}],"wp:attachment":[{"href":"https:\/\/eldigitaldeasturias.com\/magazine365\/wp-json\/wp\/v2\/media?parent=112384"}],"wp:term":[{"taxonomy":"category","embeddable":true,"href":"https:\/\/eldigitaldeasturias.com\/magazine365\/wp-json\/wp\/v2\/categories?post=112384"},{"taxonomy":"post_tag","embeddable":true,"href":"https:\/\/eldigitaldeasturias.com\/magazine365\/wp-json\/wp\/v2\/tags?post=112384"}],"curies":[{"name":"wp","href":"https:\/\/api.w.org\/{rel}","templated":true}]}}