{"id":112381,"date":"2026-04-03T01:57:36","date_gmt":"2026-04-02T23:57:36","guid":{"rendered":"https:\/\/eldigitaldeasturias.com\/magazine365\/?p=112381"},"modified":"2026-04-03T01:57:36","modified_gmt":"2026-04-02T23:57:36","slug":"cafe-para-llevar-el-ritual-antes-de-que-todo-empiece","status":"publish","type":"post","link":"https:\/\/eldigitaldeasturias.com\/magazine365\/cafe-para-llevar-el-ritual-antes-de-que-todo-empiece\/","title":{"rendered":"Caf\u00e9 para llevar: el ritual antes de que todo empiece"},"content":{"rendered":"<p>Algunas personas no necesitan un despertador. <a href=\"https:\/\/eldigitaldeasturias.com\/magazine365\/category\/sabores\/\"><span style=\"color: #ff6600;\"><strong>Necesitan un caf\u00e9<\/strong><\/span><\/a>. No en la barra, no con conversaci\u00f3n, no con la tele de fondo poniendo el parte o el \u00faltimo titular. Un caf\u00e9 para llevar, un vaso que quema un poco cuando lo coges, y la calle. Ese momento existe en casi todas las ciudades, en casi todos los barrios, y para mucha gente es el \u00fanico lujo real del d\u00eda. Silencioso, port\u00e1til y completamente suyo. Antes de que el m\u00f3vil empiece a pedir cosas, antes de que el trabajo arranque, antes de que alguien necesite algo. Primero el caf\u00e9.<\/p>\n<figure id=\"attachment_112382\" aria-describedby=\"caption-attachment-112382\" style=\"width: 650px\" class=\"wp-caption aligncenter\"><img fetchpriority=\"high\" decoding=\"async\" class=\"size-large wp-image-112382\" src=\"https:\/\/eldigitaldeasturias.com\/magazine365\/wp-content\/uploads\/2026\/04\/Cafe-para-llevar-650x420.jpg\" alt=\"Caf\u00e9 para llevar: el ritual antes de que todo empiece\" width=\"650\" height=\"420\" srcset=\"https:\/\/eldigitaldeasturias.com\/magazine365\/wp-content\/uploads\/2026\/04\/Cafe-para-llevar-650x420.jpg 650w, https:\/\/eldigitaldeasturias.com\/magazine365\/wp-content\/uploads\/2026\/04\/Cafe-para-llevar-360x233.jpg 360w, https:\/\/eldigitaldeasturias.com\/magazine365\/wp-content\/uploads\/2026\/04\/Cafe-para-llevar-768x496.jpg 768w, https:\/\/eldigitaldeasturias.com\/magazine365\/wp-content\/uploads\/2026\/04\/Cafe-para-llevar-150x97.jpg 150w, https:\/\/eldigitaldeasturias.com\/magazine365\/wp-content\/uploads\/2026\/04\/Cafe-para-llevar-450x291.jpg 450w, https:\/\/eldigitaldeasturias.com\/magazine365\/wp-content\/uploads\/2026\/04\/Cafe-para-llevar-1200x775.jpg 1200w, https:\/\/eldigitaldeasturias.com\/magazine365\/wp-content\/uploads\/2026\/04\/Cafe-para-llevar.jpg 1265w\" sizes=\"(max-width: 650px) 100vw, 650px\" \/><figcaption id=\"caption-attachment-112382\" class=\"wp-caption-text\">Foto: 123rf.com<\/figcaption><\/figure>\n<h2>El vaso, el calor y la calle<\/h2>\n<p>No hace falta un destino concreto. Un banco, un <span style=\"color: #ff6600;\"><a style=\"color: #ff6600;\" href=\"https:\/\/candas365.es\/noticias\/category\/turismo\/\" target=\"_blank\" rel=\"noopener\"><strong>muelle<\/strong><\/a><\/span>, una acera con algo de sol o una calle tranquila sirven igual. Lo que importa es el movimiento, caminar sin prisa con el vaso en la mano, o sentarse en alg\u00fan sitio sin que nadie espere nada de ti durante los pr\u00f3ximos diez minutos. El caf\u00e9 para llevar tiene esa virtud: convierte cualquier rinc\u00f3n en un lugar propio.<\/p>\n<p>El vaso quema un poco al principio, se sujeta con cuidado, y eso tambi\u00e9n forma parte del ritual. Como pedir la leche del tiempo y que salga perfecta.<\/p>\n<h2>El bar como punto de partida, no de destino<\/h2>\n<p>La diferencia entre ir al bar a tomarse el caf\u00e9 y pasar por el bar a buscarlo no es menor. El primero te sienta, te rodea de gente, de ruido, de opiniones sobre el tiempo o la jornada de ayer. El segundo te da lo que necesitas y te devuelve a tu espacio. Ninguno es mejor que el otro, pero algunas ma\u00f1anas solo admiten uno de los dos.<\/p>\n<p>Pedir el caf\u00e9, esperar ese minuto, coger el vaso y salir. La ciudad entera por delante y nadie todav\u00eda reclamando nada.<\/p>\n<h1>Diez minutos que cambian el tono del d\u00eda<\/h1>\n<p>No es exagerado. Un momento de pausa consciente antes de que la jornada arranque cambia la forma en que se afronta todo lo que viene despu\u00e9s. Sin aplicaciones, sin t\u00e9cnicas, sin rutinas elaboradas. Un caf\u00e9, aire y silencio elegido.<\/p>\n<p>Es el lujo m\u00e1s barato y m\u00e1s honesto que existe. Y est\u00e1 disponible cada ma\u00f1ana a dos minutos de casa.<br \/>\nLa papelera, el final del ritual<\/p>\n<p>El vaso vac\u00edo y la papelera m\u00e1s cercana. Ah\u00ed termina el momento y empieza el d\u00eda. Sin drama, sin nostalgia. El ritual cumpli\u00f3 su funci\u00f3n y ahora toca lo dem\u00e1s.<\/p>\n","protected":false},"excerpt":{"rendered":"<p>Algunas personas no necesitan un despertador. Necesitan un caf\u00e9. No en la barra, no con conversaci\u00f3n, no con la tele de fondo poniendo el parte o el \u00faltimo titular. Un caf\u00e9 para llevar, un vaso que quema un poco cuando lo coges, y la calle. Ese momento existe en casi todas las ciudades, en casi<\/p>\n","protected":false},"author":1,"featured_media":112382,"comment_status":"closed","ping_status":"closed","sticky":false,"template":"","format":"standard","meta":{"footnotes":""},"categories":[182],"tags":[364],"class_list":{"0":"post-112381","1":"post","2":"type-post","3":"status-publish","4":"format-standard","5":"has-post-thumbnail","7":"category-estilo-de-vida","8":"tag-estilo-de-vida"},"aioseo_notices":[],"aioseo_head":"\n\t\t<!-- All in One SEO Pro 4.9.6.1 - aioseo.com -->\n\t<meta name=\"description\" content=\"Algunas personas no necesitan un despertador. Necesitan un caf\u00e9. No en la barra, no con conversaci\u00f3n, no con la tele de fondo poniendo el parte\" \/>\n\t<meta name=\"robots\" content=\"max-image-preview:large\" \/>\n\t<meta name=\"author\" content=\"admin\"\/>\n\t<meta name=\"google-site-verification\" content=\"UA-38556648-1\" \/>\n\t<meta name=\"keywords\" content=\"estilo de vida\" \/>\n\t<link rel=\"canonical\" href=\"https:\/\/eldigitaldeasturias.com\/magazine365\/cafe-para-llevar-el-ritual-antes-de-que-todo-empiece\/\" \/>\n\t<meta name=\"generator\" content=\"All in One SEO Pro (AIOSEO) 4.9.6.1\" \/>\n\t\t<meta property=\"og:locale\" content=\"es_ES\" \/>\n\t\t<meta property=\"og:site_name\" content=\"El Digital de Asturias \u2013 Revista de ocio, turismo y estilo de vida\" \/>\n\t\t<meta property=\"og:type\" content=\"article\" \/>\n\t\t<meta property=\"og:title\" content=\"Caf\u00e9 para llevar: el ritual antes de que todo empiece | El Digital de Asturias\" \/>\n\t\t<meta property=\"og:description\" content=\"Algunas personas no necesitan un despertador. Necesitan un caf\u00e9. No en la barra, no con conversaci\u00f3n, no con la tele de fondo poniendo el parte\" \/>\n\t\t<meta property=\"og:url\" content=\"https:\/\/eldigitaldeasturias.com\/magazine365\/cafe-para-llevar-el-ritual-antes-de-que-todo-empiece\/\" \/>\n\t\t<meta property=\"og:image\" content=\"https:\/\/eldigitaldeasturias.com\/magazine365\/wp-content\/uploads\/2026\/04\/Cafe-para-llevar.jpg\" \/>\n\t\t<meta property=\"og:image:secure_url\" content=\"https:\/\/eldigitaldeasturias.com\/magazine365\/wp-content\/uploads\/2026\/04\/Cafe-para-llevar.jpg\" \/>\n\t\t<meta property=\"og:image:width\" content=\"1265\" \/>\n\t\t<meta property=\"og:image:height\" content=\"817\" \/>\n\t\t<meta property=\"article:published_time\" content=\"2026-04-02T23:57:36+00:00\" \/>\n\t\t<meta property=\"article:modified_time\" content=\"2026-04-02T23:57:36+00:00\" \/>\n\t\t<meta name=\"twitter:card\" content=\"summary_large_image\" \/>\n\t\t<meta name=\"twitter:title\" content=\"Caf\u00e9 para llevar: el ritual antes de que todo empiece | El Digital de Asturias\" \/>\n\t\t<meta name=\"twitter:description\" content=\"Algunas personas no necesitan un despertador. Necesitan un caf\u00e9. No en la barra, no con conversaci\u00f3n, no con la tele de fondo poniendo el parte\" \/>\n\t\t<meta name=\"twitter:image\" content=\"https:\/\/eldigitaldeasturias.com\/magazine365\/wp-content\/uploads\/2026\/04\/Cafe-para-llevar.jpg\" \/>\n\t\t<script type=\"application\/ld+json\" class=\"aioseo-schema\">\n\t\t\t{\"@context\":\"https:\\\/\\\/schema.org\",\"@graph\":[{\"@type\":\"Article\",\"@id\":\"https:\\\/\\\/eldigitaldeasturias.com\\\/magazine365\\\/cafe-para-llevar-el-ritual-antes-de-que-todo-empiece\\\/#article\",\"name\":\"Caf\\u00e9 para llevar: el ritual antes de que todo empiece | El Digital de Asturias\",\"headline\":\"Caf\\u00e9 para llevar: el ritual antes de que todo empiece\",\"author\":{\"@id\":\"https:\\\/\\\/eldigitaldeasturias.com\\\/magazine365\\\/author\\\/admin\\\/#author\"},\"publisher\":{\"@id\":\"https:\\\/\\\/eldigitaldeasturias.com\\\/magazine365\\\/#organization\"},\"image\":{\"@type\":\"ImageObject\",\"url\":\"https:\\\/\\\/eldigitaldeasturias.com\\\/magazine365\\\/wp-content\\\/uploads\\\/2026\\\/04\\\/Cafe-para-llevar.jpg\",\"width\":1265,\"height\":817,\"caption\":\"Foto: 123rf.com\"},\"datePublished\":\"2026-04-03T01:57:36+02:00\",\"dateModified\":\"2026-04-03T01:57:36+02:00\",\"inLanguage\":\"es-ES\",\"mainEntityOfPage\":{\"@id\":\"https:\\\/\\\/eldigitaldeasturias.com\\\/magazine365\\\/cafe-para-llevar-el-ritual-antes-de-que-todo-empiece\\\/#webpage\"},\"isPartOf\":{\"@id\":\"https:\\\/\\\/eldigitaldeasturias.com\\\/magazine365\\\/cafe-para-llevar-el-ritual-antes-de-que-todo-empiece\\\/#webpage\"},\"articleSection\":\"Estilo de Vida, Estilo de vida\"},{\"@type\":\"BreadcrumbList\",\"@id\":\"https:\\\/\\\/eldigitaldeasturias.com\\\/magazine365\\\/cafe-para-llevar-el-ritual-antes-de-que-todo-empiece\\\/#breadcrumblist\",\"itemListElement\":[{\"@type\":\"ListItem\",\"@id\":\"https:\\\/\\\/eldigitaldeasturias.com\\\/magazine365#listItem\",\"position\":1,\"name\":\"Home\",\"item\":\"https:\\\/\\\/eldigitaldeasturias.com\\\/magazine365\",\"nextItem\":{\"@type\":\"ListItem\",\"@id\":\"https:\\\/\\\/eldigitaldeasturias.com\\\/magazine365\\\/category\\\/estilo-de-vida\\\/#listItem\",\"name\":\"Estilo de Vida\"}},{\"@type\":\"ListItem\",\"@id\":\"https:\\\/\\\/eldigitaldeasturias.com\\\/magazine365\\\/category\\\/estilo-de-vida\\\/#listItem\",\"position\":2,\"name\":\"Estilo de Vida\",\"item\":\"https:\\\/\\\/eldigitaldeasturias.com\\\/magazine365\\\/category\\\/estilo-de-vida\\\/\",\"nextItem\":{\"@type\":\"ListItem\",\"@id\":\"https:\\\/\\\/eldigitaldeasturias.com\\\/magazine365\\\/cafe-para-llevar-el-ritual-antes-de-que-todo-empiece\\\/#listItem\",\"name\":\"Caf\\u00e9 para llevar: el ritual antes de que todo empiece\"},\"previousItem\":{\"@type\":\"ListItem\",\"@id\":\"https:\\\/\\\/eldigitaldeasturias.com\\\/magazine365#listItem\",\"name\":\"Home\"}},{\"@type\":\"ListItem\",\"@id\":\"https:\\\/\\\/eldigitaldeasturias.com\\\/magazine365\\\/cafe-para-llevar-el-ritual-antes-de-que-todo-empiece\\\/#listItem\",\"position\":3,\"name\":\"Caf\\u00e9 para llevar: el ritual antes de que todo empiece\",\"previousItem\":{\"@type\":\"ListItem\",\"@id\":\"https:\\\/\\\/eldigitaldeasturias.com\\\/magazine365\\\/category\\\/estilo-de-vida\\\/#listItem\",\"name\":\"Estilo de Vida\"}}]},{\"@type\":\"Organization\",\"@id\":\"https:\\\/\\\/eldigitaldeasturias.com\\\/magazine365\\\/#organization\",\"name\":\"El digital de Asturias\",\"description\":\"Revista de ocio, turismo y estilo de vida\",\"url\":\"https:\\\/\\\/eldigitaldeasturias.com\\\/magazine365\\\/\",\"logo\":{\"@type\":\"ImageObject\",\"url\":\"https:\\\/\\\/www.eldigitaldeasturias.com\\\/noticias\\\/wp-content\\\/uploads\\\/2020\\\/12\\\/EDA.jpg\",\"@id\":\"https:\\\/\\\/eldigitaldeasturias.com\\\/magazine365\\\/cafe-para-llevar-el-ritual-antes-de-que-todo-empiece\\\/#organizationLogo\"},\"image\":{\"@id\":\"https:\\\/\\\/eldigitaldeasturias.com\\\/magazine365\\\/cafe-para-llevar-el-ritual-antes-de-que-todo-empiece\\\/#organizationLogo\"}},{\"@type\":\"Person\",\"@id\":\"https:\\\/\\\/eldigitaldeasturias.com\\\/magazine365\\\/author\\\/admin\\\/#author\",\"url\":\"https:\\\/\\\/eldigitaldeasturias.com\\\/magazine365\\\/author\\\/admin\\\/\",\"name\":\"admin\",\"image\":{\"@type\":\"ImageObject\",\"@id\":\"https:\\\/\\\/eldigitaldeasturias.com\\\/magazine365\\\/cafe-para-llevar-el-ritual-antes-de-que-todo-empiece\\\/#authorImage\",\"url\":\"https:\\\/\\\/eldigitaldeasturias.com\\\/magazine365\\\/wp-content\\\/litespeed\\\/avatar\\\/e571bcf59a0edd6fa6838245a470f2fe.jpg?ver=1776969259\",\"width\":96,\"height\":96,\"caption\":\"admin\"}},{\"@type\":\"WebPage\",\"@id\":\"https:\\\/\\\/eldigitaldeasturias.com\\\/magazine365\\\/cafe-para-llevar-el-ritual-antes-de-que-todo-empiece\\\/#webpage\",\"url\":\"https:\\\/\\\/eldigitaldeasturias.com\\\/magazine365\\\/cafe-para-llevar-el-ritual-antes-de-que-todo-empiece\\\/\",\"name\":\"Caf\\u00e9 para llevar: el ritual antes de que todo empiece | El Digital de Asturias\",\"description\":\"Algunas personas no necesitan un despertador. Necesitan un caf\\u00e9. No en la barra, no con conversaci\\u00f3n, no con la tele de fondo poniendo el parte\",\"inLanguage\":\"es-ES\",\"isPartOf\":{\"@id\":\"https:\\\/\\\/eldigitaldeasturias.com\\\/magazine365\\\/#website\"},\"breadcrumb\":{\"@id\":\"https:\\\/\\\/eldigitaldeasturias.com\\\/magazine365\\\/cafe-para-llevar-el-ritual-antes-de-que-todo-empiece\\\/#breadcrumblist\"},\"author\":{\"@id\":\"https:\\\/\\\/eldigitaldeasturias.com\\\/magazine365\\\/author\\\/admin\\\/#author\"},\"creator\":{\"@id\":\"https:\\\/\\\/eldigitaldeasturias.com\\\/magazine365\\\/author\\\/admin\\\/#author\"},\"image\":{\"@type\":\"ImageObject\",\"url\":\"https:\\\/\\\/eldigitaldeasturias.com\\\/magazine365\\\/wp-content\\\/uploads\\\/2026\\\/04\\\/Cafe-para-llevar.jpg\",\"@id\":\"https:\\\/\\\/eldigitaldeasturias.com\\\/magazine365\\\/cafe-para-llevar-el-ritual-antes-de-que-todo-empiece\\\/#mainImage\",\"width\":1265,\"height\":817,\"caption\":\"Foto: 123rf.com\"},\"primaryImageOfPage\":{\"@id\":\"https:\\\/\\\/eldigitaldeasturias.com\\\/magazine365\\\/cafe-para-llevar-el-ritual-antes-de-que-todo-empiece\\\/#mainImage\"},\"datePublished\":\"2026-04-03T01:57:36+02:00\",\"dateModified\":\"2026-04-03T01:57:36+02:00\"},{\"@type\":\"WebSite\",\"@id\":\"https:\\\/\\\/eldigitaldeasturias.com\\\/magazine365\\\/#website\",\"url\":\"https:\\\/\\\/eldigitaldeasturias.com\\\/magazine365\\\/\",\"name\":\"El Digital de Asturias\",\"description\":\"Revista de ocio, turismo y estilo de vida\",\"inLanguage\":\"es-ES\",\"publisher\":{\"@id\":\"https:\\\/\\\/eldigitaldeasturias.com\\\/magazine365\\\/#organization\"}}]}\n\t\t<\/script>\n\t\t<!-- All in One SEO Pro -->\r\n\t\t<title>Caf\u00e9 para llevar: el ritual antes de que todo empiece | El Digital de Asturias<\/title>\n\n","aioseo_head_json":{"title":"Caf\u00e9 para llevar: el ritual antes de que todo empiece | El Digital de Asturias","description":"Algunas personas no necesitan un despertador. Necesitan un caf\u00e9. No en la barra, no con conversaci\u00f3n, no con la tele de fondo poniendo el parte","canonical_url":"https:\/\/eldigitaldeasturias.com\/magazine365\/cafe-para-llevar-el-ritual-antes-de-que-todo-empiece\/","robots":"max-image-preview:large","keywords":"estilo de vida","webmasterTools":{"google-site-verification":"UA-38556648-1","miscellaneous":""},"schema":{"@context":"https:\/\/schema.org","@graph":[{"@type":"Article","@id":"https:\/\/eldigitaldeasturias.com\/magazine365\/cafe-para-llevar-el-ritual-antes-de-que-todo-empiece\/#article","name":"Caf\u00e9 para llevar: el ritual antes de que todo empiece | El Digital de Asturias","headline":"Caf\u00e9 para llevar: el ritual antes de que todo empiece","author":{"@id":"https:\/\/eldigitaldeasturias.com\/magazine365\/author\/admin\/#author"},"publisher":{"@id":"https:\/\/eldigitaldeasturias.com\/magazine365\/#organization"},"image":{"@type":"ImageObject","url":"https:\/\/eldigitaldeasturias.com\/magazine365\/wp-content\/uploads\/2026\/04\/Cafe-para-llevar.jpg","width":1265,"height":817,"caption":"Foto: 123rf.com"},"datePublished":"2026-04-03T01:57:36+02:00","dateModified":"2026-04-03T01:57:36+02:00","inLanguage":"es-ES","mainEntityOfPage":{"@id":"https:\/\/eldigitaldeasturias.com\/magazine365\/cafe-para-llevar-el-ritual-antes-de-que-todo-empiece\/#webpage"},"isPartOf":{"@id":"https:\/\/eldigitaldeasturias.com\/magazine365\/cafe-para-llevar-el-ritual-antes-de-que-todo-empiece\/#webpage"},"articleSection":"Estilo de Vida, Estilo de vida"},{"@type":"BreadcrumbList","@id":"https:\/\/eldigitaldeasturias.com\/magazine365\/cafe-para-llevar-el-ritual-antes-de-que-todo-empiece\/#breadcrumblist","itemListElement":[{"@type":"ListItem","@id":"https:\/\/eldigitaldeasturias.com\/magazine365#listItem","position":1,"name":"Home","item":"https:\/\/eldigitaldeasturias.com\/magazine365","nextItem":{"@type":"ListItem","@id":"https:\/\/eldigitaldeasturias.com\/magazine365\/category\/estilo-de-vida\/#listItem","name":"Estilo de Vida"}},{"@type":"ListItem","@id":"https:\/\/eldigitaldeasturias.com\/magazine365\/category\/estilo-de-vida\/#listItem","position":2,"name":"Estilo de Vida","item":"https:\/\/eldigitaldeasturias.com\/magazine365\/category\/estilo-de-vida\/","nextItem":{"@type":"ListItem","@id":"https:\/\/eldigitaldeasturias.com\/magazine365\/cafe-para-llevar-el-ritual-antes-de-que-todo-empiece\/#listItem","name":"Caf\u00e9 para llevar: el ritual antes de que todo empiece"},"previousItem":{"@type":"ListItem","@id":"https:\/\/eldigitaldeasturias.com\/magazine365#listItem","name":"Home"}},{"@type":"ListItem","@id":"https:\/\/eldigitaldeasturias.com\/magazine365\/cafe-para-llevar-el-ritual-antes-de-que-todo-empiece\/#listItem","position":3,"name":"Caf\u00e9 para llevar: el ritual antes de que todo empiece","previousItem":{"@type":"ListItem","@id":"https:\/\/eldigitaldeasturias.com\/magazine365\/category\/estilo-de-vida\/#listItem","name":"Estilo de Vida"}}]},{"@type":"Organization","@id":"https:\/\/eldigitaldeasturias.com\/magazine365\/#organization","name":"El digital de Asturias","description":"Revista de ocio, turismo y estilo de vida","url":"https:\/\/eldigitaldeasturias.com\/magazine365\/","logo":{"@type":"ImageObject","url":"https:\/\/www.eldigitaldeasturias.com\/noticias\/wp-content\/uploads\/2020\/12\/EDA.jpg","@id":"https:\/\/eldigitaldeasturias.com\/magazine365\/cafe-para-llevar-el-ritual-antes-de-que-todo-empiece\/#organizationLogo"},"image":{"@id":"https:\/\/eldigitaldeasturias.com\/magazine365\/cafe-para-llevar-el-ritual-antes-de-que-todo-empiece\/#organizationLogo"}},{"@type":"Person","@id":"https:\/\/eldigitaldeasturias.com\/magazine365\/author\/admin\/#author","url":"https:\/\/eldigitaldeasturias.com\/magazine365\/author\/admin\/","name":"admin","image":{"@type":"ImageObject","@id":"https:\/\/eldigitaldeasturias.com\/magazine365\/cafe-para-llevar-el-ritual-antes-de-que-todo-empiece\/#authorImage","url":"https:\/\/eldigitaldeasturias.com\/magazine365\/wp-content\/litespeed\/avatar\/e571bcf59a0edd6fa6838245a470f2fe.jpg?ver=1776969259","width":96,"height":96,"caption":"admin"}},{"@type":"WebPage","@id":"https:\/\/eldigitaldeasturias.com\/magazine365\/cafe-para-llevar-el-ritual-antes-de-que-todo-empiece\/#webpage","url":"https:\/\/eldigitaldeasturias.com\/magazine365\/cafe-para-llevar-el-ritual-antes-de-que-todo-empiece\/","name":"Caf\u00e9 para llevar: el ritual antes de que todo empiece | El Digital de Asturias","description":"Algunas personas no necesitan un despertador. Necesitan un caf\u00e9. No en la barra, no con conversaci\u00f3n, no con la tele de fondo poniendo el parte","inLanguage":"es-ES","isPartOf":{"@id":"https:\/\/eldigitaldeasturias.com\/magazine365\/#website"},"breadcrumb":{"@id":"https:\/\/eldigitaldeasturias.com\/magazine365\/cafe-para-llevar-el-ritual-antes-de-que-todo-empiece\/#breadcrumblist"},"author":{"@id":"https:\/\/eldigitaldeasturias.com\/magazine365\/author\/admin\/#author"},"creator":{"@id":"https:\/\/eldigitaldeasturias.com\/magazine365\/author\/admin\/#author"},"image":{"@type":"ImageObject","url":"https:\/\/eldigitaldeasturias.com\/magazine365\/wp-content\/uploads\/2026\/04\/Cafe-para-llevar.jpg","@id":"https:\/\/eldigitaldeasturias.com\/magazine365\/cafe-para-llevar-el-ritual-antes-de-que-todo-empiece\/#mainImage","width":1265,"height":817,"caption":"Foto: 123rf.com"},"primaryImageOfPage":{"@id":"https:\/\/eldigitaldeasturias.com\/magazine365\/cafe-para-llevar-el-ritual-antes-de-que-todo-empiece\/#mainImage"},"datePublished":"2026-04-03T01:57:36+02:00","dateModified":"2026-04-03T01:57:36+02:00"},{"@type":"WebSite","@id":"https:\/\/eldigitaldeasturias.com\/magazine365\/#website","url":"https:\/\/eldigitaldeasturias.com\/magazine365\/","name":"El Digital de Asturias","description":"Revista de ocio, turismo y estilo de vida","inLanguage":"es-ES","publisher":{"@id":"https:\/\/eldigitaldeasturias.com\/magazine365\/#organization"}}]},"og:locale":"es_ES","og:site_name":"El Digital de Asturias \u2013 Revista de ocio, turismo y estilo de vida","og:type":"article","og:title":"Caf\u00e9 para llevar: el ritual antes de que todo empiece | El Digital de Asturias","og:description":"Algunas personas no necesitan un despertador. Necesitan un caf\u00e9. No en la barra, no con conversaci\u00f3n, no con la tele de fondo poniendo el parte","og:url":"https:\/\/eldigitaldeasturias.com\/magazine365\/cafe-para-llevar-el-ritual-antes-de-que-todo-empiece\/","og:image":"https:\/\/eldigitaldeasturias.com\/magazine365\/wp-content\/uploads\/2026\/04\/Cafe-para-llevar.jpg","og:image:secure_url":"https:\/\/eldigitaldeasturias.com\/magazine365\/wp-content\/uploads\/2026\/04\/Cafe-para-llevar.jpg","og:image:width":1265,"og:image:height":817,"article:published_time":"2026-04-02T23:57:36+00:00","article:modified_time":"2026-04-02T23:57:36+00:00","twitter:card":"summary_large_image","twitter:title":"Caf\u00e9 para llevar: el ritual antes de que todo empiece | El Digital de Asturias","twitter:description":"Algunas personas no necesitan un despertador. Necesitan un caf\u00e9. No en la barra, no con conversaci\u00f3n, no con la tele de fondo poniendo el parte","twitter:image":"https:\/\/eldigitaldeasturias.com\/magazine365\/wp-content\/uploads\/2026\/04\/Cafe-para-llevar.jpg"},"aioseo_meta_data":{"post_id":"112381","title":null,"description":"Algunas personas no necesitan un despertador. Necesitan un caf\u00e9. No en la barra, no con conversaci\u00f3n, no con la tele de fondo poniendo el parte","keywords":null,"keyphrases":{"focus":{"keyphrase":"caf\u00e9","score":91,"analysis":{"keyphraseInTitle":{"score":9,"maxScore":9,"error":0},"keyphraseInDescription":{"score":9,"maxScore":9,"error":0},"keyphraseLength":{"score":9,"maxScore":9,"error":0,"length":1},"keyphraseInURL":{"score":5,"maxScore":5,"error":0},"keyphraseInIntroduction":{"score":9,"maxScore":9,"error":0},"keyphraseInSubHeadings":{"score":3,"maxScore":9,"error":1},"keyphraseInImageAlt":{"score":9,"maxScore":9,"error":0},"keywordDensity":{"type":"best","score":9,"maxScore":9,"error":0}}},"additional":[{"keyphrase":"caf\u00e9","score":100,"analysis":{"keyphraseInDescription":{"score":9,"maxScore":9,"error":0},"keyphraseLength":{"score":9,"maxScore":9,"error":0,"length":1},"keyphraseInIntroduction":{"score":9,"maxScore":9,"error":0},"keyphraseInImageAlt":{"score":9,"maxScore":9,"error":0},"keywordDensity":{"type":"best","score":9,"maxScore":9,"error":0}}}]},"primary_term":null,"canonical_url":null,"og_title":null,"og_description":null,"og_object_type":"default","og_image_type":"default","og_image_url":null,"og_image_width":null,"og_image_height":null,"og_image_custom_url":null,"og_image_custom_fields":null,"og_video":"","og_custom_url":null,"og_article_section":null,"og_article_tags":null,"twitter_use_og":false,"twitter_card":"default","twitter_image_type":"default","twitter_image_url":null,"twitter_image_custom_url":null,"twitter_image_custom_fields":null,"twitter_title":null,"twitter_description":null,"schema":{"blockGraphs":[],"customGraphs":[],"default":{"data":{"Article":[],"Course":[],"Dataset":[],"FAQPage":[],"Movie":[],"Person":[],"Product":[],"ProductReview":[],"Car":[],"Recipe":[],"Service":[],"SoftwareApplication":[],"WebPage":[]},"graphName":"Article","isEnabled":true},"graphs":[]},"schema_type":"default","schema_type_options":null,"pillar_content":false,"robots_default":true,"robots_noindex":false,"robots_noarchive":false,"robots_nosnippet":false,"robots_nofollow":false,"robots_noimageindex":false,"robots_noodp":false,"robots_notranslate":false,"robots_max_snippet":"-1","robots_max_videopreview":"-1","robots_max_imagepreview":"large","priority":null,"frequency":"default","location":null,"local_seo":null,"seo_analyzer_scan_date":"2026-04-03 00:12:50","breadcrumb_settings":null,"limit_modified_date":false,"open_ai":null,"ai":{"faqs":[],"keyPoints":[],"titles":[],"descriptions":[],"socialPosts":{"email":[],"linkedin":[],"twitter":[],"facebook":[],"instagram":[]}},"created":"2026-04-02 23:45:09","updated":"2026-04-03 00:12:52"},"aioseo_breadcrumb":"<div class=\"aioseo-breadcrumbs\"><span class=\"aioseo-breadcrumb\">\n\t<a href=\"https:\/\/eldigitaldeasturias.com\/magazine365\" title=\"Home\">Home<\/a>\n<\/span><span class=\"aioseo-breadcrumb-separator\">\u2013<\/span><span class=\"aioseo-breadcrumb\">\n\t<a href=\"https:\/\/eldigitaldeasturias.com\/magazine365\/category\/estilo-de-vida\/\" title=\"Estilo de Vida\">Estilo de Vida<\/a>\n<\/span><span class=\"aioseo-breadcrumb-separator\">\u2013<\/span><span class=\"aioseo-breadcrumb\">\n\t<a href=\"https:\/\/eldigitaldeasturias.com\/magazine365\/cafe-para-llevar-el-ritual-antes-de-que-todo-empiece\/\" title=\"Caf\u00e9 para llevar: el ritual antes de que todo empiece\">Caf\u00e9 para llevar: el ritual antes de que todo empiece<\/a>\n<\/span><\/div>","aioseo_breadcrumb_json":[{"label":"Home","link":"https:\/\/eldigitaldeasturias.com\/magazine365"},{"label":"Estilo de Vida","link":"https:\/\/eldigitaldeasturias.com\/magazine365\/category\/estilo-de-vida\/"},{"label":"Caf\u00e9 para llevar: el ritual antes de que todo empiece","link":"https:\/\/eldigitaldeasturias.com\/magazine365\/cafe-para-llevar-el-ritual-antes-de-que-todo-empiece\/"}],"_links":{"self":[{"href":"https:\/\/eldigitaldeasturias.com\/magazine365\/wp-json\/wp\/v2\/posts\/112381","targetHints":{"allow":["GET"]}}],"collection":[{"href":"https:\/\/eldigitaldeasturias.com\/magazine365\/wp-json\/wp\/v2\/posts"}],"about":[{"href":"https:\/\/eldigitaldeasturias.com\/magazine365\/wp-json\/wp\/v2\/types\/post"}],"author":[{"embeddable":true,"href":"https:\/\/eldigitaldeasturias.com\/magazine365\/wp-json\/wp\/v2\/users\/1"}],"replies":[{"embeddable":true,"href":"https:\/\/eldigitaldeasturias.com\/magazine365\/wp-json\/wp\/v2\/comments?post=112381"}],"version-history":[{"count":1,"href":"https:\/\/eldigitaldeasturias.com\/magazine365\/wp-json\/wp\/v2\/posts\/112381\/revisions"}],"predecessor-version":[{"id":112383,"href":"https:\/\/eldigitaldeasturias.com\/magazine365\/wp-json\/wp\/v2\/posts\/112381\/revisions\/112383"}],"wp:featuredmedia":[{"embeddable":true,"href":"https:\/\/eldigitaldeasturias.com\/magazine365\/wp-json\/wp\/v2\/media\/112382"}],"wp:attachment":[{"href":"https:\/\/eldigitaldeasturias.com\/magazine365\/wp-json\/wp\/v2\/media?parent=112381"}],"wp:term":[{"taxonomy":"category","embeddable":true,"href":"https:\/\/eldigitaldeasturias.com\/magazine365\/wp-json\/wp\/v2\/categories?post=112381"},{"taxonomy":"post_tag","embeddable":true,"href":"https:\/\/eldigitaldeasturias.com\/magazine365\/wp-json\/wp\/v2\/tags?post=112381"}],"curies":[{"name":"wp","href":"https:\/\/api.w.org\/{rel}","templated":true}]}}