{"id":112362,"date":"2026-03-20T02:52:56","date_gmt":"2026-03-20T01:52:56","guid":{"rendered":"https:\/\/eldigitaldeasturias.com\/magazine365\/?p=112362"},"modified":"2026-03-20T02:54:11","modified_gmt":"2026-03-20T01:54:11","slug":"equipos-mas-preparados-gracias-a-la-formacion-interna","status":"publish","type":"post","link":"https:\/\/eldigitaldeasturias.com\/magazine365\/equipos-mas-preparados-gracias-a-la-formacion-interna\/","title":{"rendered":"Equipos m\u00e1s preparados gracias a la formaci\u00f3n interna"},"content":{"rendered":"<p data-start=\"278\" data-end=\"545\">En muchas <a href=\"https:\/\/eldigitaldeasturias.com\/magazine365\/category\/canal-empresas\/\"><span style=\"color: #ff6600;\"><strong>empresas<\/strong><\/span><\/a>, la formaci\u00f3n se ha entendido durante a\u00f1os como un recurso puntual: un curso concreto, una jornada espec\u00edfica o una necesidad que surge en momentos determinados. Sin embargo, en entornos donde los cambios son constantes, esta visi\u00f3n se queda corta.<\/p>\n<figure id=\"attachment_112364\" aria-describedby=\"caption-attachment-112364\" style=\"width: 650px\" class=\"wp-caption aligncenter\"><img fetchpriority=\"high\" decoding=\"async\" class=\"size-large wp-image-112364\" src=\"https:\/\/eldigitaldeasturias.com\/magazine365\/wp-content\/uploads\/2026\/03\/Equipos-mas-preparados-gracias-a-la-formacion-interna-1-650x424.jpg\" alt=\"Equipos m\u00e1s preparados gracias a la formaci\u00f3n interna\" width=\"650\" height=\"424\" srcset=\"https:\/\/eldigitaldeasturias.com\/magazine365\/wp-content\/uploads\/2026\/03\/Equipos-mas-preparados-gracias-a-la-formacion-interna-1-650x424.jpg 650w, https:\/\/eldigitaldeasturias.com\/magazine365\/wp-content\/uploads\/2026\/03\/Equipos-mas-preparados-gracias-a-la-formacion-interna-1-360x235.jpg 360w, https:\/\/eldigitaldeasturias.com\/magazine365\/wp-content\/uploads\/2026\/03\/Equipos-mas-preparados-gracias-a-la-formacion-interna-1-768x501.jpg 768w, https:\/\/eldigitaldeasturias.com\/magazine365\/wp-content\/uploads\/2026\/03\/Equipos-mas-preparados-gracias-a-la-formacion-interna-1-150x98.jpg 150w, https:\/\/eldigitaldeasturias.com\/magazine365\/wp-content\/uploads\/2026\/03\/Equipos-mas-preparados-gracias-a-la-formacion-interna-1-450x294.jpg 450w, https:\/\/eldigitaldeasturias.com\/magazine365\/wp-content\/uploads\/2026\/03\/Equipos-mas-preparados-gracias-a-la-formacion-interna-1-1200x783.jpg 1200w, https:\/\/eldigitaldeasturias.com\/magazine365\/wp-content\/uploads\/2026\/03\/Equipos-mas-preparados-gracias-a-la-formacion-interna-1.jpg 1269w\" sizes=\"(max-width: 650px) 100vw, 650px\" \/><figcaption id=\"caption-attachment-112364\" class=\"wp-caption-text\">Foto: 123rf.com<\/figcaption><\/figure>\n<p data-start=\"547\" data-end=\"855\">Cada vez es m\u00e1s habitual que la formaci\u00f3n interna se plantee como un proceso continuo, integrado en el d\u00eda a d\u00eda, y directamente relacionado con la forma en que trabajan los equipos. No se trata solo de adquirir conocimientos, sino de mejorar la capacidad de adaptaci\u00f3n y de respuesta ante nuevos escenarios.<\/p>\n<h1 data-section-id=\"avz5ma\" data-start=\"862\" data-end=\"907\">Aprender dentro de la propia organizaci\u00f3n<\/h1>\n<p data-start=\"909\" data-end=\"1111\">A diferencia de otros modelos, la formaci\u00f3n interna tiene una ventaja clara: se construye desde la realidad de la empresa. Parte de situaciones concretas, de procesos existentes y de necesidades reales.<\/p>\n<p data-start=\"1113\" data-end=\"1370\">Esto permite que el aprendizaje sea m\u00e1s directo y aplicable. No se queda en la teor\u00eda, sino que se traslada r\u00e1pidamente a la pr\u00e1ctica. En muchos casos, los propios equipos participan en este proceso, compartiendo \u10d2\u10d0\u10db\u10dd\u10ea\u10d3\u10d8\u10da y soluciones que ya han funcionado.<\/p>\n<p data-start=\"1372\" data-end=\"1564\">En determinados momentos, este intercambio interno se convierte en una de las herramientas m\u00e1s valiosas para mejorar la eficiencia sin necesidad de recurrir constantemente a recursos externos.<\/p>\n<h3 data-section-id=\"1cjylf6\" data-start=\"1571\" data-end=\"1609\">Adaptarse sin detener la actividad<\/h3>\n<p data-start=\"1611\" data-end=\"1863\">Uno de los principales retos de la formaci\u00f3n en entornos empresariales es encontrar el equilibrio entre aprender y mantener la operativa. Detener completamente la actividad no suele ser viable, especialmente en empresas con ritmos de trabajo exigentes.<\/p>\n<p data-start=\"1865\" data-end=\"2030\">Por eso, muchas organizaciones optan por integrar la formaci\u00f3n en su din\u00e1mica habitual: sesiones breves, aprendizaje por proyectos o acompa\u00f1amiento en tareas reales.<\/p>\n<p data-start=\"2032\" data-end=\"2228\">Este enfoque permite que la mejora sea progresiva y constante, sin generar interrupciones significativas. A lo largo del tiempo, esta continuidad tiene un impacto m\u00e1s s\u00f3lido que acciones aisladas.<\/p>\n<h1 data-section-id=\"go270y\" data-start=\"2235\" data-end=\"2276\">El efecto en la motivaci\u00f3n del equipo<\/h1>\n<p data-start=\"2278\" data-end=\"2539\">La formaci\u00f3n no solo tiene un impacto t\u00e9cnico, tambi\u00e9n influye en la percepci\u00f3n que las personas tienen sobre su trabajo. Sentir que se evoluciona, que se adquieren nuevas habilidades o que se participa en procesos de mejora contribuye a reforzar el compromiso.<\/p>\n<p data-start=\"2541\" data-end=\"2751\">En muchos casos, cuando una empresa apuesta por la formaci\u00f3n interna, se genera una sensaci\u00f3n de avance compartido. Los equipos no solo ejecutan tareas, sino que entienden mejor lo que hacen y por qu\u00e9 lo hacen.<\/p>\n<p data-start=\"2753\" data-end=\"2862\">Este tipo de entorno facilita que surjan propuestas, mejoras y nuevas formas de abordar el trabajo cotidiano.<\/p>\n<h3 data-section-id=\"15ggco2\" data-start=\"2869\" data-end=\"2912\">Evitar la dependencia externa constante<\/h3>\n<p data-start=\"2914\" data-end=\"3061\">Contar con apoyo externo puede ser necesario en determinados momentos, pero depender exclusivamente de \u00e9l puede limitar la autonom\u00eda de la empresa.<\/p>\n<p data-start=\"3063\" data-end=\"3299\">La formaci\u00f3n interna permite desarrollar conocimiento propio, adaptado a la realidad espec\u00edfica del negocio. Con el tiempo, esto facilita la toma de decisiones y reduce la necesidad de recurrir a soluciones externas para cada situaci\u00f3n.<\/p>\n<p data-start=\"3301\" data-end=\"3473\">A mediados de muchos procesos de crecimiento, algunas empresas detectan que necesitan fortalecer su base interna precisamente para no depender siempre de recursos externos.<\/p>\n<h3 data-section-id=\"1px7p2u\" data-start=\"3480\" data-end=\"3523\">Formaci\u00f3n alineada con objetivos reales<\/h3>\n<p data-start=\"3525\" data-end=\"3702\">Uno de los errores m\u00e1s habituales es desvincular la formaci\u00f3n de los objetivos empresariales. Cuando esto ocurre, el aprendizaje pierde sentido y se percibe como algo accesorio.<\/p>\n<p data-start=\"3704\" data-end=\"3865\">En cambio, cuando la formaci\u00f3n responde a necesidades concretas \u2014mejorar un proceso, optimizar un \u00e1rea o adaptarse a un cambio\u2014 su impacto es mucho m\u00e1s evidente.<\/p>\n<p data-start=\"3867\" data-end=\"4044\">Esto tambi\u00e9n permite priorizar mejor: no todo es urgente ni todo es necesario al mismo tiempo. Definir qu\u00e9 \u00e1reas requieren atenci\u00f3n facilita que la formaci\u00f3n sea realmente \u00fatil.<\/p>\n<h3 data-section-id=\"j66yix\" data-start=\"4051\" data-end=\"4091\">Crear una cultura de mejora continua<\/h3>\n<p data-start=\"4093\" data-end=\"4278\">M\u00e1s all\u00e1 de acciones concretas, la formaci\u00f3n interna contribuye a construir una cultura. Una forma de entender el trabajo en la que mejorar forma parte del proceso, no es una excepci\u00f3n.<\/p>\n<p data-start=\"4280\" data-end=\"4486\">En este tipo de entornos, aprender deja de ser algo puntual y pasa a integrarse en la actividad diaria. Se revisan procesos, se ajustan din\u00e1micas y se incorporan nuevas formas de trabajar de manera natural.<\/p>\n<p data-start=\"4488\" data-end=\"4629\">Con el tiempo, esta mentalidad permite a las empresas adaptarse con mayor facilidad a los cambios, sin necesidad de transformaciones bruscas.<\/p>\n<h3 data-section-id=\"o1ex0w\" data-start=\"4636\" data-end=\"4686\">Cuando la formaci\u00f3n se convierte en estrategia<\/h3>\n<p data-start=\"4688\" data-end=\"4843\">En determinadas etapas, la formaci\u00f3n deja de ser un complemento y pasa a ocupar un lugar estrat\u00e9gico. No solo acompa\u00f1a el crecimiento, sino que lo impulsa.<\/p>\n<p data-start=\"4845\" data-end=\"5065\">Esto ocurre cuando la <span style=\"color: #ff6600;\"><a style=\"color: #ff6600;\" href=\"https:\/\/candas365.es\/noticias\/category\/canal-empresas\/\" target=\"_blank\" rel=\"noopener\"><strong>empresa<\/strong><\/a><\/span> entiende que su desarrollo depende en gran medida de la capacidad de su equipo para evolucionar. Invertir en conocimiento no es solo una mejora interna, sino una forma de preparar el futuro.<\/p>\n<h3 data-section-id=\"183id5m\" data-start=\"5072\" data-end=\"5117\">Un recurso que se construye con el tiempo<\/h3>\n<p data-start=\"5119\" data-end=\"5270\">La formaci\u00f3n interna no se desarrolla de un d\u00eda para otro. Requiere planificaci\u00f3n, seguimiento y, sobre todo, coherencia con la realidad de la empresa.<\/p>\n<p data-start=\"5272\" data-end=\"5476\">Cuando se integra de forma progresiva, sus efectos empiezan a notarse en m\u00faltiples \u00e1reas: mayor claridad en los procesos, mejor coordinaci\u00f3n entre equipos y una mayor capacidad para afrontar nuevos retos.<\/p>\n<p data-start=\"5478\" data-end=\"5603\" data-is-last-node=\"\" data-is-only-node=\"\">Porque, al final, una empresa no solo crece por lo que hace, sino por lo que su equipo es capaz de aprender mientras lo hace.<\/p>\n","protected":false},"excerpt":{"rendered":"<p>En muchas empresas, la formaci\u00f3n se ha entendido durante a\u00f1os como un recurso puntual: un curso concreto, una jornada espec\u00edfica o una necesidad que surge en momentos determinados. Sin embargo, en entornos donde los cambios son constantes, esta visi\u00f3n se queda corta. Cada vez es m\u00e1s habitual que la formaci\u00f3n interna se plantee como un<\/p>\n","protected":false},"author":1,"featured_media":112364,"comment_status":"closed","ping_status":"closed","sticky":false,"template":"","format":"standard","meta":{"footnotes":""},"categories":[206],"tags":[355],"class_list":{"0":"post-112362","1":"post","2":"type-post","3":"status-publish","4":"format-standard","5":"has-post-thumbnail","7":"category-canal-empresas","8":"tag-empresas"},"aioseo_notices":[],"aioseo_head":"\n\t\t<!-- All in One SEO Pro 4.9.6.1 - aioseo.com -->\n\t<meta name=\"description\" content=\"En muchas empresas, la formaci\u00f3n se ha entendido durante a\u00f1os como un recurso puntual: un curso concreto, una jornada espec\u00edfica o una necesidad\" \/>\n\t<meta name=\"robots\" content=\"max-image-preview:large\" \/>\n\t<meta name=\"author\" content=\"admin\"\/>\n\t<meta name=\"google-site-verification\" content=\"UA-38556648-1\" \/>\n\t<meta name=\"keywords\" content=\"empresas,canal empresas\" \/>\n\t<link rel=\"canonical\" href=\"https:\/\/eldigitaldeasturias.com\/magazine365\/equipos-mas-preparados-gracias-a-la-formacion-interna\/\" \/>\n\t<meta name=\"generator\" content=\"All in One SEO Pro (AIOSEO) 4.9.6.1\" \/>\n\t\t<meta property=\"og:locale\" content=\"es_ES\" \/>\n\t\t<meta property=\"og:site_name\" content=\"El Digital de Asturias \u2013 Revista de ocio, turismo y estilo de vida\" \/>\n\t\t<meta property=\"og:type\" content=\"article\" \/>\n\t\t<meta property=\"og:title\" content=\"Equipos m\u00e1s preparados gracias a la formaci\u00f3n interna | El Digital de Asturias\" \/>\n\t\t<meta property=\"og:description\" content=\"En muchas empresas, la formaci\u00f3n se ha entendido durante a\u00f1os como un recurso puntual: un curso concreto, una jornada espec\u00edfica o una necesidad\" \/>\n\t\t<meta property=\"og:url\" content=\"https:\/\/eldigitaldeasturias.com\/magazine365\/equipos-mas-preparados-gracias-a-la-formacion-interna\/\" \/>\n\t\t<meta property=\"og:image\" content=\"https:\/\/eldigitaldeasturias.com\/magazine365\/wp-content\/uploads\/2026\/03\/Equipos-mas-preparados-gracias-a-la-formacion-interna-1.jpg\" \/>\n\t\t<meta property=\"og:image:secure_url\" content=\"https:\/\/eldigitaldeasturias.com\/magazine365\/wp-content\/uploads\/2026\/03\/Equipos-mas-preparados-gracias-a-la-formacion-interna-1.jpg\" \/>\n\t\t<meta property=\"og:image:width\" content=\"1269\" \/>\n\t\t<meta property=\"og:image:height\" content=\"828\" \/>\n\t\t<meta property=\"article:published_time\" content=\"2026-03-20T01:52:56+00:00\" \/>\n\t\t<meta property=\"article:modified_time\" content=\"2026-03-20T01:54:11+00:00\" \/>\n\t\t<meta name=\"twitter:card\" content=\"summary_large_image\" \/>\n\t\t<meta name=\"twitter:title\" content=\"Equipos m\u00e1s preparados gracias a la formaci\u00f3n interna | El Digital de Asturias\" \/>\n\t\t<meta name=\"twitter:description\" content=\"En muchas empresas, la formaci\u00f3n se ha entendido durante a\u00f1os como un recurso puntual: un curso concreto, una jornada espec\u00edfica o una necesidad\" \/>\n\t\t<meta name=\"twitter:image\" content=\"https:\/\/eldigitaldeasturias.com\/magazine365\/wp-content\/uploads\/2026\/03\/Equipos-mas-preparados-gracias-a-la-formacion-interna-1.jpg\" \/>\n\t\t<script type=\"application\/ld+json\" class=\"aioseo-schema\">\n\t\t\t{\"@context\":\"https:\\\/\\\/schema.org\",\"@graph\":[{\"@type\":\"Article\",\"@id\":\"https:\\\/\\\/eldigitaldeasturias.com\\\/magazine365\\\/equipos-mas-preparados-gracias-a-la-formacion-interna\\\/#article\",\"name\":\"Equipos m\\u00e1s preparados gracias a la formaci\\u00f3n interna | El Digital de Asturias\",\"headline\":\"Equipos m\\u00e1s preparados gracias a la formaci\\u00f3n interna\",\"author\":{\"@id\":\"https:\\\/\\\/eldigitaldeasturias.com\\\/magazine365\\\/author\\\/admin\\\/#author\"},\"publisher\":{\"@id\":\"https:\\\/\\\/eldigitaldeasturias.com\\\/magazine365\\\/#organization\"},\"image\":{\"@type\":\"ImageObject\",\"url\":\"https:\\\/\\\/eldigitaldeasturias.com\\\/magazine365\\\/wp-content\\\/uploads\\\/2026\\\/03\\\/Equipos-mas-preparados-gracias-a-la-formacion-interna-1.jpg\",\"width\":1269,\"height\":828,\"caption\":\"Foto: 123rf.com\"},\"datePublished\":\"2026-03-20T02:52:56+01:00\",\"dateModified\":\"2026-03-20T02:54:11+01:00\",\"inLanguage\":\"es-ES\",\"mainEntityOfPage\":{\"@id\":\"https:\\\/\\\/eldigitaldeasturias.com\\\/magazine365\\\/equipos-mas-preparados-gracias-a-la-formacion-interna\\\/#webpage\"},\"isPartOf\":{\"@id\":\"https:\\\/\\\/eldigitaldeasturias.com\\\/magazine365\\\/equipos-mas-preparados-gracias-a-la-formacion-interna\\\/#webpage\"},\"articleSection\":\"Canal Empresas, Empresas\"},{\"@type\":\"BreadcrumbList\",\"@id\":\"https:\\\/\\\/eldigitaldeasturias.com\\\/magazine365\\\/equipos-mas-preparados-gracias-a-la-formacion-interna\\\/#breadcrumblist\",\"itemListElement\":[{\"@type\":\"ListItem\",\"@id\":\"https:\\\/\\\/eldigitaldeasturias.com\\\/magazine365#listItem\",\"position\":1,\"name\":\"Home\",\"item\":\"https:\\\/\\\/eldigitaldeasturias.com\\\/magazine365\",\"nextItem\":{\"@type\":\"ListItem\",\"@id\":\"https:\\\/\\\/eldigitaldeasturias.com\\\/magazine365\\\/category\\\/canal-empresas\\\/#listItem\",\"name\":\"Canal Empresas\"}},{\"@type\":\"ListItem\",\"@id\":\"https:\\\/\\\/eldigitaldeasturias.com\\\/magazine365\\\/category\\\/canal-empresas\\\/#listItem\",\"position\":2,\"name\":\"Canal Empresas\",\"item\":\"https:\\\/\\\/eldigitaldeasturias.com\\\/magazine365\\\/category\\\/canal-empresas\\\/\",\"nextItem\":{\"@type\":\"ListItem\",\"@id\":\"https:\\\/\\\/eldigitaldeasturias.com\\\/magazine365\\\/equipos-mas-preparados-gracias-a-la-formacion-interna\\\/#listItem\",\"name\":\"Equipos m\\u00e1s preparados gracias a la formaci\\u00f3n interna\"},\"previousItem\":{\"@type\":\"ListItem\",\"@id\":\"https:\\\/\\\/eldigitaldeasturias.com\\\/magazine365#listItem\",\"name\":\"Home\"}},{\"@type\":\"ListItem\",\"@id\":\"https:\\\/\\\/eldigitaldeasturias.com\\\/magazine365\\\/equipos-mas-preparados-gracias-a-la-formacion-interna\\\/#listItem\",\"position\":3,\"name\":\"Equipos m\\u00e1s preparados gracias a la formaci\\u00f3n interna\",\"previousItem\":{\"@type\":\"ListItem\",\"@id\":\"https:\\\/\\\/eldigitaldeasturias.com\\\/magazine365\\\/category\\\/canal-empresas\\\/#listItem\",\"name\":\"Canal Empresas\"}}]},{\"@type\":\"Organization\",\"@id\":\"https:\\\/\\\/eldigitaldeasturias.com\\\/magazine365\\\/#organization\",\"name\":\"El digital de Asturias\",\"description\":\"Revista de ocio, turismo y estilo de vida\",\"url\":\"https:\\\/\\\/eldigitaldeasturias.com\\\/magazine365\\\/\",\"logo\":{\"@type\":\"ImageObject\",\"url\":\"https:\\\/\\\/www.eldigitaldeasturias.com\\\/noticias\\\/wp-content\\\/uploads\\\/2020\\\/12\\\/EDA.jpg\",\"@id\":\"https:\\\/\\\/eldigitaldeasturias.com\\\/magazine365\\\/equipos-mas-preparados-gracias-a-la-formacion-interna\\\/#organizationLogo\"},\"image\":{\"@id\":\"https:\\\/\\\/eldigitaldeasturias.com\\\/magazine365\\\/equipos-mas-preparados-gracias-a-la-formacion-interna\\\/#organizationLogo\"}},{\"@type\":\"Person\",\"@id\":\"https:\\\/\\\/eldigitaldeasturias.com\\\/magazine365\\\/author\\\/admin\\\/#author\",\"url\":\"https:\\\/\\\/eldigitaldeasturias.com\\\/magazine365\\\/author\\\/admin\\\/\",\"name\":\"admin\",\"image\":{\"@type\":\"ImageObject\",\"@id\":\"https:\\\/\\\/eldigitaldeasturias.com\\\/magazine365\\\/equipos-mas-preparados-gracias-a-la-formacion-interna\\\/#authorImage\",\"url\":\"https:\\\/\\\/eldigitaldeasturias.com\\\/magazine365\\\/wp-content\\\/litespeed\\\/avatar\\\/e571bcf59a0edd6fa6838245a470f2fe.jpg?ver=1777574230\",\"width\":96,\"height\":96,\"caption\":\"admin\"}},{\"@type\":\"WebPage\",\"@id\":\"https:\\\/\\\/eldigitaldeasturias.com\\\/magazine365\\\/equipos-mas-preparados-gracias-a-la-formacion-interna\\\/#webpage\",\"url\":\"https:\\\/\\\/eldigitaldeasturias.com\\\/magazine365\\\/equipos-mas-preparados-gracias-a-la-formacion-interna\\\/\",\"name\":\"Equipos m\\u00e1s preparados gracias a la formaci\\u00f3n interna | El Digital de Asturias\",\"description\":\"En muchas empresas, la formaci\\u00f3n se ha entendido durante a\\u00f1os como un recurso puntual: un curso concreto, una jornada espec\\u00edfica o una necesidad\",\"inLanguage\":\"es-ES\",\"isPartOf\":{\"@id\":\"https:\\\/\\\/eldigitaldeasturias.com\\\/magazine365\\\/#website\"},\"breadcrumb\":{\"@id\":\"https:\\\/\\\/eldigitaldeasturias.com\\\/magazine365\\\/equipos-mas-preparados-gracias-a-la-formacion-interna\\\/#breadcrumblist\"},\"author\":{\"@id\":\"https:\\\/\\\/eldigitaldeasturias.com\\\/magazine365\\\/author\\\/admin\\\/#author\"},\"creator\":{\"@id\":\"https:\\\/\\\/eldigitaldeasturias.com\\\/magazine365\\\/author\\\/admin\\\/#author\"},\"image\":{\"@type\":\"ImageObject\",\"url\":\"https:\\\/\\\/eldigitaldeasturias.com\\\/magazine365\\\/wp-content\\\/uploads\\\/2026\\\/03\\\/Equipos-mas-preparados-gracias-a-la-formacion-interna-1.jpg\",\"@id\":\"https:\\\/\\\/eldigitaldeasturias.com\\\/magazine365\\\/equipos-mas-preparados-gracias-a-la-formacion-interna\\\/#mainImage\",\"width\":1269,\"height\":828,\"caption\":\"Foto: 123rf.com\"},\"primaryImageOfPage\":{\"@id\":\"https:\\\/\\\/eldigitaldeasturias.com\\\/magazine365\\\/equipos-mas-preparados-gracias-a-la-formacion-interna\\\/#mainImage\"},\"datePublished\":\"2026-03-20T02:52:56+01:00\",\"dateModified\":\"2026-03-20T02:54:11+01:00\"},{\"@type\":\"WebSite\",\"@id\":\"https:\\\/\\\/eldigitaldeasturias.com\\\/magazine365\\\/#website\",\"url\":\"https:\\\/\\\/eldigitaldeasturias.com\\\/magazine365\\\/\",\"name\":\"El Digital de Asturias\",\"description\":\"Revista de ocio, turismo y estilo de vida\",\"inLanguage\":\"es-ES\",\"publisher\":{\"@id\":\"https:\\\/\\\/eldigitaldeasturias.com\\\/magazine365\\\/#organization\"}}]}\n\t\t<\/script>\n\t\t<!-- All in One SEO Pro -->\r\n\t\t<title>Equipos m\u00e1s preparados gracias a la formaci\u00f3n interna | El Digital de Asturias<\/title>\n\n","aioseo_head_json":{"title":"Equipos m\u00e1s preparados gracias a la formaci\u00f3n interna | El Digital de Asturias","description":"En muchas empresas, la formaci\u00f3n se ha entendido durante a\u00f1os como un recurso puntual: un curso concreto, una jornada espec\u00edfica o una necesidad","canonical_url":"https:\/\/eldigitaldeasturias.com\/magazine365\/equipos-mas-preparados-gracias-a-la-formacion-interna\/","robots":"max-image-preview:large","keywords":"empresas,canal empresas","webmasterTools":{"google-site-verification":"UA-38556648-1","miscellaneous":""},"schema":{"@context":"https:\/\/schema.org","@graph":[{"@type":"Article","@id":"https:\/\/eldigitaldeasturias.com\/magazine365\/equipos-mas-preparados-gracias-a-la-formacion-interna\/#article","name":"Equipos m\u00e1s preparados gracias a la formaci\u00f3n interna | El Digital de Asturias","headline":"Equipos m\u00e1s preparados gracias a la formaci\u00f3n interna","author":{"@id":"https:\/\/eldigitaldeasturias.com\/magazine365\/author\/admin\/#author"},"publisher":{"@id":"https:\/\/eldigitaldeasturias.com\/magazine365\/#organization"},"image":{"@type":"ImageObject","url":"https:\/\/eldigitaldeasturias.com\/magazine365\/wp-content\/uploads\/2026\/03\/Equipos-mas-preparados-gracias-a-la-formacion-interna-1.jpg","width":1269,"height":828,"caption":"Foto: 123rf.com"},"datePublished":"2026-03-20T02:52:56+01:00","dateModified":"2026-03-20T02:54:11+01:00","inLanguage":"es-ES","mainEntityOfPage":{"@id":"https:\/\/eldigitaldeasturias.com\/magazine365\/equipos-mas-preparados-gracias-a-la-formacion-interna\/#webpage"},"isPartOf":{"@id":"https:\/\/eldigitaldeasturias.com\/magazine365\/equipos-mas-preparados-gracias-a-la-formacion-interna\/#webpage"},"articleSection":"Canal Empresas, Empresas"},{"@type":"BreadcrumbList","@id":"https:\/\/eldigitaldeasturias.com\/magazine365\/equipos-mas-preparados-gracias-a-la-formacion-interna\/#breadcrumblist","itemListElement":[{"@type":"ListItem","@id":"https:\/\/eldigitaldeasturias.com\/magazine365#listItem","position":1,"name":"Home","item":"https:\/\/eldigitaldeasturias.com\/magazine365","nextItem":{"@type":"ListItem","@id":"https:\/\/eldigitaldeasturias.com\/magazine365\/category\/canal-empresas\/#listItem","name":"Canal Empresas"}},{"@type":"ListItem","@id":"https:\/\/eldigitaldeasturias.com\/magazine365\/category\/canal-empresas\/#listItem","position":2,"name":"Canal Empresas","item":"https:\/\/eldigitaldeasturias.com\/magazine365\/category\/canal-empresas\/","nextItem":{"@type":"ListItem","@id":"https:\/\/eldigitaldeasturias.com\/magazine365\/equipos-mas-preparados-gracias-a-la-formacion-interna\/#listItem","name":"Equipos m\u00e1s preparados gracias a la formaci\u00f3n interna"},"previousItem":{"@type":"ListItem","@id":"https:\/\/eldigitaldeasturias.com\/magazine365#listItem","name":"Home"}},{"@type":"ListItem","@id":"https:\/\/eldigitaldeasturias.com\/magazine365\/equipos-mas-preparados-gracias-a-la-formacion-interna\/#listItem","position":3,"name":"Equipos m\u00e1s preparados gracias a la formaci\u00f3n interna","previousItem":{"@type":"ListItem","@id":"https:\/\/eldigitaldeasturias.com\/magazine365\/category\/canal-empresas\/#listItem","name":"Canal Empresas"}}]},{"@type":"Organization","@id":"https:\/\/eldigitaldeasturias.com\/magazine365\/#organization","name":"El digital de Asturias","description":"Revista de ocio, turismo y estilo de vida","url":"https:\/\/eldigitaldeasturias.com\/magazine365\/","logo":{"@type":"ImageObject","url":"https:\/\/www.eldigitaldeasturias.com\/noticias\/wp-content\/uploads\/2020\/12\/EDA.jpg","@id":"https:\/\/eldigitaldeasturias.com\/magazine365\/equipos-mas-preparados-gracias-a-la-formacion-interna\/#organizationLogo"},"image":{"@id":"https:\/\/eldigitaldeasturias.com\/magazine365\/equipos-mas-preparados-gracias-a-la-formacion-interna\/#organizationLogo"}},{"@type":"Person","@id":"https:\/\/eldigitaldeasturias.com\/magazine365\/author\/admin\/#author","url":"https:\/\/eldigitaldeasturias.com\/magazine365\/author\/admin\/","name":"admin","image":{"@type":"ImageObject","@id":"https:\/\/eldigitaldeasturias.com\/magazine365\/equipos-mas-preparados-gracias-a-la-formacion-interna\/#authorImage","url":"https:\/\/eldigitaldeasturias.com\/magazine365\/wp-content\/litespeed\/avatar\/e571bcf59a0edd6fa6838245a470f2fe.jpg?ver=1777574230","width":96,"height":96,"caption":"admin"}},{"@type":"WebPage","@id":"https:\/\/eldigitaldeasturias.com\/magazine365\/equipos-mas-preparados-gracias-a-la-formacion-interna\/#webpage","url":"https:\/\/eldigitaldeasturias.com\/magazine365\/equipos-mas-preparados-gracias-a-la-formacion-interna\/","name":"Equipos m\u00e1s preparados gracias a la formaci\u00f3n interna | El Digital de Asturias","description":"En muchas empresas, la formaci\u00f3n se ha entendido durante a\u00f1os como un recurso puntual: un curso concreto, una jornada espec\u00edfica o una necesidad","inLanguage":"es-ES","isPartOf":{"@id":"https:\/\/eldigitaldeasturias.com\/magazine365\/#website"},"breadcrumb":{"@id":"https:\/\/eldigitaldeasturias.com\/magazine365\/equipos-mas-preparados-gracias-a-la-formacion-interna\/#breadcrumblist"},"author":{"@id":"https:\/\/eldigitaldeasturias.com\/magazine365\/author\/admin\/#author"},"creator":{"@id":"https:\/\/eldigitaldeasturias.com\/magazine365\/author\/admin\/#author"},"image":{"@type":"ImageObject","url":"https:\/\/eldigitaldeasturias.com\/magazine365\/wp-content\/uploads\/2026\/03\/Equipos-mas-preparados-gracias-a-la-formacion-interna-1.jpg","@id":"https:\/\/eldigitaldeasturias.com\/magazine365\/equipos-mas-preparados-gracias-a-la-formacion-interna\/#mainImage","width":1269,"height":828,"caption":"Foto: 123rf.com"},"primaryImageOfPage":{"@id":"https:\/\/eldigitaldeasturias.com\/magazine365\/equipos-mas-preparados-gracias-a-la-formacion-interna\/#mainImage"},"datePublished":"2026-03-20T02:52:56+01:00","dateModified":"2026-03-20T02:54:11+01:00"},{"@type":"WebSite","@id":"https:\/\/eldigitaldeasturias.com\/magazine365\/#website","url":"https:\/\/eldigitaldeasturias.com\/magazine365\/","name":"El Digital de Asturias","description":"Revista de ocio, turismo y estilo de vida","inLanguage":"es-ES","publisher":{"@id":"https:\/\/eldigitaldeasturias.com\/magazine365\/#organization"}}]},"og:locale":"es_ES","og:site_name":"El Digital de Asturias \u2013 Revista de ocio, turismo y estilo de vida","og:type":"article","og:title":"Equipos m\u00e1s preparados gracias a la formaci\u00f3n interna | El Digital de Asturias","og:description":"En muchas empresas, la formaci\u00f3n se ha entendido durante a\u00f1os como un recurso puntual: un curso concreto, una jornada espec\u00edfica o una necesidad","og:url":"https:\/\/eldigitaldeasturias.com\/magazine365\/equipos-mas-preparados-gracias-a-la-formacion-interna\/","og:image":"https:\/\/eldigitaldeasturias.com\/magazine365\/wp-content\/uploads\/2026\/03\/Equipos-mas-preparados-gracias-a-la-formacion-interna-1.jpg","og:image:secure_url":"https:\/\/eldigitaldeasturias.com\/magazine365\/wp-content\/uploads\/2026\/03\/Equipos-mas-preparados-gracias-a-la-formacion-interna-1.jpg","og:image:width":1269,"og:image:height":828,"article:published_time":"2026-03-20T01:52:56+00:00","article:modified_time":"2026-03-20T01:54:11+00:00","twitter:card":"summary_large_image","twitter:title":"Equipos m\u00e1s preparados gracias a la formaci\u00f3n interna | El Digital de Asturias","twitter:description":"En muchas empresas, la formaci\u00f3n se ha entendido durante a\u00f1os como un recurso puntual: un curso concreto, una jornada espec\u00edfica o una necesidad","twitter:image":"https:\/\/eldigitaldeasturias.com\/magazine365\/wp-content\/uploads\/2026\/03\/Equipos-mas-preparados-gracias-a-la-formacion-interna-1.jpg"},"aioseo_meta_data":{"post_id":"112362","title":null,"description":"En muchas empresas, la formaci\u00f3n se ha entendido durante a\u00f1os como un recurso puntual: un curso concreto, una jornada espec\u00edfica o una necesidad","keywords":null,"keyphrases":{"focus":{"keyphrase":"formaci\u00f3n","score":100,"analysis":{"keyphraseInTitle":{"score":9,"maxScore":9,"error":0},"keyphraseInDescription":{"score":9,"maxScore":9,"error":0},"keyphraseLength":{"score":9,"maxScore":9,"error":0,"length":2},"keyphraseInURL":{"score":5,"maxScore":5,"error":0},"keyphraseInIntroduction":{"score":9,"maxScore":9,"error":0},"keyphraseInSubHeadings":{"score":9,"maxScore":9,"error":0},"keyphraseInImageAlt":{"score":9,"maxScore":9,"error":0},"keywordDensity":{"type":"best","score":9,"maxScore":9,"error":0}}},"additional":[{"keyphrase":"empresas","score":67,"analysis":{"keyphraseInDescription":{"score":9,"maxScore":9,"error":0},"keyphraseLength":{"score":9,"maxScore":9,"error":0,"length":1},"keyphraseInIntroduction":{"score":9,"maxScore":9,"error":0},"keyphraseInImageAlt":{"score":3,"maxScore":9,"error":1},"keywordDensity":{"score":0,"type":"low","maxScore":9,"error":1}}}]},"primary_term":null,"canonical_url":null,"og_title":null,"og_description":null,"og_object_type":"default","og_image_type":"default","og_image_url":null,"og_image_width":null,"og_image_height":null,"og_image_custom_url":null,"og_image_custom_fields":null,"og_video":"","og_custom_url":null,"og_article_section":null,"og_article_tags":null,"twitter_use_og":false,"twitter_card":"default","twitter_image_type":"default","twitter_image_url":null,"twitter_image_custom_url":null,"twitter_image_custom_fields":null,"twitter_title":null,"twitter_description":null,"schema":{"blockGraphs":[],"customGraphs":[],"default":{"data":{"Article":[],"Course":[],"Dataset":[],"FAQPage":[],"Movie":[],"Person":[],"Product":[],"ProductReview":[],"Car":[],"Recipe":[],"Service":[],"SoftwareApplication":[],"WebPage":[]},"graphName":"Article","isEnabled":true},"graphs":[]},"schema_type":"default","schema_type_options":null,"pillar_content":false,"robots_default":true,"robots_noindex":false,"robots_noarchive":false,"robots_nosnippet":false,"robots_nofollow":false,"robots_noimageindex":false,"robots_noodp":false,"robots_notranslate":false,"robots_max_snippet":"-1","robots_max_videopreview":"-1","robots_max_imagepreview":"large","priority":null,"frequency":"default","location":null,"local_seo":null,"seo_analyzer_scan_date":"2026-03-20 02:43:11","breadcrumb_settings":null,"limit_modified_date":false,"open_ai":null,"ai":{"faqs":[],"keyPoints":[],"titles":[],"descriptions":[],"socialPosts":{"email":[],"linkedin":[],"twitter":[],"facebook":[],"instagram":[]}},"created":"2026-03-20 01:40:52","updated":"2026-03-20 02:43:22"},"aioseo_breadcrumb":"<div class=\"aioseo-breadcrumbs\"><span class=\"aioseo-breadcrumb\">\n\t<a href=\"https:\/\/eldigitaldeasturias.com\/magazine365\" title=\"Home\">Home<\/a>\n<\/span><span class=\"aioseo-breadcrumb-separator\">\u2013<\/span><span class=\"aioseo-breadcrumb\">\n\t<a href=\"https:\/\/eldigitaldeasturias.com\/magazine365\/category\/canal-empresas\/\" title=\"Canal Empresas\">Canal Empresas<\/a>\n<\/span><span class=\"aioseo-breadcrumb-separator\">\u2013<\/span><span class=\"aioseo-breadcrumb\">\n\t<a href=\"https:\/\/eldigitaldeasturias.com\/magazine365\/equipos-mas-preparados-gracias-a-la-formacion-interna\/\" title=\"Equipos m\u00e1s preparados gracias a la formaci\u00f3n interna\">Equipos m\u00e1s preparados gracias a la formaci\u00f3n interna<\/a>\n<\/span><\/div>","aioseo_breadcrumb_json":[{"label":"Home","link":"https:\/\/eldigitaldeasturias.com\/magazine365"},{"label":"Canal Empresas","link":"https:\/\/eldigitaldeasturias.com\/magazine365\/category\/canal-empresas\/"},{"label":"Equipos m\u00e1s preparados gracias a la formaci\u00f3n interna","link":"https:\/\/eldigitaldeasturias.com\/magazine365\/equipos-mas-preparados-gracias-a-la-formacion-interna\/"}],"_links":{"self":[{"href":"https:\/\/eldigitaldeasturias.com\/magazine365\/wp-json\/wp\/v2\/posts\/112362","targetHints":{"allow":["GET"]}}],"collection":[{"href":"https:\/\/eldigitaldeasturias.com\/magazine365\/wp-json\/wp\/v2\/posts"}],"about":[{"href":"https:\/\/eldigitaldeasturias.com\/magazine365\/wp-json\/wp\/v2\/types\/post"}],"author":[{"embeddable":true,"href":"https:\/\/eldigitaldeasturias.com\/magazine365\/wp-json\/wp\/v2\/users\/1"}],"replies":[{"embeddable":true,"href":"https:\/\/eldigitaldeasturias.com\/magazine365\/wp-json\/wp\/v2\/comments?post=112362"}],"version-history":[{"count":0,"href":"https:\/\/eldigitaldeasturias.com\/magazine365\/wp-json\/wp\/v2\/posts\/112362\/revisions"}],"wp:featuredmedia":[{"embeddable":true,"href":"https:\/\/eldigitaldeasturias.com\/magazine365\/wp-json\/wp\/v2\/media\/112364"}],"wp:attachment":[{"href":"https:\/\/eldigitaldeasturias.com\/magazine365\/wp-json\/wp\/v2\/media?parent=112362"}],"wp:term":[{"taxonomy":"category","embeddable":true,"href":"https:\/\/eldigitaldeasturias.com\/magazine365\/wp-json\/wp\/v2\/categories?post=112362"},{"taxonomy":"post_tag","embeddable":true,"href":"https:\/\/eldigitaldeasturias.com\/magazine365\/wp-json\/wp\/v2\/tags?post=112362"}],"curies":[{"name":"wp","href":"https:\/\/api.w.org\/{rel}","templated":true}]}}