{"id":112327,"date":"2026-03-17T00:21:58","date_gmt":"2026-03-16T23:21:58","guid":{"rendered":"https:\/\/eldigitaldeasturias.com\/magazine365\/?p=112327"},"modified":"2026-03-17T00:21:58","modified_gmt":"2026-03-16T23:21:58","slug":"prendas-basicas-que-no-pueden-faltar-en-primavera","status":"publish","type":"post","link":"https:\/\/eldigitaldeasturias.com\/magazine365\/prendas-basicas-que-no-pueden-faltar-en-primavera\/","title":{"rendered":"Prendas b\u00e1sicas que no pueden faltar en primavera"},"content":{"rendered":"<p data-start=\"251\" data-end=\"573\">La llegada de la primavera marca uno de los momentos m\u00e1s interesantes del a\u00f1o para el estilo personal. Las temperaturas comienzan a subir, los d\u00edas se alargan y el armario cambia de protagonismo. <strong>Es el momento de dejar atr\u00e1s las prendas m\u00e1s pesadas del invierno y apostar por ropa m\u00e1s ligera, vers\u00e1til y f\u00e1cil de combinar.<\/strong><\/p>\n<figure id=\"attachment_112328\" aria-describedby=\"caption-attachment-112328\" style=\"width: 650px\" class=\"wp-caption aligncenter\"><img fetchpriority=\"high\" decoding=\"async\" class=\"size-large wp-image-112328\" src=\"https:\/\/eldigitaldeasturias.com\/magazine365\/wp-content\/uploads\/2026\/03\/Prendas-basicas-que-no-pueden-faltar-en-primavera-650x435.jpg\" alt=\"Prendas b\u00e1sicas que no pueden faltar en primavera\" width=\"650\" height=\"435\" srcset=\"https:\/\/eldigitaldeasturias.com\/magazine365\/wp-content\/uploads\/2026\/03\/Prendas-basicas-que-no-pueden-faltar-en-primavera-650x435.jpg 650w, https:\/\/eldigitaldeasturias.com\/magazine365\/wp-content\/uploads\/2026\/03\/Prendas-basicas-que-no-pueden-faltar-en-primavera-360x241.jpg 360w, https:\/\/eldigitaldeasturias.com\/magazine365\/wp-content\/uploads\/2026\/03\/Prendas-basicas-que-no-pueden-faltar-en-primavera-768x513.jpg 768w, https:\/\/eldigitaldeasturias.com\/magazine365\/wp-content\/uploads\/2026\/03\/Prendas-basicas-que-no-pueden-faltar-en-primavera-150x100.jpg 150w, https:\/\/eldigitaldeasturias.com\/magazine365\/wp-content\/uploads\/2026\/03\/Prendas-basicas-que-no-pueden-faltar-en-primavera-450x301.jpg 450w, https:\/\/eldigitaldeasturias.com\/magazine365\/wp-content\/uploads\/2026\/03\/Prendas-basicas-que-no-pueden-faltar-en-primavera-1200x802.jpg 1200w, https:\/\/eldigitaldeasturias.com\/magazine365\/wp-content\/uploads\/2026\/03\/Prendas-basicas-que-no-pueden-faltar-en-primavera.jpg 1246w\" sizes=\"(max-width: 650px) 100vw, 650px\" \/><figcaption id=\"caption-attachment-112328\" class=\"wp-caption-text\">Foto: .123rf.com<\/figcaption><\/figure>\n<p data-start=\"575\" data-end=\"849\">Tener claro qu\u00e9 piezas funcionan mejor durante esta estaci\u00f3n ayuda a vestirse con m\u00e1s facilidad cada ma\u00f1ana. Adem\u00e1s, permite construir conjuntos c\u00f3modos y equilibrados para distintas situaciones del d\u00eda a d\u00eda, desde jornadas de trabajo hasta planes informales al aire libre.<\/p>\n<p data-start=\"851\" data-end=\"964\">Estas son algunas de las <strong data-start=\"876\" data-end=\"963\"><a href=\"https:\/\/eldigitaldeasturias.com\/magazine365\/category\/moda\/\"><span style=\"color: #ff6600;\">prendas que suelen convertirse en imprescindibles<\/span><\/a> en cualquier armario de primavera<\/strong>.<\/p>\n<h2 data-section-id=\"mlwvxs\" data-start=\"971\" data-end=\"1014\">Chaqueta ligera para los d\u00edas variables<\/h2>\n<p data-start=\"1016\" data-end=\"1132\">La primavera es conocida por su clima cambiante. Las ma\u00f1anas pueden ser frescas y las tardes bastante m\u00e1s templadas.<\/p>\n<p data-start=\"1134\" data-end=\"1312\">Por eso, una <strong data-start=\"1147\" data-end=\"1166\">chaqueta ligera<\/strong> es una de las piezas m\u00e1s \u00fatiles de la temporada. Funciona como capa intermedia y permite adaptar el look f\u00e1cilmente cuando la temperatura cambia.<\/p>\n<p data-start=\"1314\" data-end=\"1405\">Se puede llevar con camisetas, camisas o incluso con prendas m\u00e1s formales seg\u00fan la ocasi\u00f3n.<\/p>\n<h2 data-section-id=\"1463iss\" data-start=\"1412\" data-end=\"1454\">Camisa vers\u00e1til para distintos estilos<\/h2>\n<p data-start=\"1456\" data-end=\"1607\">La camisa es una de las prendas que m\u00e1s juego da durante la primavera. Puede utilizarse en contextos m\u00e1s formales, pero tambi\u00e9n en conjuntos relajados.<\/p>\n<p data-start=\"1609\" data-end=\"1799\">Una camisa bien elegida funciona con pantalones, faldas o incluso sobre camisetas en looks m\u00e1s informales. Su versatilidad permite usarla tanto en el trabajo como en planes de fin de semana.<\/p>\n<h2 data-section-id=\"oqq9cn\" data-start=\"1806\" data-end=\"1846\">Pantalones c\u00f3modos para el d\u00eda a d\u00eda<\/h2>\n<p data-start=\"1848\" data-end=\"1937\">Durante esta estaci\u00f3n muchas personas empiezan a dejar de lado tejidos demasiado gruesos.<\/p>\n<p data-start=\"1939\" data-end=\"2101\">Los <strong data-start=\"1943\" data-end=\"1965\">pantalones ligeros<\/strong> permiten mantener un look cuidado sin perder comodidad. Funcionan bien con distintos tipos de calzado y se adaptan a m\u00faltiples estilos.<\/p>\n<p data-start=\"2103\" data-end=\"2186\">Elegir cortes atemporales facilita que puedan utilizarse durante varias temporadas.<\/p>\n<h2 data-section-id=\"tj0cah\" data-start=\"2193\" data-end=\"2234\">Camisetas b\u00e1sicas f\u00e1ciles de combinar<\/h2>\n<p data-start=\"2236\" data-end=\"2319\">Las camisetas son una de las prendas m\u00e1s pr\u00e1cticas de cualquier armario primaveral.<\/p>\n<p data-start=\"2321\" data-end=\"2513\">Funcionan como base para numerosos conjuntos y permiten crear combinaciones r\u00e1pidas sin complicaciones. Tener varias opciones en colores neutros facilita mucho el proceso de vestirse cada d\u00eda.<\/p>\n<p data-start=\"2515\" data-end=\"2602\">Adem\u00e1s, se pueden combinar con chaquetas, camisas abiertas o prendas m\u00e1s estructuradas.<\/p>\n<h2 data-section-id=\"1yxbnpw\" data-start=\"2609\" data-end=\"2639\">Vestidos o prendas ligeras<\/h2>\n<p data-start=\"2641\" data-end=\"2782\">Cuando las temperaturas suben ligeramente, muchas personas empiezan a incorporar <strong data-start=\"2722\" data-end=\"2745\">prendas m\u00e1s ligeras<\/strong> que resultan c\u00f3modas durante el d\u00eda.<\/p>\n<p data-start=\"2784\" data-end=\"2967\">Estas piezas suelen funcionar bien en planes informales, paseos o encuentros sociales. Tambi\u00e9n pueden adaptarse f\u00e1cilmente a distintas ocasiones cambiando el calzado o los accesorios.<\/p>\n<h2 data-section-id=\"13oc3lz\" data-start=\"2974\" data-end=\"3009\">Calzado c\u00f3modo para caminar m\u00e1s<\/h2>\n<p data-start=\"3011\" data-end=\"3064\">La primavera invita a pasar m\u00e1s tiempo fuera de casa.<\/p>\n<p data-start=\"3066\" data-end=\"3260\">Por eso, elegir <strong data-start=\"3082\" data-end=\"3111\">calzado c\u00f3modo y vers\u00e1til<\/strong> es fundamental. Un buen par de zapatos que combine con distintos conjuntos puede convertirse en uno de los elementos m\u00e1s utilizados de la temporada.<\/p>\n<p data-start=\"3262\" data-end=\"3337\">Lo ideal es que funcione tanto con pantalones como con prendas m\u00e1s ligeras.<\/p>\n<h2 data-section-id=\"1i4xv9u\" data-start=\"3344\" data-end=\"3371\">Prendas de punto ligero<\/h2>\n<p data-start=\"3373\" data-end=\"3449\">El punto fino es perfecto para los d\u00edas en los que a\u00fan refresca ligeramente.<\/p>\n<p data-start=\"3451\" data-end=\"3603\">Este tipo de prendas permite a\u00f1adir una capa sin aportar demasiado peso al conjunto. Adem\u00e1s, combina bien con camisetas, camisas o incluso con vestidos.<\/p>\n<h2 data-section-id=\"1ck1qdx\" data-start=\"3610\" data-end=\"3646\">Accesorios que completan el look<\/h2>\n<p data-start=\"3648\" data-end=\"3719\">Los accesorios comienzan a tener m\u00e1s protagonismo durante la primavera.<\/p>\n<p data-start=\"3721\" data-end=\"3841\">Un cintur\u00f3n, unas gafas de sol o un bolso pr\u00e1ctico pueden transformar un conjunto sencillo en un look mucho m\u00e1s cuidado.<\/p>\n<p data-start=\"3843\" data-end=\"3922\">La clave est\u00e1 en elegir piezas que funcionen con distintos estilos del armario.<\/p>\n<h3 data-section-id=\"1xszq2p\" data-start=\"3929\" data-end=\"3954\">Colores m\u00e1s luminosos<\/h3>\n<p data-start=\"3956\" data-end=\"4032\">La <a href=\"https:\/\/candas365.es\/noticias\/category\/turismo\/\"><span style=\"color: #ff6600;\"><strong>primavera<\/strong><\/span><\/a> tambi\u00e9n suele traer una paleta de colores m\u00e1s clara y luminosa.<\/p>\n<p data-start=\"4034\" data-end=\"4175\">Incorporar algunos tonos frescos ayuda a dar un aire renovado al armario sin necesidad de cambiar completamente las prendas que ya se tienen.<\/p>\n<p data-start=\"4177\" data-end=\"4263\">Muchas veces basta con a\u00f1adir algunos detalles o piezas nuevas para lograr ese efecto.<\/p>\n<h2 data-section-id=\"1aeph2z\" data-start=\"4270\" data-end=\"4306\">Un armario m\u00e1s ligero y pr\u00e1ctico<\/h2>\n<p data-start=\"4308\" data-end=\"4426\">La primavera es una excelente oportunidad para simplificar el armario y apostar por prendas que realmente se utilicen.<\/p>\n<p data-start=\"4428\" data-end=\"4656\">Elegir piezas vers\u00e1tiles, f\u00e1ciles de combinar y c\u00f3modas para el d\u00eda a d\u00eda permite construir conjuntos con menos esfuerzo. Con unas cuantas prendas bien seleccionadas, vestirse durante esta temporada se vuelve mucho m\u00e1s sencillo.<\/p>\n<p data-start=\"4428\" data-end=\"4656\">\n","protected":false},"excerpt":{"rendered":"<p>La llegada de la primavera marca uno de los momentos m\u00e1s interesantes del a\u00f1o para el estilo personal. Las temperaturas comienzan a subir, los d\u00edas se alargan y el armario cambia de protagonismo. Es el momento de dejar atr\u00e1s las prendas m\u00e1s pesadas del invierno y apostar por ropa m\u00e1s ligera, vers\u00e1til y f\u00e1cil de<\/p>\n","protected":false},"author":1,"featured_media":112328,"comment_status":"closed","ping_status":"closed","sticky":false,"template":"","format":"standard","meta":{"footnotes":""},"categories":[228,225],"tags":[361],"class_list":{"0":"post-112327","1":"post","2":"type-post","3":"status-publish","4":"format-standard","5":"has-post-thumbnail","7":"category-destacadas","8":"category-moda","9":"tag-moda"},"aioseo_notices":[],"aioseo_head":"\n\t\t<!-- All in One SEO Pro 4.9.6.1 - aioseo.com -->\n\t<meta name=\"description\" content=\"La llegada de la primavera marca uno de los momentos m\u00e1s interesantes del a\u00f1o para el estilo personal. Las temperaturas comienzan a subir, los d\u00edas se alargan\" \/>\n\t<meta name=\"robots\" content=\"max-image-preview:large\" \/>\n\t<meta name=\"author\" content=\"admin\"\/>\n\t<meta name=\"google-site-verification\" content=\"UA-38556648-1\" \/>\n\t<meta name=\"keywords\" content=\"moda,destacadas\" \/>\n\t<link rel=\"canonical\" href=\"https:\/\/eldigitaldeasturias.com\/magazine365\/prendas-basicas-que-no-pueden-faltar-en-primavera\/\" \/>\n\t<meta name=\"generator\" content=\"All in One SEO Pro (AIOSEO) 4.9.6.1\" \/>\n\t\t<meta property=\"og:locale\" content=\"es_ES\" \/>\n\t\t<meta property=\"og:site_name\" content=\"El Digital de Asturias \u2013 Revista de ocio, turismo y estilo de vida\" \/>\n\t\t<meta property=\"og:type\" content=\"article\" \/>\n\t\t<meta property=\"og:title\" content=\"Prendas b\u00e1sicas que no pueden faltar en primavera | El Digital de Asturias\" \/>\n\t\t<meta property=\"og:description\" content=\"La llegada de la primavera marca uno de los momentos m\u00e1s interesantes del a\u00f1o para el estilo personal. Las temperaturas comienzan a subir, los d\u00edas se alargan\" \/>\n\t\t<meta property=\"og:url\" content=\"https:\/\/eldigitaldeasturias.com\/magazine365\/prendas-basicas-que-no-pueden-faltar-en-primavera\/\" \/>\n\t\t<meta property=\"og:image\" content=\"https:\/\/eldigitaldeasturias.com\/magazine365\/wp-content\/uploads\/2026\/03\/Prendas-basicas-que-no-pueden-faltar-en-primavera.jpg\" \/>\n\t\t<meta property=\"og:image:secure_url\" content=\"https:\/\/eldigitaldeasturias.com\/magazine365\/wp-content\/uploads\/2026\/03\/Prendas-basicas-que-no-pueden-faltar-en-primavera.jpg\" \/>\n\t\t<meta property=\"og:image:width\" content=\"1246\" \/>\n\t\t<meta property=\"og:image:height\" content=\"833\" \/>\n\t\t<meta property=\"article:published_time\" content=\"2026-03-16T23:21:58+00:00\" \/>\n\t\t<meta property=\"article:modified_time\" content=\"2026-03-16T23:21:58+00:00\" \/>\n\t\t<meta name=\"twitter:card\" content=\"summary_large_image\" \/>\n\t\t<meta name=\"twitter:title\" content=\"Prendas b\u00e1sicas que no pueden faltar en primavera | El Digital de Asturias\" \/>\n\t\t<meta name=\"twitter:description\" content=\"La llegada de la primavera marca uno de los momentos m\u00e1s interesantes del a\u00f1o para el estilo personal. Las temperaturas comienzan a subir, los d\u00edas se alargan\" \/>\n\t\t<meta name=\"twitter:image\" content=\"https:\/\/eldigitaldeasturias.com\/magazine365\/wp-content\/uploads\/2026\/03\/Prendas-basicas-que-no-pueden-faltar-en-primavera.jpg\" \/>\n\t\t<script type=\"application\/ld+json\" class=\"aioseo-schema\">\n\t\t\t{\"@context\":\"https:\\\/\\\/schema.org\",\"@graph\":[{\"@type\":\"Article\",\"@id\":\"https:\\\/\\\/eldigitaldeasturias.com\\\/magazine365\\\/prendas-basicas-que-no-pueden-faltar-en-primavera\\\/#article\",\"name\":\"Prendas b\\u00e1sicas que no pueden faltar en primavera | El Digital de Asturias\",\"headline\":\"Prendas b\\u00e1sicas que no pueden faltar en primavera\",\"author\":{\"@id\":\"https:\\\/\\\/eldigitaldeasturias.com\\\/magazine365\\\/author\\\/admin\\\/#author\"},\"publisher\":{\"@id\":\"https:\\\/\\\/eldigitaldeasturias.com\\\/magazine365\\\/#organization\"},\"image\":{\"@type\":\"ImageObject\",\"url\":\"https:\\\/\\\/eldigitaldeasturias.com\\\/magazine365\\\/wp-content\\\/uploads\\\/2026\\\/03\\\/Prendas-basicas-que-no-pueden-faltar-en-primavera.jpg\",\"width\":1246,\"height\":833,\"caption\":\"Foto: .123rf.com\"},\"datePublished\":\"2026-03-17T00:21:58+01:00\",\"dateModified\":\"2026-03-17T00:21:58+01:00\",\"inLanguage\":\"es-ES\",\"mainEntityOfPage\":{\"@id\":\"https:\\\/\\\/eldigitaldeasturias.com\\\/magazine365\\\/prendas-basicas-que-no-pueden-faltar-en-primavera\\\/#webpage\"},\"isPartOf\":{\"@id\":\"https:\\\/\\\/eldigitaldeasturias.com\\\/magazine365\\\/prendas-basicas-que-no-pueden-faltar-en-primavera\\\/#webpage\"},\"articleSection\":\"Destacadas, Moda, moda\"},{\"@type\":\"BreadcrumbList\",\"@id\":\"https:\\\/\\\/eldigitaldeasturias.com\\\/magazine365\\\/prendas-basicas-que-no-pueden-faltar-en-primavera\\\/#breadcrumblist\",\"itemListElement\":[{\"@type\":\"ListItem\",\"@id\":\"https:\\\/\\\/eldigitaldeasturias.com\\\/magazine365#listItem\",\"position\":1,\"name\":\"Home\",\"item\":\"https:\\\/\\\/eldigitaldeasturias.com\\\/magazine365\",\"nextItem\":{\"@type\":\"ListItem\",\"@id\":\"https:\\\/\\\/eldigitaldeasturias.com\\\/magazine365\\\/category\\\/moda\\\/#listItem\",\"name\":\"Moda\"}},{\"@type\":\"ListItem\",\"@id\":\"https:\\\/\\\/eldigitaldeasturias.com\\\/magazine365\\\/category\\\/moda\\\/#listItem\",\"position\":2,\"name\":\"Moda\",\"item\":\"https:\\\/\\\/eldigitaldeasturias.com\\\/magazine365\\\/category\\\/moda\\\/\",\"nextItem\":{\"@type\":\"ListItem\",\"@id\":\"https:\\\/\\\/eldigitaldeasturias.com\\\/magazine365\\\/prendas-basicas-que-no-pueden-faltar-en-primavera\\\/#listItem\",\"name\":\"Prendas b\\u00e1sicas que no pueden faltar en primavera\"},\"previousItem\":{\"@type\":\"ListItem\",\"@id\":\"https:\\\/\\\/eldigitaldeasturias.com\\\/magazine365#listItem\",\"name\":\"Home\"}},{\"@type\":\"ListItem\",\"@id\":\"https:\\\/\\\/eldigitaldeasturias.com\\\/magazine365\\\/prendas-basicas-que-no-pueden-faltar-en-primavera\\\/#listItem\",\"position\":3,\"name\":\"Prendas b\\u00e1sicas que no pueden faltar en primavera\",\"previousItem\":{\"@type\":\"ListItem\",\"@id\":\"https:\\\/\\\/eldigitaldeasturias.com\\\/magazine365\\\/category\\\/moda\\\/#listItem\",\"name\":\"Moda\"}}]},{\"@type\":\"Organization\",\"@id\":\"https:\\\/\\\/eldigitaldeasturias.com\\\/magazine365\\\/#organization\",\"name\":\"El digital de Asturias\",\"description\":\"Revista de ocio, turismo y estilo de vida\",\"url\":\"https:\\\/\\\/eldigitaldeasturias.com\\\/magazine365\\\/\",\"logo\":{\"@type\":\"ImageObject\",\"url\":\"https:\\\/\\\/www.eldigitaldeasturias.com\\\/noticias\\\/wp-content\\\/uploads\\\/2020\\\/12\\\/EDA.jpg\",\"@id\":\"https:\\\/\\\/eldigitaldeasturias.com\\\/magazine365\\\/prendas-basicas-que-no-pueden-faltar-en-primavera\\\/#organizationLogo\"},\"image\":{\"@id\":\"https:\\\/\\\/eldigitaldeasturias.com\\\/magazine365\\\/prendas-basicas-que-no-pueden-faltar-en-primavera\\\/#organizationLogo\"}},{\"@type\":\"Person\",\"@id\":\"https:\\\/\\\/eldigitaldeasturias.com\\\/magazine365\\\/author\\\/admin\\\/#author\",\"url\":\"https:\\\/\\\/eldigitaldeasturias.com\\\/magazine365\\\/author\\\/admin\\\/\",\"name\":\"admin\",\"image\":{\"@type\":\"ImageObject\",\"@id\":\"https:\\\/\\\/eldigitaldeasturias.com\\\/magazine365\\\/prendas-basicas-que-no-pueden-faltar-en-primavera\\\/#authorImage\",\"url\":\"https:\\\/\\\/eldigitaldeasturias.com\\\/magazine365\\\/wp-content\\\/litespeed\\\/avatar\\\/e571bcf59a0edd6fa6838245a470f2fe.jpg?ver=1776969259\",\"width\":96,\"height\":96,\"caption\":\"admin\"}},{\"@type\":\"WebPage\",\"@id\":\"https:\\\/\\\/eldigitaldeasturias.com\\\/magazine365\\\/prendas-basicas-que-no-pueden-faltar-en-primavera\\\/#webpage\",\"url\":\"https:\\\/\\\/eldigitaldeasturias.com\\\/magazine365\\\/prendas-basicas-que-no-pueden-faltar-en-primavera\\\/\",\"name\":\"Prendas b\\u00e1sicas que no pueden faltar en primavera | El Digital de Asturias\",\"description\":\"La llegada de la primavera marca uno de los momentos m\\u00e1s interesantes del a\\u00f1o para el estilo personal. Las temperaturas comienzan a subir, los d\\u00edas se alargan\",\"inLanguage\":\"es-ES\",\"isPartOf\":{\"@id\":\"https:\\\/\\\/eldigitaldeasturias.com\\\/magazine365\\\/#website\"},\"breadcrumb\":{\"@id\":\"https:\\\/\\\/eldigitaldeasturias.com\\\/magazine365\\\/prendas-basicas-que-no-pueden-faltar-en-primavera\\\/#breadcrumblist\"},\"author\":{\"@id\":\"https:\\\/\\\/eldigitaldeasturias.com\\\/magazine365\\\/author\\\/admin\\\/#author\"},\"creator\":{\"@id\":\"https:\\\/\\\/eldigitaldeasturias.com\\\/magazine365\\\/author\\\/admin\\\/#author\"},\"image\":{\"@type\":\"ImageObject\",\"url\":\"https:\\\/\\\/eldigitaldeasturias.com\\\/magazine365\\\/wp-content\\\/uploads\\\/2026\\\/03\\\/Prendas-basicas-que-no-pueden-faltar-en-primavera.jpg\",\"@id\":\"https:\\\/\\\/eldigitaldeasturias.com\\\/magazine365\\\/prendas-basicas-que-no-pueden-faltar-en-primavera\\\/#mainImage\",\"width\":1246,\"height\":833,\"caption\":\"Foto: .123rf.com\"},\"primaryImageOfPage\":{\"@id\":\"https:\\\/\\\/eldigitaldeasturias.com\\\/magazine365\\\/prendas-basicas-que-no-pueden-faltar-en-primavera\\\/#mainImage\"},\"datePublished\":\"2026-03-17T00:21:58+01:00\",\"dateModified\":\"2026-03-17T00:21:58+01:00\"},{\"@type\":\"WebSite\",\"@id\":\"https:\\\/\\\/eldigitaldeasturias.com\\\/magazine365\\\/#website\",\"url\":\"https:\\\/\\\/eldigitaldeasturias.com\\\/magazine365\\\/\",\"name\":\"El Digital de Asturias\",\"description\":\"Revista de ocio, turismo y estilo de vida\",\"inLanguage\":\"es-ES\",\"publisher\":{\"@id\":\"https:\\\/\\\/eldigitaldeasturias.com\\\/magazine365\\\/#organization\"}}]}\n\t\t<\/script>\n\t\t<!-- All in One SEO Pro -->\r\n\t\t<title>Prendas b\u00e1sicas que no pueden faltar en primavera | El Digital de Asturias<\/title>\n\n","aioseo_head_json":{"title":"Prendas b\u00e1sicas que no pueden faltar en primavera | El Digital de Asturias","description":"La llegada de la primavera marca uno de los momentos m\u00e1s interesantes del a\u00f1o para el estilo personal. Las temperaturas comienzan a subir, los d\u00edas se alargan","canonical_url":"https:\/\/eldigitaldeasturias.com\/magazine365\/prendas-basicas-que-no-pueden-faltar-en-primavera\/","robots":"max-image-preview:large","keywords":"moda,destacadas","webmasterTools":{"google-site-verification":"UA-38556648-1","miscellaneous":""},"schema":{"@context":"https:\/\/schema.org","@graph":[{"@type":"Article","@id":"https:\/\/eldigitaldeasturias.com\/magazine365\/prendas-basicas-que-no-pueden-faltar-en-primavera\/#article","name":"Prendas b\u00e1sicas que no pueden faltar en primavera | El Digital de Asturias","headline":"Prendas b\u00e1sicas que no pueden faltar en primavera","author":{"@id":"https:\/\/eldigitaldeasturias.com\/magazine365\/author\/admin\/#author"},"publisher":{"@id":"https:\/\/eldigitaldeasturias.com\/magazine365\/#organization"},"image":{"@type":"ImageObject","url":"https:\/\/eldigitaldeasturias.com\/magazine365\/wp-content\/uploads\/2026\/03\/Prendas-basicas-que-no-pueden-faltar-en-primavera.jpg","width":1246,"height":833,"caption":"Foto: .123rf.com"},"datePublished":"2026-03-17T00:21:58+01:00","dateModified":"2026-03-17T00:21:58+01:00","inLanguage":"es-ES","mainEntityOfPage":{"@id":"https:\/\/eldigitaldeasturias.com\/magazine365\/prendas-basicas-que-no-pueden-faltar-en-primavera\/#webpage"},"isPartOf":{"@id":"https:\/\/eldigitaldeasturias.com\/magazine365\/prendas-basicas-que-no-pueden-faltar-en-primavera\/#webpage"},"articleSection":"Destacadas, Moda, moda"},{"@type":"BreadcrumbList","@id":"https:\/\/eldigitaldeasturias.com\/magazine365\/prendas-basicas-que-no-pueden-faltar-en-primavera\/#breadcrumblist","itemListElement":[{"@type":"ListItem","@id":"https:\/\/eldigitaldeasturias.com\/magazine365#listItem","position":1,"name":"Home","item":"https:\/\/eldigitaldeasturias.com\/magazine365","nextItem":{"@type":"ListItem","@id":"https:\/\/eldigitaldeasturias.com\/magazine365\/category\/moda\/#listItem","name":"Moda"}},{"@type":"ListItem","@id":"https:\/\/eldigitaldeasturias.com\/magazine365\/category\/moda\/#listItem","position":2,"name":"Moda","item":"https:\/\/eldigitaldeasturias.com\/magazine365\/category\/moda\/","nextItem":{"@type":"ListItem","@id":"https:\/\/eldigitaldeasturias.com\/magazine365\/prendas-basicas-que-no-pueden-faltar-en-primavera\/#listItem","name":"Prendas b\u00e1sicas que no pueden faltar en primavera"},"previousItem":{"@type":"ListItem","@id":"https:\/\/eldigitaldeasturias.com\/magazine365#listItem","name":"Home"}},{"@type":"ListItem","@id":"https:\/\/eldigitaldeasturias.com\/magazine365\/prendas-basicas-que-no-pueden-faltar-en-primavera\/#listItem","position":3,"name":"Prendas b\u00e1sicas que no pueden faltar en primavera","previousItem":{"@type":"ListItem","@id":"https:\/\/eldigitaldeasturias.com\/magazine365\/category\/moda\/#listItem","name":"Moda"}}]},{"@type":"Organization","@id":"https:\/\/eldigitaldeasturias.com\/magazine365\/#organization","name":"El digital de Asturias","description":"Revista de ocio, turismo y estilo de vida","url":"https:\/\/eldigitaldeasturias.com\/magazine365\/","logo":{"@type":"ImageObject","url":"https:\/\/www.eldigitaldeasturias.com\/noticias\/wp-content\/uploads\/2020\/12\/EDA.jpg","@id":"https:\/\/eldigitaldeasturias.com\/magazine365\/prendas-basicas-que-no-pueden-faltar-en-primavera\/#organizationLogo"},"image":{"@id":"https:\/\/eldigitaldeasturias.com\/magazine365\/prendas-basicas-que-no-pueden-faltar-en-primavera\/#organizationLogo"}},{"@type":"Person","@id":"https:\/\/eldigitaldeasturias.com\/magazine365\/author\/admin\/#author","url":"https:\/\/eldigitaldeasturias.com\/magazine365\/author\/admin\/","name":"admin","image":{"@type":"ImageObject","@id":"https:\/\/eldigitaldeasturias.com\/magazine365\/prendas-basicas-que-no-pueden-faltar-en-primavera\/#authorImage","url":"https:\/\/eldigitaldeasturias.com\/magazine365\/wp-content\/litespeed\/avatar\/e571bcf59a0edd6fa6838245a470f2fe.jpg?ver=1776969259","width":96,"height":96,"caption":"admin"}},{"@type":"WebPage","@id":"https:\/\/eldigitaldeasturias.com\/magazine365\/prendas-basicas-que-no-pueden-faltar-en-primavera\/#webpage","url":"https:\/\/eldigitaldeasturias.com\/magazine365\/prendas-basicas-que-no-pueden-faltar-en-primavera\/","name":"Prendas b\u00e1sicas que no pueden faltar en primavera | El Digital de Asturias","description":"La llegada de la primavera marca uno de los momentos m\u00e1s interesantes del a\u00f1o para el estilo personal. Las temperaturas comienzan a subir, los d\u00edas se alargan","inLanguage":"es-ES","isPartOf":{"@id":"https:\/\/eldigitaldeasturias.com\/magazine365\/#website"},"breadcrumb":{"@id":"https:\/\/eldigitaldeasturias.com\/magazine365\/prendas-basicas-que-no-pueden-faltar-en-primavera\/#breadcrumblist"},"author":{"@id":"https:\/\/eldigitaldeasturias.com\/magazine365\/author\/admin\/#author"},"creator":{"@id":"https:\/\/eldigitaldeasturias.com\/magazine365\/author\/admin\/#author"},"image":{"@type":"ImageObject","url":"https:\/\/eldigitaldeasturias.com\/magazine365\/wp-content\/uploads\/2026\/03\/Prendas-basicas-que-no-pueden-faltar-en-primavera.jpg","@id":"https:\/\/eldigitaldeasturias.com\/magazine365\/prendas-basicas-que-no-pueden-faltar-en-primavera\/#mainImage","width":1246,"height":833,"caption":"Foto: .123rf.com"},"primaryImageOfPage":{"@id":"https:\/\/eldigitaldeasturias.com\/magazine365\/prendas-basicas-que-no-pueden-faltar-en-primavera\/#mainImage"},"datePublished":"2026-03-17T00:21:58+01:00","dateModified":"2026-03-17T00:21:58+01:00"},{"@type":"WebSite","@id":"https:\/\/eldigitaldeasturias.com\/magazine365\/#website","url":"https:\/\/eldigitaldeasturias.com\/magazine365\/","name":"El Digital de Asturias","description":"Revista de ocio, turismo y estilo de vida","inLanguage":"es-ES","publisher":{"@id":"https:\/\/eldigitaldeasturias.com\/magazine365\/#organization"}}]},"og:locale":"es_ES","og:site_name":"El Digital de Asturias \u2013 Revista de ocio, turismo y estilo de vida","og:type":"article","og:title":"Prendas b\u00e1sicas que no pueden faltar en primavera | El Digital de Asturias","og:description":"La llegada de la primavera marca uno de los momentos m\u00e1s interesantes del a\u00f1o para el estilo personal. Las temperaturas comienzan a subir, los d\u00edas se alargan","og:url":"https:\/\/eldigitaldeasturias.com\/magazine365\/prendas-basicas-que-no-pueden-faltar-en-primavera\/","og:image":"https:\/\/eldigitaldeasturias.com\/magazine365\/wp-content\/uploads\/2026\/03\/Prendas-basicas-que-no-pueden-faltar-en-primavera.jpg","og:image:secure_url":"https:\/\/eldigitaldeasturias.com\/magazine365\/wp-content\/uploads\/2026\/03\/Prendas-basicas-que-no-pueden-faltar-en-primavera.jpg","og:image:width":1246,"og:image:height":833,"article:published_time":"2026-03-16T23:21:58+00:00","article:modified_time":"2026-03-16T23:21:58+00:00","twitter:card":"summary_large_image","twitter:title":"Prendas b\u00e1sicas que no pueden faltar en primavera | El Digital de Asturias","twitter:description":"La llegada de la primavera marca uno de los momentos m\u00e1s interesantes del a\u00f1o para el estilo personal. Las temperaturas comienzan a subir, los d\u00edas se alargan","twitter:image":"https:\/\/eldigitaldeasturias.com\/magazine365\/wp-content\/uploads\/2026\/03\/Prendas-basicas-que-no-pueden-faltar-en-primavera.jpg"},"aioseo_meta_data":{"post_id":"112327","title":null,"description":"La llegada de la primavera marca uno de los momentos m\u00e1s interesantes del a\u00f1o para el estilo personal. Las temperaturas comienzan a subir, los d\u00edas se alargan","keywords":null,"keyphrases":{"focus":{"keyphrase":"primavera","score":91,"analysis":{"keyphraseInTitle":{"score":9,"maxScore":9,"error":0},"keyphraseInDescription":{"score":9,"maxScore":9,"error":0},"keyphraseLength":{"score":9,"maxScore":9,"error":0,"length":1},"keyphraseInURL":{"score":5,"maxScore":5,"error":0},"keyphraseInIntroduction":{"score":9,"maxScore":9,"error":0},"keyphraseInSubHeadings":{"score":3,"maxScore":9,"error":1},"keyphraseInImageAlt":{"score":9,"maxScore":9,"error":0},"keywordDensity":{"type":"best","score":9,"maxScore":9,"error":0}}},"additional":[{"keyphrase":"primavera","score":100,"analysis":{"keyphraseInDescription":{"score":9,"maxScore":9,"error":0},"keyphraseLength":{"score":9,"maxScore":9,"error":0,"length":1},"keyphraseInIntroduction":{"score":9,"maxScore":9,"error":0},"keyphraseInImageAlt":{"score":9,"maxScore":9,"error":0},"keywordDensity":{"type":"best","score":9,"maxScore":9,"error":0}}}]},"primary_term":null,"canonical_url":null,"og_title":null,"og_description":null,"og_object_type":"default","og_image_type":"default","og_image_url":null,"og_image_width":null,"og_image_height":null,"og_image_custom_url":null,"og_image_custom_fields":null,"og_video":"","og_custom_url":null,"og_article_section":null,"og_article_tags":null,"twitter_use_og":false,"twitter_card":"default","twitter_image_type":"default","twitter_image_url":null,"twitter_image_custom_url":null,"twitter_image_custom_fields":null,"twitter_title":null,"twitter_description":null,"schema":{"blockGraphs":[],"customGraphs":[],"default":{"data":{"Article":[],"Course":[],"Dataset":[],"FAQPage":[],"Movie":[],"Person":[],"Product":[],"ProductReview":[],"Car":[],"Recipe":[],"Service":[],"SoftwareApplication":[],"WebPage":[]},"graphName":"Article","isEnabled":true},"graphs":[]},"schema_type":"default","schema_type_options":null,"pillar_content":false,"robots_default":true,"robots_noindex":false,"robots_noarchive":false,"robots_nosnippet":false,"robots_nofollow":false,"robots_noimageindex":false,"robots_noodp":false,"robots_notranslate":false,"robots_max_snippet":"-1","robots_max_videopreview":"-1","robots_max_imagepreview":"large","priority":null,"frequency":"default","location":null,"local_seo":null,"seo_analyzer_scan_date":"2026-03-16 23:37:59","breadcrumb_settings":null,"limit_modified_date":false,"open_ai":null,"ai":{"faqs":[],"keyPoints":[],"titles":[],"descriptions":[],"socialPosts":{"email":[],"linkedin":[],"twitter":[],"facebook":[],"instagram":[]}},"created":"2026-03-16 23:14:46","updated":"2026-03-16 23:38:05"},"aioseo_breadcrumb":"<div class=\"aioseo-breadcrumbs\"><span class=\"aioseo-breadcrumb\">\n\t<a href=\"https:\/\/eldigitaldeasturias.com\/magazine365\" title=\"Home\">Home<\/a>\n<\/span><span class=\"aioseo-breadcrumb-separator\">\u2013<\/span><span class=\"aioseo-breadcrumb\">\n\t<a href=\"https:\/\/eldigitaldeasturias.com\/magazine365\/category\/moda\/\" title=\"Moda\">Moda<\/a>\n<\/span><span class=\"aioseo-breadcrumb-separator\">\u2013<\/span><span class=\"aioseo-breadcrumb\">\n\t<a href=\"https:\/\/eldigitaldeasturias.com\/magazine365\/prendas-basicas-que-no-pueden-faltar-en-primavera\/\" title=\"Prendas b\u00e1sicas que no pueden faltar en primavera\">Prendas b\u00e1sicas que no pueden faltar en primavera<\/a>\n<\/span><\/div>","aioseo_breadcrumb_json":[{"label":"Home","link":"https:\/\/eldigitaldeasturias.com\/magazine365"},{"label":"Moda","link":"https:\/\/eldigitaldeasturias.com\/magazine365\/category\/moda\/"},{"label":"Prendas b\u00e1sicas que no pueden faltar en primavera","link":"https:\/\/eldigitaldeasturias.com\/magazine365\/prendas-basicas-que-no-pueden-faltar-en-primavera\/"}],"_links":{"self":[{"href":"https:\/\/eldigitaldeasturias.com\/magazine365\/wp-json\/wp\/v2\/posts\/112327","targetHints":{"allow":["GET"]}}],"collection":[{"href":"https:\/\/eldigitaldeasturias.com\/magazine365\/wp-json\/wp\/v2\/posts"}],"about":[{"href":"https:\/\/eldigitaldeasturias.com\/magazine365\/wp-json\/wp\/v2\/types\/post"}],"author":[{"embeddable":true,"href":"https:\/\/eldigitaldeasturias.com\/magazine365\/wp-json\/wp\/v2\/users\/1"}],"replies":[{"embeddable":true,"href":"https:\/\/eldigitaldeasturias.com\/magazine365\/wp-json\/wp\/v2\/comments?post=112327"}],"version-history":[{"count":0,"href":"https:\/\/eldigitaldeasturias.com\/magazine365\/wp-json\/wp\/v2\/posts\/112327\/revisions"}],"wp:featuredmedia":[{"embeddable":true,"href":"https:\/\/eldigitaldeasturias.com\/magazine365\/wp-json\/wp\/v2\/media\/112328"}],"wp:attachment":[{"href":"https:\/\/eldigitaldeasturias.com\/magazine365\/wp-json\/wp\/v2\/media?parent=112327"}],"wp:term":[{"taxonomy":"category","embeddable":true,"href":"https:\/\/eldigitaldeasturias.com\/magazine365\/wp-json\/wp\/v2\/categories?post=112327"},{"taxonomy":"post_tag","embeddable":true,"href":"https:\/\/eldigitaldeasturias.com\/magazine365\/wp-json\/wp\/v2\/tags?post=112327"}],"curies":[{"name":"wp","href":"https:\/\/api.w.org\/{rel}","templated":true}]}}