{"id":112300,"date":"2026-03-09T23:10:13","date_gmt":"2026-03-09T22:10:13","guid":{"rendered":"https:\/\/eldigitaldeasturias.com\/magazine365\/?p=112300"},"modified":"2026-03-09T23:10:13","modified_gmt":"2026-03-09T22:10:13","slug":"cine-de-culto-y-el-regreso-de-la-sala-pequena","status":"publish","type":"post","link":"https:\/\/eldigitaldeasturias.com\/magazine365\/cine-de-culto-y-el-regreso-de-la-sala-pequena\/","title":{"rendered":"Cine de culto y el regreso de la sala peque\u00f1a"},"content":{"rendered":"<p data-start=\"49\" data-end=\"278\">El <a href=\"https:\/\/naberco.es\/category\/cultura\/\" target=\"_blank\" rel=\"noopener\"><span style=\"color: #ff6600;\"><strong data-start=\"52\" data-end=\"69\">cine de culto<\/strong><\/span><\/a> vuelve a ocupar la pantalla de la <strong data-start=\"104\" data-end=\"120\">sala peque\u00f1a<\/strong>, donde proyecciones especiales re\u00fanen a espectadores que buscan ver cl\u00e1sicos y rarezas en pantalla grande. Este circuito revaloriza la experiencia colectiva.<\/p>\n<figure id=\"attachment_112301\" aria-describedby=\"caption-attachment-112301\" style=\"width: 650px\" class=\"wp-caption aligncenter\"><img fetchpriority=\"high\" decoding=\"async\" class=\"size-large wp-image-112301\" src=\"https:\/\/eldigitaldeasturias.com\/magazine365\/wp-content\/uploads\/2026\/03\/Cine-de-culto-y-el-regreso-de-la-sala-pequena-650x449.jpg\" alt=\"Cine de culto y el regreso de la sala peque\u00f1a\" width=\"650\" height=\"449\" srcset=\"https:\/\/eldigitaldeasturias.com\/magazine365\/wp-content\/uploads\/2026\/03\/Cine-de-culto-y-el-regreso-de-la-sala-pequena-650x449.jpg 650w, https:\/\/eldigitaldeasturias.com\/magazine365\/wp-content\/uploads\/2026\/03\/Cine-de-culto-y-el-regreso-de-la-sala-pequena-360x249.jpg 360w, https:\/\/eldigitaldeasturias.com\/magazine365\/wp-content\/uploads\/2026\/03\/Cine-de-culto-y-el-regreso-de-la-sala-pequena-768x531.jpg 768w, https:\/\/eldigitaldeasturias.com\/magazine365\/wp-content\/uploads\/2026\/03\/Cine-de-culto-y-el-regreso-de-la-sala-pequena-150x104.jpg 150w, https:\/\/eldigitaldeasturias.com\/magazine365\/wp-content\/uploads\/2026\/03\/Cine-de-culto-y-el-regreso-de-la-sala-pequena-450x311.jpg 450w, https:\/\/eldigitaldeasturias.com\/magazine365\/wp-content\/uploads\/2026\/03\/Cine-de-culto-y-el-regreso-de-la-sala-pequena.jpg 1201w\" sizes=\"(max-width: 650px) 100vw, 650px\" \/><figcaption id=\"caption-attachment-112301\" class=\"wp-caption-text\">Foto: .123rf.com<\/figcaption><\/figure>\n<p data-start=\"280\" data-end=\"654\">Durante d\u00e9cadas, la exhibici\u00f3n cinematogr\u00e1fica se organiz\u00f3 alrededor de estrenos comerciales que ocupaban varias salas a la vez. Las copias circulaban por un circuito dominado por novedades semanales y grandes campa\u00f1as promocionales. En paralelo, el cine de culto encontraba su espacio en filmotecas, ciclos universitarios o sesiones tard\u00edas de algunos cines independientes.<\/p>\n<p data-start=\"656\" data-end=\"1014\">Ese circuito nunca desapareci\u00f3 por completo, pero en distintos barrios y ciudades ha reaparecido con una energ\u00eda renovada. Peque\u00f1as salas, centros culturales y cines hist\u00f3ricos recuperados programan sesiones dedicadas a pel\u00edculas que quedaron fuera del flujo habitual de estrenos. No se trata de nostalgia, sino de una forma distinta de relaci\u00f3n con el cine.<\/p>\n<p data-start=\"1016\" data-end=\"1353\">El concepto de cine de culto abarca obras que generan una relaci\u00f3n intensa con su p\u00fablico. Pel\u00edculas de g\u00e9nero, producciones independientes o t\u00edtulos que adquirieron prestigio con el paso del tiempo encuentran en estas salas un contexto adecuado para ser redescubiertas. La proyecci\u00f3n se convierte en un evento m\u00e1s que en un simple pase.<\/p>\n<p data-start=\"1355\" data-end=\"1610\">El tama\u00f1o reducido de estas salas contribuye a ese car\u00e1cter particular. El p\u00fablico no se dispersa en grandes auditorios; comparte una misma pantalla con pocas filas de butacas. Esa proximidad produce una atm\u00f3sfera distinta a la de los complejos multisala.<\/p>\n<h1 data-section-id=\"1tnwhxm\" data-start=\"1612\" data-end=\"1651\">Programaci\u00f3n que construye comunidad<\/h1>\n<p data-start=\"1653\" data-end=\"1901\">Las salas peque\u00f1as dedicadas al cine de culto suelen trabajar con una programaci\u00f3n muy definida. En lugar de proyectar estrenos de rotaci\u00f3n r\u00e1pida, organizan ciclos tem\u00e1ticos, retrospectivas de directores o sesiones dedicadas a g\u00e9neros espec\u00edficos.<\/p>\n<p data-start=\"1903\" data-end=\"2198\">Ese tipo de programaci\u00f3n permite explorar relaciones entre pel\u00edculas. Un ciclo de terror puede recorrer distintas d\u00e9cadas del g\u00e9nero; una retrospectiva permite observar la evoluci\u00f3n est\u00e9tica de un cineasta. El p\u00fablico asiste a varias sesiones y empieza a reconocer rostros familiares en la sala.<\/p>\n<p data-start=\"2200\" data-end=\"2451\">La continuidad de estos ciclos genera una peque\u00f1a comunidad de espectadores. Personas que comparten intereses similares coinciden regularmente en el mismo espacio, comentan las pel\u00edculas antes o despu\u00e9s de la proyecci\u00f3n y recomiendan t\u00edtulos entre s\u00ed.<\/p>\n<p data-start=\"2453\" data-end=\"2695\">Algunas salas acompa\u00f1an las sesiones con presentaciones breves o coloquios posteriores. Estos momentos no funcionan como clases magistrales, sino como conversaciones abiertas donde el p\u00fablico intercambia impresiones sobre lo que acaba de ver.<\/p>\n<p data-start=\"2697\" data-end=\"3000\">El soporte f\u00edsico tambi\u00e9n adquiere protagonismo. Proyectar una copia restaurada o una versi\u00f3n original en pantalla grande produce una experiencia distinta a la del visionado dom\u00e9stico. El tama\u00f1o de la imagen, la oscuridad de la sala y el sonido envolvente reconstruyen el ritual cinematogr\u00e1fico cl\u00e1sico.<\/p>\n<h2 data-section-id=\"m4m64x\" data-start=\"3002\" data-end=\"3040\">El valor del ritual cinematogr\u00e1fico<\/h2>\n<p data-start=\"3042\" data-end=\"3346\">Ver cine en una sala peque\u00f1a dedicada al culto implica participar en un ritual que combina silencio, atenci\u00f3n compartida y una cierta expectativa colectiva. Antes de que se apaguen las luces, el p\u00fablico conversa en voz baja, revisa el programa del ciclo o comenta la pel\u00edcula que est\u00e1 a punto de empezar.<\/p>\n<p data-start=\"3348\" data-end=\"3606\">Cuando comienza la proyecci\u00f3n, la sala entra en una din\u00e1mica com\u00fan. Las reacciones del p\u00fablico \u2014risas, silencios prolongados o murmullos de sorpresa\u2014 se perciben con claridad debido al tama\u00f1o reducido del espacio. Cada reacci\u00f3n forma parte de la experiencia.<\/p>\n<p data-start=\"3608\" data-end=\"3860\">En pel\u00edculas con <a href=\"https:\/\/eldigitaldeasturias.com\/magazine365\/category\/estilo-de-vida\/\"><span style=\"color: #ff6600;\"><strong>seguidores fieles<\/strong><\/span><\/a>, algunos espectadores anticipan escenas concretas o di\u00e1logos conocidos. La sala reacciona de forma casi sincronizada, como si compartiera un c\u00f3digo interno construido a lo largo de a\u00f1os de revisiones y conversaciones.<\/p>\n<p data-start=\"3862\" data-end=\"4193\">Las sesiones nocturnas suelen reforzar esa atm\u00f3sfera. La ciudad contin\u00faa su actividad fuera del cine mientras dentro de la sala se desarrolla un encuentro concentrado alrededor de la pantalla. Al terminar la proyecci\u00f3n, el p\u00fablico sale a la calle con la sensaci\u00f3n de haber participado en algo espec\u00edfico de ese lugar y ese momento.<\/p>\n<p data-start=\"4195\" data-end=\"4522\" data-is-last-node=\"\" data-is-only-node=\"\">El regreso de la sala peque\u00f1a dedicada al cine de culto no responde \u00fanicamente a una estrategia de programaci\u00f3n alternativa. Representa una forma de recuperar la dimensi\u00f3n social del cine: una pantalla compartida, un grupo reducido de espectadores y una pel\u00edcula que encuentra nuevas lecturas cada vez que vuelve a proyectarse.<\/p>\n","protected":false},"excerpt":{"rendered":"<p>El cine de culto vuelve a ocupar la pantalla de la sala peque\u00f1a, donde proyecciones especiales re\u00fanen a espectadores que buscan ver cl\u00e1sicos y rarezas en pantalla grande. Este circuito revaloriza la experiencia colectiva. Durante d\u00e9cadas, la exhibici\u00f3n cinematogr\u00e1fica se organiz\u00f3 alrededor de estrenos comerciales que ocupaban varias salas a la vez. Las copias circulaban<\/p>\n","protected":false},"author":1,"featured_media":112301,"comment_status":"closed","ping_status":"closed","sticky":false,"template":"","format":"standard","meta":{"footnotes":""},"categories":[228,182],"tags":[],"class_list":{"0":"post-112300","1":"post","2":"type-post","3":"status-publish","4":"format-standard","5":"has-post-thumbnail","7":"category-destacadas","8":"category-estilo-de-vida"},"aioseo_notices":[],"aioseo_head":"\n\t\t<!-- All in One SEO Pro 4.9.6.1 - aioseo.com -->\n\t<meta name=\"description\" content=\"El cine de culto vuelve a ocupar la pantalla de la sala peque\u00f1a, donde proyecciones especiales re\u00fanen a espectadores que buscan ver cl\u00e1sicos y rarezas\" \/>\n\t<meta name=\"robots\" content=\"max-image-preview:large\" \/>\n\t<meta name=\"author\" content=\"admin\"\/>\n\t<meta name=\"google-site-verification\" content=\"UA-38556648-1\" \/>\n\t<meta name=\"keywords\" content=\"destacadas,estilo de vida\" \/>\n\t<link rel=\"canonical\" href=\"https:\/\/eldigitaldeasturias.com\/magazine365\/cine-de-culto-y-el-regreso-de-la-sala-pequena\/\" \/>\n\t<meta name=\"generator\" content=\"All in One SEO Pro (AIOSEO) 4.9.6.1\" \/>\n\t\t<meta property=\"og:locale\" content=\"es_ES\" \/>\n\t\t<meta property=\"og:site_name\" content=\"El Digital de Asturias \u2013 Revista de ocio, turismo y estilo de vida\" \/>\n\t\t<meta property=\"og:type\" content=\"article\" \/>\n\t\t<meta property=\"og:title\" content=\"Cine de culto y el regreso de la sala peque\u00f1a | El Digital de Asturias\" \/>\n\t\t<meta property=\"og:description\" content=\"El cine de culto vuelve a ocupar la pantalla de la sala peque\u00f1a, donde proyecciones especiales re\u00fanen a espectadores que buscan ver cl\u00e1sicos y rarezas\" \/>\n\t\t<meta property=\"og:url\" content=\"https:\/\/eldigitaldeasturias.com\/magazine365\/cine-de-culto-y-el-regreso-de-la-sala-pequena\/\" \/>\n\t\t<meta property=\"og:image\" content=\"https:\/\/eldigitaldeasturias.com\/magazine365\/wp-content\/uploads\/2026\/03\/Cine-de-culto-y-el-regreso-de-la-sala-pequena.jpg\" \/>\n\t\t<meta property=\"og:image:secure_url\" content=\"https:\/\/eldigitaldeasturias.com\/magazine365\/wp-content\/uploads\/2026\/03\/Cine-de-culto-y-el-regreso-de-la-sala-pequena.jpg\" \/>\n\t\t<meta property=\"og:image:width\" content=\"1201\" \/>\n\t\t<meta property=\"og:image:height\" content=\"830\" \/>\n\t\t<meta property=\"article:published_time\" content=\"2026-03-09T22:10:13+00:00\" \/>\n\t\t<meta property=\"article:modified_time\" content=\"2026-03-09T22:10:13+00:00\" \/>\n\t\t<meta name=\"twitter:card\" content=\"summary_large_image\" \/>\n\t\t<meta name=\"twitter:title\" content=\"Cine de culto y el regreso de la sala peque\u00f1a | El Digital de Asturias\" \/>\n\t\t<meta name=\"twitter:description\" content=\"El cine de culto vuelve a ocupar la pantalla de la sala peque\u00f1a, donde proyecciones especiales re\u00fanen a espectadores que buscan ver cl\u00e1sicos y rarezas\" \/>\n\t\t<meta name=\"twitter:image\" content=\"https:\/\/eldigitaldeasturias.com\/magazine365\/wp-content\/uploads\/2026\/03\/Cine-de-culto-y-el-regreso-de-la-sala-pequena.jpg\" \/>\n\t\t<script type=\"application\/ld+json\" class=\"aioseo-schema\">\n\t\t\t{\"@context\":\"https:\\\/\\\/schema.org\",\"@graph\":[{\"@type\":\"Article\",\"@id\":\"https:\\\/\\\/eldigitaldeasturias.com\\\/magazine365\\\/cine-de-culto-y-el-regreso-de-la-sala-pequena\\\/#article\",\"name\":\"Cine de culto y el regreso de la sala peque\\u00f1a | El Digital de Asturias\",\"headline\":\"Cine de culto y el regreso de la sala peque\\u00f1a\",\"author\":{\"@id\":\"https:\\\/\\\/eldigitaldeasturias.com\\\/magazine365\\\/author\\\/admin\\\/#author\"},\"publisher\":{\"@id\":\"https:\\\/\\\/eldigitaldeasturias.com\\\/magazine365\\\/#organization\"},\"image\":{\"@type\":\"ImageObject\",\"url\":\"https:\\\/\\\/eldigitaldeasturias.com\\\/magazine365\\\/wp-content\\\/uploads\\\/2026\\\/03\\\/Cine-de-culto-y-el-regreso-de-la-sala-pequena.jpg\",\"width\":1201,\"height\":830,\"caption\":\"Foto: .123rf.com\"},\"datePublished\":\"2026-03-09T23:10:13+01:00\",\"dateModified\":\"2026-03-09T23:10:13+01:00\",\"inLanguage\":\"es-ES\",\"mainEntityOfPage\":{\"@id\":\"https:\\\/\\\/eldigitaldeasturias.com\\\/magazine365\\\/cine-de-culto-y-el-regreso-de-la-sala-pequena\\\/#webpage\"},\"isPartOf\":{\"@id\":\"https:\\\/\\\/eldigitaldeasturias.com\\\/magazine365\\\/cine-de-culto-y-el-regreso-de-la-sala-pequena\\\/#webpage\"},\"articleSection\":\"Destacadas, Estilo de Vida\"},{\"@type\":\"BreadcrumbList\",\"@id\":\"https:\\\/\\\/eldigitaldeasturias.com\\\/magazine365\\\/cine-de-culto-y-el-regreso-de-la-sala-pequena\\\/#breadcrumblist\",\"itemListElement\":[{\"@type\":\"ListItem\",\"@id\":\"https:\\\/\\\/eldigitaldeasturias.com\\\/magazine365#listItem\",\"position\":1,\"name\":\"Home\",\"item\":\"https:\\\/\\\/eldigitaldeasturias.com\\\/magazine365\",\"nextItem\":{\"@type\":\"ListItem\",\"@id\":\"https:\\\/\\\/eldigitaldeasturias.com\\\/magazine365\\\/category\\\/estilo-de-vida\\\/#listItem\",\"name\":\"Estilo de Vida\"}},{\"@type\":\"ListItem\",\"@id\":\"https:\\\/\\\/eldigitaldeasturias.com\\\/magazine365\\\/category\\\/estilo-de-vida\\\/#listItem\",\"position\":2,\"name\":\"Estilo de Vida\",\"item\":\"https:\\\/\\\/eldigitaldeasturias.com\\\/magazine365\\\/category\\\/estilo-de-vida\\\/\",\"nextItem\":{\"@type\":\"ListItem\",\"@id\":\"https:\\\/\\\/eldigitaldeasturias.com\\\/magazine365\\\/cine-de-culto-y-el-regreso-de-la-sala-pequena\\\/#listItem\",\"name\":\"Cine de culto y el regreso de la sala peque\\u00f1a\"},\"previousItem\":{\"@type\":\"ListItem\",\"@id\":\"https:\\\/\\\/eldigitaldeasturias.com\\\/magazine365#listItem\",\"name\":\"Home\"}},{\"@type\":\"ListItem\",\"@id\":\"https:\\\/\\\/eldigitaldeasturias.com\\\/magazine365\\\/cine-de-culto-y-el-regreso-de-la-sala-pequena\\\/#listItem\",\"position\":3,\"name\":\"Cine de culto y el regreso de la sala peque\\u00f1a\",\"previousItem\":{\"@type\":\"ListItem\",\"@id\":\"https:\\\/\\\/eldigitaldeasturias.com\\\/magazine365\\\/category\\\/estilo-de-vida\\\/#listItem\",\"name\":\"Estilo de Vida\"}}]},{\"@type\":\"Organization\",\"@id\":\"https:\\\/\\\/eldigitaldeasturias.com\\\/magazine365\\\/#organization\",\"name\":\"El digital de Asturias\",\"description\":\"Revista de ocio, turismo y estilo de vida\",\"url\":\"https:\\\/\\\/eldigitaldeasturias.com\\\/magazine365\\\/\",\"logo\":{\"@type\":\"ImageObject\",\"url\":\"https:\\\/\\\/www.eldigitaldeasturias.com\\\/noticias\\\/wp-content\\\/uploads\\\/2020\\\/12\\\/EDA.jpg\",\"@id\":\"https:\\\/\\\/eldigitaldeasturias.com\\\/magazine365\\\/cine-de-culto-y-el-regreso-de-la-sala-pequena\\\/#organizationLogo\"},\"image\":{\"@id\":\"https:\\\/\\\/eldigitaldeasturias.com\\\/magazine365\\\/cine-de-culto-y-el-regreso-de-la-sala-pequena\\\/#organizationLogo\"}},{\"@type\":\"Person\",\"@id\":\"https:\\\/\\\/eldigitaldeasturias.com\\\/magazine365\\\/author\\\/admin\\\/#author\",\"url\":\"https:\\\/\\\/eldigitaldeasturias.com\\\/magazine365\\\/author\\\/admin\\\/\",\"name\":\"admin\",\"image\":{\"@type\":\"ImageObject\",\"@id\":\"https:\\\/\\\/eldigitaldeasturias.com\\\/magazine365\\\/cine-de-culto-y-el-regreso-de-la-sala-pequena\\\/#authorImage\",\"url\":\"https:\\\/\\\/eldigitaldeasturias.com\\\/magazine365\\\/wp-content\\\/litespeed\\\/avatar\\\/e571bcf59a0edd6fa6838245a470f2fe.jpg?ver=1776969259\",\"width\":96,\"height\":96,\"caption\":\"admin\"}},{\"@type\":\"WebPage\",\"@id\":\"https:\\\/\\\/eldigitaldeasturias.com\\\/magazine365\\\/cine-de-culto-y-el-regreso-de-la-sala-pequena\\\/#webpage\",\"url\":\"https:\\\/\\\/eldigitaldeasturias.com\\\/magazine365\\\/cine-de-culto-y-el-regreso-de-la-sala-pequena\\\/\",\"name\":\"Cine de culto y el regreso de la sala peque\\u00f1a | El Digital de Asturias\",\"description\":\"El cine de culto vuelve a ocupar la pantalla de la sala peque\\u00f1a, donde proyecciones especiales re\\u00fanen a espectadores que buscan ver cl\\u00e1sicos y rarezas\",\"inLanguage\":\"es-ES\",\"isPartOf\":{\"@id\":\"https:\\\/\\\/eldigitaldeasturias.com\\\/magazine365\\\/#website\"},\"breadcrumb\":{\"@id\":\"https:\\\/\\\/eldigitaldeasturias.com\\\/magazine365\\\/cine-de-culto-y-el-regreso-de-la-sala-pequena\\\/#breadcrumblist\"},\"author\":{\"@id\":\"https:\\\/\\\/eldigitaldeasturias.com\\\/magazine365\\\/author\\\/admin\\\/#author\"},\"creator\":{\"@id\":\"https:\\\/\\\/eldigitaldeasturias.com\\\/magazine365\\\/author\\\/admin\\\/#author\"},\"image\":{\"@type\":\"ImageObject\",\"url\":\"https:\\\/\\\/eldigitaldeasturias.com\\\/magazine365\\\/wp-content\\\/uploads\\\/2026\\\/03\\\/Cine-de-culto-y-el-regreso-de-la-sala-pequena.jpg\",\"@id\":\"https:\\\/\\\/eldigitaldeasturias.com\\\/magazine365\\\/cine-de-culto-y-el-regreso-de-la-sala-pequena\\\/#mainImage\",\"width\":1201,\"height\":830,\"caption\":\"Foto: .123rf.com\"},\"primaryImageOfPage\":{\"@id\":\"https:\\\/\\\/eldigitaldeasturias.com\\\/magazine365\\\/cine-de-culto-y-el-regreso-de-la-sala-pequena\\\/#mainImage\"},\"datePublished\":\"2026-03-09T23:10:13+01:00\",\"dateModified\":\"2026-03-09T23:10:13+01:00\"},{\"@type\":\"WebSite\",\"@id\":\"https:\\\/\\\/eldigitaldeasturias.com\\\/magazine365\\\/#website\",\"url\":\"https:\\\/\\\/eldigitaldeasturias.com\\\/magazine365\\\/\",\"name\":\"El Digital de Asturias\",\"description\":\"Revista de ocio, turismo y estilo de vida\",\"inLanguage\":\"es-ES\",\"publisher\":{\"@id\":\"https:\\\/\\\/eldigitaldeasturias.com\\\/magazine365\\\/#organization\"}}]}\n\t\t<\/script>\n\t\t<!-- All in One SEO Pro -->\r\n\t\t<title>Cine de culto y el regreso de la sala peque\u00f1a | El Digital de Asturias<\/title>\n\n","aioseo_head_json":{"title":"Cine de culto y el regreso de la sala peque\u00f1a | El Digital de Asturias","description":"El cine de culto vuelve a ocupar la pantalla de la sala peque\u00f1a, donde proyecciones especiales re\u00fanen a espectadores que buscan ver cl\u00e1sicos y rarezas","canonical_url":"https:\/\/eldigitaldeasturias.com\/magazine365\/cine-de-culto-y-el-regreso-de-la-sala-pequena\/","robots":"max-image-preview:large","keywords":"destacadas,estilo de vida","webmasterTools":{"google-site-verification":"UA-38556648-1","miscellaneous":""},"schema":{"@context":"https:\/\/schema.org","@graph":[{"@type":"Article","@id":"https:\/\/eldigitaldeasturias.com\/magazine365\/cine-de-culto-y-el-regreso-de-la-sala-pequena\/#article","name":"Cine de culto y el regreso de la sala peque\u00f1a | El Digital de Asturias","headline":"Cine de culto y el regreso de la sala peque\u00f1a","author":{"@id":"https:\/\/eldigitaldeasturias.com\/magazine365\/author\/admin\/#author"},"publisher":{"@id":"https:\/\/eldigitaldeasturias.com\/magazine365\/#organization"},"image":{"@type":"ImageObject","url":"https:\/\/eldigitaldeasturias.com\/magazine365\/wp-content\/uploads\/2026\/03\/Cine-de-culto-y-el-regreso-de-la-sala-pequena.jpg","width":1201,"height":830,"caption":"Foto: .123rf.com"},"datePublished":"2026-03-09T23:10:13+01:00","dateModified":"2026-03-09T23:10:13+01:00","inLanguage":"es-ES","mainEntityOfPage":{"@id":"https:\/\/eldigitaldeasturias.com\/magazine365\/cine-de-culto-y-el-regreso-de-la-sala-pequena\/#webpage"},"isPartOf":{"@id":"https:\/\/eldigitaldeasturias.com\/magazine365\/cine-de-culto-y-el-regreso-de-la-sala-pequena\/#webpage"},"articleSection":"Destacadas, Estilo de Vida"},{"@type":"BreadcrumbList","@id":"https:\/\/eldigitaldeasturias.com\/magazine365\/cine-de-culto-y-el-regreso-de-la-sala-pequena\/#breadcrumblist","itemListElement":[{"@type":"ListItem","@id":"https:\/\/eldigitaldeasturias.com\/magazine365#listItem","position":1,"name":"Home","item":"https:\/\/eldigitaldeasturias.com\/magazine365","nextItem":{"@type":"ListItem","@id":"https:\/\/eldigitaldeasturias.com\/magazine365\/category\/estilo-de-vida\/#listItem","name":"Estilo de Vida"}},{"@type":"ListItem","@id":"https:\/\/eldigitaldeasturias.com\/magazine365\/category\/estilo-de-vida\/#listItem","position":2,"name":"Estilo de Vida","item":"https:\/\/eldigitaldeasturias.com\/magazine365\/category\/estilo-de-vida\/","nextItem":{"@type":"ListItem","@id":"https:\/\/eldigitaldeasturias.com\/magazine365\/cine-de-culto-y-el-regreso-de-la-sala-pequena\/#listItem","name":"Cine de culto y el regreso de la sala peque\u00f1a"},"previousItem":{"@type":"ListItem","@id":"https:\/\/eldigitaldeasturias.com\/magazine365#listItem","name":"Home"}},{"@type":"ListItem","@id":"https:\/\/eldigitaldeasturias.com\/magazine365\/cine-de-culto-y-el-regreso-de-la-sala-pequena\/#listItem","position":3,"name":"Cine de culto y el regreso de la sala peque\u00f1a","previousItem":{"@type":"ListItem","@id":"https:\/\/eldigitaldeasturias.com\/magazine365\/category\/estilo-de-vida\/#listItem","name":"Estilo de Vida"}}]},{"@type":"Organization","@id":"https:\/\/eldigitaldeasturias.com\/magazine365\/#organization","name":"El digital de Asturias","description":"Revista de ocio, turismo y estilo de vida","url":"https:\/\/eldigitaldeasturias.com\/magazine365\/","logo":{"@type":"ImageObject","url":"https:\/\/www.eldigitaldeasturias.com\/noticias\/wp-content\/uploads\/2020\/12\/EDA.jpg","@id":"https:\/\/eldigitaldeasturias.com\/magazine365\/cine-de-culto-y-el-regreso-de-la-sala-pequena\/#organizationLogo"},"image":{"@id":"https:\/\/eldigitaldeasturias.com\/magazine365\/cine-de-culto-y-el-regreso-de-la-sala-pequena\/#organizationLogo"}},{"@type":"Person","@id":"https:\/\/eldigitaldeasturias.com\/magazine365\/author\/admin\/#author","url":"https:\/\/eldigitaldeasturias.com\/magazine365\/author\/admin\/","name":"admin","image":{"@type":"ImageObject","@id":"https:\/\/eldigitaldeasturias.com\/magazine365\/cine-de-culto-y-el-regreso-de-la-sala-pequena\/#authorImage","url":"https:\/\/eldigitaldeasturias.com\/magazine365\/wp-content\/litespeed\/avatar\/e571bcf59a0edd6fa6838245a470f2fe.jpg?ver=1776969259","width":96,"height":96,"caption":"admin"}},{"@type":"WebPage","@id":"https:\/\/eldigitaldeasturias.com\/magazine365\/cine-de-culto-y-el-regreso-de-la-sala-pequena\/#webpage","url":"https:\/\/eldigitaldeasturias.com\/magazine365\/cine-de-culto-y-el-regreso-de-la-sala-pequena\/","name":"Cine de culto y el regreso de la sala peque\u00f1a | El Digital de Asturias","description":"El cine de culto vuelve a ocupar la pantalla de la sala peque\u00f1a, donde proyecciones especiales re\u00fanen a espectadores que buscan ver cl\u00e1sicos y rarezas","inLanguage":"es-ES","isPartOf":{"@id":"https:\/\/eldigitaldeasturias.com\/magazine365\/#website"},"breadcrumb":{"@id":"https:\/\/eldigitaldeasturias.com\/magazine365\/cine-de-culto-y-el-regreso-de-la-sala-pequena\/#breadcrumblist"},"author":{"@id":"https:\/\/eldigitaldeasturias.com\/magazine365\/author\/admin\/#author"},"creator":{"@id":"https:\/\/eldigitaldeasturias.com\/magazine365\/author\/admin\/#author"},"image":{"@type":"ImageObject","url":"https:\/\/eldigitaldeasturias.com\/magazine365\/wp-content\/uploads\/2026\/03\/Cine-de-culto-y-el-regreso-de-la-sala-pequena.jpg","@id":"https:\/\/eldigitaldeasturias.com\/magazine365\/cine-de-culto-y-el-regreso-de-la-sala-pequena\/#mainImage","width":1201,"height":830,"caption":"Foto: .123rf.com"},"primaryImageOfPage":{"@id":"https:\/\/eldigitaldeasturias.com\/magazine365\/cine-de-culto-y-el-regreso-de-la-sala-pequena\/#mainImage"},"datePublished":"2026-03-09T23:10:13+01:00","dateModified":"2026-03-09T23:10:13+01:00"},{"@type":"WebSite","@id":"https:\/\/eldigitaldeasturias.com\/magazine365\/#website","url":"https:\/\/eldigitaldeasturias.com\/magazine365\/","name":"El Digital de Asturias","description":"Revista de ocio, turismo y estilo de vida","inLanguage":"es-ES","publisher":{"@id":"https:\/\/eldigitaldeasturias.com\/magazine365\/#organization"}}]},"og:locale":"es_ES","og:site_name":"El Digital de Asturias \u2013 Revista de ocio, turismo y estilo de vida","og:type":"article","og:title":"Cine de culto y el regreso de la sala peque\u00f1a | El Digital de Asturias","og:description":"El cine de culto vuelve a ocupar la pantalla de la sala peque\u00f1a, donde proyecciones especiales re\u00fanen a espectadores que buscan ver cl\u00e1sicos y rarezas","og:url":"https:\/\/eldigitaldeasturias.com\/magazine365\/cine-de-culto-y-el-regreso-de-la-sala-pequena\/","og:image":"https:\/\/eldigitaldeasturias.com\/magazine365\/wp-content\/uploads\/2026\/03\/Cine-de-culto-y-el-regreso-de-la-sala-pequena.jpg","og:image:secure_url":"https:\/\/eldigitaldeasturias.com\/magazine365\/wp-content\/uploads\/2026\/03\/Cine-de-culto-y-el-regreso-de-la-sala-pequena.jpg","og:image:width":1201,"og:image:height":830,"article:published_time":"2026-03-09T22:10:13+00:00","article:modified_time":"2026-03-09T22:10:13+00:00","twitter:card":"summary_large_image","twitter:title":"Cine de culto y el regreso de la sala peque\u00f1a | El Digital de Asturias","twitter:description":"El cine de culto vuelve a ocupar la pantalla de la sala peque\u00f1a, donde proyecciones especiales re\u00fanen a espectadores que buscan ver cl\u00e1sicos y rarezas","twitter:image":"https:\/\/eldigitaldeasturias.com\/magazine365\/wp-content\/uploads\/2026\/03\/Cine-de-culto-y-el-regreso-de-la-sala-pequena.jpg"},"aioseo_meta_data":{"post_id":"112300","title":null,"description":"El cine de culto vuelve a ocupar la pantalla de la sala peque\u00f1a, donde proyecciones especiales re\u00fanen a espectadores que buscan ver cl\u00e1sicos y rarezas","keywords":null,"keyphrases":{"focus":{"keyphrase":"cine de culto","score":91,"analysis":{"keyphraseInTitle":{"score":9,"maxScore":9,"error":0},"keyphraseInDescription":{"score":9,"maxScore":9,"error":0},"keyphraseLength":{"score":9,"maxScore":9,"error":0,"length":3},"keyphraseInURL":{"score":5,"maxScore":5,"error":0},"keyphraseInIntroduction":{"score":9,"maxScore":9,"error":0},"keyphraseInSubHeadings":{"score":3,"maxScore":9,"error":1},"keyphraseInImageAlt":{"score":9,"maxScore":9,"error":0},"keywordDensity":{"type":"best","score":9,"maxScore":9,"error":0}}},"additional":[{"keyphrase":"cine de culto","score":100,"analysis":{"keyphraseInDescription":{"score":9,"maxScore":9,"error":0},"keyphraseLength":{"score":9,"maxScore":9,"error":0,"length":3},"keyphraseInIntroduction":{"score":9,"maxScore":9,"error":0},"keyphraseInImageAlt":{"score":9,"maxScore":9,"error":0},"keywordDensity":{"type":"best","score":9,"maxScore":9,"error":0}}}]},"primary_term":null,"canonical_url":null,"og_title":null,"og_description":null,"og_object_type":"default","og_image_type":"default","og_image_url":null,"og_image_width":null,"og_image_height":null,"og_image_custom_url":null,"og_image_custom_fields":null,"og_video":"","og_custom_url":null,"og_article_section":null,"og_article_tags":null,"twitter_use_og":false,"twitter_card":"default","twitter_image_type":"default","twitter_image_url":null,"twitter_image_custom_url":null,"twitter_image_custom_fields":null,"twitter_title":null,"twitter_description":null,"schema":{"blockGraphs":[],"customGraphs":[],"default":{"data":{"Article":[],"Course":[],"Dataset":[],"FAQPage":[],"Movie":[],"Person":[],"Product":[],"ProductReview":[],"Car":[],"Recipe":[],"Service":[],"SoftwareApplication":[],"WebPage":[]},"graphName":"Article","isEnabled":true},"graphs":[]},"schema_type":"default","schema_type_options":null,"pillar_content":false,"robots_default":true,"robots_noindex":false,"robots_noarchive":false,"robots_nosnippet":false,"robots_nofollow":false,"robots_noimageindex":false,"robots_noodp":false,"robots_notranslate":false,"robots_max_snippet":"-1","robots_max_videopreview":"-1","robots_max_imagepreview":"large","priority":null,"frequency":"default","location":null,"local_seo":null,"seo_analyzer_scan_date":"2026-03-09 22:59:59","breadcrumb_settings":null,"limit_modified_date":false,"open_ai":null,"ai":{"faqs":[],"keyPoints":[],"titles":[],"descriptions":[],"socialPosts":{"email":[],"linkedin":[],"twitter":[],"facebook":[],"instagram":[]}},"created":"2026-03-09 22:04:40","updated":"2026-03-09 23:00:07"},"aioseo_breadcrumb":"<div class=\"aioseo-breadcrumbs\"><span class=\"aioseo-breadcrumb\">\n\t<a href=\"https:\/\/eldigitaldeasturias.com\/magazine365\" title=\"Home\">Home<\/a>\n<\/span><span class=\"aioseo-breadcrumb-separator\">\u2013<\/span><span class=\"aioseo-breadcrumb\">\n\t<a href=\"https:\/\/eldigitaldeasturias.com\/magazine365\/category\/estilo-de-vida\/\" title=\"Estilo de Vida\">Estilo de Vida<\/a>\n<\/span><span class=\"aioseo-breadcrumb-separator\">\u2013<\/span><span class=\"aioseo-breadcrumb\">\n\t<a href=\"https:\/\/eldigitaldeasturias.com\/magazine365\/cine-de-culto-y-el-regreso-de-la-sala-pequena\/\" title=\"Cine de culto y el regreso de la sala peque\u00f1a\">Cine de culto y el regreso de la sala peque\u00f1a<\/a>\n<\/span><\/div>","aioseo_breadcrumb_json":[{"label":"Home","link":"https:\/\/eldigitaldeasturias.com\/magazine365"},{"label":"Estilo de Vida","link":"https:\/\/eldigitaldeasturias.com\/magazine365\/category\/estilo-de-vida\/"},{"label":"Cine de culto y el regreso de la sala peque\u00f1a","link":"https:\/\/eldigitaldeasturias.com\/magazine365\/cine-de-culto-y-el-regreso-de-la-sala-pequena\/"}],"_links":{"self":[{"href":"https:\/\/eldigitaldeasturias.com\/magazine365\/wp-json\/wp\/v2\/posts\/112300","targetHints":{"allow":["GET"]}}],"collection":[{"href":"https:\/\/eldigitaldeasturias.com\/magazine365\/wp-json\/wp\/v2\/posts"}],"about":[{"href":"https:\/\/eldigitaldeasturias.com\/magazine365\/wp-json\/wp\/v2\/types\/post"}],"author":[{"embeddable":true,"href":"https:\/\/eldigitaldeasturias.com\/magazine365\/wp-json\/wp\/v2\/users\/1"}],"replies":[{"embeddable":true,"href":"https:\/\/eldigitaldeasturias.com\/magazine365\/wp-json\/wp\/v2\/comments?post=112300"}],"version-history":[{"count":0,"href":"https:\/\/eldigitaldeasturias.com\/magazine365\/wp-json\/wp\/v2\/posts\/112300\/revisions"}],"wp:featuredmedia":[{"embeddable":true,"href":"https:\/\/eldigitaldeasturias.com\/magazine365\/wp-json\/wp\/v2\/media\/112301"}],"wp:attachment":[{"href":"https:\/\/eldigitaldeasturias.com\/magazine365\/wp-json\/wp\/v2\/media?parent=112300"}],"wp:term":[{"taxonomy":"category","embeddable":true,"href":"https:\/\/eldigitaldeasturias.com\/magazine365\/wp-json\/wp\/v2\/categories?post=112300"},{"taxonomy":"post_tag","embeddable":true,"href":"https:\/\/eldigitaldeasturias.com\/magazine365\/wp-json\/wp\/v2\/tags?post=112300"}],"curies":[{"name":"wp","href":"https:\/\/api.w.org\/{rel}","templated":true}]}}