{"id":112297,"date":"2026-03-09T23:04:11","date_gmt":"2026-03-09T22:04:11","guid":{"rendered":"https:\/\/eldigitaldeasturias.com\/magazine365\/?p=112297"},"modified":"2026-03-09T23:04:11","modified_gmt":"2026-03-09T22:04:11","slug":"festivales-urbanos-y-la-cultura-del-tardeo-musical","status":"publish","type":"post","link":"https:\/\/eldigitaldeasturias.com\/magazine365\/festivales-urbanos-y-la-cultura-del-tardeo-musical\/","title":{"rendered":"Festivales urbanos y la cultura del tardeo musical"},"content":{"rendered":"<div class=\"flex flex-col text-sm pb-25\">\n<article class=\"text-token-text-primary w-full focus:outline-none [--shadow-height:45px] has-data-writing-block:pointer-events-none has-data-writing-block:-mt-(--shadow-height) has-data-writing-block:pt-(--shadow-height) [&amp;:has([data-writing-block])&gt;*]:pointer-events-auto scroll-mt-[calc(var(--header-height)+min(200px,max(70px,20svh)))]\" dir=\"auto\" tabindex=\"-1\" data-turn-id=\"request-69ab3d93-1c5c-8389-8363-d0465d54b7b0-18\" data-testid=\"conversation-turn-18\" data-scroll-anchor=\"true\" data-turn=\"assistant\">\n<div class=\"text-base my-auto mx-auto pb-10 [--thread-content-margin:var(--thread-content-margin-xs,calc(var(--spacing)*4))] @w-sm\/main:[--thread-content-margin:var(--thread-content-margin-sm,calc(var(--spacing)*6))] @w-lg\/main:[--thread-content-margin:var(--thread-content-margin-lg,calc(var(--spacing)*16))] px-(--thread-content-margin)\">\n<div class=\"[--thread-content-max-width:40rem] @w-lg\/main:[--thread-content-max-width:48rem] mx-auto max-w-(--thread-content-max-width) flex-1 group\/turn-messages focus-visible:outline-hidden relative flex w-full min-w-0 flex-col agent-turn\" tabindex=\"-1\">\n<div class=\"flex max-w-full flex-col gap-4 grow\">\n<div class=\"min-h-8 text-message relative flex w-full flex-col items-end gap-2 text-start break-words whitespace-normal [.text-message+&amp;]:mt-1\" dir=\"auto\" data-message-author-role=\"assistant\" data-message-id=\"1ceb4357-4140-46fb-b178-f70cab97ee38\" data-message-model-slug=\"gpt-5-3\">\n<div class=\"flex w-full flex-col gap-1 empty:hidden\">\n<div class=\"markdown prose dark:prose-invert w-full wrap-break-word light markdown-new-styling\">\n<p data-start=\"54\" data-end=\"278\">Los <a href=\"https:\/\/naberco.es\/category\/cultura\/\" target=\"_blank\" rel=\"noopener\"><span style=\"color: #ff6600;\"><strong data-start=\"58\" data-end=\"80\">festivales urbanos<\/strong><\/span><\/a> transforman plazas, parques y recintos abiertos en escenarios musicales dentro de la ciudad. Este formato impulsa una cultura de <a href=\"https:\/\/eldigitaldeasturias.com\/magazine365\/category\/estilo-de-vida\/\"><span style=\"color: #ff6600;\"><strong data-start=\"210\" data-end=\"228\">tardeo musical<\/strong><\/span><\/a> que desplaza parte del ocio del horario nocturno.<\/p>\n<figure id=\"attachment_112298\" aria-describedby=\"caption-attachment-112298\" style=\"width: 650px\" class=\"wp-caption aligncenter\"><img fetchpriority=\"high\" decoding=\"async\" class=\"size-large wp-image-112298\" src=\"https:\/\/eldigitaldeasturias.com\/magazine365\/wp-content\/uploads\/2026\/03\/Festivales-urbanos-y-la-cultura-del-tardeo-musical-650x433.jpg\" alt=\"Festivales urbanos y la cultura del tardeo musical\" width=\"650\" height=\"433\" srcset=\"https:\/\/eldigitaldeasturias.com\/magazine365\/wp-content\/uploads\/2026\/03\/Festivales-urbanos-y-la-cultura-del-tardeo-musical-650x433.jpg 650w, https:\/\/eldigitaldeasturias.com\/magazine365\/wp-content\/uploads\/2026\/03\/Festivales-urbanos-y-la-cultura-del-tardeo-musical-360x240.jpg 360w, https:\/\/eldigitaldeasturias.com\/magazine365\/wp-content\/uploads\/2026\/03\/Festivales-urbanos-y-la-cultura-del-tardeo-musical-768x512.jpg 768w, https:\/\/eldigitaldeasturias.com\/magazine365\/wp-content\/uploads\/2026\/03\/Festivales-urbanos-y-la-cultura-del-tardeo-musical-150x100.jpg 150w, https:\/\/eldigitaldeasturias.com\/magazine365\/wp-content\/uploads\/2026\/03\/Festivales-urbanos-y-la-cultura-del-tardeo-musical-450x300.jpg 450w, https:\/\/eldigitaldeasturias.com\/magazine365\/wp-content\/uploads\/2026\/03\/Festivales-urbanos-y-la-cultura-del-tardeo-musical-1200x800.jpg 1200w, https:\/\/eldigitaldeasturias.com\/magazine365\/wp-content\/uploads\/2026\/03\/Festivales-urbanos-y-la-cultura-del-tardeo-musical.jpg 1247w\" sizes=\"(max-width: 650px) 100vw, 650px\" \/><figcaption id=\"caption-attachment-112298\" class=\"wp-caption-text\">Foto: 123rf.com<\/figcaption><\/figure>\n<p data-start=\"280\" data-end=\"608\">La idea cl\u00e1sica de festival musical suele asociarse a grandes recintos alejados del centro urbano. Durante varios d\u00edas, miles de asistentes se desplazan a espacios preparados espec\u00edficamente para conciertos. Sin embargo, en distintas ciudades ha tomado forma otro modelo: eventos musicales integrados en el propio tejido urbano.<\/p>\n<p data-start=\"610\" data-end=\"932\">En estos festivales urbanos la m\u00fasica convive con la vida cotidiana de la ciudad. Los escenarios aparecen en plazas, patios industriales rehabilitados o espacios culturales al aire libre. El p\u00fablico llega caminando o en transporte p\u00fablico, sin la sensaci\u00f3n de desplazamiento que caracteriza a los festivales tradicionales.<\/p>\n<p data-start=\"934\" data-end=\"1250\">La programaci\u00f3n tambi\u00e9n refleja esa l\u00f3gica urbana. Los conciertos empiezan a media tarde y se distribuyen a lo largo de varias horas, permitiendo encadenar actuaciones sin que el evento dependa exclusivamente de la noche. El resultado es un tipo de encuentro musical que se mezcla con el ritmo habitual de la ciudad.<\/p>\n<h1 data-section-id=\"6sucgv\" data-start=\"1252\" data-end=\"1289\">Escenarios integrados en la ciudad<\/h1>\n<p data-start=\"1291\" data-end=\"1570\">El rasgo distintivo de los festivales urbanos es su relaci\u00f3n directa con el espacio p\u00fablico. A diferencia de los grandes recintos cerrados, aqu\u00ed la arquitectura de la ciudad forma parte del escenario. Fachadas, patios o explanadas funcionan como marco visual para los conciertos.<\/p>\n<p data-start=\"1572\" data-end=\"1851\">Esta integraci\u00f3n produce una experiencia distinta para el p\u00fablico. Los asistentes no se encuentran aislados dentro de un recinto temporal, sino inmersos en el entorno urbano. Entre concierto y concierto es posible recorrer calles cercanas, entrar en bares o sentarse en terrazas.<\/p>\n<p data-start=\"1853\" data-end=\"2121\">La escala de los escenarios tambi\u00e9n suele ser m\u00e1s contenida. En lugar de estructuras gigantes, muchos festivales urbanos optan por escenarios compactos que encajan en plazas o patios. Esa dimensi\u00f3n m\u00e1s cercana permite ver a los m\u00fasicos sin grandes distancias visuales.<\/p>\n<p data-start=\"2123\" data-end=\"2398\">La diversidad de espacios dentro de la ciudad facilita programaciones variadas. Un patio puede albergar un concierto ac\u00fastico mientras una plaza cercana acoge una banda completa con mayor potencia sonora. El recorrido entre escenarios se convierte en parte de la experiencia.<\/p>\n<p data-start=\"2400\" data-end=\"2658\">Otro elemento relevante es la relaci\u00f3n con el vecindario. Comercios, restaurantes y bares cercanos participan indirectamente en la actividad del festival. Durante las horas del evento, las calles se llenan de movimiento y conversaci\u00f3n alrededor de la m\u00fasica.<\/p>\n<h2 data-section-id=\"1kt7mia\" data-start=\"2660\" data-end=\"2689\">El auge del tardeo musical<\/h2>\n<p data-start=\"2691\" data-end=\"2956\">La programaci\u00f3n de tarde define uno de los rasgos culturales m\u00e1s visibles de estos festivales. Los conciertos comienzan cuando todav\u00eda hay luz natural y contin\u00faan hasta el anochecer. Este horario genera una din\u00e1mica distinta a la del concierto nocturno tradicional.<\/p>\n<p data-start=\"2958\" data-end=\"3231\">El p\u00fablico llega en peque\u00f1os grupos, muchos directamente despu\u00e9s de terminar la jornada laboral o tras pasar el d\u00eda en la ciudad. El ambiente combina m\u00fasica en directo con una atm\u00f3sfera relajada que se parece m\u00e1s a un encuentro social que a una gran concentraci\u00f3n nocturna.<\/p>\n<p data-start=\"3233\" data-end=\"3478\">El tardeo musical permite encadenar varias actuaciones sin que la noche se convierta en el \u00fanico momento relevante del evento. Las horas centrales de la tarde se llenan de conciertos breves que mantienen el movimiento constante entre escenarios.<\/p>\n<p data-start=\"3480\" data-end=\"3756\">Este formato tambi\u00e9n influye en la forma de escuchar m\u00fasica en directo. El p\u00fablico alterna momentos de atenci\u00f3n frente al escenario con pausas para conversar, moverse por el recinto o descubrir otro concierto cercano. La experiencia no depende de un \u00fanico espect\u00e1culo central.<\/p>\n<p data-start=\"3758\" data-end=\"3998\">En muchos casos, el cierre del festival coincide con el inicio de la noche urbana. Algunos asistentes contin\u00faan la jornada en bares o salas de conciertos cercanas, mientras otros regresan a casa despu\u00e9s de varias horas de m\u00fasica en directo.<\/p>\n<p data-start=\"4000\" data-end=\"4277\" data-is-last-node=\"\" data-is-only-node=\"\">Los festivales urbanos introducen as\u00ed un modelo de encuentro musical ligado al espacio cotidiano de la ciudad. No buscan reproducir la escala masiva de los grandes recintos, sino aprovechar plazas, patios y parques como escenarios donde la m\u00fasica acompa\u00f1a el ritmo de la tarde.<\/p>\n<\/div>\n<\/div>\n<\/div>\n<\/div>\n<div class=\"z-0 flex min-h-[46px] justify-start\"><\/div>\n<div class=\"mt-3 w-full empty:hidden\">\n<div class=\"text-center\"><\/div>\n<\/div>\n<\/div>\n<\/div>\n<\/article>\n<\/div>\n<div class=\"pointer-events-none h-px w-px absolute bottom-0\" aria-hidden=\"true\" data-edge=\"true\"><\/div>\n","protected":false},"excerpt":{"rendered":"<p>Los festivales urbanos transforman plazas, parques y recintos abiertos en escenarios musicales dentro de la ciudad. Este formato impulsa una cultura de tardeo musical que desplaza parte del ocio del horario nocturno. La idea cl\u00e1sica de festival musical suele asociarse a grandes recintos alejados del centro urbano. Durante varios d\u00edas, miles de asistentes se desplazan<\/p>\n","protected":false},"author":1,"featured_media":112298,"comment_status":"closed","ping_status":"closed","sticky":false,"template":"","format":"standard","meta":{"footnotes":""},"categories":[182],"tags":[],"class_list":{"0":"post-112297","1":"post","2":"type-post","3":"status-publish","4":"format-standard","5":"has-post-thumbnail","7":"category-estilo-de-vida"},"aioseo_notices":[],"aioseo_head":"\n\t\t<!-- All in One SEO Pro 4.9.6.1 - aioseo.com -->\n\t<meta name=\"description\" content=\"Los festivales urbanos transforman plazas, parques y recintos abiertos en escenarios musicales dentro de la ciudad. Este formato impulsa una cultura de tardeo\" \/>\n\t<meta name=\"robots\" content=\"max-image-preview:large\" \/>\n\t<meta name=\"author\" content=\"admin\"\/>\n\t<meta name=\"google-site-verification\" content=\"UA-38556648-1\" \/>\n\t<meta name=\"keywords\" content=\"estilo de vida\" \/>\n\t<link rel=\"canonical\" href=\"https:\/\/eldigitaldeasturias.com\/magazine365\/festivales-urbanos-y-la-cultura-del-tardeo-musical\/\" \/>\n\t<meta name=\"generator\" content=\"All in One SEO Pro (AIOSEO) 4.9.6.1\" \/>\n\t\t<meta property=\"og:locale\" content=\"es_ES\" \/>\n\t\t<meta property=\"og:site_name\" content=\"El Digital de Asturias \u2013 Revista de ocio, turismo y estilo de vida\" \/>\n\t\t<meta property=\"og:type\" content=\"article\" \/>\n\t\t<meta property=\"og:title\" content=\"Festivales urbanos y la cultura del tardeo musical | El Digital de Asturias\" \/>\n\t\t<meta property=\"og:description\" content=\"Los festivales urbanos transforman plazas, parques y recintos abiertos en escenarios musicales dentro de la ciudad. Este formato impulsa una cultura de tardeo\" \/>\n\t\t<meta property=\"og:url\" content=\"https:\/\/eldigitaldeasturias.com\/magazine365\/festivales-urbanos-y-la-cultura-del-tardeo-musical\/\" \/>\n\t\t<meta property=\"og:image\" content=\"https:\/\/eldigitaldeasturias.com\/magazine365\/wp-content\/uploads\/2026\/03\/Festivales-urbanos-y-la-cultura-del-tardeo-musical.jpg\" \/>\n\t\t<meta property=\"og:image:secure_url\" content=\"https:\/\/eldigitaldeasturias.com\/magazine365\/wp-content\/uploads\/2026\/03\/Festivales-urbanos-y-la-cultura-del-tardeo-musical.jpg\" \/>\n\t\t<meta property=\"og:image:width\" content=\"1247\" \/>\n\t\t<meta property=\"og:image:height\" content=\"831\" \/>\n\t\t<meta property=\"article:published_time\" content=\"2026-03-09T22:04:11+00:00\" \/>\n\t\t<meta property=\"article:modified_time\" content=\"2026-03-09T22:04:11+00:00\" \/>\n\t\t<meta name=\"twitter:card\" content=\"summary_large_image\" \/>\n\t\t<meta name=\"twitter:title\" content=\"Festivales urbanos y la cultura del tardeo musical | El Digital de Asturias\" \/>\n\t\t<meta name=\"twitter:description\" content=\"Los festivales urbanos transforman plazas, parques y recintos abiertos en escenarios musicales dentro de la ciudad. Este formato impulsa una cultura de tardeo\" \/>\n\t\t<meta name=\"twitter:image\" content=\"https:\/\/eldigitaldeasturias.com\/magazine365\/wp-content\/uploads\/2026\/03\/Festivales-urbanos-y-la-cultura-del-tardeo-musical.jpg\" \/>\n\t\t<script type=\"application\/ld+json\" class=\"aioseo-schema\">\n\t\t\t{\"@context\":\"https:\\\/\\\/schema.org\",\"@graph\":[{\"@type\":\"Article\",\"@id\":\"https:\\\/\\\/eldigitaldeasturias.com\\\/magazine365\\\/festivales-urbanos-y-la-cultura-del-tardeo-musical\\\/#article\",\"name\":\"Festivales urbanos y la cultura del tardeo musical | El Digital de Asturias\",\"headline\":\"Festivales urbanos y la cultura del tardeo musical\",\"author\":{\"@id\":\"https:\\\/\\\/eldigitaldeasturias.com\\\/magazine365\\\/author\\\/admin\\\/#author\"},\"publisher\":{\"@id\":\"https:\\\/\\\/eldigitaldeasturias.com\\\/magazine365\\\/#organization\"},\"image\":{\"@type\":\"ImageObject\",\"url\":\"https:\\\/\\\/eldigitaldeasturias.com\\\/magazine365\\\/wp-content\\\/uploads\\\/2026\\\/03\\\/Festivales-urbanos-y-la-cultura-del-tardeo-musical.jpg\",\"width\":1247,\"height\":831,\"caption\":\"Foto: 123rf.com\"},\"datePublished\":\"2026-03-09T23:04:11+01:00\",\"dateModified\":\"2026-03-09T23:04:11+01:00\",\"inLanguage\":\"es-ES\",\"mainEntityOfPage\":{\"@id\":\"https:\\\/\\\/eldigitaldeasturias.com\\\/magazine365\\\/festivales-urbanos-y-la-cultura-del-tardeo-musical\\\/#webpage\"},\"isPartOf\":{\"@id\":\"https:\\\/\\\/eldigitaldeasturias.com\\\/magazine365\\\/festivales-urbanos-y-la-cultura-del-tardeo-musical\\\/#webpage\"},\"articleSection\":\"Estilo de Vida\"},{\"@type\":\"BreadcrumbList\",\"@id\":\"https:\\\/\\\/eldigitaldeasturias.com\\\/magazine365\\\/festivales-urbanos-y-la-cultura-del-tardeo-musical\\\/#breadcrumblist\",\"itemListElement\":[{\"@type\":\"ListItem\",\"@id\":\"https:\\\/\\\/eldigitaldeasturias.com\\\/magazine365#listItem\",\"position\":1,\"name\":\"Home\",\"item\":\"https:\\\/\\\/eldigitaldeasturias.com\\\/magazine365\",\"nextItem\":{\"@type\":\"ListItem\",\"@id\":\"https:\\\/\\\/eldigitaldeasturias.com\\\/magazine365\\\/category\\\/estilo-de-vida\\\/#listItem\",\"name\":\"Estilo de Vida\"}},{\"@type\":\"ListItem\",\"@id\":\"https:\\\/\\\/eldigitaldeasturias.com\\\/magazine365\\\/category\\\/estilo-de-vida\\\/#listItem\",\"position\":2,\"name\":\"Estilo de Vida\",\"item\":\"https:\\\/\\\/eldigitaldeasturias.com\\\/magazine365\\\/category\\\/estilo-de-vida\\\/\",\"nextItem\":{\"@type\":\"ListItem\",\"@id\":\"https:\\\/\\\/eldigitaldeasturias.com\\\/magazine365\\\/festivales-urbanos-y-la-cultura-del-tardeo-musical\\\/#listItem\",\"name\":\"Festivales urbanos y la cultura del tardeo musical\"},\"previousItem\":{\"@type\":\"ListItem\",\"@id\":\"https:\\\/\\\/eldigitaldeasturias.com\\\/magazine365#listItem\",\"name\":\"Home\"}},{\"@type\":\"ListItem\",\"@id\":\"https:\\\/\\\/eldigitaldeasturias.com\\\/magazine365\\\/festivales-urbanos-y-la-cultura-del-tardeo-musical\\\/#listItem\",\"position\":3,\"name\":\"Festivales urbanos y la cultura del tardeo musical\",\"previousItem\":{\"@type\":\"ListItem\",\"@id\":\"https:\\\/\\\/eldigitaldeasturias.com\\\/magazine365\\\/category\\\/estilo-de-vida\\\/#listItem\",\"name\":\"Estilo de Vida\"}}]},{\"@type\":\"Organization\",\"@id\":\"https:\\\/\\\/eldigitaldeasturias.com\\\/magazine365\\\/#organization\",\"name\":\"El digital de Asturias\",\"description\":\"Revista de ocio, turismo y estilo de vida\",\"url\":\"https:\\\/\\\/eldigitaldeasturias.com\\\/magazine365\\\/\",\"logo\":{\"@type\":\"ImageObject\",\"url\":\"https:\\\/\\\/www.eldigitaldeasturias.com\\\/noticias\\\/wp-content\\\/uploads\\\/2020\\\/12\\\/EDA.jpg\",\"@id\":\"https:\\\/\\\/eldigitaldeasturias.com\\\/magazine365\\\/festivales-urbanos-y-la-cultura-del-tardeo-musical\\\/#organizationLogo\"},\"image\":{\"@id\":\"https:\\\/\\\/eldigitaldeasturias.com\\\/magazine365\\\/festivales-urbanos-y-la-cultura-del-tardeo-musical\\\/#organizationLogo\"}},{\"@type\":\"Person\",\"@id\":\"https:\\\/\\\/eldigitaldeasturias.com\\\/magazine365\\\/author\\\/admin\\\/#author\",\"url\":\"https:\\\/\\\/eldigitaldeasturias.com\\\/magazine365\\\/author\\\/admin\\\/\",\"name\":\"admin\",\"image\":{\"@type\":\"ImageObject\",\"@id\":\"https:\\\/\\\/eldigitaldeasturias.com\\\/magazine365\\\/festivales-urbanos-y-la-cultura-del-tardeo-musical\\\/#authorImage\",\"url\":\"https:\\\/\\\/eldigitaldeasturias.com\\\/magazine365\\\/wp-content\\\/litespeed\\\/avatar\\\/e571bcf59a0edd6fa6838245a470f2fe.jpg?ver=1777574230\",\"width\":96,\"height\":96,\"caption\":\"admin\"}},{\"@type\":\"WebPage\",\"@id\":\"https:\\\/\\\/eldigitaldeasturias.com\\\/magazine365\\\/festivales-urbanos-y-la-cultura-del-tardeo-musical\\\/#webpage\",\"url\":\"https:\\\/\\\/eldigitaldeasturias.com\\\/magazine365\\\/festivales-urbanos-y-la-cultura-del-tardeo-musical\\\/\",\"name\":\"Festivales urbanos y la cultura del tardeo musical | El Digital de Asturias\",\"description\":\"Los festivales urbanos transforman plazas, parques y recintos abiertos en escenarios musicales dentro de la ciudad. Este formato impulsa una cultura de tardeo\",\"inLanguage\":\"es-ES\",\"isPartOf\":{\"@id\":\"https:\\\/\\\/eldigitaldeasturias.com\\\/magazine365\\\/#website\"},\"breadcrumb\":{\"@id\":\"https:\\\/\\\/eldigitaldeasturias.com\\\/magazine365\\\/festivales-urbanos-y-la-cultura-del-tardeo-musical\\\/#breadcrumblist\"},\"author\":{\"@id\":\"https:\\\/\\\/eldigitaldeasturias.com\\\/magazine365\\\/author\\\/admin\\\/#author\"},\"creator\":{\"@id\":\"https:\\\/\\\/eldigitaldeasturias.com\\\/magazine365\\\/author\\\/admin\\\/#author\"},\"image\":{\"@type\":\"ImageObject\",\"url\":\"https:\\\/\\\/eldigitaldeasturias.com\\\/magazine365\\\/wp-content\\\/uploads\\\/2026\\\/03\\\/Festivales-urbanos-y-la-cultura-del-tardeo-musical.jpg\",\"@id\":\"https:\\\/\\\/eldigitaldeasturias.com\\\/magazine365\\\/festivales-urbanos-y-la-cultura-del-tardeo-musical\\\/#mainImage\",\"width\":1247,\"height\":831,\"caption\":\"Foto: 123rf.com\"},\"primaryImageOfPage\":{\"@id\":\"https:\\\/\\\/eldigitaldeasturias.com\\\/magazine365\\\/festivales-urbanos-y-la-cultura-del-tardeo-musical\\\/#mainImage\"},\"datePublished\":\"2026-03-09T23:04:11+01:00\",\"dateModified\":\"2026-03-09T23:04:11+01:00\"},{\"@type\":\"WebSite\",\"@id\":\"https:\\\/\\\/eldigitaldeasturias.com\\\/magazine365\\\/#website\",\"url\":\"https:\\\/\\\/eldigitaldeasturias.com\\\/magazine365\\\/\",\"name\":\"El Digital de Asturias\",\"description\":\"Revista de ocio, turismo y estilo de vida\",\"inLanguage\":\"es-ES\",\"publisher\":{\"@id\":\"https:\\\/\\\/eldigitaldeasturias.com\\\/magazine365\\\/#organization\"}}]}\n\t\t<\/script>\n\t\t<!-- All in One SEO Pro -->\r\n\t\t<title>Festivales urbanos y la cultura del tardeo musical | El Digital de Asturias<\/title>\n\n","aioseo_head_json":{"title":"Festivales urbanos y la cultura del tardeo musical | El Digital de Asturias","description":"Los festivales urbanos transforman plazas, parques y recintos abiertos en escenarios musicales dentro de la ciudad. Este formato impulsa una cultura de tardeo","canonical_url":"https:\/\/eldigitaldeasturias.com\/magazine365\/festivales-urbanos-y-la-cultura-del-tardeo-musical\/","robots":"max-image-preview:large","keywords":"estilo de vida","webmasterTools":{"google-site-verification":"UA-38556648-1","miscellaneous":""},"schema":{"@context":"https:\/\/schema.org","@graph":[{"@type":"Article","@id":"https:\/\/eldigitaldeasturias.com\/magazine365\/festivales-urbanos-y-la-cultura-del-tardeo-musical\/#article","name":"Festivales urbanos y la cultura del tardeo musical | El Digital de Asturias","headline":"Festivales urbanos y la cultura del tardeo musical","author":{"@id":"https:\/\/eldigitaldeasturias.com\/magazine365\/author\/admin\/#author"},"publisher":{"@id":"https:\/\/eldigitaldeasturias.com\/magazine365\/#organization"},"image":{"@type":"ImageObject","url":"https:\/\/eldigitaldeasturias.com\/magazine365\/wp-content\/uploads\/2026\/03\/Festivales-urbanos-y-la-cultura-del-tardeo-musical.jpg","width":1247,"height":831,"caption":"Foto: 123rf.com"},"datePublished":"2026-03-09T23:04:11+01:00","dateModified":"2026-03-09T23:04:11+01:00","inLanguage":"es-ES","mainEntityOfPage":{"@id":"https:\/\/eldigitaldeasturias.com\/magazine365\/festivales-urbanos-y-la-cultura-del-tardeo-musical\/#webpage"},"isPartOf":{"@id":"https:\/\/eldigitaldeasturias.com\/magazine365\/festivales-urbanos-y-la-cultura-del-tardeo-musical\/#webpage"},"articleSection":"Estilo de Vida"},{"@type":"BreadcrumbList","@id":"https:\/\/eldigitaldeasturias.com\/magazine365\/festivales-urbanos-y-la-cultura-del-tardeo-musical\/#breadcrumblist","itemListElement":[{"@type":"ListItem","@id":"https:\/\/eldigitaldeasturias.com\/magazine365#listItem","position":1,"name":"Home","item":"https:\/\/eldigitaldeasturias.com\/magazine365","nextItem":{"@type":"ListItem","@id":"https:\/\/eldigitaldeasturias.com\/magazine365\/category\/estilo-de-vida\/#listItem","name":"Estilo de Vida"}},{"@type":"ListItem","@id":"https:\/\/eldigitaldeasturias.com\/magazine365\/category\/estilo-de-vida\/#listItem","position":2,"name":"Estilo de Vida","item":"https:\/\/eldigitaldeasturias.com\/magazine365\/category\/estilo-de-vida\/","nextItem":{"@type":"ListItem","@id":"https:\/\/eldigitaldeasturias.com\/magazine365\/festivales-urbanos-y-la-cultura-del-tardeo-musical\/#listItem","name":"Festivales urbanos y la cultura del tardeo musical"},"previousItem":{"@type":"ListItem","@id":"https:\/\/eldigitaldeasturias.com\/magazine365#listItem","name":"Home"}},{"@type":"ListItem","@id":"https:\/\/eldigitaldeasturias.com\/magazine365\/festivales-urbanos-y-la-cultura-del-tardeo-musical\/#listItem","position":3,"name":"Festivales urbanos y la cultura del tardeo musical","previousItem":{"@type":"ListItem","@id":"https:\/\/eldigitaldeasturias.com\/magazine365\/category\/estilo-de-vida\/#listItem","name":"Estilo de Vida"}}]},{"@type":"Organization","@id":"https:\/\/eldigitaldeasturias.com\/magazine365\/#organization","name":"El digital de Asturias","description":"Revista de ocio, turismo y estilo de vida","url":"https:\/\/eldigitaldeasturias.com\/magazine365\/","logo":{"@type":"ImageObject","url":"https:\/\/www.eldigitaldeasturias.com\/noticias\/wp-content\/uploads\/2020\/12\/EDA.jpg","@id":"https:\/\/eldigitaldeasturias.com\/magazine365\/festivales-urbanos-y-la-cultura-del-tardeo-musical\/#organizationLogo"},"image":{"@id":"https:\/\/eldigitaldeasturias.com\/magazine365\/festivales-urbanos-y-la-cultura-del-tardeo-musical\/#organizationLogo"}},{"@type":"Person","@id":"https:\/\/eldigitaldeasturias.com\/magazine365\/author\/admin\/#author","url":"https:\/\/eldigitaldeasturias.com\/magazine365\/author\/admin\/","name":"admin","image":{"@type":"ImageObject","@id":"https:\/\/eldigitaldeasturias.com\/magazine365\/festivales-urbanos-y-la-cultura-del-tardeo-musical\/#authorImage","url":"https:\/\/eldigitaldeasturias.com\/magazine365\/wp-content\/litespeed\/avatar\/e571bcf59a0edd6fa6838245a470f2fe.jpg?ver=1777574230","width":96,"height":96,"caption":"admin"}},{"@type":"WebPage","@id":"https:\/\/eldigitaldeasturias.com\/magazine365\/festivales-urbanos-y-la-cultura-del-tardeo-musical\/#webpage","url":"https:\/\/eldigitaldeasturias.com\/magazine365\/festivales-urbanos-y-la-cultura-del-tardeo-musical\/","name":"Festivales urbanos y la cultura del tardeo musical | El Digital de Asturias","description":"Los festivales urbanos transforman plazas, parques y recintos abiertos en escenarios musicales dentro de la ciudad. Este formato impulsa una cultura de tardeo","inLanguage":"es-ES","isPartOf":{"@id":"https:\/\/eldigitaldeasturias.com\/magazine365\/#website"},"breadcrumb":{"@id":"https:\/\/eldigitaldeasturias.com\/magazine365\/festivales-urbanos-y-la-cultura-del-tardeo-musical\/#breadcrumblist"},"author":{"@id":"https:\/\/eldigitaldeasturias.com\/magazine365\/author\/admin\/#author"},"creator":{"@id":"https:\/\/eldigitaldeasturias.com\/magazine365\/author\/admin\/#author"},"image":{"@type":"ImageObject","url":"https:\/\/eldigitaldeasturias.com\/magazine365\/wp-content\/uploads\/2026\/03\/Festivales-urbanos-y-la-cultura-del-tardeo-musical.jpg","@id":"https:\/\/eldigitaldeasturias.com\/magazine365\/festivales-urbanos-y-la-cultura-del-tardeo-musical\/#mainImage","width":1247,"height":831,"caption":"Foto: 123rf.com"},"primaryImageOfPage":{"@id":"https:\/\/eldigitaldeasturias.com\/magazine365\/festivales-urbanos-y-la-cultura-del-tardeo-musical\/#mainImage"},"datePublished":"2026-03-09T23:04:11+01:00","dateModified":"2026-03-09T23:04:11+01:00"},{"@type":"WebSite","@id":"https:\/\/eldigitaldeasturias.com\/magazine365\/#website","url":"https:\/\/eldigitaldeasturias.com\/magazine365\/","name":"El Digital de Asturias","description":"Revista de ocio, turismo y estilo de vida","inLanguage":"es-ES","publisher":{"@id":"https:\/\/eldigitaldeasturias.com\/magazine365\/#organization"}}]},"og:locale":"es_ES","og:site_name":"El Digital de Asturias \u2013 Revista de ocio, turismo y estilo de vida","og:type":"article","og:title":"Festivales urbanos y la cultura del tardeo musical | El Digital de Asturias","og:description":"Los festivales urbanos transforman plazas, parques y recintos abiertos en escenarios musicales dentro de la ciudad. Este formato impulsa una cultura de tardeo","og:url":"https:\/\/eldigitaldeasturias.com\/magazine365\/festivales-urbanos-y-la-cultura-del-tardeo-musical\/","og:image":"https:\/\/eldigitaldeasturias.com\/magazine365\/wp-content\/uploads\/2026\/03\/Festivales-urbanos-y-la-cultura-del-tardeo-musical.jpg","og:image:secure_url":"https:\/\/eldigitaldeasturias.com\/magazine365\/wp-content\/uploads\/2026\/03\/Festivales-urbanos-y-la-cultura-del-tardeo-musical.jpg","og:image:width":1247,"og:image:height":831,"article:published_time":"2026-03-09T22:04:11+00:00","article:modified_time":"2026-03-09T22:04:11+00:00","twitter:card":"summary_large_image","twitter:title":"Festivales urbanos y la cultura del tardeo musical | El Digital de Asturias","twitter:description":"Los festivales urbanos transforman plazas, parques y recintos abiertos en escenarios musicales dentro de la ciudad. Este formato impulsa una cultura de tardeo","twitter:image":"https:\/\/eldigitaldeasturias.com\/magazine365\/wp-content\/uploads\/2026\/03\/Festivales-urbanos-y-la-cultura-del-tardeo-musical.jpg"},"aioseo_meta_data":{"post_id":"112297","title":null,"description":"Los festivales urbanos transforman plazas, parques y recintos abiertos en escenarios musicales dentro de la ciudad. Este formato impulsa una cultura de tardeo","keywords":null,"keyphrases":{"focus":{"keyphrase":"festivales","score":91,"analysis":{"keyphraseInTitle":{"score":9,"maxScore":9,"error":0},"keyphraseInDescription":{"score":9,"maxScore":9,"error":0},"keyphraseLength":{"score":9,"maxScore":9,"error":0,"length":1},"keyphraseInURL":{"score":5,"maxScore":5,"error":0},"keyphraseInIntroduction":{"score":9,"maxScore":9,"error":0},"keyphraseInSubHeadings":{"score":3,"maxScore":9,"error":1},"keyphraseInImageAlt":{"score":9,"maxScore":9,"error":0},"keywordDensity":{"type":"best","score":9,"maxScore":9,"error":0}}},"additional":[{"keyphrase":"tardeo","score":80,"analysis":{"keyphraseInDescription":{"score":9,"maxScore":9,"error":0},"keyphraseLength":{"score":9,"maxScore":9,"error":0,"length":1},"keyphraseInIntroduction":{"score":9,"maxScore":9,"error":0},"keyphraseInImageAlt":{"score":9,"maxScore":9,"error":0},"keywordDensity":{"score":0,"type":"low","maxScore":9,"error":1}}}]},"primary_term":null,"canonical_url":null,"og_title":null,"og_description":null,"og_object_type":"default","og_image_type":"default","og_image_url":null,"og_image_width":null,"og_image_height":null,"og_image_custom_url":null,"og_image_custom_fields":null,"og_video":"","og_custom_url":null,"og_article_section":null,"og_article_tags":null,"twitter_use_og":false,"twitter_card":"default","twitter_image_type":"default","twitter_image_url":null,"twitter_image_custom_url":null,"twitter_image_custom_fields":null,"twitter_title":null,"twitter_description":null,"schema":{"blockGraphs":[],"customGraphs":[],"default":{"data":{"Article":[],"Course":[],"Dataset":[],"FAQPage":[],"Movie":[],"Person":[],"Product":[],"ProductReview":[],"Car":[],"Recipe":[],"Service":[],"SoftwareApplication":[],"WebPage":[]},"graphName":"Article","isEnabled":true},"graphs":[]},"schema_type":"default","schema_type_options":null,"pillar_content":false,"robots_default":true,"robots_noindex":false,"robots_noarchive":false,"robots_nosnippet":false,"robots_nofollow":false,"robots_noimageindex":false,"robots_noodp":false,"robots_notranslate":false,"robots_max_snippet":"-1","robots_max_videopreview":"-1","robots_max_imagepreview":"large","priority":null,"frequency":"default","location":null,"local_seo":null,"seo_analyzer_scan_date":"2026-03-09 22:59:57","breadcrumb_settings":null,"limit_modified_date":false,"open_ai":null,"ai":{"faqs":[],"keyPoints":[],"titles":[],"descriptions":[],"socialPosts":{"email":[],"linkedin":[],"twitter":[],"facebook":[],"instagram":[]}},"created":"2026-03-09 21:59:02","updated":"2026-03-09 23:00:07"},"aioseo_breadcrumb":"<div class=\"aioseo-breadcrumbs\"><span class=\"aioseo-breadcrumb\">\n\t<a href=\"https:\/\/eldigitaldeasturias.com\/magazine365\" title=\"Home\">Home<\/a>\n<\/span><span class=\"aioseo-breadcrumb-separator\">\u2013<\/span><span class=\"aioseo-breadcrumb\">\n\t<a href=\"https:\/\/eldigitaldeasturias.com\/magazine365\/category\/estilo-de-vida\/\" title=\"Estilo de Vida\">Estilo de Vida<\/a>\n<\/span><span class=\"aioseo-breadcrumb-separator\">\u2013<\/span><span class=\"aioseo-breadcrumb\">\n\t<a href=\"https:\/\/eldigitaldeasturias.com\/magazine365\/festivales-urbanos-y-la-cultura-del-tardeo-musical\/\" title=\"Festivales urbanos y la cultura del tardeo musical\">Festivales urbanos y la cultura del tardeo musical<\/a>\n<\/span><\/div>","aioseo_breadcrumb_json":[{"label":"Home","link":"https:\/\/eldigitaldeasturias.com\/magazine365"},{"label":"Estilo de Vida","link":"https:\/\/eldigitaldeasturias.com\/magazine365\/category\/estilo-de-vida\/"},{"label":"Festivales urbanos y la cultura del tardeo musical","link":"https:\/\/eldigitaldeasturias.com\/magazine365\/festivales-urbanos-y-la-cultura-del-tardeo-musical\/"}],"_links":{"self":[{"href":"https:\/\/eldigitaldeasturias.com\/magazine365\/wp-json\/wp\/v2\/posts\/112297","targetHints":{"allow":["GET"]}}],"collection":[{"href":"https:\/\/eldigitaldeasturias.com\/magazine365\/wp-json\/wp\/v2\/posts"}],"about":[{"href":"https:\/\/eldigitaldeasturias.com\/magazine365\/wp-json\/wp\/v2\/types\/post"}],"author":[{"embeddable":true,"href":"https:\/\/eldigitaldeasturias.com\/magazine365\/wp-json\/wp\/v2\/users\/1"}],"replies":[{"embeddable":true,"href":"https:\/\/eldigitaldeasturias.com\/magazine365\/wp-json\/wp\/v2\/comments?post=112297"}],"version-history":[{"count":0,"href":"https:\/\/eldigitaldeasturias.com\/magazine365\/wp-json\/wp\/v2\/posts\/112297\/revisions"}],"wp:featuredmedia":[{"embeddable":true,"href":"https:\/\/eldigitaldeasturias.com\/magazine365\/wp-json\/wp\/v2\/media\/112298"}],"wp:attachment":[{"href":"https:\/\/eldigitaldeasturias.com\/magazine365\/wp-json\/wp\/v2\/media?parent=112297"}],"wp:term":[{"taxonomy":"category","embeddable":true,"href":"https:\/\/eldigitaldeasturias.com\/magazine365\/wp-json\/wp\/v2\/categories?post=112297"},{"taxonomy":"post_tag","embeddable":true,"href":"https:\/\/eldigitaldeasturias.com\/magazine365\/wp-json\/wp\/v2\/tags?post=112297"}],"curies":[{"name":"wp","href":"https:\/\/api.w.org\/{rel}","templated":true}]}}