{"id":112273,"date":"2026-03-06T22:29:48","date_gmt":"2026-03-06T21:29:48","guid":{"rendered":"https:\/\/eldigitaldeasturias.com\/magazine365\/?p=112273"},"modified":"2026-03-06T22:30:35","modified_gmt":"2026-03-06T21:30:35","slug":"trieste-el-puerto-mas-literario-de-europa","status":"publish","type":"post","link":"https:\/\/eldigitaldeasturias.com\/magazine365\/trieste-el-puerto-mas-literario-de-europa\/","title":{"rendered":"Trieste, el puerto m\u00e1s literario de Europa"},"content":{"rendered":"<p data-start=\"46\" data-end=\"272\">Trieste mantiene una relaci\u00f3n singular con la escritura y el viaje. Este puerto del Adri\u00e1tico combina tradici\u00f3n mar\u00edtima, caf\u00e9s hist\u00f3ricos y memoria cultural en una ciudad donde la literatura forma parte del paisaje cotidiano.<\/p>\n<figure id=\"attachment_112274\" aria-describedby=\"caption-attachment-112274\" style=\"width: 650px\" class=\"wp-caption aligncenter\"><img fetchpriority=\"high\" decoding=\"async\" class=\"size-large wp-image-112274\" src=\"https:\/\/eldigitaldeasturias.com\/magazine365\/wp-content\/uploads\/2026\/03\/Trieste-650x313.jpg\" alt=\"Trieste\" width=\"650\" height=\"313\" srcset=\"https:\/\/eldigitaldeasturias.com\/magazine365\/wp-content\/uploads\/2026\/03\/Trieste-650x313.jpg 650w, https:\/\/eldigitaldeasturias.com\/magazine365\/wp-content\/uploads\/2026\/03\/Trieste-360x173.jpg 360w, https:\/\/eldigitaldeasturias.com\/magazine365\/wp-content\/uploads\/2026\/03\/Trieste-768x369.jpg 768w, https:\/\/eldigitaldeasturias.com\/magazine365\/wp-content\/uploads\/2026\/03\/Trieste-150x72.jpg 150w, https:\/\/eldigitaldeasturias.com\/magazine365\/wp-content\/uploads\/2026\/03\/Trieste-450x216.jpg 450w, https:\/\/eldigitaldeasturias.com\/magazine365\/wp-content\/uploads\/2026\/03\/Trieste-1200x577.jpg 1200w, https:\/\/eldigitaldeasturias.com\/magazine365\/wp-content\/uploads\/2026\/03\/Trieste.jpg 1258w\" sizes=\"(max-width: 650px) 100vw, 650px\" \/><figcaption id=\"caption-attachment-112274\" class=\"wp-caption-text\">Foto: 123rf.com<\/figcaption><\/figure>\n<p data-start=\"274\" data-end=\"728\"><strong><a title=\"Trieste\" href=\"https:\/\/es.wikipedia.org\/wiki\/Trieste\" target=\"_blank\" rel=\"nofollow noopener\"><span style=\"color: #ff6600;\">Trieste<\/span><\/a> aparece en el mapa europeo como una ciudad fronteriza<\/strong>. Durante siglos fue salida al mar del imperio austroh\u00fangaro, lo que dej\u00f3 una huella visible en su arquitectura, en su mezcla cultural y en su relaci\u00f3n con el comercio mar\u00edtimo. Esa condici\u00f3n de puerto abierto atrajo comerciantes, marineros, funcionarios imperiales y tambi\u00e9n escritores. El resultado es un lugar donde el tr\u00e1nsito de personas y lenguas se convirti\u00f3 en parte de la vida urbana.<\/p>\n<p data-start=\"730\" data-end=\"1218\">El paseo por el frente mar\u00edtimo revela esa identidad. El muelle Audace se adentra en el Adri\u00e1tico como una prolongaci\u00f3n natural de la ciudad, mientras la Piazza Unit\u00e0 d\u2019Italia se abre directamente al mar. El espacio urbano no funciona solo como escenario monumental: conserva el ritmo de un puerto activo, con barcos, viento salino y caf\u00e9s donde el tiempo parece dilatarse. Esa combinaci\u00f3n entre actividad portuaria y atm\u00f3sfera introspectiva contribuye a la reputaci\u00f3n cultural del lugar.<\/p>\n<p data-start=\"1220\" data-end=\"1644\"><span style=\"color: #ff6600;\"><strong>Trieste<\/strong><\/span> desarroll\u00f3 desde el siglo XIX una intensa vida intelectual. Su posici\u00f3n en la periferia del imperio gener\u00f3 una identidad h\u00edbrida que conectaba tradiciones italianas, centroeuropeas y eslavas. La ciudad nunca fue una capital pol\u00edtica, pero s\u00ed un punto de encuentro de corrientes culturales. Esa condici\u00f3n explica la presencia continuada de escritores y pensadores que encontraron aqu\u00ed un espacio f\u00e9rtil para trabajar.<\/p>\n<h1 data-section-id=\"d5ewsw\" data-start=\"1646\" data-end=\"1682\">Caf\u00e9s hist\u00f3ricos y cultura urbana<\/h1>\n<p data-start=\"1684\" data-end=\"2028\">Los caf\u00e9s de Trieste constituyen uno de los rasgos m\u00e1s visibles de su identidad literaria. A diferencia de otros destinos donde estos espacios funcionan como atractivo tur\u00edstico, en la ciudad siguen integrados en la vida cotidiana. Las mesas de m\u00e1rmol, los espejos antiguos y la iluminaci\u00f3n tenue mantienen una atm\u00f3sfera heredada del siglo XIX.<\/p>\n<p data-start=\"2030\" data-end=\"2416\">El Caff\u00e8 San Marco representa uno de los ejemplos m\u00e1s conocidos. Fundado en 1914, conserva una decoraci\u00f3n que remite al periodo austroh\u00fangaro. Su interior re\u00fane librer\u00eda, sala de lectura y cafeter\u00eda, lo que crea un ambiente propicio para la conversaci\u00f3n pausada. Otros establecimientos como el Caff\u00e8 Tommaseo o el Caff\u00e8 degli Specchi mantienen esa misma tradici\u00f3n de encuentro cultural.<\/p>\n<p data-start=\"2418\" data-end=\"2775\">Estos lugares no funcionan \u00fanicamente como escenarios hist\u00f3ricos. En Trieste, el caf\u00e9 forma parte de una cultura urbana muy definida. El ritual de pedirlo posee incluso una terminolog\u00eda propia que distingue distintas preparaciones. Esa relaci\u00f3n particular con el caf\u00e9 refuerza la imagen de una ciudad donde la pausa y la observaci\u00f3n ocupan un lugar central.<\/p>\n<p data-start=\"2777\" data-end=\"3070\">La arquitectura contribuye tambi\u00e9n a esa sensaci\u00f3n. Edificios neocl\u00e1sicos, fachadas elegantes y avenidas amplias recuerdan la etapa imperial. El resultado es una ciudad que parece mirar tanto hacia Viena como hacia el Mediterr\u00e1neo. Esa dualidad cultural explica buena parte de su personalidad.<\/p>\n<h1 data-section-id=\"8sla7e\" data-start=\"3072\" data-end=\"3099\">El paisaje del Adri\u00e1tico<\/h1>\n<p data-start=\"3101\" data-end=\"3411\">M\u00e1s all\u00e1 del centro urbano, el paisaje que rodea Trieste a\u00f1ade otra dimensi\u00f3n al viaje. El mar Adri\u00e1tico define la geograf\u00eda de la ciudad, mientras el altiplano k\u00e1rstico se eleva inmediatamente detr\u00e1s de las \u00faltimas calles. Esta proximidad entre mar y roca crea un entorno singular dentro del litoral italiano.<\/p>\n<p data-start=\"3413\" data-end=\"3755\">La carretera costera que conduce hacia el castillo de Miramare ofrece una de las panor\u00e1micas m\u00e1s reconocibles de la zona. El palacio, construido en el siglo XIX para el archiduque Maximiliano de Habsburgo, se levanta sobre un promontorio blanco rodeado por jardines. Desde all\u00ed se percibe la relaci\u00f3n directa entre la ciudad y el mar abierto.<\/p>\n<p data-start=\"3757\" data-end=\"4061\">El Carso, la meseta que domina el paisaje, introduce un contraste radical. Su terreno calizo, cubierto de vegetaci\u00f3n baja y atravesado por senderos, forma parte de la vida local. Desde sus miradores se observa Trieste extendida entre el mar y la monta\u00f1a, lo que explica su car\u00e1cter geogr\u00e1fico particular.<\/p>\n<p data-start=\"4063\" data-end=\"4348\">Esa relaci\u00f3n entre paisaje y ciudad influye tambi\u00e9n en la experiencia del viaje. Trieste no responde al modelo cl\u00e1sico de ciudad mediterr\u00e1nea saturada de monumentos. Su atractivo reside en una mezcla de atm\u00f3sfera portuaria, memoria literaria y horizonte marino que acompa\u00f1a cada paseo.<\/p>\n<p data-start=\"4350\" data-end=\"4606\">La ciudad conserva una identidad dif\u00edcil de reproducir en otros destinos italianos. Entre caf\u00e9s hist\u00f3ricos, muelles abiertos al Adri\u00e1tico y una tradici\u00f3n cultural profundamente arraigada, Trieste mantiene intacta su condici\u00f3n de puerto literario europeo.<\/p>\n","protected":false},"excerpt":{"rendered":"<p>Trieste mantiene una relaci\u00f3n singular con la escritura y el viaje. Este puerto del Adri\u00e1tico combina tradici\u00f3n mar\u00edtima, caf\u00e9s hist\u00f3ricos y memoria cultural en una ciudad donde la literatura forma parte del paisaje cotidiano. Trieste aparece en el mapa europeo como una ciudad fronteriza. Durante siglos fue salida al mar del imperio austroh\u00fangaro, lo que<\/p>\n","protected":false},"author":1,"featured_media":112274,"comment_status":"closed","ping_status":"closed","sticky":false,"template":"","format":"standard","meta":{"footnotes":""},"categories":[238],"tags":[377],"class_list":{"0":"post-112273","1":"post","2":"type-post","3":"status-publish","4":"format-standard","5":"has-post-thumbnail","7":"category-viajes","8":"tag-viajes"},"aioseo_notices":[],"aioseo_head":"\n\t\t<!-- All in One SEO Pro 4.9.6.1 - aioseo.com -->\n\t<meta name=\"description\" content=\"Trieste mantiene una relaci\u00f3n singular con la escritura y el viaje. Este puerto del Adri\u00e1tico combina tradici\u00f3n mar\u00edtima, caf\u00e9s hist\u00f3ricos y memoria cultural\" \/>\n\t<meta name=\"robots\" content=\"max-image-preview:large\" \/>\n\t<meta name=\"author\" content=\"admin\"\/>\n\t<meta name=\"google-site-verification\" content=\"UA-38556648-1\" \/>\n\t<meta name=\"keywords\" content=\"viajes\" \/>\n\t<link rel=\"canonical\" href=\"https:\/\/eldigitaldeasturias.com\/magazine365\/trieste-el-puerto-mas-literario-de-europa\/\" \/>\n\t<meta name=\"generator\" content=\"All in One SEO Pro (AIOSEO) 4.9.6.1\" \/>\n\t\t<meta property=\"og:locale\" content=\"es_ES\" \/>\n\t\t<meta property=\"og:site_name\" content=\"El Digital de Asturias \u2013 Revista de ocio, turismo y estilo de vida\" \/>\n\t\t<meta property=\"og:type\" content=\"article\" \/>\n\t\t<meta property=\"og:title\" content=\"Trieste, el puerto m\u00e1s literario de Europa | El Digital de Asturias\" \/>\n\t\t<meta property=\"og:description\" content=\"Trieste mantiene una relaci\u00f3n singular con la escritura y el viaje. Este puerto del Adri\u00e1tico combina tradici\u00f3n mar\u00edtima, caf\u00e9s hist\u00f3ricos y memoria cultural\" \/>\n\t\t<meta property=\"og:url\" content=\"https:\/\/eldigitaldeasturias.com\/magazine365\/trieste-el-puerto-mas-literario-de-europa\/\" \/>\n\t\t<meta property=\"og:image\" content=\"https:\/\/eldigitaldeasturias.com\/magazine365\/wp-content\/uploads\/2026\/03\/Trieste.jpg\" \/>\n\t\t<meta property=\"og:image:secure_url\" content=\"https:\/\/eldigitaldeasturias.com\/magazine365\/wp-content\/uploads\/2026\/03\/Trieste.jpg\" \/>\n\t\t<meta property=\"og:image:width\" content=\"1258\" \/>\n\t\t<meta property=\"og:image:height\" content=\"605\" \/>\n\t\t<meta property=\"article:published_time\" content=\"2026-03-06T21:29:48+00:00\" \/>\n\t\t<meta property=\"article:modified_time\" content=\"2026-03-06T21:30:35+00:00\" \/>\n\t\t<meta name=\"twitter:card\" content=\"summary_large_image\" \/>\n\t\t<meta name=\"twitter:title\" content=\"Trieste, el puerto m\u00e1s literario de Europa | El Digital de Asturias\" \/>\n\t\t<meta name=\"twitter:description\" content=\"Trieste mantiene una relaci\u00f3n singular con la escritura y el viaje. Este puerto del Adri\u00e1tico combina tradici\u00f3n mar\u00edtima, caf\u00e9s hist\u00f3ricos y memoria cultural\" \/>\n\t\t<meta name=\"twitter:image\" content=\"https:\/\/eldigitaldeasturias.com\/magazine365\/wp-content\/uploads\/2026\/03\/Trieste.jpg\" \/>\n\t\t<script type=\"application\/ld+json\" class=\"aioseo-schema\">\n\t\t\t{\"@context\":\"https:\\\/\\\/schema.org\",\"@graph\":[{\"@type\":\"Article\",\"@id\":\"https:\\\/\\\/eldigitaldeasturias.com\\\/magazine365\\\/trieste-el-puerto-mas-literario-de-europa\\\/#article\",\"name\":\"Trieste, el puerto m\\u00e1s literario de Europa | El Digital de Asturias\",\"headline\":\"Trieste, el puerto m\\u00e1s literario de Europa\",\"author\":{\"@id\":\"https:\\\/\\\/eldigitaldeasturias.com\\\/magazine365\\\/author\\\/admin\\\/#author\"},\"publisher\":{\"@id\":\"https:\\\/\\\/eldigitaldeasturias.com\\\/magazine365\\\/#organization\"},\"image\":{\"@type\":\"ImageObject\",\"url\":\"https:\\\/\\\/eldigitaldeasturias.com\\\/magazine365\\\/wp-content\\\/uploads\\\/2026\\\/03\\\/Trieste.jpg\",\"width\":1258,\"height\":605,\"caption\":\"Foto: 123rf.com\"},\"datePublished\":\"2026-03-06T22:29:48+01:00\",\"dateModified\":\"2026-03-06T22:30:35+01:00\",\"inLanguage\":\"es-ES\",\"mainEntityOfPage\":{\"@id\":\"https:\\\/\\\/eldigitaldeasturias.com\\\/magazine365\\\/trieste-el-puerto-mas-literario-de-europa\\\/#webpage\"},\"isPartOf\":{\"@id\":\"https:\\\/\\\/eldigitaldeasturias.com\\\/magazine365\\\/trieste-el-puerto-mas-literario-de-europa\\\/#webpage\"},\"articleSection\":\"Viajes, viajes\"},{\"@type\":\"BreadcrumbList\",\"@id\":\"https:\\\/\\\/eldigitaldeasturias.com\\\/magazine365\\\/trieste-el-puerto-mas-literario-de-europa\\\/#breadcrumblist\",\"itemListElement\":[{\"@type\":\"ListItem\",\"@id\":\"https:\\\/\\\/eldigitaldeasturias.com\\\/magazine365#listItem\",\"position\":1,\"name\":\"Home\",\"item\":\"https:\\\/\\\/eldigitaldeasturias.com\\\/magazine365\",\"nextItem\":{\"@type\":\"ListItem\",\"@id\":\"https:\\\/\\\/eldigitaldeasturias.com\\\/magazine365\\\/category\\\/viajes\\\/#listItem\",\"name\":\"Viajes\"}},{\"@type\":\"ListItem\",\"@id\":\"https:\\\/\\\/eldigitaldeasturias.com\\\/magazine365\\\/category\\\/viajes\\\/#listItem\",\"position\":2,\"name\":\"Viajes\",\"item\":\"https:\\\/\\\/eldigitaldeasturias.com\\\/magazine365\\\/category\\\/viajes\\\/\",\"nextItem\":{\"@type\":\"ListItem\",\"@id\":\"https:\\\/\\\/eldigitaldeasturias.com\\\/magazine365\\\/trieste-el-puerto-mas-literario-de-europa\\\/#listItem\",\"name\":\"Trieste, el puerto m\\u00e1s literario de Europa\"},\"previousItem\":{\"@type\":\"ListItem\",\"@id\":\"https:\\\/\\\/eldigitaldeasturias.com\\\/magazine365#listItem\",\"name\":\"Home\"}},{\"@type\":\"ListItem\",\"@id\":\"https:\\\/\\\/eldigitaldeasturias.com\\\/magazine365\\\/trieste-el-puerto-mas-literario-de-europa\\\/#listItem\",\"position\":3,\"name\":\"Trieste, el puerto m\\u00e1s literario de Europa\",\"previousItem\":{\"@type\":\"ListItem\",\"@id\":\"https:\\\/\\\/eldigitaldeasturias.com\\\/magazine365\\\/category\\\/viajes\\\/#listItem\",\"name\":\"Viajes\"}}]},{\"@type\":\"Organization\",\"@id\":\"https:\\\/\\\/eldigitaldeasturias.com\\\/magazine365\\\/#organization\",\"name\":\"El digital de Asturias\",\"description\":\"Revista de ocio, turismo y estilo de vida\",\"url\":\"https:\\\/\\\/eldigitaldeasturias.com\\\/magazine365\\\/\",\"logo\":{\"@type\":\"ImageObject\",\"url\":\"https:\\\/\\\/www.eldigitaldeasturias.com\\\/noticias\\\/wp-content\\\/uploads\\\/2020\\\/12\\\/EDA.jpg\",\"@id\":\"https:\\\/\\\/eldigitaldeasturias.com\\\/magazine365\\\/trieste-el-puerto-mas-literario-de-europa\\\/#organizationLogo\"},\"image\":{\"@id\":\"https:\\\/\\\/eldigitaldeasturias.com\\\/magazine365\\\/trieste-el-puerto-mas-literario-de-europa\\\/#organizationLogo\"}},{\"@type\":\"Person\",\"@id\":\"https:\\\/\\\/eldigitaldeasturias.com\\\/magazine365\\\/author\\\/admin\\\/#author\",\"url\":\"https:\\\/\\\/eldigitaldeasturias.com\\\/magazine365\\\/author\\\/admin\\\/\",\"name\":\"admin\",\"image\":{\"@type\":\"ImageObject\",\"@id\":\"https:\\\/\\\/eldigitaldeasturias.com\\\/magazine365\\\/trieste-el-puerto-mas-literario-de-europa\\\/#authorImage\",\"url\":\"https:\\\/\\\/eldigitaldeasturias.com\\\/magazine365\\\/wp-content\\\/litespeed\\\/avatar\\\/e571bcf59a0edd6fa6838245a470f2fe.jpg?ver=1776969259\",\"width\":96,\"height\":96,\"caption\":\"admin\"}},{\"@type\":\"WebPage\",\"@id\":\"https:\\\/\\\/eldigitaldeasturias.com\\\/magazine365\\\/trieste-el-puerto-mas-literario-de-europa\\\/#webpage\",\"url\":\"https:\\\/\\\/eldigitaldeasturias.com\\\/magazine365\\\/trieste-el-puerto-mas-literario-de-europa\\\/\",\"name\":\"Trieste, el puerto m\\u00e1s literario de Europa | El Digital de Asturias\",\"description\":\"Trieste mantiene una relaci\\u00f3n singular con la escritura y el viaje. Este puerto del Adri\\u00e1tico combina tradici\\u00f3n mar\\u00edtima, caf\\u00e9s hist\\u00f3ricos y memoria cultural\",\"inLanguage\":\"es-ES\",\"isPartOf\":{\"@id\":\"https:\\\/\\\/eldigitaldeasturias.com\\\/magazine365\\\/#website\"},\"breadcrumb\":{\"@id\":\"https:\\\/\\\/eldigitaldeasturias.com\\\/magazine365\\\/trieste-el-puerto-mas-literario-de-europa\\\/#breadcrumblist\"},\"author\":{\"@id\":\"https:\\\/\\\/eldigitaldeasturias.com\\\/magazine365\\\/author\\\/admin\\\/#author\"},\"creator\":{\"@id\":\"https:\\\/\\\/eldigitaldeasturias.com\\\/magazine365\\\/author\\\/admin\\\/#author\"},\"image\":{\"@type\":\"ImageObject\",\"url\":\"https:\\\/\\\/eldigitaldeasturias.com\\\/magazine365\\\/wp-content\\\/uploads\\\/2026\\\/03\\\/Trieste.jpg\",\"@id\":\"https:\\\/\\\/eldigitaldeasturias.com\\\/magazine365\\\/trieste-el-puerto-mas-literario-de-europa\\\/#mainImage\",\"width\":1258,\"height\":605,\"caption\":\"Foto: 123rf.com\"},\"primaryImageOfPage\":{\"@id\":\"https:\\\/\\\/eldigitaldeasturias.com\\\/magazine365\\\/trieste-el-puerto-mas-literario-de-europa\\\/#mainImage\"},\"datePublished\":\"2026-03-06T22:29:48+01:00\",\"dateModified\":\"2026-03-06T22:30:35+01:00\"},{\"@type\":\"WebSite\",\"@id\":\"https:\\\/\\\/eldigitaldeasturias.com\\\/magazine365\\\/#website\",\"url\":\"https:\\\/\\\/eldigitaldeasturias.com\\\/magazine365\\\/\",\"name\":\"El Digital de Asturias\",\"description\":\"Revista de ocio, turismo y estilo de vida\",\"inLanguage\":\"es-ES\",\"publisher\":{\"@id\":\"https:\\\/\\\/eldigitaldeasturias.com\\\/magazine365\\\/#organization\"}}]}\n\t\t<\/script>\n\t\t<!-- All in One SEO Pro -->\r\n\t\t<title>Trieste, el puerto m\u00e1s literario de Europa | El Digital de Asturias<\/title>\n\n","aioseo_head_json":{"title":"Trieste, el puerto m\u00e1s literario de Europa | El Digital de Asturias","description":"Trieste mantiene una relaci\u00f3n singular con la escritura y el viaje. Este puerto del Adri\u00e1tico combina tradici\u00f3n mar\u00edtima, caf\u00e9s hist\u00f3ricos y memoria cultural","canonical_url":"https:\/\/eldigitaldeasturias.com\/magazine365\/trieste-el-puerto-mas-literario-de-europa\/","robots":"max-image-preview:large","keywords":"viajes","webmasterTools":{"google-site-verification":"UA-38556648-1","miscellaneous":""},"schema":{"@context":"https:\/\/schema.org","@graph":[{"@type":"Article","@id":"https:\/\/eldigitaldeasturias.com\/magazine365\/trieste-el-puerto-mas-literario-de-europa\/#article","name":"Trieste, el puerto m\u00e1s literario de Europa | El Digital de Asturias","headline":"Trieste, el puerto m\u00e1s literario de Europa","author":{"@id":"https:\/\/eldigitaldeasturias.com\/magazine365\/author\/admin\/#author"},"publisher":{"@id":"https:\/\/eldigitaldeasturias.com\/magazine365\/#organization"},"image":{"@type":"ImageObject","url":"https:\/\/eldigitaldeasturias.com\/magazine365\/wp-content\/uploads\/2026\/03\/Trieste.jpg","width":1258,"height":605,"caption":"Foto: 123rf.com"},"datePublished":"2026-03-06T22:29:48+01:00","dateModified":"2026-03-06T22:30:35+01:00","inLanguage":"es-ES","mainEntityOfPage":{"@id":"https:\/\/eldigitaldeasturias.com\/magazine365\/trieste-el-puerto-mas-literario-de-europa\/#webpage"},"isPartOf":{"@id":"https:\/\/eldigitaldeasturias.com\/magazine365\/trieste-el-puerto-mas-literario-de-europa\/#webpage"},"articleSection":"Viajes, viajes"},{"@type":"BreadcrumbList","@id":"https:\/\/eldigitaldeasturias.com\/magazine365\/trieste-el-puerto-mas-literario-de-europa\/#breadcrumblist","itemListElement":[{"@type":"ListItem","@id":"https:\/\/eldigitaldeasturias.com\/magazine365#listItem","position":1,"name":"Home","item":"https:\/\/eldigitaldeasturias.com\/magazine365","nextItem":{"@type":"ListItem","@id":"https:\/\/eldigitaldeasturias.com\/magazine365\/category\/viajes\/#listItem","name":"Viajes"}},{"@type":"ListItem","@id":"https:\/\/eldigitaldeasturias.com\/magazine365\/category\/viajes\/#listItem","position":2,"name":"Viajes","item":"https:\/\/eldigitaldeasturias.com\/magazine365\/category\/viajes\/","nextItem":{"@type":"ListItem","@id":"https:\/\/eldigitaldeasturias.com\/magazine365\/trieste-el-puerto-mas-literario-de-europa\/#listItem","name":"Trieste, el puerto m\u00e1s literario de Europa"},"previousItem":{"@type":"ListItem","@id":"https:\/\/eldigitaldeasturias.com\/magazine365#listItem","name":"Home"}},{"@type":"ListItem","@id":"https:\/\/eldigitaldeasturias.com\/magazine365\/trieste-el-puerto-mas-literario-de-europa\/#listItem","position":3,"name":"Trieste, el puerto m\u00e1s literario de Europa","previousItem":{"@type":"ListItem","@id":"https:\/\/eldigitaldeasturias.com\/magazine365\/category\/viajes\/#listItem","name":"Viajes"}}]},{"@type":"Organization","@id":"https:\/\/eldigitaldeasturias.com\/magazine365\/#organization","name":"El digital de Asturias","description":"Revista de ocio, turismo y estilo de vida","url":"https:\/\/eldigitaldeasturias.com\/magazine365\/","logo":{"@type":"ImageObject","url":"https:\/\/www.eldigitaldeasturias.com\/noticias\/wp-content\/uploads\/2020\/12\/EDA.jpg","@id":"https:\/\/eldigitaldeasturias.com\/magazine365\/trieste-el-puerto-mas-literario-de-europa\/#organizationLogo"},"image":{"@id":"https:\/\/eldigitaldeasturias.com\/magazine365\/trieste-el-puerto-mas-literario-de-europa\/#organizationLogo"}},{"@type":"Person","@id":"https:\/\/eldigitaldeasturias.com\/magazine365\/author\/admin\/#author","url":"https:\/\/eldigitaldeasturias.com\/magazine365\/author\/admin\/","name":"admin","image":{"@type":"ImageObject","@id":"https:\/\/eldigitaldeasturias.com\/magazine365\/trieste-el-puerto-mas-literario-de-europa\/#authorImage","url":"https:\/\/eldigitaldeasturias.com\/magazine365\/wp-content\/litespeed\/avatar\/e571bcf59a0edd6fa6838245a470f2fe.jpg?ver=1776969259","width":96,"height":96,"caption":"admin"}},{"@type":"WebPage","@id":"https:\/\/eldigitaldeasturias.com\/magazine365\/trieste-el-puerto-mas-literario-de-europa\/#webpage","url":"https:\/\/eldigitaldeasturias.com\/magazine365\/trieste-el-puerto-mas-literario-de-europa\/","name":"Trieste, el puerto m\u00e1s literario de Europa | El Digital de Asturias","description":"Trieste mantiene una relaci\u00f3n singular con la escritura y el viaje. Este puerto del Adri\u00e1tico combina tradici\u00f3n mar\u00edtima, caf\u00e9s hist\u00f3ricos y memoria cultural","inLanguage":"es-ES","isPartOf":{"@id":"https:\/\/eldigitaldeasturias.com\/magazine365\/#website"},"breadcrumb":{"@id":"https:\/\/eldigitaldeasturias.com\/magazine365\/trieste-el-puerto-mas-literario-de-europa\/#breadcrumblist"},"author":{"@id":"https:\/\/eldigitaldeasturias.com\/magazine365\/author\/admin\/#author"},"creator":{"@id":"https:\/\/eldigitaldeasturias.com\/magazine365\/author\/admin\/#author"},"image":{"@type":"ImageObject","url":"https:\/\/eldigitaldeasturias.com\/magazine365\/wp-content\/uploads\/2026\/03\/Trieste.jpg","@id":"https:\/\/eldigitaldeasturias.com\/magazine365\/trieste-el-puerto-mas-literario-de-europa\/#mainImage","width":1258,"height":605,"caption":"Foto: 123rf.com"},"primaryImageOfPage":{"@id":"https:\/\/eldigitaldeasturias.com\/magazine365\/trieste-el-puerto-mas-literario-de-europa\/#mainImage"},"datePublished":"2026-03-06T22:29:48+01:00","dateModified":"2026-03-06T22:30:35+01:00"},{"@type":"WebSite","@id":"https:\/\/eldigitaldeasturias.com\/magazine365\/#website","url":"https:\/\/eldigitaldeasturias.com\/magazine365\/","name":"El Digital de Asturias","description":"Revista de ocio, turismo y estilo de vida","inLanguage":"es-ES","publisher":{"@id":"https:\/\/eldigitaldeasturias.com\/magazine365\/#organization"}}]},"og:locale":"es_ES","og:site_name":"El Digital de Asturias \u2013 Revista de ocio, turismo y estilo de vida","og:type":"article","og:title":"Trieste, el puerto m\u00e1s literario de Europa | El Digital de Asturias","og:description":"Trieste mantiene una relaci\u00f3n singular con la escritura y el viaje. Este puerto del Adri\u00e1tico combina tradici\u00f3n mar\u00edtima, caf\u00e9s hist\u00f3ricos y memoria cultural","og:url":"https:\/\/eldigitaldeasturias.com\/magazine365\/trieste-el-puerto-mas-literario-de-europa\/","og:image":"https:\/\/eldigitaldeasturias.com\/magazine365\/wp-content\/uploads\/2026\/03\/Trieste.jpg","og:image:secure_url":"https:\/\/eldigitaldeasturias.com\/magazine365\/wp-content\/uploads\/2026\/03\/Trieste.jpg","og:image:width":1258,"og:image:height":605,"article:published_time":"2026-03-06T21:29:48+00:00","article:modified_time":"2026-03-06T21:30:35+00:00","twitter:card":"summary_large_image","twitter:title":"Trieste, el puerto m\u00e1s literario de Europa | El Digital de Asturias","twitter:description":"Trieste mantiene una relaci\u00f3n singular con la escritura y el viaje. Este puerto del Adri\u00e1tico combina tradici\u00f3n mar\u00edtima, caf\u00e9s hist\u00f3ricos y memoria cultural","twitter:image":"https:\/\/eldigitaldeasturias.com\/magazine365\/wp-content\/uploads\/2026\/03\/Trieste.jpg"},"aioseo_meta_data":{"post_id":"112273","title":null,"description":"Trieste mantiene una relaci\u00f3n singular con la escritura y el viaje. Este puerto del Adri\u00e1tico combina tradici\u00f3n mar\u00edtima, caf\u00e9s hist\u00f3ricos y memoria cultural","keywords":null,"keyphrases":{"focus":{"keyphrase":"Trieste","score":100,"analysis":{"keyphraseInTitle":{"score":9,"maxScore":9,"error":0},"keyphraseInDescription":{"score":9,"maxScore":9,"error":0},"keyphraseLength":{"score":9,"maxScore":9,"error":0,"length":1},"keyphraseInURL":{"score":5,"maxScore":5,"error":0},"keyphraseInIntroduction":{"score":9,"maxScore":9,"error":0},"keyphraseInSubHeadings":[],"keyphraseInImageAlt":{"score":9,"maxScore":9,"error":0},"keywordDensity":{"type":"best","score":9,"maxScore":9,"error":0}}},"additional":[{"keyphrase":"Trieste","score":100,"analysis":{"keyphraseInDescription":{"score":9,"maxScore":9,"error":0},"keyphraseLength":{"score":9,"maxScore":9,"error":0,"length":1},"keyphraseInIntroduction":{"score":9,"maxScore":9,"error":0},"keyphraseInImageAlt":{"score":9,"maxScore":9,"error":0},"keywordDensity":{"type":"best","score":9,"maxScore":9,"error":0}}}]},"primary_term":null,"canonical_url":null,"og_title":null,"og_description":null,"og_object_type":"default","og_image_type":"default","og_image_url":null,"og_image_width":null,"og_image_height":null,"og_image_custom_url":null,"og_image_custom_fields":null,"og_video":"","og_custom_url":null,"og_article_section":null,"og_article_tags":null,"twitter_use_og":false,"twitter_card":"default","twitter_image_type":"default","twitter_image_url":null,"twitter_image_custom_url":null,"twitter_image_custom_fields":null,"twitter_title":null,"twitter_description":null,"schema":{"blockGraphs":[],"customGraphs":[],"default":{"data":{"Article":[],"Course":[],"Dataset":[],"FAQPage":[],"Movie":[],"Person":[],"Product":[],"ProductReview":[],"Car":[],"Recipe":[],"Service":[],"SoftwareApplication":[],"WebPage":[]},"graphName":"Article","isEnabled":true},"graphs":[]},"schema_type":"default","schema_type_options":null,"pillar_content":false,"robots_default":true,"robots_noindex":false,"robots_noarchive":false,"robots_nosnippet":false,"robots_nofollow":false,"robots_noimageindex":false,"robots_noodp":false,"robots_notranslate":false,"robots_max_snippet":"-1","robots_max_videopreview":"-1","robots_max_imagepreview":"large","priority":null,"frequency":"default","location":null,"local_seo":null,"seo_analyzer_scan_date":"2026-03-06 22:03:33","breadcrumb_settings":null,"limit_modified_date":false,"open_ai":null,"ai":{"faqs":[],"keyPoints":[],"titles":[],"descriptions":[],"socialPosts":{"email":[],"linkedin":[],"twitter":[],"facebook":[],"instagram":[]}},"created":"2026-03-06 21:03:41","updated":"2026-03-06 22:03:42"},"aioseo_breadcrumb":"<div class=\"aioseo-breadcrumbs\"><span class=\"aioseo-breadcrumb\">\n\t<a href=\"https:\/\/eldigitaldeasturias.com\/magazine365\" title=\"Home\">Home<\/a>\n<\/span><span class=\"aioseo-breadcrumb-separator\">\u2013<\/span><span class=\"aioseo-breadcrumb\">\n\t<a href=\"https:\/\/eldigitaldeasturias.com\/magazine365\/category\/viajes\/\" title=\"Viajes\">Viajes<\/a>\n<\/span><span class=\"aioseo-breadcrumb-separator\">\u2013<\/span><span class=\"aioseo-breadcrumb\">\n\t<a href=\"https:\/\/eldigitaldeasturias.com\/magazine365\/trieste-el-puerto-mas-literario-de-europa\/\" title=\"Trieste, el puerto m\u00e1s literario de Europa\">Trieste, el puerto m\u00e1s literario de Europa<\/a>\n<\/span><\/div>","aioseo_breadcrumb_json":[{"label":"Home","link":"https:\/\/eldigitaldeasturias.com\/magazine365"},{"label":"Viajes","link":"https:\/\/eldigitaldeasturias.com\/magazine365\/category\/viajes\/"},{"label":"Trieste, el puerto m\u00e1s literario de Europa","link":"https:\/\/eldigitaldeasturias.com\/magazine365\/trieste-el-puerto-mas-literario-de-europa\/"}],"_links":{"self":[{"href":"https:\/\/eldigitaldeasturias.com\/magazine365\/wp-json\/wp\/v2\/posts\/112273","targetHints":{"allow":["GET"]}}],"collection":[{"href":"https:\/\/eldigitaldeasturias.com\/magazine365\/wp-json\/wp\/v2\/posts"}],"about":[{"href":"https:\/\/eldigitaldeasturias.com\/magazine365\/wp-json\/wp\/v2\/types\/post"}],"author":[{"embeddable":true,"href":"https:\/\/eldigitaldeasturias.com\/magazine365\/wp-json\/wp\/v2\/users\/1"}],"replies":[{"embeddable":true,"href":"https:\/\/eldigitaldeasturias.com\/magazine365\/wp-json\/wp\/v2\/comments?post=112273"}],"version-history":[{"count":0,"href":"https:\/\/eldigitaldeasturias.com\/magazine365\/wp-json\/wp\/v2\/posts\/112273\/revisions"}],"wp:featuredmedia":[{"embeddable":true,"href":"https:\/\/eldigitaldeasturias.com\/magazine365\/wp-json\/wp\/v2\/media\/112274"}],"wp:attachment":[{"href":"https:\/\/eldigitaldeasturias.com\/magazine365\/wp-json\/wp\/v2\/media?parent=112273"}],"wp:term":[{"taxonomy":"category","embeddable":true,"href":"https:\/\/eldigitaldeasturias.com\/magazine365\/wp-json\/wp\/v2\/categories?post=112273"},{"taxonomy":"post_tag","embeddable":true,"href":"https:\/\/eldigitaldeasturias.com\/magazine365\/wp-json\/wp\/v2\/tags?post=112273"}],"curies":[{"name":"wp","href":"https:\/\/api.w.org\/{rel}","templated":true}]}}