{"id":112265,"date":"2026-03-05T19:11:51","date_gmt":"2026-03-05T18:11:51","guid":{"rendered":"https:\/\/eldigitaldeasturias.com\/magazine365\/?p=112265"},"modified":"2026-03-05T19:11:51","modified_gmt":"2026-03-05T18:11:51","slug":"el-nuevo-equilibrio-entre-trabajo-y-tiempo-personal","status":"publish","type":"post","link":"https:\/\/eldigitaldeasturias.com\/magazine365\/el-nuevo-equilibrio-entre-trabajo-y-tiempo-personal\/","title":{"rendered":"El nuevo equilibrio entre trabajo y tiempo personal"},"content":{"rendered":"<p data-start=\"55\" data-end=\"277\">El equilibrio entre <a href=\"https:\/\/eldigitaldeasturias.com\/magazine365\/category\/estilo-de-vida\/\"><span style=\"color: #ff6600;\"><strong>trabajo y tiempo personal<\/strong><\/span><\/a> se ha convertido en una de las grandes preocupaciones de la vida contempor\u00e1nea. En muchas ciudades, la organizaci\u00f3n del d\u00eda ya no gira \u00fanicamente en torno a la jornada laboral.<\/p>\n<figure id=\"attachment_112266\" aria-describedby=\"caption-attachment-112266\" style=\"width: 650px\" class=\"wp-caption aligncenter\"><img fetchpriority=\"high\" decoding=\"async\" class=\"size-large wp-image-112266\" src=\"https:\/\/eldigitaldeasturias.com\/magazine365\/wp-content\/uploads\/2026\/03\/El-nuevo-equilibrio-entre-trabajo-y-tiempo-personal-650x406.jpg\" alt=\"El nuevo equilibrio entre trabajo y tiempo personal\" width=\"650\" height=\"406\" srcset=\"https:\/\/eldigitaldeasturias.com\/magazine365\/wp-content\/uploads\/2026\/03\/El-nuevo-equilibrio-entre-trabajo-y-tiempo-personal-650x406.jpg 650w, https:\/\/eldigitaldeasturias.com\/magazine365\/wp-content\/uploads\/2026\/03\/El-nuevo-equilibrio-entre-trabajo-y-tiempo-personal-360x225.jpg 360w, https:\/\/eldigitaldeasturias.com\/magazine365\/wp-content\/uploads\/2026\/03\/El-nuevo-equilibrio-entre-trabajo-y-tiempo-personal-768x480.jpg 768w, https:\/\/eldigitaldeasturias.com\/magazine365\/wp-content\/uploads\/2026\/03\/El-nuevo-equilibrio-entre-trabajo-y-tiempo-personal-150x94.jpg 150w, https:\/\/eldigitaldeasturias.com\/magazine365\/wp-content\/uploads\/2026\/03\/El-nuevo-equilibrio-entre-trabajo-y-tiempo-personal-450x281.jpg 450w, https:\/\/eldigitaldeasturias.com\/magazine365\/wp-content\/uploads\/2026\/03\/El-nuevo-equilibrio-entre-trabajo-y-tiempo-personal-1200x750.jpg 1200w, https:\/\/eldigitaldeasturias.com\/magazine365\/wp-content\/uploads\/2026\/03\/El-nuevo-equilibrio-entre-trabajo-y-tiempo-personal.jpg 1216w\" sizes=\"(max-width: 650px) 100vw, 650px\" \/><figcaption id=\"caption-attachment-112266\" class=\"wp-caption-text\">Foto: 123rf.com<\/figcaption><\/figure>\n<p data-start=\"279\" data-end=\"576\">Durante d\u00e9cadas, la estructura del trabajo defin\u00eda gran parte de la vida cotidiana. Horarios fijos, desplazamientos diarios y una separaci\u00f3n clara entre trabajo y tiempo personal marcaban el ritmo de la semana. Ese modelo todav\u00eda existe, pero la forma de organizar el tiempo ha empezado a cambiar.<\/p>\n<h1 data-start=\"578\" data-end=\"616\">C\u00f3mo cambian las jornadas laborales<\/h1>\n<p data-start=\"618\" data-end=\"920\">Una de las transformaciones m\u00e1s visibles es la flexibilidad en los horarios. En muchos sectores, la jornada ya no responde siempre a un esquema r\u00edgido de entrada y salida. El trabajo remoto, los sistemas h\u00edbridos o la organizaci\u00f3n por objetivos han introducido nuevas din\u00e1micas en la forma de trabajar.<\/p>\n<p data-start=\"922\" data-end=\"1213\">Esto ha permitido que algunas personas redistribuyan su tiempo de manera distinta a como se hac\u00eda tradicionalmente. Actividades que antes se concentraban exclusivamente en el final del d\u00eda \u2014deporte, gestiones personales o vida social\u2014 ahora pueden integrarse en otros momentos de la jornada.<\/p>\n<p data-start=\"1215\" data-end=\"1494\">En las grandes ciudades, esta reorganizaci\u00f3n tambi\u00e9n afecta a la forma de utilizar el espacio urbano. Parques, gimnasios, cafeter\u00edas o bibliotecas reciben p\u00fablico a lo largo de todo el d\u00eda, no solo en horarios concretos. La ciudad funciona de manera m\u00e1s distribuida en el tiempo.<\/p>\n<p data-start=\"1496\" data-end=\"1786\">Tambi\u00e9n cambia la percepci\u00f3n de la productividad. En lugar de medir el trabajo \u00fanicamente por horas de presencia, muchas organizaciones han empezado a centrarse en resultados concretos. Esto no elimina la presi\u00f3n laboral, pero s\u00ed modifica la forma en que se estructura el tiempo de trabajo.<\/p>\n<p data-start=\"1788\" data-end=\"2108\">Al mismo tiempo, la tecnolog\u00eda ha introducido un nuevo reto: la posibilidad de estar siempre conectado. El correo electr\u00f3nico, la mensajer\u00eda profesional o las plataformas digitales permiten continuar tareas desde casi cualquier lugar. Esa disponibilidad constante puede dificultar la separaci\u00f3n entre trabajo y descanso.<\/p>\n<p data-start=\"2110\" data-end=\"2236\">Por esta raz\u00f3n, cada vez m\u00e1s personas buscan establecer l\u00edmites claros en el uso del tiempo digital fuera del horario laboral.<\/p>\n<h2 data-start=\"2238\" data-end=\"2287\">El papel del tiempo personal en la vida diaria<\/h2>\n<p data-start=\"2289\" data-end=\"2604\">En paralelo a los cambios en el trabajo, el tiempo personal ha adquirido mayor relevancia en la forma de organizar la vida diaria. Actividades que antes se consideraban secundarias \u2014como caminar, practicar deporte o dedicar tiempo a intereses personales\u2014 se han convertido en parte central del equilibrio cotidiano.<\/p>\n<p data-start=\"2606\" data-end=\"2811\">La vida urbana, con su ritmo acelerado, ha reforzado esta tendencia. Para muchas personas, el tiempo libre no se percibe \u00fanicamente como descanso, sino como una forma de recuperar control sobre la jornada.<\/p>\n<p data-start=\"2813\" data-end=\"3050\">Espacios como parques urbanos, centros culturales o <a href=\"https:\/\/candas365.es\/noticias\/category\/deporte\/\" target=\"_blank\" rel=\"noopener\"><span style=\"color: #ff6600;\"><strong>instalaciones deportivas<\/strong><\/span><\/a> reflejan esta evoluci\u00f3n. La presencia constante de personas en estos lugares muestra c\u00f3mo el ocio cotidiano forma parte de la vida urbana de manera m\u00e1s visible.<\/p>\n<p data-start=\"3052\" data-end=\"3296\">Tambi\u00e9n se observa un cambio en la forma de entender el descanso. En lugar de concentrar todo el tiempo libre en fines de semana o vacaciones largas, muchas personas prefieren distribuir peque\u00f1os momentos de desconexi\u00f3n a lo largo de la semana.<\/p>\n<p data-start=\"3298\" data-end=\"3592\">Ese equilibrio no es f\u00e1cil de mantener. Las exigencias laborales, los desplazamientos y las responsabilidades personales siguen ocupando una parte importante del d\u00eda. Sin embargo, el inter\u00e9s por gestionar mejor el tiempo personal se ha convertido en un tema recurrente en la vida contempor\u00e1nea.<\/p>\n<p data-start=\"3594\" data-end=\"3772\">El nuevo equilibrio entre trabajo y vida personal no responde a una f\u00f3rmula \u00fanica. Cada persona lo construye de manera distinta seg\u00fan su entorno, su profesi\u00f3n y su ritmo de vida.<\/p>\n<p data-start=\"3774\" data-end=\"4000\" data-is-last-node=\"\" data-is-only-node=\"\">Lo que s\u00ed parece claro es que la forma de organizar el tiempo est\u00e1 cambiando. El trabajo sigue siendo una parte central de la vida adulta, pero cada vez m\u00e1s personas buscan que no sea el \u00fanico elemento que define su d\u00eda a d\u00eda.<\/p>\n","protected":false},"excerpt":{"rendered":"<p>El equilibrio entre trabajo y tiempo personal se ha convertido en una de las grandes preocupaciones de la vida contempor\u00e1nea. En muchas ciudades, la organizaci\u00f3n del d\u00eda ya no gira \u00fanicamente en torno a la jornada laboral. Durante d\u00e9cadas, la estructura del trabajo defin\u00eda gran parte de la vida cotidiana. Horarios fijos, desplazamientos diarios y<\/p>\n","protected":false},"author":1,"featured_media":112266,"comment_status":"closed","ping_status":"closed","sticky":false,"template":"","format":"standard","meta":{"footnotes":""},"categories":[228,182],"tags":[364],"class_list":{"0":"post-112265","1":"post","2":"type-post","3":"status-publish","4":"format-standard","5":"has-post-thumbnail","7":"category-destacadas","8":"category-estilo-de-vida","9":"tag-estilo-de-vida"},"aioseo_notices":[],"aioseo_head":"\n\t\t<!-- All in One SEO Pro 4.9.6.1 - aioseo.com -->\n\t<meta name=\"description\" content=\"El equilibrio entre trabajo y tiempo personal se ha convertido en una de las grandes preocupaciones de la vida contempor\u00e1nea. En muchas ciudades\" \/>\n\t<meta name=\"robots\" content=\"max-image-preview:large\" \/>\n\t<meta name=\"author\" content=\"admin\"\/>\n\t<meta name=\"google-site-verification\" content=\"UA-38556648-1\" \/>\n\t<meta name=\"keywords\" content=\"estilo de vida,destacadas\" \/>\n\t<link rel=\"canonical\" href=\"https:\/\/eldigitaldeasturias.com\/magazine365\/el-nuevo-equilibrio-entre-trabajo-y-tiempo-personal\/\" \/>\n\t<meta name=\"generator\" content=\"All in One SEO Pro (AIOSEO) 4.9.6.1\" \/>\n\t\t<meta property=\"og:locale\" content=\"es_ES\" \/>\n\t\t<meta property=\"og:site_name\" content=\"El Digital de Asturias \u2013 Revista de ocio, turismo y estilo de vida\" \/>\n\t\t<meta property=\"og:type\" content=\"article\" \/>\n\t\t<meta property=\"og:title\" content=\"El nuevo equilibrio entre trabajo y tiempo personal | El Digital de Asturias\" \/>\n\t\t<meta property=\"og:description\" content=\"El equilibrio entre trabajo y tiempo personal se ha convertido en una de las grandes preocupaciones de la vida contempor\u00e1nea. En muchas ciudades\" \/>\n\t\t<meta property=\"og:url\" content=\"https:\/\/eldigitaldeasturias.com\/magazine365\/el-nuevo-equilibrio-entre-trabajo-y-tiempo-personal\/\" \/>\n\t\t<meta property=\"og:image\" content=\"https:\/\/eldigitaldeasturias.com\/magazine365\/wp-content\/uploads\/2026\/03\/El-nuevo-equilibrio-entre-trabajo-y-tiempo-personal.jpg\" \/>\n\t\t<meta property=\"og:image:secure_url\" content=\"https:\/\/eldigitaldeasturias.com\/magazine365\/wp-content\/uploads\/2026\/03\/El-nuevo-equilibrio-entre-trabajo-y-tiempo-personal.jpg\" \/>\n\t\t<meta property=\"og:image:width\" content=\"1216\" \/>\n\t\t<meta property=\"og:image:height\" content=\"760\" \/>\n\t\t<meta property=\"article:published_time\" content=\"2026-03-05T18:11:51+00:00\" \/>\n\t\t<meta property=\"article:modified_time\" content=\"2026-03-05T18:11:51+00:00\" \/>\n\t\t<meta name=\"twitter:card\" content=\"summary_large_image\" \/>\n\t\t<meta name=\"twitter:title\" content=\"El nuevo equilibrio entre trabajo y tiempo personal | El Digital de Asturias\" \/>\n\t\t<meta name=\"twitter:description\" content=\"El equilibrio entre trabajo y tiempo personal se ha convertido en una de las grandes preocupaciones de la vida contempor\u00e1nea. En muchas ciudades\" \/>\n\t\t<meta name=\"twitter:image\" content=\"https:\/\/eldigitaldeasturias.com\/magazine365\/wp-content\/uploads\/2026\/03\/El-nuevo-equilibrio-entre-trabajo-y-tiempo-personal.jpg\" \/>\n\t\t<script type=\"application\/ld+json\" class=\"aioseo-schema\">\n\t\t\t{\"@context\":\"https:\\\/\\\/schema.org\",\"@graph\":[{\"@type\":\"Article\",\"@id\":\"https:\\\/\\\/eldigitaldeasturias.com\\\/magazine365\\\/el-nuevo-equilibrio-entre-trabajo-y-tiempo-personal\\\/#article\",\"name\":\"El nuevo equilibrio entre trabajo y tiempo personal | El Digital de Asturias\",\"headline\":\"El nuevo equilibrio entre trabajo y tiempo personal\",\"author\":{\"@id\":\"https:\\\/\\\/eldigitaldeasturias.com\\\/magazine365\\\/author\\\/admin\\\/#author\"},\"publisher\":{\"@id\":\"https:\\\/\\\/eldigitaldeasturias.com\\\/magazine365\\\/#organization\"},\"image\":{\"@type\":\"ImageObject\",\"url\":\"https:\\\/\\\/eldigitaldeasturias.com\\\/magazine365\\\/wp-content\\\/uploads\\\/2026\\\/03\\\/El-nuevo-equilibrio-entre-trabajo-y-tiempo-personal.jpg\",\"width\":1216,\"height\":760,\"caption\":\"Foto: 123rf.com\"},\"datePublished\":\"2026-03-05T19:11:51+01:00\",\"dateModified\":\"2026-03-05T19:11:51+01:00\",\"inLanguage\":\"es-ES\",\"mainEntityOfPage\":{\"@id\":\"https:\\\/\\\/eldigitaldeasturias.com\\\/magazine365\\\/el-nuevo-equilibrio-entre-trabajo-y-tiempo-personal\\\/#webpage\"},\"isPartOf\":{\"@id\":\"https:\\\/\\\/eldigitaldeasturias.com\\\/magazine365\\\/el-nuevo-equilibrio-entre-trabajo-y-tiempo-personal\\\/#webpage\"},\"articleSection\":\"Destacadas, Estilo de Vida, Estilo de vida\"},{\"@type\":\"BreadcrumbList\",\"@id\":\"https:\\\/\\\/eldigitaldeasturias.com\\\/magazine365\\\/el-nuevo-equilibrio-entre-trabajo-y-tiempo-personal\\\/#breadcrumblist\",\"itemListElement\":[{\"@type\":\"ListItem\",\"@id\":\"https:\\\/\\\/eldigitaldeasturias.com\\\/magazine365#listItem\",\"position\":1,\"name\":\"Home\",\"item\":\"https:\\\/\\\/eldigitaldeasturias.com\\\/magazine365\",\"nextItem\":{\"@type\":\"ListItem\",\"@id\":\"https:\\\/\\\/eldigitaldeasturias.com\\\/magazine365\\\/category\\\/estilo-de-vida\\\/#listItem\",\"name\":\"Estilo de Vida\"}},{\"@type\":\"ListItem\",\"@id\":\"https:\\\/\\\/eldigitaldeasturias.com\\\/magazine365\\\/category\\\/estilo-de-vida\\\/#listItem\",\"position\":2,\"name\":\"Estilo de Vida\",\"item\":\"https:\\\/\\\/eldigitaldeasturias.com\\\/magazine365\\\/category\\\/estilo-de-vida\\\/\",\"nextItem\":{\"@type\":\"ListItem\",\"@id\":\"https:\\\/\\\/eldigitaldeasturias.com\\\/magazine365\\\/el-nuevo-equilibrio-entre-trabajo-y-tiempo-personal\\\/#listItem\",\"name\":\"El nuevo equilibrio entre trabajo y tiempo personal\"},\"previousItem\":{\"@type\":\"ListItem\",\"@id\":\"https:\\\/\\\/eldigitaldeasturias.com\\\/magazine365#listItem\",\"name\":\"Home\"}},{\"@type\":\"ListItem\",\"@id\":\"https:\\\/\\\/eldigitaldeasturias.com\\\/magazine365\\\/el-nuevo-equilibrio-entre-trabajo-y-tiempo-personal\\\/#listItem\",\"position\":3,\"name\":\"El nuevo equilibrio entre trabajo y tiempo personal\",\"previousItem\":{\"@type\":\"ListItem\",\"@id\":\"https:\\\/\\\/eldigitaldeasturias.com\\\/magazine365\\\/category\\\/estilo-de-vida\\\/#listItem\",\"name\":\"Estilo de Vida\"}}]},{\"@type\":\"Organization\",\"@id\":\"https:\\\/\\\/eldigitaldeasturias.com\\\/magazine365\\\/#organization\",\"name\":\"El digital de Asturias\",\"description\":\"Revista de ocio, turismo y estilo de vida\",\"url\":\"https:\\\/\\\/eldigitaldeasturias.com\\\/magazine365\\\/\",\"logo\":{\"@type\":\"ImageObject\",\"url\":\"https:\\\/\\\/www.eldigitaldeasturias.com\\\/noticias\\\/wp-content\\\/uploads\\\/2020\\\/12\\\/EDA.jpg\",\"@id\":\"https:\\\/\\\/eldigitaldeasturias.com\\\/magazine365\\\/el-nuevo-equilibrio-entre-trabajo-y-tiempo-personal\\\/#organizationLogo\"},\"image\":{\"@id\":\"https:\\\/\\\/eldigitaldeasturias.com\\\/magazine365\\\/el-nuevo-equilibrio-entre-trabajo-y-tiempo-personal\\\/#organizationLogo\"}},{\"@type\":\"Person\",\"@id\":\"https:\\\/\\\/eldigitaldeasturias.com\\\/magazine365\\\/author\\\/admin\\\/#author\",\"url\":\"https:\\\/\\\/eldigitaldeasturias.com\\\/magazine365\\\/author\\\/admin\\\/\",\"name\":\"admin\",\"image\":{\"@type\":\"ImageObject\",\"@id\":\"https:\\\/\\\/eldigitaldeasturias.com\\\/magazine365\\\/el-nuevo-equilibrio-entre-trabajo-y-tiempo-personal\\\/#authorImage\",\"url\":\"https:\\\/\\\/eldigitaldeasturias.com\\\/magazine365\\\/wp-content\\\/litespeed\\\/avatar\\\/e571bcf59a0edd6fa6838245a470f2fe.jpg?ver=1776969259\",\"width\":96,\"height\":96,\"caption\":\"admin\"}},{\"@type\":\"WebPage\",\"@id\":\"https:\\\/\\\/eldigitaldeasturias.com\\\/magazine365\\\/el-nuevo-equilibrio-entre-trabajo-y-tiempo-personal\\\/#webpage\",\"url\":\"https:\\\/\\\/eldigitaldeasturias.com\\\/magazine365\\\/el-nuevo-equilibrio-entre-trabajo-y-tiempo-personal\\\/\",\"name\":\"El nuevo equilibrio entre trabajo y tiempo personal | El Digital de Asturias\",\"description\":\"El equilibrio entre trabajo y tiempo personal se ha convertido en una de las grandes preocupaciones de la vida contempor\\u00e1nea. En muchas ciudades\",\"inLanguage\":\"es-ES\",\"isPartOf\":{\"@id\":\"https:\\\/\\\/eldigitaldeasturias.com\\\/magazine365\\\/#website\"},\"breadcrumb\":{\"@id\":\"https:\\\/\\\/eldigitaldeasturias.com\\\/magazine365\\\/el-nuevo-equilibrio-entre-trabajo-y-tiempo-personal\\\/#breadcrumblist\"},\"author\":{\"@id\":\"https:\\\/\\\/eldigitaldeasturias.com\\\/magazine365\\\/author\\\/admin\\\/#author\"},\"creator\":{\"@id\":\"https:\\\/\\\/eldigitaldeasturias.com\\\/magazine365\\\/author\\\/admin\\\/#author\"},\"image\":{\"@type\":\"ImageObject\",\"url\":\"https:\\\/\\\/eldigitaldeasturias.com\\\/magazine365\\\/wp-content\\\/uploads\\\/2026\\\/03\\\/El-nuevo-equilibrio-entre-trabajo-y-tiempo-personal.jpg\",\"@id\":\"https:\\\/\\\/eldigitaldeasturias.com\\\/magazine365\\\/el-nuevo-equilibrio-entre-trabajo-y-tiempo-personal\\\/#mainImage\",\"width\":1216,\"height\":760,\"caption\":\"Foto: 123rf.com\"},\"primaryImageOfPage\":{\"@id\":\"https:\\\/\\\/eldigitaldeasturias.com\\\/magazine365\\\/el-nuevo-equilibrio-entre-trabajo-y-tiempo-personal\\\/#mainImage\"},\"datePublished\":\"2026-03-05T19:11:51+01:00\",\"dateModified\":\"2026-03-05T19:11:51+01:00\"},{\"@type\":\"WebSite\",\"@id\":\"https:\\\/\\\/eldigitaldeasturias.com\\\/magazine365\\\/#website\",\"url\":\"https:\\\/\\\/eldigitaldeasturias.com\\\/magazine365\\\/\",\"name\":\"El Digital de Asturias\",\"description\":\"Revista de ocio, turismo y estilo de vida\",\"inLanguage\":\"es-ES\",\"publisher\":{\"@id\":\"https:\\\/\\\/eldigitaldeasturias.com\\\/magazine365\\\/#organization\"}}]}\n\t\t<\/script>\n\t\t<!-- All in One SEO Pro -->\r\n\t\t<title>El nuevo equilibrio entre trabajo y tiempo personal | El Digital de Asturias<\/title>\n\n","aioseo_head_json":{"title":"El nuevo equilibrio entre trabajo y tiempo personal | El Digital de Asturias","description":"El equilibrio entre trabajo y tiempo personal se ha convertido en una de las grandes preocupaciones de la vida contempor\u00e1nea. En muchas ciudades","canonical_url":"https:\/\/eldigitaldeasturias.com\/magazine365\/el-nuevo-equilibrio-entre-trabajo-y-tiempo-personal\/","robots":"max-image-preview:large","keywords":"estilo de vida,destacadas","webmasterTools":{"google-site-verification":"UA-38556648-1","miscellaneous":""},"schema":{"@context":"https:\/\/schema.org","@graph":[{"@type":"Article","@id":"https:\/\/eldigitaldeasturias.com\/magazine365\/el-nuevo-equilibrio-entre-trabajo-y-tiempo-personal\/#article","name":"El nuevo equilibrio entre trabajo y tiempo personal | El Digital de Asturias","headline":"El nuevo equilibrio entre trabajo y tiempo personal","author":{"@id":"https:\/\/eldigitaldeasturias.com\/magazine365\/author\/admin\/#author"},"publisher":{"@id":"https:\/\/eldigitaldeasturias.com\/magazine365\/#organization"},"image":{"@type":"ImageObject","url":"https:\/\/eldigitaldeasturias.com\/magazine365\/wp-content\/uploads\/2026\/03\/El-nuevo-equilibrio-entre-trabajo-y-tiempo-personal.jpg","width":1216,"height":760,"caption":"Foto: 123rf.com"},"datePublished":"2026-03-05T19:11:51+01:00","dateModified":"2026-03-05T19:11:51+01:00","inLanguage":"es-ES","mainEntityOfPage":{"@id":"https:\/\/eldigitaldeasturias.com\/magazine365\/el-nuevo-equilibrio-entre-trabajo-y-tiempo-personal\/#webpage"},"isPartOf":{"@id":"https:\/\/eldigitaldeasturias.com\/magazine365\/el-nuevo-equilibrio-entre-trabajo-y-tiempo-personal\/#webpage"},"articleSection":"Destacadas, Estilo de Vida, Estilo de vida"},{"@type":"BreadcrumbList","@id":"https:\/\/eldigitaldeasturias.com\/magazine365\/el-nuevo-equilibrio-entre-trabajo-y-tiempo-personal\/#breadcrumblist","itemListElement":[{"@type":"ListItem","@id":"https:\/\/eldigitaldeasturias.com\/magazine365#listItem","position":1,"name":"Home","item":"https:\/\/eldigitaldeasturias.com\/magazine365","nextItem":{"@type":"ListItem","@id":"https:\/\/eldigitaldeasturias.com\/magazine365\/category\/estilo-de-vida\/#listItem","name":"Estilo de Vida"}},{"@type":"ListItem","@id":"https:\/\/eldigitaldeasturias.com\/magazine365\/category\/estilo-de-vida\/#listItem","position":2,"name":"Estilo de Vida","item":"https:\/\/eldigitaldeasturias.com\/magazine365\/category\/estilo-de-vida\/","nextItem":{"@type":"ListItem","@id":"https:\/\/eldigitaldeasturias.com\/magazine365\/el-nuevo-equilibrio-entre-trabajo-y-tiempo-personal\/#listItem","name":"El nuevo equilibrio entre trabajo y tiempo personal"},"previousItem":{"@type":"ListItem","@id":"https:\/\/eldigitaldeasturias.com\/magazine365#listItem","name":"Home"}},{"@type":"ListItem","@id":"https:\/\/eldigitaldeasturias.com\/magazine365\/el-nuevo-equilibrio-entre-trabajo-y-tiempo-personal\/#listItem","position":3,"name":"El nuevo equilibrio entre trabajo y tiempo personal","previousItem":{"@type":"ListItem","@id":"https:\/\/eldigitaldeasturias.com\/magazine365\/category\/estilo-de-vida\/#listItem","name":"Estilo de Vida"}}]},{"@type":"Organization","@id":"https:\/\/eldigitaldeasturias.com\/magazine365\/#organization","name":"El digital de Asturias","description":"Revista de ocio, turismo y estilo de vida","url":"https:\/\/eldigitaldeasturias.com\/magazine365\/","logo":{"@type":"ImageObject","url":"https:\/\/www.eldigitaldeasturias.com\/noticias\/wp-content\/uploads\/2020\/12\/EDA.jpg","@id":"https:\/\/eldigitaldeasturias.com\/magazine365\/el-nuevo-equilibrio-entre-trabajo-y-tiempo-personal\/#organizationLogo"},"image":{"@id":"https:\/\/eldigitaldeasturias.com\/magazine365\/el-nuevo-equilibrio-entre-trabajo-y-tiempo-personal\/#organizationLogo"}},{"@type":"Person","@id":"https:\/\/eldigitaldeasturias.com\/magazine365\/author\/admin\/#author","url":"https:\/\/eldigitaldeasturias.com\/magazine365\/author\/admin\/","name":"admin","image":{"@type":"ImageObject","@id":"https:\/\/eldigitaldeasturias.com\/magazine365\/el-nuevo-equilibrio-entre-trabajo-y-tiempo-personal\/#authorImage","url":"https:\/\/eldigitaldeasturias.com\/magazine365\/wp-content\/litespeed\/avatar\/e571bcf59a0edd6fa6838245a470f2fe.jpg?ver=1776969259","width":96,"height":96,"caption":"admin"}},{"@type":"WebPage","@id":"https:\/\/eldigitaldeasturias.com\/magazine365\/el-nuevo-equilibrio-entre-trabajo-y-tiempo-personal\/#webpage","url":"https:\/\/eldigitaldeasturias.com\/magazine365\/el-nuevo-equilibrio-entre-trabajo-y-tiempo-personal\/","name":"El nuevo equilibrio entre trabajo y tiempo personal | El Digital de Asturias","description":"El equilibrio entre trabajo y tiempo personal se ha convertido en una de las grandes preocupaciones de la vida contempor\u00e1nea. En muchas ciudades","inLanguage":"es-ES","isPartOf":{"@id":"https:\/\/eldigitaldeasturias.com\/magazine365\/#website"},"breadcrumb":{"@id":"https:\/\/eldigitaldeasturias.com\/magazine365\/el-nuevo-equilibrio-entre-trabajo-y-tiempo-personal\/#breadcrumblist"},"author":{"@id":"https:\/\/eldigitaldeasturias.com\/magazine365\/author\/admin\/#author"},"creator":{"@id":"https:\/\/eldigitaldeasturias.com\/magazine365\/author\/admin\/#author"},"image":{"@type":"ImageObject","url":"https:\/\/eldigitaldeasturias.com\/magazine365\/wp-content\/uploads\/2026\/03\/El-nuevo-equilibrio-entre-trabajo-y-tiempo-personal.jpg","@id":"https:\/\/eldigitaldeasturias.com\/magazine365\/el-nuevo-equilibrio-entre-trabajo-y-tiempo-personal\/#mainImage","width":1216,"height":760,"caption":"Foto: 123rf.com"},"primaryImageOfPage":{"@id":"https:\/\/eldigitaldeasturias.com\/magazine365\/el-nuevo-equilibrio-entre-trabajo-y-tiempo-personal\/#mainImage"},"datePublished":"2026-03-05T19:11:51+01:00","dateModified":"2026-03-05T19:11:51+01:00"},{"@type":"WebSite","@id":"https:\/\/eldigitaldeasturias.com\/magazine365\/#website","url":"https:\/\/eldigitaldeasturias.com\/magazine365\/","name":"El Digital de Asturias","description":"Revista de ocio, turismo y estilo de vida","inLanguage":"es-ES","publisher":{"@id":"https:\/\/eldigitaldeasturias.com\/magazine365\/#organization"}}]},"og:locale":"es_ES","og:site_name":"El Digital de Asturias \u2013 Revista de ocio, turismo y estilo de vida","og:type":"article","og:title":"El nuevo equilibrio entre trabajo y tiempo personal | El Digital de Asturias","og:description":"El equilibrio entre trabajo y tiempo personal se ha convertido en una de las grandes preocupaciones de la vida contempor\u00e1nea. En muchas ciudades","og:url":"https:\/\/eldigitaldeasturias.com\/magazine365\/el-nuevo-equilibrio-entre-trabajo-y-tiempo-personal\/","og:image":"https:\/\/eldigitaldeasturias.com\/magazine365\/wp-content\/uploads\/2026\/03\/El-nuevo-equilibrio-entre-trabajo-y-tiempo-personal.jpg","og:image:secure_url":"https:\/\/eldigitaldeasturias.com\/magazine365\/wp-content\/uploads\/2026\/03\/El-nuevo-equilibrio-entre-trabajo-y-tiempo-personal.jpg","og:image:width":1216,"og:image:height":760,"article:published_time":"2026-03-05T18:11:51+00:00","article:modified_time":"2026-03-05T18:11:51+00:00","twitter:card":"summary_large_image","twitter:title":"El nuevo equilibrio entre trabajo y tiempo personal | El Digital de Asturias","twitter:description":"El equilibrio entre trabajo y tiempo personal se ha convertido en una de las grandes preocupaciones de la vida contempor\u00e1nea. En muchas ciudades","twitter:image":"https:\/\/eldigitaldeasturias.com\/magazine365\/wp-content\/uploads\/2026\/03\/El-nuevo-equilibrio-entre-trabajo-y-tiempo-personal.jpg"},"aioseo_meta_data":{"post_id":"112265","title":null,"description":"El equilibrio entre trabajo y tiempo personal se ha convertido en una de las grandes preocupaciones de la vida contempor\u00e1nea. En muchas ciudades","keywords":null,"keyphrases":{"focus":{"keyphrase":"personal","score":100,"analysis":{"keyphraseInTitle":{"score":9,"maxScore":9,"error":0},"keyphraseInDescription":{"score":9,"maxScore":9,"error":0},"keyphraseLength":{"score":9,"maxScore":9,"error":0,"length":1},"keyphraseInURL":{"score":5,"maxScore":5,"error":0},"keyphraseInIntroduction":{"score":9,"maxScore":9,"error":0},"keyphraseInSubHeadings":{"score":9,"maxScore":9,"error":0},"keyphraseInImageAlt":{"score":9,"maxScore":9,"error":0},"keywordDensity":{"type":"best","score":9,"maxScore":9,"error":0}}},"additional":[{"keyphrase":"tiempo personal","score":100,"analysis":{"keyphraseInDescription":{"score":9,"maxScore":9,"error":0},"keyphraseLength":{"score":9,"maxScore":9,"error":0,"length":2},"keyphraseInIntroduction":{"score":9,"maxScore":9,"error":0},"keyphraseInImageAlt":{"score":9,"maxScore":9,"error":0},"keywordDensity":{"type":"best","score":9,"maxScore":9,"error":0}}}]},"primary_term":null,"canonical_url":null,"og_title":null,"og_description":null,"og_object_type":"default","og_image_type":"default","og_image_url":null,"og_image_width":null,"og_image_height":null,"og_image_custom_url":null,"og_image_custom_fields":null,"og_video":"","og_custom_url":null,"og_article_section":null,"og_article_tags":null,"twitter_use_og":false,"twitter_card":"default","twitter_image_type":"default","twitter_image_url":null,"twitter_image_custom_url":null,"twitter_image_custom_fields":null,"twitter_title":null,"twitter_description":null,"schema":{"blockGraphs":[],"customGraphs":[],"default":{"data":{"Article":[],"Course":[],"Dataset":[],"FAQPage":[],"Movie":[],"Person":[],"Product":[],"ProductReview":[],"Car":[],"Recipe":[],"Service":[],"SoftwareApplication":[],"WebPage":[]},"graphName":"Article","isEnabled":true},"graphs":[]},"schema_type":"default","schema_type_options":null,"pillar_content":false,"robots_default":true,"robots_noindex":false,"robots_noarchive":false,"robots_nosnippet":false,"robots_nofollow":false,"robots_noimageindex":false,"robots_noodp":false,"robots_notranslate":false,"robots_max_snippet":"-1","robots_max_videopreview":"-1","robots_max_imagepreview":"large","priority":null,"frequency":"default","location":null,"local_seo":null,"seo_analyzer_scan_date":"2026-03-05 18:52:30","breadcrumb_settings":null,"limit_modified_date":false,"open_ai":null,"ai":{"faqs":[],"keyPoints":[],"titles":[],"descriptions":[],"socialPosts":{"email":[],"linkedin":[],"twitter":[],"facebook":[],"instagram":[]}},"created":"2026-03-05 18:04:07","updated":"2026-03-05 18:52:30"},"aioseo_breadcrumb":"<div class=\"aioseo-breadcrumbs\"><span class=\"aioseo-breadcrumb\">\n\t<a href=\"https:\/\/eldigitaldeasturias.com\/magazine365\" title=\"Home\">Home<\/a>\n<\/span><span class=\"aioseo-breadcrumb-separator\">\u2013<\/span><span class=\"aioseo-breadcrumb\">\n\t<a href=\"https:\/\/eldigitaldeasturias.com\/magazine365\/category\/estilo-de-vida\/\" title=\"Estilo de Vida\">Estilo de Vida<\/a>\n<\/span><span class=\"aioseo-breadcrumb-separator\">\u2013<\/span><span class=\"aioseo-breadcrumb\">\n\t<a href=\"https:\/\/eldigitaldeasturias.com\/magazine365\/el-nuevo-equilibrio-entre-trabajo-y-tiempo-personal\/\" title=\"El nuevo equilibrio entre trabajo y tiempo personal\">El nuevo equilibrio entre trabajo y tiempo personal<\/a>\n<\/span><\/div>","aioseo_breadcrumb_json":[{"label":"Home","link":"https:\/\/eldigitaldeasturias.com\/magazine365"},{"label":"Estilo de Vida","link":"https:\/\/eldigitaldeasturias.com\/magazine365\/category\/estilo-de-vida\/"},{"label":"El nuevo equilibrio entre trabajo y tiempo personal","link":"https:\/\/eldigitaldeasturias.com\/magazine365\/el-nuevo-equilibrio-entre-trabajo-y-tiempo-personal\/"}],"_links":{"self":[{"href":"https:\/\/eldigitaldeasturias.com\/magazine365\/wp-json\/wp\/v2\/posts\/112265","targetHints":{"allow":["GET"]}}],"collection":[{"href":"https:\/\/eldigitaldeasturias.com\/magazine365\/wp-json\/wp\/v2\/posts"}],"about":[{"href":"https:\/\/eldigitaldeasturias.com\/magazine365\/wp-json\/wp\/v2\/types\/post"}],"author":[{"embeddable":true,"href":"https:\/\/eldigitaldeasturias.com\/magazine365\/wp-json\/wp\/v2\/users\/1"}],"replies":[{"embeddable":true,"href":"https:\/\/eldigitaldeasturias.com\/magazine365\/wp-json\/wp\/v2\/comments?post=112265"}],"version-history":[{"count":0,"href":"https:\/\/eldigitaldeasturias.com\/magazine365\/wp-json\/wp\/v2\/posts\/112265\/revisions"}],"wp:featuredmedia":[{"embeddable":true,"href":"https:\/\/eldigitaldeasturias.com\/magazine365\/wp-json\/wp\/v2\/media\/112266"}],"wp:attachment":[{"href":"https:\/\/eldigitaldeasturias.com\/magazine365\/wp-json\/wp\/v2\/media?parent=112265"}],"wp:term":[{"taxonomy":"category","embeddable":true,"href":"https:\/\/eldigitaldeasturias.com\/magazine365\/wp-json\/wp\/v2\/categories?post=112265"},{"taxonomy":"post_tag","embeddable":true,"href":"https:\/\/eldigitaldeasturias.com\/magazine365\/wp-json\/wp\/v2\/tags?post=112265"}],"curies":[{"name":"wp","href":"https:\/\/api.w.org\/{rel}","templated":true}]}}