{"id":112198,"date":"2026-02-19T19:38:42","date_gmt":"2026-02-19T18:38:42","guid":{"rendered":"https:\/\/eldigitaldeasturias.com\/magazine365\/?p=112198"},"modified":"2026-02-19T19:38:42","modified_gmt":"2026-02-19T18:38:42","slug":"semana-santa-2026-en-la-rioja-vino-historia-y-calma-cercana","status":"publish","type":"post","link":"https:\/\/eldigitaldeasturias.com\/magazine365\/semana-santa-2026-en-la-rioja-vino-historia-y-calma-cercana\/","title":{"rendered":"Semana Santa 2026 en La Rioja, vino, historia y calma cercana"},"content":{"rendered":"<p data-start=\"67\" data-end=\"288\">La Rioja combina patrimonio, paisaje y gastronom\u00eda en distancias cortas durante la S<a href=\"https:\/\/candas365.es\/noticias\/semana-santa-2026-en-asturias-norte-sin-prisas-y-mar-real\/\" target=\"_blank\" rel=\"noopener\"><span style=\"color: #ff6600;\"><strong>emana Santa 2026<\/strong><\/span><\/a>. Una escapada dentro de los viajes en Espa\u00f1a donde tradici\u00f3n, bodegas y naturaleza conviven sin grandes desplazamientos.<\/p>\n<figure id=\"attachment_112199\" aria-describedby=\"caption-attachment-112199\" style=\"width: 650px\" class=\"wp-caption aligncenter\"><img fetchpriority=\"high\" decoding=\"async\" class=\"size-large wp-image-112199\" src=\"https:\/\/eldigitaldeasturias.com\/magazine365\/wp-content\/uploads\/2026\/02\/Semana-Santa-2026-en-La-Rioja-650x421.jpg\" alt=\"Semana Santa 2026 en La Rioja\" width=\"650\" height=\"421\" srcset=\"https:\/\/eldigitaldeasturias.com\/magazine365\/wp-content\/uploads\/2026\/02\/Semana-Santa-2026-en-La-Rioja-650x421.jpg 650w, https:\/\/eldigitaldeasturias.com\/magazine365\/wp-content\/uploads\/2026\/02\/Semana-Santa-2026-en-La-Rioja-360x233.jpg 360w, https:\/\/eldigitaldeasturias.com\/magazine365\/wp-content\/uploads\/2026\/02\/Semana-Santa-2026-en-La-Rioja-768x497.jpg 768w, https:\/\/eldigitaldeasturias.com\/magazine365\/wp-content\/uploads\/2026\/02\/Semana-Santa-2026-en-La-Rioja-150x97.jpg 150w, https:\/\/eldigitaldeasturias.com\/magazine365\/wp-content\/uploads\/2026\/02\/Semana-Santa-2026-en-La-Rioja-450x291.jpg 450w, https:\/\/eldigitaldeasturias.com\/magazine365\/wp-content\/uploads\/2026\/02\/Semana-Santa-2026-en-La-Rioja-1200x777.jpg 1200w, https:\/\/eldigitaldeasturias.com\/magazine365\/wp-content\/uploads\/2026\/02\/Semana-Santa-2026-en-La-Rioja.jpg 1254w\" sizes=\"(max-width: 650px) 100vw, 650px\" \/><figcaption id=\"caption-attachment-112199\" class=\"wp-caption-text\">Foto: 123rf.com<\/figcaption><\/figure>\n<h2 data-start=\"290\" data-end=\"343\">Monasterios, cascos hist\u00f3ricos y paisaje de vi\u00f1edo<\/h2>\n<p data-start=\"345\" data-end=\"642\">La Rioja suele asociarse al vino, pero su atractivo tur\u00edstico comienza mucho antes de llegar a una bodega. San Mill\u00e1n de la Cogolla concentra dos de los conjuntos mon\u00e1sticos m\u00e1s relevantes del pa\u00eds, Suso y Yuso, considerados origen simb\u00f3lico del castellano escrito y declarados Patrimonio Mundial.<\/p>\n<p data-start=\"644\" data-end=\"986\">Logro\u00f1o funciona como base c\u00f3moda para recorrer la comunidad. El casco antiguo, articulado alrededor de la calle Portales y la concatedral de Santa Mar\u00eda de la Redonda, permite visitas a pie en pocas horas. Durante la Semana Santa mantiene procesiones tradicionales que recorren el centro hist\u00f3rico sin alterar el ritmo habitual de la ciudad.<\/p>\n<p data-start=\"988\" data-end=\"1250\">Haro representa otro punto clave. Su barrio de bodegas centenarias re\u00fane algunas de las firmas m\u00e1s conocidas de Rioja, muchas abiertas a visitas guiadas durante festivos. La arquitectura industrial del vino forma parte del paisaje tanto como los propios vi\u00f1edos.<\/p>\n<p data-start=\"1252\" data-end=\"1610\">M\u00e1s al sur, la Sierra de la Demanda introduce un contraste evidente. Pueblos como Ezcaray combinan tradici\u00f3n ganadera y turismo de monta\u00f1a, con casas de piedra y plazas peque\u00f1as que mantienen actividad incluso fuera de la temporada de nieve. Los senderos cercanos permiten paseos accesibles en primavera, cuando el paisaje empieza a cambiar tras el invierno.<\/p>\n<p data-start=\"1612\" data-end=\"1835\">La Rioja Alta y Rioja Alavesa ofrecen adem\u00e1s carreteras secundarias entre vi\u00f1edos que conectan localidades hist\u00f3ricas como Briones o Laguardia, conocidas por su trazado medieval y miradores abiertos sobre el valle del Ebro.<\/p>\n<h1 data-start=\"1837\" data-end=\"1878\">Viajar en pareja, familia o con amigos<\/h1>\n<p data-start=\"1880\" data-end=\"2119\">Uno de los rasgos m\u00e1s claros de La Rioja es su facilidad para adaptarse a escapadas cortas. Las distancias reducidas permiten organizar jornadas completas sin necesidad de cambiar constantemente de alojamiento durante la Semana Santa 2026.<\/p>\n<p data-start=\"2121\" data-end=\"2470\">Para familias, el territorio ofrece planes tranquilos. Museos del vino con actividades divulgativas, rutas verdes acondicionadas o parques naturales como Sierra de Cebollera permiten combinar aprendizaje y naturaleza sin recorridos exigentes. Muchos pueblos mantienen adem\u00e1s plazas amplias y tr\u00e1nsito reducido, algo c\u00f3modo cuando se viaja con ni\u00f1os.<\/p>\n<p data-start=\"2472\" data-end=\"2775\">Las parejas suelen encontrar atractivo el equilibrio entre patrimonio y gastronom\u00eda. Hoteles peque\u00f1os instalados en edificios hist\u00f3ricos o antiguos palacios rurales permiten estancias pausadas. Paseos entre vi\u00f1edos o visitas culturales breves facilitan organizar d\u00edas completos sin saturaci\u00f3n tur\u00edstica.<\/p>\n<p data-start=\"2777\" data-end=\"3138\">En grupos de amigos, el inter\u00e9s suele centrarse en el enoturismo. Visitas a bodegas, catas comentadas o recorridos entre pueblos cercanos forman parte de un modelo de viajar cada vez m\u00e1s habitual dentro de los viajes en Espa\u00f1a. Logro\u00f1o a\u00f1ade adem\u00e1s ambiente constante en torno a la calle Laurel, conocida por su concentraci\u00f3n de bares especializados en pinchos.<\/p>\n<p data-start=\"3140\" data-end=\"3282\">La cercan\u00eda con otras comunidades facilita tambi\u00e9n escapadas combinadas desde Pa\u00eds Vasco, Navarra o Arag\u00f3n, algo frecuente en festivos largos.<\/p>\n<h2 data-start=\"3284\" data-end=\"3331\">Gastronom\u00eda riojana y reservas con previsi\u00f3n<\/h2>\n<p data-start=\"3333\" data-end=\"3632\">La cocina riojana mantiene una identidad clara ligada al producto local. Patatas a la riojana, caparrones,<a href=\"https:\/\/eldigitaldeasturias.com\/magazine365\/category\/viajes\/\"><span style=\"color: #ff6600;\"><strong> chuletillas al sarmiento<\/strong><\/span><\/a> o pimientos del piquillo aparecen con frecuencia en cartas tradicionales. Las verduras de la huerta del Ebro tienen adem\u00e1s un peso propio que marca men\u00fas de temporada.<\/p>\n<p data-start=\"3634\" data-end=\"3876\">El vino, evidentemente, ocupa un lugar central. La Denominaci\u00f3n de Origen Calificada Rioja re\u00fane bodegas hist\u00f3ricas y proyectos contempor\u00e1neos que han consolidado el enoturismo como uno de los principales motores de visitas durante primavera.<\/p>\n<p data-start=\"3878\" data-end=\"4129\">Muchas bodegas requieren reserva previa para visitas guiadas o degustaciones, especialmente en festivos. La Semana Santa 2026 coincide con un momento de alta demanda nacional, cuando escapadas cortas desde ciudades cercanas llenan agendas r\u00e1pidamente.<\/p>\n<p data-start=\"4131\" data-end=\"4380\">Reservar alojamiento con tiempo resulta recomendable si se busca dormir en hoteles singulares o dentro de pueblos peque\u00f1os, donde la oferta es limitada. Casas rurales y establecimientos vinculados al vino suelen completar disponibilidad con rapidez.<\/p>\n<p data-start=\"4382\" data-end=\"4789\" data-is-last-node=\"\" data-is-only-node=\"\">El transporte tambi\u00e9n puede condicionarse por la demanda, sobre todo en trenes hacia Logro\u00f1o o conexiones por carretera desde Madrid y el norte peninsular. Algo similar ocurre con restaurantes muy conocidos o barras tradicionales de pinchos, donde las mesas se organizan con horarios concretos durante festivos. Anticipar reservas evita esperas innecesarias en un destino pensado para recorrerse sin prisas.<\/p>\n","protected":false},"excerpt":{"rendered":"<p>La Rioja combina patrimonio, paisaje y gastronom\u00eda en distancias cortas durante la Semana Santa 2026. Una escapada dentro de los viajes en Espa\u00f1a donde tradici\u00f3n, bodegas y naturaleza conviven sin grandes desplazamientos. Monasterios, cascos hist\u00f3ricos y paisaje de vi\u00f1edo La Rioja suele asociarse al vino, pero su atractivo tur\u00edstico comienza mucho antes de llegar a<\/p>\n","protected":false},"author":1,"featured_media":112199,"comment_status":"closed","ping_status":"closed","sticky":false,"template":"","format":"standard","meta":{"footnotes":""},"categories":[238],"tags":[377],"class_list":{"0":"post-112198","1":"post","2":"type-post","3":"status-publish","4":"format-standard","5":"has-post-thumbnail","7":"category-viajes","8":"tag-viajes"},"aioseo_notices":[],"aioseo_head":"\n\t\t<!-- All in One SEO Pro 4.9.6.1 - aioseo.com -->\n\t<meta name=\"description\" content=\"La Rioja combina patrimonio, paisaje y gastronom\u00eda en distancias cortas durante la Semana Santa 2026. Una escapada dentro de los viajes en Espa\u00f1a\" \/>\n\t<meta name=\"robots\" content=\"max-image-preview:large\" \/>\n\t<meta name=\"author\" content=\"admin\"\/>\n\t<meta name=\"google-site-verification\" content=\"UA-38556648-1\" \/>\n\t<meta name=\"keywords\" content=\"viajes\" \/>\n\t<link rel=\"canonical\" href=\"https:\/\/eldigitaldeasturias.com\/magazine365\/semana-santa-2026-en-la-rioja-vino-historia-y-calma-cercana\/\" \/>\n\t<meta name=\"generator\" content=\"All in One SEO Pro (AIOSEO) 4.9.6.1\" \/>\n\t\t<meta property=\"og:locale\" content=\"es_ES\" \/>\n\t\t<meta property=\"og:site_name\" content=\"El Digital de Asturias \u2013 Revista de ocio, turismo y estilo de vida\" \/>\n\t\t<meta property=\"og:type\" content=\"article\" \/>\n\t\t<meta property=\"og:title\" content=\"Semana Santa 2026 en La Rioja, vino, historia y calma cercana | El Digital de Asturias\" \/>\n\t\t<meta property=\"og:description\" content=\"La Rioja combina patrimonio, paisaje y gastronom\u00eda en distancias cortas durante la Semana Santa 2026. Una escapada dentro de los viajes en Espa\u00f1a\" \/>\n\t\t<meta property=\"og:url\" content=\"https:\/\/eldigitaldeasturias.com\/magazine365\/semana-santa-2026-en-la-rioja-vino-historia-y-calma-cercana\/\" \/>\n\t\t<meta property=\"og:image\" content=\"https:\/\/eldigitaldeasturias.com\/magazine365\/wp-content\/uploads\/2026\/02\/Semana-Santa-2026-en-La-Rioja.jpg\" \/>\n\t\t<meta property=\"og:image:secure_url\" content=\"https:\/\/eldigitaldeasturias.com\/magazine365\/wp-content\/uploads\/2026\/02\/Semana-Santa-2026-en-La-Rioja.jpg\" \/>\n\t\t<meta property=\"og:image:width\" content=\"1254\" \/>\n\t\t<meta property=\"og:image:height\" content=\"812\" \/>\n\t\t<meta property=\"article:published_time\" content=\"2026-02-19T18:38:42+00:00\" \/>\n\t\t<meta property=\"article:modified_time\" content=\"2026-02-19T18:38:42+00:00\" \/>\n\t\t<meta name=\"twitter:card\" content=\"summary_large_image\" \/>\n\t\t<meta name=\"twitter:title\" content=\"Semana Santa 2026 en La Rioja, vino, historia y calma cercana | El Digital de Asturias\" \/>\n\t\t<meta name=\"twitter:description\" content=\"La Rioja combina patrimonio, paisaje y gastronom\u00eda en distancias cortas durante la Semana Santa 2026. Una escapada dentro de los viajes en Espa\u00f1a\" \/>\n\t\t<meta name=\"twitter:image\" content=\"https:\/\/eldigitaldeasturias.com\/magazine365\/wp-content\/uploads\/2026\/02\/Semana-Santa-2026-en-La-Rioja.jpg\" \/>\n\t\t<script type=\"application\/ld+json\" class=\"aioseo-schema\">\n\t\t\t{\"@context\":\"https:\\\/\\\/schema.org\",\"@graph\":[{\"@type\":\"Article\",\"@id\":\"https:\\\/\\\/eldigitaldeasturias.com\\\/magazine365\\\/semana-santa-2026-en-la-rioja-vino-historia-y-calma-cercana\\\/#article\",\"name\":\"Semana Santa 2026 en La Rioja, vino, historia y calma cercana | El Digital de Asturias\",\"headline\":\"Semana Santa 2026 en La Rioja, vino, historia y calma cercana\",\"author\":{\"@id\":\"https:\\\/\\\/eldigitaldeasturias.com\\\/magazine365\\\/author\\\/admin\\\/#author\"},\"publisher\":{\"@id\":\"https:\\\/\\\/eldigitaldeasturias.com\\\/magazine365\\\/#organization\"},\"image\":{\"@type\":\"ImageObject\",\"url\":\"https:\\\/\\\/eldigitaldeasturias.com\\\/magazine365\\\/wp-content\\\/uploads\\\/2026\\\/02\\\/Semana-Santa-2026-en-La-Rioja.jpg\",\"width\":1254,\"height\":812,\"caption\":\"Foto: 123rf.com\"},\"datePublished\":\"2026-02-19T19:38:42+01:00\",\"dateModified\":\"2026-02-19T19:38:42+01:00\",\"inLanguage\":\"es-ES\",\"mainEntityOfPage\":{\"@id\":\"https:\\\/\\\/eldigitaldeasturias.com\\\/magazine365\\\/semana-santa-2026-en-la-rioja-vino-historia-y-calma-cercana\\\/#webpage\"},\"isPartOf\":{\"@id\":\"https:\\\/\\\/eldigitaldeasturias.com\\\/magazine365\\\/semana-santa-2026-en-la-rioja-vino-historia-y-calma-cercana\\\/#webpage\"},\"articleSection\":\"Viajes, viajes\"},{\"@type\":\"BreadcrumbList\",\"@id\":\"https:\\\/\\\/eldigitaldeasturias.com\\\/magazine365\\\/semana-santa-2026-en-la-rioja-vino-historia-y-calma-cercana\\\/#breadcrumblist\",\"itemListElement\":[{\"@type\":\"ListItem\",\"@id\":\"https:\\\/\\\/eldigitaldeasturias.com\\\/magazine365#listItem\",\"position\":1,\"name\":\"Home\",\"item\":\"https:\\\/\\\/eldigitaldeasturias.com\\\/magazine365\",\"nextItem\":{\"@type\":\"ListItem\",\"@id\":\"https:\\\/\\\/eldigitaldeasturias.com\\\/magazine365\\\/category\\\/viajes\\\/#listItem\",\"name\":\"Viajes\"}},{\"@type\":\"ListItem\",\"@id\":\"https:\\\/\\\/eldigitaldeasturias.com\\\/magazine365\\\/category\\\/viajes\\\/#listItem\",\"position\":2,\"name\":\"Viajes\",\"item\":\"https:\\\/\\\/eldigitaldeasturias.com\\\/magazine365\\\/category\\\/viajes\\\/\",\"nextItem\":{\"@type\":\"ListItem\",\"@id\":\"https:\\\/\\\/eldigitaldeasturias.com\\\/magazine365\\\/semana-santa-2026-en-la-rioja-vino-historia-y-calma-cercana\\\/#listItem\",\"name\":\"Semana Santa 2026 en La Rioja, vino, historia y calma cercana\"},\"previousItem\":{\"@type\":\"ListItem\",\"@id\":\"https:\\\/\\\/eldigitaldeasturias.com\\\/magazine365#listItem\",\"name\":\"Home\"}},{\"@type\":\"ListItem\",\"@id\":\"https:\\\/\\\/eldigitaldeasturias.com\\\/magazine365\\\/semana-santa-2026-en-la-rioja-vino-historia-y-calma-cercana\\\/#listItem\",\"position\":3,\"name\":\"Semana Santa 2026 en La Rioja, vino, historia y calma cercana\",\"previousItem\":{\"@type\":\"ListItem\",\"@id\":\"https:\\\/\\\/eldigitaldeasturias.com\\\/magazine365\\\/category\\\/viajes\\\/#listItem\",\"name\":\"Viajes\"}}]},{\"@type\":\"Organization\",\"@id\":\"https:\\\/\\\/eldigitaldeasturias.com\\\/magazine365\\\/#organization\",\"name\":\"El digital de Asturias\",\"description\":\"Revista de ocio, turismo y estilo de vida\",\"url\":\"https:\\\/\\\/eldigitaldeasturias.com\\\/magazine365\\\/\",\"logo\":{\"@type\":\"ImageObject\",\"url\":\"https:\\\/\\\/www.eldigitaldeasturias.com\\\/noticias\\\/wp-content\\\/uploads\\\/2020\\\/12\\\/EDA.jpg\",\"@id\":\"https:\\\/\\\/eldigitaldeasturias.com\\\/magazine365\\\/semana-santa-2026-en-la-rioja-vino-historia-y-calma-cercana\\\/#organizationLogo\"},\"image\":{\"@id\":\"https:\\\/\\\/eldigitaldeasturias.com\\\/magazine365\\\/semana-santa-2026-en-la-rioja-vino-historia-y-calma-cercana\\\/#organizationLogo\"}},{\"@type\":\"Person\",\"@id\":\"https:\\\/\\\/eldigitaldeasturias.com\\\/magazine365\\\/author\\\/admin\\\/#author\",\"url\":\"https:\\\/\\\/eldigitaldeasturias.com\\\/magazine365\\\/author\\\/admin\\\/\",\"name\":\"admin\",\"image\":{\"@type\":\"ImageObject\",\"@id\":\"https:\\\/\\\/eldigitaldeasturias.com\\\/magazine365\\\/semana-santa-2026-en-la-rioja-vino-historia-y-calma-cercana\\\/#authorImage\",\"url\":\"https:\\\/\\\/eldigitaldeasturias.com\\\/magazine365\\\/wp-content\\\/litespeed\\\/avatar\\\/e571bcf59a0edd6fa6838245a470f2fe.jpg?ver=1776969259\",\"width\":96,\"height\":96,\"caption\":\"admin\"}},{\"@type\":\"WebPage\",\"@id\":\"https:\\\/\\\/eldigitaldeasturias.com\\\/magazine365\\\/semana-santa-2026-en-la-rioja-vino-historia-y-calma-cercana\\\/#webpage\",\"url\":\"https:\\\/\\\/eldigitaldeasturias.com\\\/magazine365\\\/semana-santa-2026-en-la-rioja-vino-historia-y-calma-cercana\\\/\",\"name\":\"Semana Santa 2026 en La Rioja, vino, historia y calma cercana | El Digital de Asturias\",\"description\":\"La Rioja combina patrimonio, paisaje y gastronom\\u00eda en distancias cortas durante la Semana Santa 2026. Una escapada dentro de los viajes en Espa\\u00f1a\",\"inLanguage\":\"es-ES\",\"isPartOf\":{\"@id\":\"https:\\\/\\\/eldigitaldeasturias.com\\\/magazine365\\\/#website\"},\"breadcrumb\":{\"@id\":\"https:\\\/\\\/eldigitaldeasturias.com\\\/magazine365\\\/semana-santa-2026-en-la-rioja-vino-historia-y-calma-cercana\\\/#breadcrumblist\"},\"author\":{\"@id\":\"https:\\\/\\\/eldigitaldeasturias.com\\\/magazine365\\\/author\\\/admin\\\/#author\"},\"creator\":{\"@id\":\"https:\\\/\\\/eldigitaldeasturias.com\\\/magazine365\\\/author\\\/admin\\\/#author\"},\"image\":{\"@type\":\"ImageObject\",\"url\":\"https:\\\/\\\/eldigitaldeasturias.com\\\/magazine365\\\/wp-content\\\/uploads\\\/2026\\\/02\\\/Semana-Santa-2026-en-La-Rioja.jpg\",\"@id\":\"https:\\\/\\\/eldigitaldeasturias.com\\\/magazine365\\\/semana-santa-2026-en-la-rioja-vino-historia-y-calma-cercana\\\/#mainImage\",\"width\":1254,\"height\":812,\"caption\":\"Foto: 123rf.com\"},\"primaryImageOfPage\":{\"@id\":\"https:\\\/\\\/eldigitaldeasturias.com\\\/magazine365\\\/semana-santa-2026-en-la-rioja-vino-historia-y-calma-cercana\\\/#mainImage\"},\"datePublished\":\"2026-02-19T19:38:42+01:00\",\"dateModified\":\"2026-02-19T19:38:42+01:00\"},{\"@type\":\"WebSite\",\"@id\":\"https:\\\/\\\/eldigitaldeasturias.com\\\/magazine365\\\/#website\",\"url\":\"https:\\\/\\\/eldigitaldeasturias.com\\\/magazine365\\\/\",\"name\":\"El Digital de Asturias\",\"description\":\"Revista de ocio, turismo y estilo de vida\",\"inLanguage\":\"es-ES\",\"publisher\":{\"@id\":\"https:\\\/\\\/eldigitaldeasturias.com\\\/magazine365\\\/#organization\"}}]}\n\t\t<\/script>\n\t\t<!-- All in One SEO Pro -->\r\n\t\t<title>Semana Santa 2026 en La Rioja, vino, historia y calma cercana | El Digital de Asturias<\/title>\n\n","aioseo_head_json":{"title":"Semana Santa 2026 en La Rioja, vino, historia y calma cercana | El Digital de Asturias","description":"La Rioja combina patrimonio, paisaje y gastronom\u00eda en distancias cortas durante la Semana Santa 2026. Una escapada dentro de los viajes en Espa\u00f1a","canonical_url":"https:\/\/eldigitaldeasturias.com\/magazine365\/semana-santa-2026-en-la-rioja-vino-historia-y-calma-cercana\/","robots":"max-image-preview:large","keywords":"viajes","webmasterTools":{"google-site-verification":"UA-38556648-1","miscellaneous":""},"schema":{"@context":"https:\/\/schema.org","@graph":[{"@type":"Article","@id":"https:\/\/eldigitaldeasturias.com\/magazine365\/semana-santa-2026-en-la-rioja-vino-historia-y-calma-cercana\/#article","name":"Semana Santa 2026 en La Rioja, vino, historia y calma cercana | El Digital de Asturias","headline":"Semana Santa 2026 en La Rioja, vino, historia y calma cercana","author":{"@id":"https:\/\/eldigitaldeasturias.com\/magazine365\/author\/admin\/#author"},"publisher":{"@id":"https:\/\/eldigitaldeasturias.com\/magazine365\/#organization"},"image":{"@type":"ImageObject","url":"https:\/\/eldigitaldeasturias.com\/magazine365\/wp-content\/uploads\/2026\/02\/Semana-Santa-2026-en-La-Rioja.jpg","width":1254,"height":812,"caption":"Foto: 123rf.com"},"datePublished":"2026-02-19T19:38:42+01:00","dateModified":"2026-02-19T19:38:42+01:00","inLanguage":"es-ES","mainEntityOfPage":{"@id":"https:\/\/eldigitaldeasturias.com\/magazine365\/semana-santa-2026-en-la-rioja-vino-historia-y-calma-cercana\/#webpage"},"isPartOf":{"@id":"https:\/\/eldigitaldeasturias.com\/magazine365\/semana-santa-2026-en-la-rioja-vino-historia-y-calma-cercana\/#webpage"},"articleSection":"Viajes, viajes"},{"@type":"BreadcrumbList","@id":"https:\/\/eldigitaldeasturias.com\/magazine365\/semana-santa-2026-en-la-rioja-vino-historia-y-calma-cercana\/#breadcrumblist","itemListElement":[{"@type":"ListItem","@id":"https:\/\/eldigitaldeasturias.com\/magazine365#listItem","position":1,"name":"Home","item":"https:\/\/eldigitaldeasturias.com\/magazine365","nextItem":{"@type":"ListItem","@id":"https:\/\/eldigitaldeasturias.com\/magazine365\/category\/viajes\/#listItem","name":"Viajes"}},{"@type":"ListItem","@id":"https:\/\/eldigitaldeasturias.com\/magazine365\/category\/viajes\/#listItem","position":2,"name":"Viajes","item":"https:\/\/eldigitaldeasturias.com\/magazine365\/category\/viajes\/","nextItem":{"@type":"ListItem","@id":"https:\/\/eldigitaldeasturias.com\/magazine365\/semana-santa-2026-en-la-rioja-vino-historia-y-calma-cercana\/#listItem","name":"Semana Santa 2026 en La Rioja, vino, historia y calma cercana"},"previousItem":{"@type":"ListItem","@id":"https:\/\/eldigitaldeasturias.com\/magazine365#listItem","name":"Home"}},{"@type":"ListItem","@id":"https:\/\/eldigitaldeasturias.com\/magazine365\/semana-santa-2026-en-la-rioja-vino-historia-y-calma-cercana\/#listItem","position":3,"name":"Semana Santa 2026 en La Rioja, vino, historia y calma cercana","previousItem":{"@type":"ListItem","@id":"https:\/\/eldigitaldeasturias.com\/magazine365\/category\/viajes\/#listItem","name":"Viajes"}}]},{"@type":"Organization","@id":"https:\/\/eldigitaldeasturias.com\/magazine365\/#organization","name":"El digital de Asturias","description":"Revista de ocio, turismo y estilo de vida","url":"https:\/\/eldigitaldeasturias.com\/magazine365\/","logo":{"@type":"ImageObject","url":"https:\/\/www.eldigitaldeasturias.com\/noticias\/wp-content\/uploads\/2020\/12\/EDA.jpg","@id":"https:\/\/eldigitaldeasturias.com\/magazine365\/semana-santa-2026-en-la-rioja-vino-historia-y-calma-cercana\/#organizationLogo"},"image":{"@id":"https:\/\/eldigitaldeasturias.com\/magazine365\/semana-santa-2026-en-la-rioja-vino-historia-y-calma-cercana\/#organizationLogo"}},{"@type":"Person","@id":"https:\/\/eldigitaldeasturias.com\/magazine365\/author\/admin\/#author","url":"https:\/\/eldigitaldeasturias.com\/magazine365\/author\/admin\/","name":"admin","image":{"@type":"ImageObject","@id":"https:\/\/eldigitaldeasturias.com\/magazine365\/semana-santa-2026-en-la-rioja-vino-historia-y-calma-cercana\/#authorImage","url":"https:\/\/eldigitaldeasturias.com\/magazine365\/wp-content\/litespeed\/avatar\/e571bcf59a0edd6fa6838245a470f2fe.jpg?ver=1776969259","width":96,"height":96,"caption":"admin"}},{"@type":"WebPage","@id":"https:\/\/eldigitaldeasturias.com\/magazine365\/semana-santa-2026-en-la-rioja-vino-historia-y-calma-cercana\/#webpage","url":"https:\/\/eldigitaldeasturias.com\/magazine365\/semana-santa-2026-en-la-rioja-vino-historia-y-calma-cercana\/","name":"Semana Santa 2026 en La Rioja, vino, historia y calma cercana | El Digital de Asturias","description":"La Rioja combina patrimonio, paisaje y gastronom\u00eda en distancias cortas durante la Semana Santa 2026. Una escapada dentro de los viajes en Espa\u00f1a","inLanguage":"es-ES","isPartOf":{"@id":"https:\/\/eldigitaldeasturias.com\/magazine365\/#website"},"breadcrumb":{"@id":"https:\/\/eldigitaldeasturias.com\/magazine365\/semana-santa-2026-en-la-rioja-vino-historia-y-calma-cercana\/#breadcrumblist"},"author":{"@id":"https:\/\/eldigitaldeasturias.com\/magazine365\/author\/admin\/#author"},"creator":{"@id":"https:\/\/eldigitaldeasturias.com\/magazine365\/author\/admin\/#author"},"image":{"@type":"ImageObject","url":"https:\/\/eldigitaldeasturias.com\/magazine365\/wp-content\/uploads\/2026\/02\/Semana-Santa-2026-en-La-Rioja.jpg","@id":"https:\/\/eldigitaldeasturias.com\/magazine365\/semana-santa-2026-en-la-rioja-vino-historia-y-calma-cercana\/#mainImage","width":1254,"height":812,"caption":"Foto: 123rf.com"},"primaryImageOfPage":{"@id":"https:\/\/eldigitaldeasturias.com\/magazine365\/semana-santa-2026-en-la-rioja-vino-historia-y-calma-cercana\/#mainImage"},"datePublished":"2026-02-19T19:38:42+01:00","dateModified":"2026-02-19T19:38:42+01:00"},{"@type":"WebSite","@id":"https:\/\/eldigitaldeasturias.com\/magazine365\/#website","url":"https:\/\/eldigitaldeasturias.com\/magazine365\/","name":"El Digital de Asturias","description":"Revista de ocio, turismo y estilo de vida","inLanguage":"es-ES","publisher":{"@id":"https:\/\/eldigitaldeasturias.com\/magazine365\/#organization"}}]},"og:locale":"es_ES","og:site_name":"El Digital de Asturias \u2013 Revista de ocio, turismo y estilo de vida","og:type":"article","og:title":"Semana Santa 2026 en La Rioja, vino, historia y calma cercana | El Digital de Asturias","og:description":"La Rioja combina patrimonio, paisaje y gastronom\u00eda en distancias cortas durante la Semana Santa 2026. Una escapada dentro de los viajes en Espa\u00f1a","og:url":"https:\/\/eldigitaldeasturias.com\/magazine365\/semana-santa-2026-en-la-rioja-vino-historia-y-calma-cercana\/","og:image":"https:\/\/eldigitaldeasturias.com\/magazine365\/wp-content\/uploads\/2026\/02\/Semana-Santa-2026-en-La-Rioja.jpg","og:image:secure_url":"https:\/\/eldigitaldeasturias.com\/magazine365\/wp-content\/uploads\/2026\/02\/Semana-Santa-2026-en-La-Rioja.jpg","og:image:width":1254,"og:image:height":812,"article:published_time":"2026-02-19T18:38:42+00:00","article:modified_time":"2026-02-19T18:38:42+00:00","twitter:card":"summary_large_image","twitter:title":"Semana Santa 2026 en La Rioja, vino, historia y calma cercana | El Digital de Asturias","twitter:description":"La Rioja combina patrimonio, paisaje y gastronom\u00eda en distancias cortas durante la Semana Santa 2026. Una escapada dentro de los viajes en Espa\u00f1a","twitter:image":"https:\/\/eldigitaldeasturias.com\/magazine365\/wp-content\/uploads\/2026\/02\/Semana-Santa-2026-en-La-Rioja.jpg"},"aioseo_meta_data":{"post_id":"112198","title":null,"description":"La Rioja combina patrimonio, paisaje y gastronom\u00eda en distancias cortas durante la Semana Santa 2026. Una escapada dentro de los viajes en Espa\u00f1a","keywords":null,"keyphrases":{"focus":{"keyphrase":"La Rioja","score":91,"analysis":{"keyphraseInTitle":{"score":9,"maxScore":9,"error":0},"keyphraseInDescription":{"score":9,"maxScore":9,"error":0},"keyphraseLength":{"score":9,"maxScore":9,"error":0,"length":2},"keyphraseInURL":{"score":5,"maxScore":5,"error":0},"keyphraseInIntroduction":{"score":9,"maxScore":9,"error":0},"keyphraseInSubHeadings":{"score":3,"maxScore":9,"error":1},"keyphraseInImageAlt":{"score":9,"maxScore":9,"error":0},"keywordDensity":{"type":"best","score":9,"maxScore":9,"error":0}}},"additional":[{"keyphrase":"Semana Santa 2026","score":80,"analysis":{"keyphraseInDescription":{"score":9,"maxScore":9,"error":0},"keyphraseLength":{"score":9,"maxScore":9,"error":0,"length":3},"keyphraseInIntroduction":{"score":9,"maxScore":9,"error":0},"keyphraseInImageAlt":{"score":9,"maxScore":9,"error":0},"keywordDensity":{"score":0,"type":"low","maxScore":9,"error":1}}}]},"primary_term":null,"canonical_url":null,"og_title":null,"og_description":null,"og_object_type":"default","og_image_type":"default","og_image_url":null,"og_image_width":null,"og_image_height":null,"og_image_custom_url":null,"og_image_custom_fields":null,"og_video":"","og_custom_url":null,"og_article_section":null,"og_article_tags":null,"twitter_use_og":false,"twitter_card":"default","twitter_image_type":"default","twitter_image_url":null,"twitter_image_custom_url":null,"twitter_image_custom_fields":null,"twitter_title":null,"twitter_description":null,"schema":{"blockGraphs":[],"customGraphs":[],"default":{"data":{"Article":[],"Course":[],"Dataset":[],"FAQPage":[],"Movie":[],"Person":[],"Product":[],"ProductReview":[],"Car":[],"Recipe":[],"Service":[],"SoftwareApplication":[],"WebPage":[]},"graphName":"Article","isEnabled":true},"graphs":[]},"schema_type":"default","schema_type_options":null,"pillar_content":false,"robots_default":true,"robots_noindex":false,"robots_noarchive":false,"robots_nosnippet":false,"robots_nofollow":false,"robots_noimageindex":false,"robots_noodp":false,"robots_notranslate":false,"robots_max_snippet":"-1","robots_max_videopreview":"-1","robots_max_imagepreview":"large","priority":null,"frequency":"default","location":null,"local_seo":null,"seo_analyzer_scan_date":"2026-02-19 18:48:19","breadcrumb_settings":null,"limit_modified_date":false,"open_ai":null,"ai":{"faqs":[],"keyPoints":[],"titles":[],"descriptions":[],"socialPosts":{"email":[],"linkedin":[],"twitter":[],"facebook":[],"instagram":[]}},"created":"2026-02-19 18:31:47","updated":"2026-02-19 18:48:19"},"aioseo_breadcrumb":"<div class=\"aioseo-breadcrumbs\"><span class=\"aioseo-breadcrumb\">\n\t<a href=\"https:\/\/eldigitaldeasturias.com\/magazine365\" title=\"Home\">Home<\/a>\n<\/span><span class=\"aioseo-breadcrumb-separator\">\u2013<\/span><span class=\"aioseo-breadcrumb\">\n\t<a href=\"https:\/\/eldigitaldeasturias.com\/magazine365\/category\/viajes\/\" title=\"Viajes\">Viajes<\/a>\n<\/span><span class=\"aioseo-breadcrumb-separator\">\u2013<\/span><span class=\"aioseo-breadcrumb\">\n\t<a href=\"https:\/\/eldigitaldeasturias.com\/magazine365\/semana-santa-2026-en-la-rioja-vino-historia-y-calma-cercana\/\" title=\"Semana Santa 2026 en La Rioja, vino, historia y calma cercana\">Semana Santa 2026 en La Rioja, vino, historia y calma cercana<\/a>\n<\/span><\/div>","aioseo_breadcrumb_json":[{"label":"Home","link":"https:\/\/eldigitaldeasturias.com\/magazine365"},{"label":"Viajes","link":"https:\/\/eldigitaldeasturias.com\/magazine365\/category\/viajes\/"},{"label":"Semana Santa 2026 en La Rioja, vino, historia y calma cercana","link":"https:\/\/eldigitaldeasturias.com\/magazine365\/semana-santa-2026-en-la-rioja-vino-historia-y-calma-cercana\/"}],"_links":{"self":[{"href":"https:\/\/eldigitaldeasturias.com\/magazine365\/wp-json\/wp\/v2\/posts\/112198","targetHints":{"allow":["GET"]}}],"collection":[{"href":"https:\/\/eldigitaldeasturias.com\/magazine365\/wp-json\/wp\/v2\/posts"}],"about":[{"href":"https:\/\/eldigitaldeasturias.com\/magazine365\/wp-json\/wp\/v2\/types\/post"}],"author":[{"embeddable":true,"href":"https:\/\/eldigitaldeasturias.com\/magazine365\/wp-json\/wp\/v2\/users\/1"}],"replies":[{"embeddable":true,"href":"https:\/\/eldigitaldeasturias.com\/magazine365\/wp-json\/wp\/v2\/comments?post=112198"}],"version-history":[{"count":0,"href":"https:\/\/eldigitaldeasturias.com\/magazine365\/wp-json\/wp\/v2\/posts\/112198\/revisions"}],"wp:featuredmedia":[{"embeddable":true,"href":"https:\/\/eldigitaldeasturias.com\/magazine365\/wp-json\/wp\/v2\/media\/112199"}],"wp:attachment":[{"href":"https:\/\/eldigitaldeasturias.com\/magazine365\/wp-json\/wp\/v2\/media?parent=112198"}],"wp:term":[{"taxonomy":"category","embeddable":true,"href":"https:\/\/eldigitaldeasturias.com\/magazine365\/wp-json\/wp\/v2\/categories?post=112198"},{"taxonomy":"post_tag","embeddable":true,"href":"https:\/\/eldigitaldeasturias.com\/magazine365\/wp-json\/wp\/v2\/tags?post=112198"}],"curies":[{"name":"wp","href":"https:\/\/api.w.org\/{rel}","templated":true}]}}