{"id":112146,"date":"2025-12-18T05:28:54","date_gmt":"2025-12-18T04:28:54","guid":{"rendered":"https:\/\/eldigitaldeasturias.com\/magazine365\/?p=112146"},"modified":"2025-12-18T05:28:54","modified_gmt":"2025-12-18T04:28:54","slug":"la-capacitacion-empresarial-se-reinventa-tendencias-que-definiran-el-e-learning-en-2026","status":"publish","type":"post","link":"https:\/\/eldigitaldeasturias.com\/magazine365\/la-capacitacion-empresarial-se-reinventa-tendencias-que-definiran-el-e-learning-en-2026\/","title":{"rendered":"La capacitaci\u00f3n empresarial se reinventa: tendencias que definir\u00e1n el e-learning en 2026"},"content":{"rendered":"<p><b>La formaci\u00f3n en las organizaciones est\u00e1 dando inicio a una etapa revolucionaria.<\/b><span style=\"font-weight: 400;\"> La digitalizaci\u00f3n, el advenimiento del trabajo h\u00edbrido y la presi\u00f3n por mantener actualizadas las competencias est\u00e1n transformando la forma en que las empresas aprenden. En este contexto, el e-learning deja de ser un elemento ocasional para convertirse en un <\/span><b>pilar imprescindible<\/b><span style=\"font-weight: 400;\">, que respalda el desarrollo del negocio y ofrece respuestas r\u00e1pidas ante un entorno en constante evoluci\u00f3n.<\/span><\/p>\n<p><img fetchpriority=\"high\" decoding=\"async\" class=\"aligncenter size-large wp-image-112147\" src=\"https:\/\/eldigitaldeasturias.com\/magazine365\/wp-content\/uploads\/2025\/12\/formacion-empresarial-650x198.jpg\" alt=\"formaci\u00f3n empresarial\" width=\"650\" height=\"198\" srcset=\"https:\/\/eldigitaldeasturias.com\/magazine365\/wp-content\/uploads\/2025\/12\/formacion-empresarial-650x198.jpg 650w, https:\/\/eldigitaldeasturias.com\/magazine365\/wp-content\/uploads\/2025\/12\/formacion-empresarial-360x110.jpg 360w, https:\/\/eldigitaldeasturias.com\/magazine365\/wp-content\/uploads\/2025\/12\/formacion-empresarial-768x234.jpg 768w, https:\/\/eldigitaldeasturias.com\/magazine365\/wp-content\/uploads\/2025\/12\/formacion-empresarial-150x46.jpg 150w, https:\/\/eldigitaldeasturias.com\/magazine365\/wp-content\/uploads\/2025\/12\/formacion-empresarial-450x137.jpg 450w, https:\/\/eldigitaldeasturias.com\/magazine365\/wp-content\/uploads\/2025\/12\/formacion-empresarial.jpg 1139w\" sizes=\"(max-width: 650px) 100vw, 650px\" \/><\/p>\n<h2><b>De cursos individuales a redes de aprendizaje integradas<\/b><\/h2>\n<p><span style=\"font-weight: 400;\">El modelo tradicional, que se centraba en cursos separados y plataformas b\u00e1sicas, ha quedado atr\u00e1s. Actualmente, las organizaciones exigen <\/span><b>ecosistemas de aprendizaje interconectados<\/b><span style=\"font-weight: 400;\"> que integren la creaci\u00f3n de contenido, la personalizaci\u00f3n de la experiencia de aprendizaje, el seguimiento del desempe\u00f1o y el acceso a <\/span><b>recursos interactivos dentro de un solo sistema.<\/b><span style=\"font-weight: 400;\"> El enfoque ha cambiado, convirti\u00e9ndose de la simple capacitaci\u00f3n en una gesti\u00f3n continua y activa del conocimiento organizacional.<\/span><\/p>\n<p><span style=\"font-weight: 400;\">En esta transformaci\u00f3n, empresas como <\/span><span style=\"color: #ff6600;\"><strong><a style=\"color: #ff6600;\" title=\"isEazy\" href=\"https:\/\/www.iseazy.com\/es\/\" target=\"_blank\" rel=\"noopener\">isEazy<\/a><\/strong><\/span><span style=\"font-weight: 400;\"> surgen como actores clave en la facilitaci\u00f3n de este cambio. Con m\u00e1s de dos d\u00e9cadas de experiencia y presencia internacional, esta compa\u00f1\u00eda desarrolla soluciones dise\u00f1adas para optimizar la creaci\u00f3n de contenido y proporcionar experiencias de aprendizaje m\u00e1s completas y escalables, tanto para grandes corporaciones como para peque\u00f1as y medianas empresas.<\/span><\/p>\n<h2><b>La inteligencia artificial transforma el eje del e-learning<\/b><\/h2>\n<p><b>La inclusi\u00f3n de la inteligencia artificial en el e-learning<\/b><span style=\"font-weight: 400;\"> ser\u00e1 un detonante fundamental en 2026. Las empresas buscan maneras de reducir tiempos, actualizar contenido de forma m\u00e1s regular y asegurar la coherencia pedag\u00f3gica y visual. Las nuevas tecnolog\u00edas permiten transformar documentaci\u00f3n interna en recursos educativos bien organizados, automatizar evaluaciones y adaptar el contenido a la identidad de cada empresa, acelerando as\u00ed los ciclos de producci\u00f3n.<\/span><\/p>\n<p><span style=\"font-weight: 400;\">Este avance tambi\u00e9n redefine el papel de los proveedores, que pasan de ser plataformas tecnol\u00f3gicas a <\/span><b>socios estrat\u00e9gicos en la creaci\u00f3n, actualizaci\u00f3n y evoluci\u00f3n del conocimiento organizacional.<\/b><\/p>\n<h2><b>Accesibilidad digital como norma, no solo como requisito<\/b><\/h2>\n<p><span style=\"font-weight: 400;\">La implantaci\u00f3n de nuevas normativas europeas en 2025 ha resaltado la <\/span><b>accesibilidad como un elemento clave dentro de la formaci\u00f3n digital.<\/b><span style=\"font-weight: 400;\"> Las empresas est\u00e1n revisitando sus plataformas y materiales para asegurarse de que todos los empleados accedan a la capacitaci\u00f3n en igualdad de condiciones.<\/span><\/p>\n<p><span style=\"font-weight: 400;\">Funciones como subtitulado, navegaci\u00f3n clara, compatibilidad con tecnolog\u00edas de asistencia y el uso adecuado de textos alternativos se han convertido ya en criterios ineludibles en cualquier proyecto de e-learning.<\/span><\/p>\n<h2><b>Un mercado m\u00e1s diverso y competitivo<\/b><\/h2>\n<p><span style=\"font-weight: 400;\">El crecimiento del sector ha llevado consigo una mayor variedad de soluciones: <\/span><b>plataformas LMS, cat\u00e1logos de habilidades, herramientas de creaci\u00f3n impulsadas por IA, aplicaciones m\u00f3viles para equipos operativos y sistemas de gamificaci\u00f3n.<\/b><span style=\"font-weight: 400;\"> En este contexto, contar con comparativas especializadas de empresas de formaci\u00f3n corporativa se ha vuelto un recurso indispensable para comprender el verdadero valor de cada propuesta y tomar decisiones bien fundamentadas.<\/span><\/p>\n<h2><b>Las PYMES emergen en el panorama del aprendizaje digital<\/b><\/h2>\n<p><span style=\"font-weight: 400;\">El e-learning ya no se limita a las grandes corporaciones. Un n\u00famero creciente de <\/span><b>PYMES<\/b><span style=\"font-weight: 400;\"> est\u00e1 adoptando soluciones digitales para formar a equipos en ubicaciones distribuidas, adaptarse a cambios regulatorios o acelerar procesos de onboarding. La celeridad en la implementaci\u00f3n y la flexibilidad de estos sistemas est\u00e1n democratizando el acceso a modelos de aprendizaje m\u00e1s avanzados.<\/span><\/p>\n<h2><b>Hacia un aprendizaje continuo y orientado a resultados tangibles<\/b><\/h2>\n<p><span style=\"font-weight: 400;\">La formaci\u00f3n organizacional avanza hacia un enfoque persistente, sustentado por datos y tecnolog\u00eda. La integraci\u00f3n de inteligencia artificial, accesibilidad, anal\u00edtica y ecosistemas completos se anticipa a un 2026 en el que las empresas de e-learning se consolidan como un recurso esencial para la competitividad y el desarrollo organizacional.<\/span><\/p>\n","protected":false},"excerpt":{"rendered":"<p>La formaci\u00f3n en las organizaciones est\u00e1 dando inicio a una etapa revolucionaria. La digitalizaci\u00f3n, el advenimiento del trabajo h\u00edbrido y la presi\u00f3n por mantener actualizadas las competencias est\u00e1n transformando la forma en que las empresas aprenden. En este contexto, el e-learning deja de ser un elemento ocasional para convertirse en un pilar imprescindible, que respalda<\/p>\n","protected":false},"author":1,"featured_media":112147,"comment_status":"closed","ping_status":"closed","sticky":false,"template":"","format":"standard","meta":{"footnotes":""},"categories":[206],"tags":[],"class_list":{"0":"post-112146","1":"post","2":"type-post","3":"status-publish","4":"format-standard","5":"has-post-thumbnail","7":"category-canal-empresas"},"aioseo_notices":[],"aioseo_head":"\n\t\t<!-- All in One SEO Pro 4.9.6.1 - aioseo.com -->\n\t<meta name=\"description\" content=\"La formaci\u00f3n en las organizaciones est\u00e1 dando inicio a una etapa revolucionaria. La digitalizaci\u00f3n, el advenimiento del trabajo h\u00edbrido y la presi\u00f3n por mantener actualizada\" \/>\n\t<meta name=\"robots\" content=\"max-image-preview:large\" \/>\n\t<meta name=\"author\" content=\"admin\"\/>\n\t<meta name=\"google-site-verification\" content=\"UA-38556648-1\" \/>\n\t<meta name=\"keywords\" content=\"canal empresas\" \/>\n\t<link rel=\"canonical\" href=\"https:\/\/eldigitaldeasturias.com\/magazine365\/la-capacitacion-empresarial-se-reinventa-tendencias-que-definiran-el-e-learning-en-2026\/\" \/>\n\t<meta name=\"generator\" content=\"All in One SEO Pro (AIOSEO) 4.9.6.1\" \/>\n\t\t<meta property=\"og:locale\" content=\"es_ES\" \/>\n\t\t<meta property=\"og:site_name\" content=\"El Digital de Asturias \u2013 Revista de ocio, turismo y estilo de vida\" \/>\n\t\t<meta property=\"og:type\" content=\"article\" \/>\n\t\t<meta property=\"og:title\" content=\"La capacitaci\u00f3n empresarial se reinventa: tendencias que definir\u00e1n el e-learning en 2026 | El Digital de Asturias\" \/>\n\t\t<meta property=\"og:description\" content=\"La formaci\u00f3n en las organizaciones est\u00e1 dando inicio a una etapa revolucionaria. La digitalizaci\u00f3n, el advenimiento del trabajo h\u00edbrido y la presi\u00f3n por mantener actualizada\" \/>\n\t\t<meta property=\"og:url\" content=\"https:\/\/eldigitaldeasturias.com\/magazine365\/la-capacitacion-empresarial-se-reinventa-tendencias-que-definiran-el-e-learning-en-2026\/\" \/>\n\t\t<meta property=\"og:image\" content=\"https:\/\/eldigitaldeasturias.com\/magazine365\/wp-content\/uploads\/2025\/12\/formacion-empresarial.jpg\" \/>\n\t\t<meta property=\"og:image:secure_url\" content=\"https:\/\/eldigitaldeasturias.com\/magazine365\/wp-content\/uploads\/2025\/12\/formacion-empresarial.jpg\" \/>\n\t\t<meta property=\"og:image:width\" content=\"1139\" \/>\n\t\t<meta property=\"og:image:height\" content=\"347\" \/>\n\t\t<meta property=\"article:published_time\" content=\"2025-12-18T04:28:54+00:00\" \/>\n\t\t<meta property=\"article:modified_time\" content=\"2025-12-18T04:28:54+00:00\" \/>\n\t\t<meta name=\"twitter:card\" content=\"summary_large_image\" \/>\n\t\t<meta name=\"twitter:title\" content=\"La capacitaci\u00f3n empresarial se reinventa: tendencias que definir\u00e1n el e-learning en 2026 | El Digital de Asturias\" \/>\n\t\t<meta name=\"twitter:description\" content=\"La formaci\u00f3n en las organizaciones est\u00e1 dando inicio a una etapa revolucionaria. La digitalizaci\u00f3n, el advenimiento del trabajo h\u00edbrido y la presi\u00f3n por mantener actualizada\" \/>\n\t\t<meta name=\"twitter:image\" content=\"https:\/\/eldigitaldeasturias.com\/magazine365\/wp-content\/uploads\/2025\/12\/formacion-empresarial.jpg\" \/>\n\t\t<script type=\"application\/ld+json\" class=\"aioseo-schema\">\n\t\t\t{\"@context\":\"https:\\\/\\\/schema.org\",\"@graph\":[{\"@type\":\"Article\",\"@id\":\"https:\\\/\\\/eldigitaldeasturias.com\\\/magazine365\\\/la-capacitacion-empresarial-se-reinventa-tendencias-que-definiran-el-e-learning-en-2026\\\/#article\",\"name\":\"La capacitaci\\u00f3n empresarial se reinventa: tendencias que definir\\u00e1n el e-learning en 2026 | El Digital de Asturias\",\"headline\":\"La capacitaci\\u00f3n empresarial se reinventa: tendencias que definir\\u00e1n el e-learning en 2026\",\"author\":{\"@id\":\"https:\\\/\\\/eldigitaldeasturias.com\\\/magazine365\\\/author\\\/admin\\\/#author\"},\"publisher\":{\"@id\":\"https:\\\/\\\/eldigitaldeasturias.com\\\/magazine365\\\/#organization\"},\"image\":{\"@type\":\"ImageObject\",\"url\":\"https:\\\/\\\/eldigitaldeasturias.com\\\/magazine365\\\/wp-content\\\/uploads\\\/2025\\\/12\\\/formacion-empresarial.jpg\",\"width\":1139,\"height\":347,\"caption\":\"formaci\\u00f3n empresarial\"},\"datePublished\":\"2025-12-18T05:28:54+01:00\",\"dateModified\":\"2025-12-18T05:28:54+01:00\",\"inLanguage\":\"es-ES\",\"mainEntityOfPage\":{\"@id\":\"https:\\\/\\\/eldigitaldeasturias.com\\\/magazine365\\\/la-capacitacion-empresarial-se-reinventa-tendencias-que-definiran-el-e-learning-en-2026\\\/#webpage\"},\"isPartOf\":{\"@id\":\"https:\\\/\\\/eldigitaldeasturias.com\\\/magazine365\\\/la-capacitacion-empresarial-se-reinventa-tendencias-que-definiran-el-e-learning-en-2026\\\/#webpage\"},\"articleSection\":\"Canal Empresas\"},{\"@type\":\"BreadcrumbList\",\"@id\":\"https:\\\/\\\/eldigitaldeasturias.com\\\/magazine365\\\/la-capacitacion-empresarial-se-reinventa-tendencias-que-definiran-el-e-learning-en-2026\\\/#breadcrumblist\",\"itemListElement\":[{\"@type\":\"ListItem\",\"@id\":\"https:\\\/\\\/eldigitaldeasturias.com\\\/magazine365#listItem\",\"position\":1,\"name\":\"Home\",\"item\":\"https:\\\/\\\/eldigitaldeasturias.com\\\/magazine365\",\"nextItem\":{\"@type\":\"ListItem\",\"@id\":\"https:\\\/\\\/eldigitaldeasturias.com\\\/magazine365\\\/category\\\/canal-empresas\\\/#listItem\",\"name\":\"Canal Empresas\"}},{\"@type\":\"ListItem\",\"@id\":\"https:\\\/\\\/eldigitaldeasturias.com\\\/magazine365\\\/category\\\/canal-empresas\\\/#listItem\",\"position\":2,\"name\":\"Canal Empresas\",\"item\":\"https:\\\/\\\/eldigitaldeasturias.com\\\/magazine365\\\/category\\\/canal-empresas\\\/\",\"nextItem\":{\"@type\":\"ListItem\",\"@id\":\"https:\\\/\\\/eldigitaldeasturias.com\\\/magazine365\\\/la-capacitacion-empresarial-se-reinventa-tendencias-que-definiran-el-e-learning-en-2026\\\/#listItem\",\"name\":\"La capacitaci\\u00f3n empresarial se reinventa: tendencias que definir\\u00e1n el e-learning en 2026\"},\"previousItem\":{\"@type\":\"ListItem\",\"@id\":\"https:\\\/\\\/eldigitaldeasturias.com\\\/magazine365#listItem\",\"name\":\"Home\"}},{\"@type\":\"ListItem\",\"@id\":\"https:\\\/\\\/eldigitaldeasturias.com\\\/magazine365\\\/la-capacitacion-empresarial-se-reinventa-tendencias-que-definiran-el-e-learning-en-2026\\\/#listItem\",\"position\":3,\"name\":\"La capacitaci\\u00f3n empresarial se reinventa: tendencias que definir\\u00e1n el e-learning en 2026\",\"previousItem\":{\"@type\":\"ListItem\",\"@id\":\"https:\\\/\\\/eldigitaldeasturias.com\\\/magazine365\\\/category\\\/canal-empresas\\\/#listItem\",\"name\":\"Canal Empresas\"}}]},{\"@type\":\"Organization\",\"@id\":\"https:\\\/\\\/eldigitaldeasturias.com\\\/magazine365\\\/#organization\",\"name\":\"El digital de Asturias\",\"description\":\"Revista de ocio, turismo y estilo de vida\",\"url\":\"https:\\\/\\\/eldigitaldeasturias.com\\\/magazine365\\\/\",\"logo\":{\"@type\":\"ImageObject\",\"url\":\"https:\\\/\\\/www.eldigitaldeasturias.com\\\/noticias\\\/wp-content\\\/uploads\\\/2020\\\/12\\\/EDA.jpg\",\"@id\":\"https:\\\/\\\/eldigitaldeasturias.com\\\/magazine365\\\/la-capacitacion-empresarial-se-reinventa-tendencias-que-definiran-el-e-learning-en-2026\\\/#organizationLogo\"},\"image\":{\"@id\":\"https:\\\/\\\/eldigitaldeasturias.com\\\/magazine365\\\/la-capacitacion-empresarial-se-reinventa-tendencias-que-definiran-el-e-learning-en-2026\\\/#organizationLogo\"}},{\"@type\":\"Person\",\"@id\":\"https:\\\/\\\/eldigitaldeasturias.com\\\/magazine365\\\/author\\\/admin\\\/#author\",\"url\":\"https:\\\/\\\/eldigitaldeasturias.com\\\/magazine365\\\/author\\\/admin\\\/\",\"name\":\"admin\",\"image\":{\"@type\":\"ImageObject\",\"@id\":\"https:\\\/\\\/eldigitaldeasturias.com\\\/magazine365\\\/la-capacitacion-empresarial-se-reinventa-tendencias-que-definiran-el-e-learning-en-2026\\\/#authorImage\",\"url\":\"https:\\\/\\\/eldigitaldeasturias.com\\\/magazine365\\\/wp-content\\\/litespeed\\\/avatar\\\/e571bcf59a0edd6fa6838245a470f2fe.jpg?ver=1777574230\",\"width\":96,\"height\":96,\"caption\":\"admin\"}},{\"@type\":\"WebPage\",\"@id\":\"https:\\\/\\\/eldigitaldeasturias.com\\\/magazine365\\\/la-capacitacion-empresarial-se-reinventa-tendencias-que-definiran-el-e-learning-en-2026\\\/#webpage\",\"url\":\"https:\\\/\\\/eldigitaldeasturias.com\\\/magazine365\\\/la-capacitacion-empresarial-se-reinventa-tendencias-que-definiran-el-e-learning-en-2026\\\/\",\"name\":\"La capacitaci\\u00f3n empresarial se reinventa: tendencias que definir\\u00e1n el e-learning en 2026 | El Digital de Asturias\",\"description\":\"La formaci\\u00f3n en las organizaciones est\\u00e1 dando inicio a una etapa revolucionaria. La digitalizaci\\u00f3n, el advenimiento del trabajo h\\u00edbrido y la presi\\u00f3n por mantener actualizada\",\"inLanguage\":\"es-ES\",\"isPartOf\":{\"@id\":\"https:\\\/\\\/eldigitaldeasturias.com\\\/magazine365\\\/#website\"},\"breadcrumb\":{\"@id\":\"https:\\\/\\\/eldigitaldeasturias.com\\\/magazine365\\\/la-capacitacion-empresarial-se-reinventa-tendencias-que-definiran-el-e-learning-en-2026\\\/#breadcrumblist\"},\"author\":{\"@id\":\"https:\\\/\\\/eldigitaldeasturias.com\\\/magazine365\\\/author\\\/admin\\\/#author\"},\"creator\":{\"@id\":\"https:\\\/\\\/eldigitaldeasturias.com\\\/magazine365\\\/author\\\/admin\\\/#author\"},\"image\":{\"@type\":\"ImageObject\",\"url\":\"https:\\\/\\\/eldigitaldeasturias.com\\\/magazine365\\\/wp-content\\\/uploads\\\/2025\\\/12\\\/formacion-empresarial.jpg\",\"@id\":\"https:\\\/\\\/eldigitaldeasturias.com\\\/magazine365\\\/la-capacitacion-empresarial-se-reinventa-tendencias-que-definiran-el-e-learning-en-2026\\\/#mainImage\",\"width\":1139,\"height\":347,\"caption\":\"formaci\\u00f3n empresarial\"},\"primaryImageOfPage\":{\"@id\":\"https:\\\/\\\/eldigitaldeasturias.com\\\/magazine365\\\/la-capacitacion-empresarial-se-reinventa-tendencias-que-definiran-el-e-learning-en-2026\\\/#mainImage\"},\"datePublished\":\"2025-12-18T05:28:54+01:00\",\"dateModified\":\"2025-12-18T05:28:54+01:00\"},{\"@type\":\"WebSite\",\"@id\":\"https:\\\/\\\/eldigitaldeasturias.com\\\/magazine365\\\/#website\",\"url\":\"https:\\\/\\\/eldigitaldeasturias.com\\\/magazine365\\\/\",\"name\":\"El Digital de Asturias\",\"description\":\"Revista de ocio, turismo y estilo de vida\",\"inLanguage\":\"es-ES\",\"publisher\":{\"@id\":\"https:\\\/\\\/eldigitaldeasturias.com\\\/magazine365\\\/#organization\"}}]}\n\t\t<\/script>\n\t\t<!-- All in One SEO Pro -->\r\n\t\t<title>La capacitaci\u00f3n empresarial se reinventa: tendencias que definir\u00e1n el e-learning en 2026 | El Digital de Asturias<\/title>\n\n","aioseo_head_json":{"title":"La capacitaci\u00f3n empresarial se reinventa: tendencias que definir\u00e1n el e-learning en 2026 | El Digital de Asturias","description":"La formaci\u00f3n en las organizaciones est\u00e1 dando inicio a una etapa revolucionaria. La digitalizaci\u00f3n, el advenimiento del trabajo h\u00edbrido y la presi\u00f3n por mantener actualizada","canonical_url":"https:\/\/eldigitaldeasturias.com\/magazine365\/la-capacitacion-empresarial-se-reinventa-tendencias-que-definiran-el-e-learning-en-2026\/","robots":"max-image-preview:large","keywords":"canal empresas","webmasterTools":{"google-site-verification":"UA-38556648-1","miscellaneous":""},"schema":{"@context":"https:\/\/schema.org","@graph":[{"@type":"Article","@id":"https:\/\/eldigitaldeasturias.com\/magazine365\/la-capacitacion-empresarial-se-reinventa-tendencias-que-definiran-el-e-learning-en-2026\/#article","name":"La capacitaci\u00f3n empresarial se reinventa: tendencias que definir\u00e1n el e-learning en 2026 | El Digital de Asturias","headline":"La capacitaci\u00f3n empresarial se reinventa: tendencias que definir\u00e1n el e-learning en 2026","author":{"@id":"https:\/\/eldigitaldeasturias.com\/magazine365\/author\/admin\/#author"},"publisher":{"@id":"https:\/\/eldigitaldeasturias.com\/magazine365\/#organization"},"image":{"@type":"ImageObject","url":"https:\/\/eldigitaldeasturias.com\/magazine365\/wp-content\/uploads\/2025\/12\/formacion-empresarial.jpg","width":1139,"height":347,"caption":"formaci\u00f3n empresarial"},"datePublished":"2025-12-18T05:28:54+01:00","dateModified":"2025-12-18T05:28:54+01:00","inLanguage":"es-ES","mainEntityOfPage":{"@id":"https:\/\/eldigitaldeasturias.com\/magazine365\/la-capacitacion-empresarial-se-reinventa-tendencias-que-definiran-el-e-learning-en-2026\/#webpage"},"isPartOf":{"@id":"https:\/\/eldigitaldeasturias.com\/magazine365\/la-capacitacion-empresarial-se-reinventa-tendencias-que-definiran-el-e-learning-en-2026\/#webpage"},"articleSection":"Canal Empresas"},{"@type":"BreadcrumbList","@id":"https:\/\/eldigitaldeasturias.com\/magazine365\/la-capacitacion-empresarial-se-reinventa-tendencias-que-definiran-el-e-learning-en-2026\/#breadcrumblist","itemListElement":[{"@type":"ListItem","@id":"https:\/\/eldigitaldeasturias.com\/magazine365#listItem","position":1,"name":"Home","item":"https:\/\/eldigitaldeasturias.com\/magazine365","nextItem":{"@type":"ListItem","@id":"https:\/\/eldigitaldeasturias.com\/magazine365\/category\/canal-empresas\/#listItem","name":"Canal Empresas"}},{"@type":"ListItem","@id":"https:\/\/eldigitaldeasturias.com\/magazine365\/category\/canal-empresas\/#listItem","position":2,"name":"Canal Empresas","item":"https:\/\/eldigitaldeasturias.com\/magazine365\/category\/canal-empresas\/","nextItem":{"@type":"ListItem","@id":"https:\/\/eldigitaldeasturias.com\/magazine365\/la-capacitacion-empresarial-se-reinventa-tendencias-que-definiran-el-e-learning-en-2026\/#listItem","name":"La capacitaci\u00f3n empresarial se reinventa: tendencias que definir\u00e1n el e-learning en 2026"},"previousItem":{"@type":"ListItem","@id":"https:\/\/eldigitaldeasturias.com\/magazine365#listItem","name":"Home"}},{"@type":"ListItem","@id":"https:\/\/eldigitaldeasturias.com\/magazine365\/la-capacitacion-empresarial-se-reinventa-tendencias-que-definiran-el-e-learning-en-2026\/#listItem","position":3,"name":"La capacitaci\u00f3n empresarial se reinventa: tendencias que definir\u00e1n el e-learning en 2026","previousItem":{"@type":"ListItem","@id":"https:\/\/eldigitaldeasturias.com\/magazine365\/category\/canal-empresas\/#listItem","name":"Canal Empresas"}}]},{"@type":"Organization","@id":"https:\/\/eldigitaldeasturias.com\/magazine365\/#organization","name":"El digital de Asturias","description":"Revista de ocio, turismo y estilo de vida","url":"https:\/\/eldigitaldeasturias.com\/magazine365\/","logo":{"@type":"ImageObject","url":"https:\/\/www.eldigitaldeasturias.com\/noticias\/wp-content\/uploads\/2020\/12\/EDA.jpg","@id":"https:\/\/eldigitaldeasturias.com\/magazine365\/la-capacitacion-empresarial-se-reinventa-tendencias-que-definiran-el-e-learning-en-2026\/#organizationLogo"},"image":{"@id":"https:\/\/eldigitaldeasturias.com\/magazine365\/la-capacitacion-empresarial-se-reinventa-tendencias-que-definiran-el-e-learning-en-2026\/#organizationLogo"}},{"@type":"Person","@id":"https:\/\/eldigitaldeasturias.com\/magazine365\/author\/admin\/#author","url":"https:\/\/eldigitaldeasturias.com\/magazine365\/author\/admin\/","name":"admin","image":{"@type":"ImageObject","@id":"https:\/\/eldigitaldeasturias.com\/magazine365\/la-capacitacion-empresarial-se-reinventa-tendencias-que-definiran-el-e-learning-en-2026\/#authorImage","url":"https:\/\/eldigitaldeasturias.com\/magazine365\/wp-content\/litespeed\/avatar\/e571bcf59a0edd6fa6838245a470f2fe.jpg?ver=1777574230","width":96,"height":96,"caption":"admin"}},{"@type":"WebPage","@id":"https:\/\/eldigitaldeasturias.com\/magazine365\/la-capacitacion-empresarial-se-reinventa-tendencias-que-definiran-el-e-learning-en-2026\/#webpage","url":"https:\/\/eldigitaldeasturias.com\/magazine365\/la-capacitacion-empresarial-se-reinventa-tendencias-que-definiran-el-e-learning-en-2026\/","name":"La capacitaci\u00f3n empresarial se reinventa: tendencias que definir\u00e1n el e-learning en 2026 | El Digital de Asturias","description":"La formaci\u00f3n en las organizaciones est\u00e1 dando inicio a una etapa revolucionaria. La digitalizaci\u00f3n, el advenimiento del trabajo h\u00edbrido y la presi\u00f3n por mantener actualizada","inLanguage":"es-ES","isPartOf":{"@id":"https:\/\/eldigitaldeasturias.com\/magazine365\/#website"},"breadcrumb":{"@id":"https:\/\/eldigitaldeasturias.com\/magazine365\/la-capacitacion-empresarial-se-reinventa-tendencias-que-definiran-el-e-learning-en-2026\/#breadcrumblist"},"author":{"@id":"https:\/\/eldigitaldeasturias.com\/magazine365\/author\/admin\/#author"},"creator":{"@id":"https:\/\/eldigitaldeasturias.com\/magazine365\/author\/admin\/#author"},"image":{"@type":"ImageObject","url":"https:\/\/eldigitaldeasturias.com\/magazine365\/wp-content\/uploads\/2025\/12\/formacion-empresarial.jpg","@id":"https:\/\/eldigitaldeasturias.com\/magazine365\/la-capacitacion-empresarial-se-reinventa-tendencias-que-definiran-el-e-learning-en-2026\/#mainImage","width":1139,"height":347,"caption":"formaci\u00f3n empresarial"},"primaryImageOfPage":{"@id":"https:\/\/eldigitaldeasturias.com\/magazine365\/la-capacitacion-empresarial-se-reinventa-tendencias-que-definiran-el-e-learning-en-2026\/#mainImage"},"datePublished":"2025-12-18T05:28:54+01:00","dateModified":"2025-12-18T05:28:54+01:00"},{"@type":"WebSite","@id":"https:\/\/eldigitaldeasturias.com\/magazine365\/#website","url":"https:\/\/eldigitaldeasturias.com\/magazine365\/","name":"El Digital de Asturias","description":"Revista de ocio, turismo y estilo de vida","inLanguage":"es-ES","publisher":{"@id":"https:\/\/eldigitaldeasturias.com\/magazine365\/#organization"}}]},"og:locale":"es_ES","og:site_name":"El Digital de Asturias \u2013 Revista de ocio, turismo y estilo de vida","og:type":"article","og:title":"La capacitaci\u00f3n empresarial se reinventa: tendencias que definir\u00e1n el e-learning en 2026 | El Digital de Asturias","og:description":"La formaci\u00f3n en las organizaciones est\u00e1 dando inicio a una etapa revolucionaria. La digitalizaci\u00f3n, el advenimiento del trabajo h\u00edbrido y la presi\u00f3n por mantener actualizada","og:url":"https:\/\/eldigitaldeasturias.com\/magazine365\/la-capacitacion-empresarial-se-reinventa-tendencias-que-definiran-el-e-learning-en-2026\/","og:image":"https:\/\/eldigitaldeasturias.com\/magazine365\/wp-content\/uploads\/2025\/12\/formacion-empresarial.jpg","og:image:secure_url":"https:\/\/eldigitaldeasturias.com\/magazine365\/wp-content\/uploads\/2025\/12\/formacion-empresarial.jpg","og:image:width":1139,"og:image:height":347,"article:published_time":"2025-12-18T04:28:54+00:00","article:modified_time":"2025-12-18T04:28:54+00:00","twitter:card":"summary_large_image","twitter:title":"La capacitaci\u00f3n empresarial se reinventa: tendencias que definir\u00e1n el e-learning en 2026 | El Digital de Asturias","twitter:description":"La formaci\u00f3n en las organizaciones est\u00e1 dando inicio a una etapa revolucionaria. La digitalizaci\u00f3n, el advenimiento del trabajo h\u00edbrido y la presi\u00f3n por mantener actualizada","twitter:image":"https:\/\/eldigitaldeasturias.com\/magazine365\/wp-content\/uploads\/2025\/12\/formacion-empresarial.jpg"},"aioseo_meta_data":{"post_id":"112146","title":null,"description":"La formaci\u00f3n en las organizaciones est\u00e1 dando inicio a una etapa revolucionaria. La digitalizaci\u00f3n, el advenimiento del trabajo h\u00edbrido y la presi\u00f3n por mantener actualizada","keywords":null,"keyphrases":{"focus":{"keyphrase":"digitalizaci\u00f3n","score":54,"analysis":{"keyphraseInTitle":{"score":3,"maxScore":9,"error":1},"keyphraseInDescription":{"score":9,"maxScore":9,"error":0},"keyphraseLength":{"score":9,"maxScore":9,"error":0,"length":2},"keyphraseInURL":{"score":1,"maxScore":5,"error":1},"keyphraseInIntroduction":{"score":9,"maxScore":9,"error":0},"keyphraseInSubHeadings":{"score":3,"maxScore":9,"error":1},"keyphraseInImageAlt":{"score":3,"maxScore":9,"error":1},"keywordDensity":{"score":0,"type":"low","maxScore":9,"error":1}}},"additional":[{"keyphrase":"empresarial","score":53,"analysis":{"keyphraseInDescription":{"score":3,"maxScore":9,"error":1},"keyphraseLength":{"score":9,"maxScore":9,"error":0,"length":1},"keyphraseInIntroduction":{"score":3,"maxScore":9,"error":1},"keyphraseInImageAlt":{"score":9,"maxScore":9,"error":0},"keywordDensity":{"score":0,"type":"low","maxScore":9,"error":1}}}]},"primary_term":null,"canonical_url":null,"og_title":null,"og_description":null,"og_object_type":"default","og_image_type":"default","og_image_url":null,"og_image_width":null,"og_image_height":null,"og_image_custom_url":null,"og_image_custom_fields":null,"og_video":"","og_custom_url":null,"og_article_section":null,"og_article_tags":null,"twitter_use_og":false,"twitter_card":"default","twitter_image_type":"default","twitter_image_url":null,"twitter_image_custom_url":null,"twitter_image_custom_fields":null,"twitter_title":null,"twitter_description":null,"schema":{"blockGraphs":[],"customGraphs":[],"default":{"data":{"Article":[],"Course":[],"Dataset":[],"FAQPage":[],"Movie":[],"Person":[],"Product":[],"ProductReview":[],"Car":[],"Recipe":[],"Service":[],"SoftwareApplication":[],"WebPage":[]},"graphName":"Article","isEnabled":true},"graphs":[]},"schema_type":"default","schema_type_options":null,"pillar_content":false,"robots_default":true,"robots_noindex":false,"robots_noarchive":false,"robots_nosnippet":false,"robots_nofollow":false,"robots_noimageindex":false,"robots_noodp":false,"robots_notranslate":false,"robots_max_snippet":"-1","robots_max_videopreview":"-1","robots_max_imagepreview":"large","priority":null,"frequency":"default","location":null,"local_seo":null,"seo_analyzer_scan_date":"2025-12-18 04:38:20","breadcrumb_settings":null,"limit_modified_date":false,"open_ai":null,"ai":{"faqs":[],"keyPoints":[],"titles":[],"descriptions":[],"socialPosts":{"email":[],"linkedin":[],"twitter":[],"facebook":[],"instagram":[]}},"created":"2025-12-18 04:26:34","updated":"2025-12-18 04:38:20"},"aioseo_breadcrumb":"<div class=\"aioseo-breadcrumbs\"><span class=\"aioseo-breadcrumb\">\n\t<a href=\"https:\/\/eldigitaldeasturias.com\/magazine365\" title=\"Home\">Home<\/a>\n<\/span><span class=\"aioseo-breadcrumb-separator\">\u2013<\/span><span class=\"aioseo-breadcrumb\">\n\t<a href=\"https:\/\/eldigitaldeasturias.com\/magazine365\/category\/canal-empresas\/\" title=\"Canal Empresas\">Canal Empresas<\/a>\n<\/span><span class=\"aioseo-breadcrumb-separator\">\u2013<\/span><span class=\"aioseo-breadcrumb\">\n\t<a href=\"https:\/\/eldigitaldeasturias.com\/magazine365\/la-capacitacion-empresarial-se-reinventa-tendencias-que-definiran-el-e-learning-en-2026\/\" title=\"La capacitaci\u00f3n empresarial se reinventa: tendencias que definir\u00e1n el e-learning en 2026\">La capacitaci\u00f3n empresarial se reinventa: tendencias que definir\u00e1n el e-learning en 2026<\/a>\n<\/span><\/div>","aioseo_breadcrumb_json":[{"label":"Home","link":"https:\/\/eldigitaldeasturias.com\/magazine365"},{"label":"Canal Empresas","link":"https:\/\/eldigitaldeasturias.com\/magazine365\/category\/canal-empresas\/"},{"label":"La capacitaci\u00f3n empresarial se reinventa: tendencias que definir\u00e1n el e-learning en 2026","link":"https:\/\/eldigitaldeasturias.com\/magazine365\/la-capacitacion-empresarial-se-reinventa-tendencias-que-definiran-el-e-learning-en-2026\/"}],"_links":{"self":[{"href":"https:\/\/eldigitaldeasturias.com\/magazine365\/wp-json\/wp\/v2\/posts\/112146","targetHints":{"allow":["GET"]}}],"collection":[{"href":"https:\/\/eldigitaldeasturias.com\/magazine365\/wp-json\/wp\/v2\/posts"}],"about":[{"href":"https:\/\/eldigitaldeasturias.com\/magazine365\/wp-json\/wp\/v2\/types\/post"}],"author":[{"embeddable":true,"href":"https:\/\/eldigitaldeasturias.com\/magazine365\/wp-json\/wp\/v2\/users\/1"}],"replies":[{"embeddable":true,"href":"https:\/\/eldigitaldeasturias.com\/magazine365\/wp-json\/wp\/v2\/comments?post=112146"}],"version-history":[{"count":0,"href":"https:\/\/eldigitaldeasturias.com\/magazine365\/wp-json\/wp\/v2\/posts\/112146\/revisions"}],"wp:featuredmedia":[{"embeddable":true,"href":"https:\/\/eldigitaldeasturias.com\/magazine365\/wp-json\/wp\/v2\/media\/112147"}],"wp:attachment":[{"href":"https:\/\/eldigitaldeasturias.com\/magazine365\/wp-json\/wp\/v2\/media?parent=112146"}],"wp:term":[{"taxonomy":"category","embeddable":true,"href":"https:\/\/eldigitaldeasturias.com\/magazine365\/wp-json\/wp\/v2\/categories?post=112146"},{"taxonomy":"post_tag","embeddable":true,"href":"https:\/\/eldigitaldeasturias.com\/magazine365\/wp-json\/wp\/v2\/tags?post=112146"}],"curies":[{"name":"wp","href":"https:\/\/api.w.org\/{rel}","templated":true}]}}