{"id":112136,"date":"2025-12-12T23:06:44","date_gmt":"2025-12-12T22:06:44","guid":{"rendered":"https:\/\/eldigitaldeasturias.com\/magazine365\/?p=112136"},"modified":"2025-12-12T23:06:44","modified_gmt":"2025-12-12T22:06:44","slug":"noviembre-situa-otra-vez-a-placido-domingo-en-primera-linea-tras-el-lleno-en-bonn-y-el-premio-puccini-en-italia","status":"publish","type":"post","link":"https:\/\/eldigitaldeasturias.com\/magazine365\/noviembre-situa-otra-vez-a-placido-domingo-en-primera-linea-tras-el-lleno-en-bonn-y-el-premio-puccini-en-italia\/","title":{"rendered":"Noviembre sit\u00faa otra vez a Pl\u00e1cido Domingo en primera l\u00ednea tras el lleno en Bonn y el Premio Puccini en Italia"},"content":{"rendered":"<p><span style=\"font-weight: 400;\">La presencia de <\/span><b>Pl\u00e1cido Domingo<\/b><span style=\"font-weight: 400;\"> en la agenda musical europea recuper\u00f3 una especial visibilidad durante el mes de noviembre gracias a una sucesi\u00f3n de actividades registradas a trav\u00e9s de informaci\u00f3n p\u00fablica y material gr\u00e1fico compartido por las entidades organizadoras. Dos acontecimientos concentraron la atenci\u00f3n principal: el <\/span><b>concierto<\/b><span style=\"font-weight: 400;\"> celebrado en Bonn el d\u00eda 22, que agot\u00f3 todas sus localidades, y la ceremonia de entrega del Premio Puccini que tuvo lugar el 18 en Torre del Lago. Ambos eventos quedaron ampliamente documentados mediante galer\u00edas fotogr\u00e1ficas, declaraciones del <\/span><b>artista<\/b><span style=\"font-weight: 400;\"> y seguimiento audiovisual, lo que permiti\u00f3 trazar con detalle el recorrido del <\/span><b>maestro<\/b><span style=\"font-weight: 400;\"> a lo largo del mes.<\/span><\/p>\n<p><img fetchpriority=\"high\" decoding=\"async\" class=\"aligncenter size-large wp-image-112137\" src=\"https:\/\/eldigitaldeasturias.com\/magazine365\/wp-content\/uploads\/2025\/12\/Noviembre-situa-otra-vez-a-Placido-Domingo-en-primera-linea-tras-el-lleno-en-Bonn-y-el-Premio-Puccini-en-Italia-650x451.jpg\" alt=\"Noviembre sit\u00faa otra vez a Pl\u00e1cido Domingo en primera l\u00ednea tras el lleno en Bonn y el Premio Puccini en Italia\" width=\"650\" height=\"451\" srcset=\"https:\/\/eldigitaldeasturias.com\/magazine365\/wp-content\/uploads\/2025\/12\/Noviembre-situa-otra-vez-a-Placido-Domingo-en-primera-linea-tras-el-lleno-en-Bonn-y-el-Premio-Puccini-en-Italia-650x451.jpg 650w, https:\/\/eldigitaldeasturias.com\/magazine365\/wp-content\/uploads\/2025\/12\/Noviembre-situa-otra-vez-a-Placido-Domingo-en-primera-linea-tras-el-lleno-en-Bonn-y-el-Premio-Puccini-en-Italia-360x250.jpg 360w, https:\/\/eldigitaldeasturias.com\/magazine365\/wp-content\/uploads\/2025\/12\/Noviembre-situa-otra-vez-a-Placido-Domingo-en-primera-linea-tras-el-lleno-en-Bonn-y-el-Premio-Puccini-en-Italia-768x533.jpg 768w, https:\/\/eldigitaldeasturias.com\/magazine365\/wp-content\/uploads\/2025\/12\/Noviembre-situa-otra-vez-a-Placido-Domingo-en-primera-linea-tras-el-lleno-en-Bonn-y-el-Premio-Puccini-en-Italia-150x104.jpg 150w, https:\/\/eldigitaldeasturias.com\/magazine365\/wp-content\/uploads\/2025\/12\/Noviembre-situa-otra-vez-a-Placido-Domingo-en-primera-linea-tras-el-lleno-en-Bonn-y-el-Premio-Puccini-en-Italia-450x312.jpg 450w, https:\/\/eldigitaldeasturias.com\/magazine365\/wp-content\/uploads\/2025\/12\/Noviembre-situa-otra-vez-a-Placido-Domingo-en-primera-linea-tras-el-lleno-en-Bonn-y-el-Premio-Puccini-en-Italia.jpg 1100w\" sizes=\"(max-width: 650px) 100vw, 650px\" \/><\/p>\n<p><span style=\"font-weight: 400;\">El <\/span><b>concierto<\/b><span style=\"font-weight: 400;\"> de Bonn, anunciado a trav\u00e9s de su p\u00e1gina oficial, se desarroll\u00f3 como una gala dedicada espec\u00edficamente al repertorio italiano y registr\u00f3 un lleno absoluto de aforo. Las im\u00e1genes captadas por el fot\u00f3grafo Matthias Jung, publicadas posteriormente en una galer\u00eda accesible al p\u00fablico, reflejaron algunos de los momentos m\u00e1s destacados de la velada: la interacci\u00f3n del <\/span><b>maestro Pl\u00e1cido Domingo<\/b><span style=\"font-weight: 400;\"> con los asistentes, la respuesta entusiasta del auditorio y una atm\u00f3sfera esc\u00e9nica dominada por una iluminaci\u00f3n c\u00e1lida. El conjunto fotogr\u00e1fico permiti\u00f3 apreciar la din\u00e1mica de la actuaci\u00f3n y dej\u00f3 constancia de la intensidad de una funci\u00f3n que reuni\u00f3 a una audiencia numerosa en un entorno de relevante tradici\u00f3n oper\u00edstica.<\/span><\/p>\n<p><span style=\"font-weight: 400;\">D\u00edas antes, el 18 de noviembre, el <\/span><b>maestro<\/b><span style=\"font-weight: 400;\"> se traslad\u00f3 a Torre del Lago para recibir el Premio Puccini en el Auditorium Caruso del Gran Teatro Giacomo Puccini. La ceremonia, difundida por La Nazione, se desarroll\u00f3 en un ambiente significativamente emotivo, condicionado tanto por el simbolismo hist\u00f3rico del enclave como por el alcance del reconocimiento concedido. Previamente al acto oficial, <\/span><b>Pl\u00e1cido <\/b><span style=\"color: #ff6600;\"><a style=\"color: #ff6600;\" href=\"https:\/\/es.wikipedia.org\/wiki\/Pl%C3%A1cido_Domingo\" target=\"_blank\" rel=\"noopener\"><b>Domingo<\/b> <\/a><\/span><span style=\"font-weight: 400;\">realiz\u00f3 una visita a Villa Puccini, un gesto que conect\u00f3 la jornada de manera directa con la memoria del compositor y el legado cultural asociado al lugar.<\/span><\/p>\n<h3><b>Testimonio de Pl\u00e1cido Domingo acompa\u00f1ado del material audiovisual<\/b><\/h3>\n<p><span style=\"font-weight: 400;\">Durante la ceremonia, el <\/span><b>tenor<\/b><span style=\"font-weight: 400;\"> pronunci\u00f3 unas palabras que fueron recogidas \u00edntegramente por la prensa italiana: \u201cPuccini es un compositor que sigue profundamente vivo\u2026 Para m\u00ed, Puccini siempre ha sido el autor m\u00e1s importante y espero volver pronto. Pero esta vez vengo a cantar\u201d. Estas declaraciones aportaron un componente personal a la entrega del galard\u00f3n y evidenciaron el estrecho v\u00ednculo art\u00edstico del <\/span><b>maestro<\/b><span style=\"font-weight: 400;\"> con el repertorio pucciniano. Las fotograf\u00edas realizadas por Giorgio Andreuccetti documentaron la jornada desde distintos enfoques, mientras RAI Toscana ofreci\u00f3 un seguimiento audiovisual completo del acto.<\/span><\/p>\n<p><span style=\"font-weight: 400;\">M\u00e1s all\u00e1 de los hitos de Bonn y Torre del Lago, noviembre incluy\u00f3 otros desplazamientos dentro de la agenda internacional de <\/span><b>Domingo<\/b><span style=\"font-weight: 400;\">. A comienzos de mes acudi\u00f3 al Auditorium della Conciliazione de Roma para participar en un encuentro vinculado a SiGMA Central Europe, un contexto inusual para el <\/span><b>maestro<\/b><span style=\"font-weight: 400;\"> debido a la confluencia de perfiles procedentes del \u00e1mbito tecnol\u00f3gico, empresarial y creativo. La intervenci\u00f3n destac\u00f3 precisamente por desarrollarse en un entorno h\u00edbrido, alejado de los habituales escenarios l\u00edricos. Posteriormente, el 14 de noviembre, la actividad continu\u00f3 en Bak\u00fa con un <\/span><b>concierto<\/b><span style=\"font-weight: 400;\"> celebrado en el Heydar Aliyev Center. Durante esa actuaci\u00f3n interpret\u00f3 incluso una pieza en idioma azerbaiyano, gesto se\u00f1alado por la prensa local por su dimensi\u00f3n cultural y por la cercan\u00eda hacia el p\u00fablico. El centro, caracterizado por una programaci\u00f3n diversa, incorpor\u00f3 as\u00ed la presencia del <\/span><b>tenor<\/b><span style=\"font-weight: 400;\">a su calendario habitual de propuestas art\u00edsticas e institucionales.<\/span><\/p>\n<h3><b>Reconocimientos programados para Pl\u00e1cido Domingo<\/b><\/h3>\n<p><span style=\"font-weight: 400;\">El mes avanz\u00f3 tambi\u00e9n con novedades relevantes en el \u00e1mbito institucional. La Fundaci\u00f3n Franco Zeffirelli confirm\u00f3 que <\/span><b>Pl\u00e1cido Domingo<\/b><span style=\"font-weight: 400;\"> figura entre los premiados de la primera edici\u00f3n del Premio Franco Zeffirelli, cuya ceremonia de entrega est\u00e1 prevista para enero de 2026. Esta iniciativa nace con la intenci\u00f3n de consolidarse como un reconocimiento anual destinado a destacar contribuciones procedentes de diferentes disciplinas, desde la \u00f3pera hasta las artes esc\u00e9nicas y audiovisuales, en coherencia con la amplitud creativa del legado de Franco Zeffirelli.<\/span><\/p>\n<p><span style=\"font-weight: 400;\">En paralelo, noviembre mantuvo un componente formativo notable con la clausura de Operalia 2025. La edici\u00f3n celebrada en Sof\u00eda concluy\u00f3 con Ekaterine Buachidze y Mihai Damian como ganadores de los galardones principales. <\/span><b>Pl\u00e1cido Domingo<\/b><span style=\"font-weight: 400;\">, una vez m\u00e1s al frente del jurado, reforz\u00f3 su papel hist\u00f3rico dentro del certamen, concebido como plataforma de impulso para j\u00f3venes int\u00e9rpretes que comienzan a proyectarse dentro del circuito internacional.<\/span><\/p>\n<p><span style=\"font-weight: 400;\">Con todos estos elementos en conjunto, noviembre dibuj\u00f3 un escenario especialmente diverso para <\/span><b>Pl\u00e1cido Domingo<\/b><span style=\"font-weight: 400;\">. A los momentos de mayor visibilidad medi\u00e1tica, como el lleno absoluto de Bonn y la entrega del Premio Puccini en Torre del Lago, se sumaron actuaciones en ciudades con perfiles culturales muy distintos, anuncios institucionales y la clausura de una competici\u00f3n que sigue siendo una referencia para nuevas voces. En conjunto, las actividades reflejaron la amplitud de \u00e1mbitos en los que participa el <\/span><b>maestro<\/b><span style=\"font-weight: 400;\">y la variedad de <\/span><b>escenarios<\/b><span style=\"font-weight: 400;\"> que contin\u00faan formando parte de su presencia en el panorama musical internacional.<\/span><\/p>\n<p><span style=\"font-weight: 400;\">Adem\u00e1s, el 2 de diciembre de 2025 el <\/span><b>maestro Domingo<\/b><span style=\"font-weight: 400;\"> ofreci\u00f3 un <\/span><b>concierto<\/b><span style=\"font-weight: 400;\"> en la Guangzhou Opera House, en Guangzhou (China), una actuaci\u00f3n que completa la agenda reciente y permite mantener una lectura continua y coherente de su actividad art\u00edstica sin dejar vac\u00edos ni omisiones.<\/span><\/p>\n","protected":false},"excerpt":{"rendered":"<p>La presencia de Pl\u00e1cido Domingo en la agenda musical europea recuper\u00f3 una especial visibilidad durante el mes de noviembre gracias a una sucesi\u00f3n de actividades registradas a trav\u00e9s de informaci\u00f3n p\u00fablica y material gr\u00e1fico compartido por las entidades organizadoras. Dos acontecimientos concentraron la atenci\u00f3n principal: el concierto celebrado en Bonn el d\u00eda 22, que agot\u00f3<\/p>\n","protected":false},"author":1,"featured_media":112137,"comment_status":"closed","ping_status":"closed","sticky":false,"template":"","format":"standard","meta":{"footnotes":""},"categories":[224],"tags":[],"class_list":{"0":"post-112136","1":"post","2":"type-post","3":"status-publish","4":"format-standard","5":"has-post-thumbnail","7":"category-noticias-actualidad"},"aioseo_notices":[],"aioseo_head":"\n\t\t<!-- All in One SEO Pro 4.9.6.1 - aioseo.com -->\n\t<meta name=\"description\" content=\"La presencia de Pl\u00e1cido Domingo en la agenda musical europea recuper\u00f3 una especial visibilidad durante el mes de noviembre gracias a una sucesi\u00f3n de actividades\" \/>\n\t<meta name=\"robots\" content=\"max-image-preview:large\" \/>\n\t<meta name=\"author\" content=\"admin\"\/>\n\t<meta name=\"google-site-verification\" content=\"UA-38556648-1\" \/>\n\t<meta name=\"keywords\" content=\"noticias y actualidad\" \/>\n\t<link rel=\"canonical\" href=\"https:\/\/eldigitaldeasturias.com\/magazine365\/noviembre-situa-otra-vez-a-placido-domingo-en-primera-linea-tras-el-lleno-en-bonn-y-el-premio-puccini-en-italia\/\" \/>\n\t<meta name=\"generator\" content=\"All in One SEO Pro (AIOSEO) 4.9.6.1\" \/>\n\t\t<meta property=\"og:locale\" content=\"es_ES\" \/>\n\t\t<meta property=\"og:site_name\" content=\"El Digital de Asturias \u2013 Revista de ocio, turismo y estilo de vida\" \/>\n\t\t<meta property=\"og:type\" content=\"article\" \/>\n\t\t<meta property=\"og:title\" content=\"Noviembre sit\u00faa otra vez a Pl\u00e1cido Domingo en primera l\u00ednea tras el lleno en Bonn y el Premio Puccini en Italia | El Digital de Asturias\" \/>\n\t\t<meta property=\"og:description\" content=\"La presencia de Pl\u00e1cido Domingo en la agenda musical europea recuper\u00f3 una especial visibilidad durante el mes de noviembre gracias a una sucesi\u00f3n de actividades\" \/>\n\t\t<meta property=\"og:url\" content=\"https:\/\/eldigitaldeasturias.com\/magazine365\/noviembre-situa-otra-vez-a-placido-domingo-en-primera-linea-tras-el-lleno-en-bonn-y-el-premio-puccini-en-italia\/\" \/>\n\t\t<meta property=\"og:image\" content=\"https:\/\/eldigitaldeasturias.com\/magazine365\/wp-content\/uploads\/2025\/12\/Noviembre-situa-otra-vez-a-Placido-Domingo-en-primera-linea-tras-el-lleno-en-Bonn-y-el-Premio-Puccini-en-Italia.jpg\" \/>\n\t\t<meta property=\"og:image:secure_url\" content=\"https:\/\/eldigitaldeasturias.com\/magazine365\/wp-content\/uploads\/2025\/12\/Noviembre-situa-otra-vez-a-Placido-Domingo-en-primera-linea-tras-el-lleno-en-Bonn-y-el-Premio-Puccini-en-Italia.jpg\" \/>\n\t\t<meta property=\"og:image:width\" content=\"1100\" \/>\n\t\t<meta property=\"og:image:height\" content=\"763\" \/>\n\t\t<meta property=\"article:published_time\" content=\"2025-12-12T22:06:44+00:00\" \/>\n\t\t<meta property=\"article:modified_time\" content=\"2025-12-12T22:06:44+00:00\" \/>\n\t\t<meta name=\"twitter:card\" content=\"summary_large_image\" \/>\n\t\t<meta name=\"twitter:title\" content=\"Noviembre sit\u00faa otra vez a Pl\u00e1cido Domingo en primera l\u00ednea tras el lleno en Bonn y el Premio Puccini en Italia | El Digital de Asturias\" \/>\n\t\t<meta name=\"twitter:description\" content=\"La presencia de Pl\u00e1cido Domingo en la agenda musical europea recuper\u00f3 una especial visibilidad durante el mes de noviembre gracias a una sucesi\u00f3n de actividades\" \/>\n\t\t<meta name=\"twitter:image\" content=\"https:\/\/eldigitaldeasturias.com\/magazine365\/wp-content\/uploads\/2025\/12\/Noviembre-situa-otra-vez-a-Placido-Domingo-en-primera-linea-tras-el-lleno-en-Bonn-y-el-Premio-Puccini-en-Italia.jpg\" \/>\n\t\t<script type=\"application\/ld+json\" class=\"aioseo-schema\">\n\t\t\t{\"@context\":\"https:\\\/\\\/schema.org\",\"@graph\":[{\"@type\":\"Article\",\"@id\":\"https:\\\/\\\/eldigitaldeasturias.com\\\/magazine365\\\/noviembre-situa-otra-vez-a-placido-domingo-en-primera-linea-tras-el-lleno-en-bonn-y-el-premio-puccini-en-italia\\\/#article\",\"name\":\"Noviembre sit\\u00faa otra vez a Pl\\u00e1cido Domingo en primera l\\u00ednea tras el lleno en Bonn y el Premio Puccini en Italia | El Digital de Asturias\",\"headline\":\"Noviembre sit\\u00faa otra vez a Pl\\u00e1cido Domingo en primera l\\u00ednea tras el lleno en Bonn y el Premio Puccini en Italia\",\"author\":{\"@id\":\"https:\\\/\\\/eldigitaldeasturias.com\\\/magazine365\\\/author\\\/admin\\\/#author\"},\"publisher\":{\"@id\":\"https:\\\/\\\/eldigitaldeasturias.com\\\/magazine365\\\/#organization\"},\"image\":{\"@type\":\"ImageObject\",\"url\":\"https:\\\/\\\/eldigitaldeasturias.com\\\/magazine365\\\/wp-content\\\/uploads\\\/2025\\\/12\\\/Noviembre-situa-otra-vez-a-Placido-Domingo-en-primera-linea-tras-el-lleno-en-Bonn-y-el-Premio-Puccini-en-Italia.jpg\",\"width\":1100,\"height\":763,\"caption\":\"Noviembre sit\\u00faa otra vez a Pl\\u00e1cido Domingo en primera l\\u00ednea tras el lleno en Bonn y el Premio Puccini en Italia\"},\"datePublished\":\"2025-12-12T23:06:44+01:00\",\"dateModified\":\"2025-12-12T23:06:44+01:00\",\"inLanguage\":\"es-ES\",\"mainEntityOfPage\":{\"@id\":\"https:\\\/\\\/eldigitaldeasturias.com\\\/magazine365\\\/noviembre-situa-otra-vez-a-placido-domingo-en-primera-linea-tras-el-lleno-en-bonn-y-el-premio-puccini-en-italia\\\/#webpage\"},\"isPartOf\":{\"@id\":\"https:\\\/\\\/eldigitaldeasturias.com\\\/magazine365\\\/noviembre-situa-otra-vez-a-placido-domingo-en-primera-linea-tras-el-lleno-en-bonn-y-el-premio-puccini-en-italia\\\/#webpage\"},\"articleSection\":\"Noticias y Actualidad\"},{\"@type\":\"BreadcrumbList\",\"@id\":\"https:\\\/\\\/eldigitaldeasturias.com\\\/magazine365\\\/noviembre-situa-otra-vez-a-placido-domingo-en-primera-linea-tras-el-lleno-en-bonn-y-el-premio-puccini-en-italia\\\/#breadcrumblist\",\"itemListElement\":[{\"@type\":\"ListItem\",\"@id\":\"https:\\\/\\\/eldigitaldeasturias.com\\\/magazine365#listItem\",\"position\":1,\"name\":\"Home\",\"item\":\"https:\\\/\\\/eldigitaldeasturias.com\\\/magazine365\",\"nextItem\":{\"@type\":\"ListItem\",\"@id\":\"https:\\\/\\\/eldigitaldeasturias.com\\\/magazine365\\\/category\\\/noticias-actualidad\\\/#listItem\",\"name\":\"Noticias y Actualidad\"}},{\"@type\":\"ListItem\",\"@id\":\"https:\\\/\\\/eldigitaldeasturias.com\\\/magazine365\\\/category\\\/noticias-actualidad\\\/#listItem\",\"position\":2,\"name\":\"Noticias y Actualidad\",\"item\":\"https:\\\/\\\/eldigitaldeasturias.com\\\/magazine365\\\/category\\\/noticias-actualidad\\\/\",\"nextItem\":{\"@type\":\"ListItem\",\"@id\":\"https:\\\/\\\/eldigitaldeasturias.com\\\/magazine365\\\/noviembre-situa-otra-vez-a-placido-domingo-en-primera-linea-tras-el-lleno-en-bonn-y-el-premio-puccini-en-italia\\\/#listItem\",\"name\":\"Noviembre sit\\u00faa otra vez a Pl\\u00e1cido Domingo en primera l\\u00ednea tras el lleno en Bonn y el Premio Puccini en Italia\"},\"previousItem\":{\"@type\":\"ListItem\",\"@id\":\"https:\\\/\\\/eldigitaldeasturias.com\\\/magazine365#listItem\",\"name\":\"Home\"}},{\"@type\":\"ListItem\",\"@id\":\"https:\\\/\\\/eldigitaldeasturias.com\\\/magazine365\\\/noviembre-situa-otra-vez-a-placido-domingo-en-primera-linea-tras-el-lleno-en-bonn-y-el-premio-puccini-en-italia\\\/#listItem\",\"position\":3,\"name\":\"Noviembre sit\\u00faa otra vez a Pl\\u00e1cido Domingo en primera l\\u00ednea tras el lleno en Bonn y el Premio Puccini en Italia\",\"previousItem\":{\"@type\":\"ListItem\",\"@id\":\"https:\\\/\\\/eldigitaldeasturias.com\\\/magazine365\\\/category\\\/noticias-actualidad\\\/#listItem\",\"name\":\"Noticias y Actualidad\"}}]},{\"@type\":\"Organization\",\"@id\":\"https:\\\/\\\/eldigitaldeasturias.com\\\/magazine365\\\/#organization\",\"name\":\"El digital de Asturias\",\"description\":\"Revista de ocio, turismo y estilo de vida\",\"url\":\"https:\\\/\\\/eldigitaldeasturias.com\\\/magazine365\\\/\",\"logo\":{\"@type\":\"ImageObject\",\"url\":\"https:\\\/\\\/www.eldigitaldeasturias.com\\\/noticias\\\/wp-content\\\/uploads\\\/2020\\\/12\\\/EDA.jpg\",\"@id\":\"https:\\\/\\\/eldigitaldeasturias.com\\\/magazine365\\\/noviembre-situa-otra-vez-a-placido-domingo-en-primera-linea-tras-el-lleno-en-bonn-y-el-premio-puccini-en-italia\\\/#organizationLogo\"},\"image\":{\"@id\":\"https:\\\/\\\/eldigitaldeasturias.com\\\/magazine365\\\/noviembre-situa-otra-vez-a-placido-domingo-en-primera-linea-tras-el-lleno-en-bonn-y-el-premio-puccini-en-italia\\\/#organizationLogo\"}},{\"@type\":\"Person\",\"@id\":\"https:\\\/\\\/eldigitaldeasturias.com\\\/magazine365\\\/author\\\/admin\\\/#author\",\"url\":\"https:\\\/\\\/eldigitaldeasturias.com\\\/magazine365\\\/author\\\/admin\\\/\",\"name\":\"admin\",\"image\":{\"@type\":\"ImageObject\",\"@id\":\"https:\\\/\\\/eldigitaldeasturias.com\\\/magazine365\\\/noviembre-situa-otra-vez-a-placido-domingo-en-primera-linea-tras-el-lleno-en-bonn-y-el-premio-puccini-en-italia\\\/#authorImage\",\"url\":\"https:\\\/\\\/eldigitaldeasturias.com\\\/magazine365\\\/wp-content\\\/litespeed\\\/avatar\\\/e571bcf59a0edd6fa6838245a470f2fe.jpg?ver=1777574230\",\"width\":96,\"height\":96,\"caption\":\"admin\"}},{\"@type\":\"WebPage\",\"@id\":\"https:\\\/\\\/eldigitaldeasturias.com\\\/magazine365\\\/noviembre-situa-otra-vez-a-placido-domingo-en-primera-linea-tras-el-lleno-en-bonn-y-el-premio-puccini-en-italia\\\/#webpage\",\"url\":\"https:\\\/\\\/eldigitaldeasturias.com\\\/magazine365\\\/noviembre-situa-otra-vez-a-placido-domingo-en-primera-linea-tras-el-lleno-en-bonn-y-el-premio-puccini-en-italia\\\/\",\"name\":\"Noviembre sit\\u00faa otra vez a Pl\\u00e1cido Domingo en primera l\\u00ednea tras el lleno en Bonn y el Premio Puccini en Italia | El Digital de Asturias\",\"description\":\"La presencia de Pl\\u00e1cido Domingo en la agenda musical europea recuper\\u00f3 una especial visibilidad durante el mes de noviembre gracias a una sucesi\\u00f3n de actividades\",\"inLanguage\":\"es-ES\",\"isPartOf\":{\"@id\":\"https:\\\/\\\/eldigitaldeasturias.com\\\/magazine365\\\/#website\"},\"breadcrumb\":{\"@id\":\"https:\\\/\\\/eldigitaldeasturias.com\\\/magazine365\\\/noviembre-situa-otra-vez-a-placido-domingo-en-primera-linea-tras-el-lleno-en-bonn-y-el-premio-puccini-en-italia\\\/#breadcrumblist\"},\"author\":{\"@id\":\"https:\\\/\\\/eldigitaldeasturias.com\\\/magazine365\\\/author\\\/admin\\\/#author\"},\"creator\":{\"@id\":\"https:\\\/\\\/eldigitaldeasturias.com\\\/magazine365\\\/author\\\/admin\\\/#author\"},\"image\":{\"@type\":\"ImageObject\",\"url\":\"https:\\\/\\\/eldigitaldeasturias.com\\\/magazine365\\\/wp-content\\\/uploads\\\/2025\\\/12\\\/Noviembre-situa-otra-vez-a-Placido-Domingo-en-primera-linea-tras-el-lleno-en-Bonn-y-el-Premio-Puccini-en-Italia.jpg\",\"@id\":\"https:\\\/\\\/eldigitaldeasturias.com\\\/magazine365\\\/noviembre-situa-otra-vez-a-placido-domingo-en-primera-linea-tras-el-lleno-en-bonn-y-el-premio-puccini-en-italia\\\/#mainImage\",\"width\":1100,\"height\":763,\"caption\":\"Noviembre sit\\u00faa otra vez a Pl\\u00e1cido Domingo en primera l\\u00ednea tras el lleno en Bonn y el Premio Puccini en Italia\"},\"primaryImageOfPage\":{\"@id\":\"https:\\\/\\\/eldigitaldeasturias.com\\\/magazine365\\\/noviembre-situa-otra-vez-a-placido-domingo-en-primera-linea-tras-el-lleno-en-bonn-y-el-premio-puccini-en-italia\\\/#mainImage\"},\"datePublished\":\"2025-12-12T23:06:44+01:00\",\"dateModified\":\"2025-12-12T23:06:44+01:00\"},{\"@type\":\"WebSite\",\"@id\":\"https:\\\/\\\/eldigitaldeasturias.com\\\/magazine365\\\/#website\",\"url\":\"https:\\\/\\\/eldigitaldeasturias.com\\\/magazine365\\\/\",\"name\":\"El Digital de Asturias\",\"description\":\"Revista de ocio, turismo y estilo de vida\",\"inLanguage\":\"es-ES\",\"publisher\":{\"@id\":\"https:\\\/\\\/eldigitaldeasturias.com\\\/magazine365\\\/#organization\"}}]}\n\t\t<\/script>\n\t\t<!-- All in One SEO Pro -->\r\n\t\t<title>Noviembre sit\u00faa otra vez a Pl\u00e1cido Domingo en primera l\u00ednea tras el lleno en Bonn y el Premio Puccini en Italia | El Digital de Asturias<\/title>\n\n","aioseo_head_json":{"title":"Noviembre sit\u00faa otra vez a Pl\u00e1cido Domingo en primera l\u00ednea tras el lleno en Bonn y el Premio Puccini en Italia | El Digital de Asturias","description":"La presencia de Pl\u00e1cido Domingo en la agenda musical europea recuper\u00f3 una especial visibilidad durante el mes de noviembre gracias a una sucesi\u00f3n de actividades","canonical_url":"https:\/\/eldigitaldeasturias.com\/magazine365\/noviembre-situa-otra-vez-a-placido-domingo-en-primera-linea-tras-el-lleno-en-bonn-y-el-premio-puccini-en-italia\/","robots":"max-image-preview:large","keywords":"noticias y actualidad","webmasterTools":{"google-site-verification":"UA-38556648-1","miscellaneous":""},"schema":{"@context":"https:\/\/schema.org","@graph":[{"@type":"Article","@id":"https:\/\/eldigitaldeasturias.com\/magazine365\/noviembre-situa-otra-vez-a-placido-domingo-en-primera-linea-tras-el-lleno-en-bonn-y-el-premio-puccini-en-italia\/#article","name":"Noviembre sit\u00faa otra vez a Pl\u00e1cido Domingo en primera l\u00ednea tras el lleno en Bonn y el Premio Puccini en Italia | El Digital de Asturias","headline":"Noviembre sit\u00faa otra vez a Pl\u00e1cido Domingo en primera l\u00ednea tras el lleno en Bonn y el Premio Puccini en Italia","author":{"@id":"https:\/\/eldigitaldeasturias.com\/magazine365\/author\/admin\/#author"},"publisher":{"@id":"https:\/\/eldigitaldeasturias.com\/magazine365\/#organization"},"image":{"@type":"ImageObject","url":"https:\/\/eldigitaldeasturias.com\/magazine365\/wp-content\/uploads\/2025\/12\/Noviembre-situa-otra-vez-a-Placido-Domingo-en-primera-linea-tras-el-lleno-en-Bonn-y-el-Premio-Puccini-en-Italia.jpg","width":1100,"height":763,"caption":"Noviembre sit\u00faa otra vez a Pl\u00e1cido Domingo en primera l\u00ednea tras el lleno en Bonn y el Premio Puccini en Italia"},"datePublished":"2025-12-12T23:06:44+01:00","dateModified":"2025-12-12T23:06:44+01:00","inLanguage":"es-ES","mainEntityOfPage":{"@id":"https:\/\/eldigitaldeasturias.com\/magazine365\/noviembre-situa-otra-vez-a-placido-domingo-en-primera-linea-tras-el-lleno-en-bonn-y-el-premio-puccini-en-italia\/#webpage"},"isPartOf":{"@id":"https:\/\/eldigitaldeasturias.com\/magazine365\/noviembre-situa-otra-vez-a-placido-domingo-en-primera-linea-tras-el-lleno-en-bonn-y-el-premio-puccini-en-italia\/#webpage"},"articleSection":"Noticias y Actualidad"},{"@type":"BreadcrumbList","@id":"https:\/\/eldigitaldeasturias.com\/magazine365\/noviembre-situa-otra-vez-a-placido-domingo-en-primera-linea-tras-el-lleno-en-bonn-y-el-premio-puccini-en-italia\/#breadcrumblist","itemListElement":[{"@type":"ListItem","@id":"https:\/\/eldigitaldeasturias.com\/magazine365#listItem","position":1,"name":"Home","item":"https:\/\/eldigitaldeasturias.com\/magazine365","nextItem":{"@type":"ListItem","@id":"https:\/\/eldigitaldeasturias.com\/magazine365\/category\/noticias-actualidad\/#listItem","name":"Noticias y Actualidad"}},{"@type":"ListItem","@id":"https:\/\/eldigitaldeasturias.com\/magazine365\/category\/noticias-actualidad\/#listItem","position":2,"name":"Noticias y Actualidad","item":"https:\/\/eldigitaldeasturias.com\/magazine365\/category\/noticias-actualidad\/","nextItem":{"@type":"ListItem","@id":"https:\/\/eldigitaldeasturias.com\/magazine365\/noviembre-situa-otra-vez-a-placido-domingo-en-primera-linea-tras-el-lleno-en-bonn-y-el-premio-puccini-en-italia\/#listItem","name":"Noviembre sit\u00faa otra vez a Pl\u00e1cido Domingo en primera l\u00ednea tras el lleno en Bonn y el Premio Puccini en Italia"},"previousItem":{"@type":"ListItem","@id":"https:\/\/eldigitaldeasturias.com\/magazine365#listItem","name":"Home"}},{"@type":"ListItem","@id":"https:\/\/eldigitaldeasturias.com\/magazine365\/noviembre-situa-otra-vez-a-placido-domingo-en-primera-linea-tras-el-lleno-en-bonn-y-el-premio-puccini-en-italia\/#listItem","position":3,"name":"Noviembre sit\u00faa otra vez a Pl\u00e1cido Domingo en primera l\u00ednea tras el lleno en Bonn y el Premio Puccini en Italia","previousItem":{"@type":"ListItem","@id":"https:\/\/eldigitaldeasturias.com\/magazine365\/category\/noticias-actualidad\/#listItem","name":"Noticias y Actualidad"}}]},{"@type":"Organization","@id":"https:\/\/eldigitaldeasturias.com\/magazine365\/#organization","name":"El digital de Asturias","description":"Revista de ocio, turismo y estilo de vida","url":"https:\/\/eldigitaldeasturias.com\/magazine365\/","logo":{"@type":"ImageObject","url":"https:\/\/www.eldigitaldeasturias.com\/noticias\/wp-content\/uploads\/2020\/12\/EDA.jpg","@id":"https:\/\/eldigitaldeasturias.com\/magazine365\/noviembre-situa-otra-vez-a-placido-domingo-en-primera-linea-tras-el-lleno-en-bonn-y-el-premio-puccini-en-italia\/#organizationLogo"},"image":{"@id":"https:\/\/eldigitaldeasturias.com\/magazine365\/noviembre-situa-otra-vez-a-placido-domingo-en-primera-linea-tras-el-lleno-en-bonn-y-el-premio-puccini-en-italia\/#organizationLogo"}},{"@type":"Person","@id":"https:\/\/eldigitaldeasturias.com\/magazine365\/author\/admin\/#author","url":"https:\/\/eldigitaldeasturias.com\/magazine365\/author\/admin\/","name":"admin","image":{"@type":"ImageObject","@id":"https:\/\/eldigitaldeasturias.com\/magazine365\/noviembre-situa-otra-vez-a-placido-domingo-en-primera-linea-tras-el-lleno-en-bonn-y-el-premio-puccini-en-italia\/#authorImage","url":"https:\/\/eldigitaldeasturias.com\/magazine365\/wp-content\/litespeed\/avatar\/e571bcf59a0edd6fa6838245a470f2fe.jpg?ver=1777574230","width":96,"height":96,"caption":"admin"}},{"@type":"WebPage","@id":"https:\/\/eldigitaldeasturias.com\/magazine365\/noviembre-situa-otra-vez-a-placido-domingo-en-primera-linea-tras-el-lleno-en-bonn-y-el-premio-puccini-en-italia\/#webpage","url":"https:\/\/eldigitaldeasturias.com\/magazine365\/noviembre-situa-otra-vez-a-placido-domingo-en-primera-linea-tras-el-lleno-en-bonn-y-el-premio-puccini-en-italia\/","name":"Noviembre sit\u00faa otra vez a Pl\u00e1cido Domingo en primera l\u00ednea tras el lleno en Bonn y el Premio Puccini en Italia | El Digital de Asturias","description":"La presencia de Pl\u00e1cido Domingo en la agenda musical europea recuper\u00f3 una especial visibilidad durante el mes de noviembre gracias a una sucesi\u00f3n de actividades","inLanguage":"es-ES","isPartOf":{"@id":"https:\/\/eldigitaldeasturias.com\/magazine365\/#website"},"breadcrumb":{"@id":"https:\/\/eldigitaldeasturias.com\/magazine365\/noviembre-situa-otra-vez-a-placido-domingo-en-primera-linea-tras-el-lleno-en-bonn-y-el-premio-puccini-en-italia\/#breadcrumblist"},"author":{"@id":"https:\/\/eldigitaldeasturias.com\/magazine365\/author\/admin\/#author"},"creator":{"@id":"https:\/\/eldigitaldeasturias.com\/magazine365\/author\/admin\/#author"},"image":{"@type":"ImageObject","url":"https:\/\/eldigitaldeasturias.com\/magazine365\/wp-content\/uploads\/2025\/12\/Noviembre-situa-otra-vez-a-Placido-Domingo-en-primera-linea-tras-el-lleno-en-Bonn-y-el-Premio-Puccini-en-Italia.jpg","@id":"https:\/\/eldigitaldeasturias.com\/magazine365\/noviembre-situa-otra-vez-a-placido-domingo-en-primera-linea-tras-el-lleno-en-bonn-y-el-premio-puccini-en-italia\/#mainImage","width":1100,"height":763,"caption":"Noviembre sit\u00faa otra vez a Pl\u00e1cido Domingo en primera l\u00ednea tras el lleno en Bonn y el Premio Puccini en Italia"},"primaryImageOfPage":{"@id":"https:\/\/eldigitaldeasturias.com\/magazine365\/noviembre-situa-otra-vez-a-placido-domingo-en-primera-linea-tras-el-lleno-en-bonn-y-el-premio-puccini-en-italia\/#mainImage"},"datePublished":"2025-12-12T23:06:44+01:00","dateModified":"2025-12-12T23:06:44+01:00"},{"@type":"WebSite","@id":"https:\/\/eldigitaldeasturias.com\/magazine365\/#website","url":"https:\/\/eldigitaldeasturias.com\/magazine365\/","name":"El Digital de Asturias","description":"Revista de ocio, turismo y estilo de vida","inLanguage":"es-ES","publisher":{"@id":"https:\/\/eldigitaldeasturias.com\/magazine365\/#organization"}}]},"og:locale":"es_ES","og:site_name":"El Digital de Asturias \u2013 Revista de ocio, turismo y estilo de vida","og:type":"article","og:title":"Noviembre sit\u00faa otra vez a Pl\u00e1cido Domingo en primera l\u00ednea tras el lleno en Bonn y el Premio Puccini en Italia | El Digital de Asturias","og:description":"La presencia de Pl\u00e1cido Domingo en la agenda musical europea recuper\u00f3 una especial visibilidad durante el mes de noviembre gracias a una sucesi\u00f3n de actividades","og:url":"https:\/\/eldigitaldeasturias.com\/magazine365\/noviembre-situa-otra-vez-a-placido-domingo-en-primera-linea-tras-el-lleno-en-bonn-y-el-premio-puccini-en-italia\/","og:image":"https:\/\/eldigitaldeasturias.com\/magazine365\/wp-content\/uploads\/2025\/12\/Noviembre-situa-otra-vez-a-Placido-Domingo-en-primera-linea-tras-el-lleno-en-Bonn-y-el-Premio-Puccini-en-Italia.jpg","og:image:secure_url":"https:\/\/eldigitaldeasturias.com\/magazine365\/wp-content\/uploads\/2025\/12\/Noviembre-situa-otra-vez-a-Placido-Domingo-en-primera-linea-tras-el-lleno-en-Bonn-y-el-Premio-Puccini-en-Italia.jpg","og:image:width":1100,"og:image:height":763,"article:published_time":"2025-12-12T22:06:44+00:00","article:modified_time":"2025-12-12T22:06:44+00:00","twitter:card":"summary_large_image","twitter:title":"Noviembre sit\u00faa otra vez a Pl\u00e1cido Domingo en primera l\u00ednea tras el lleno en Bonn y el Premio Puccini en Italia | El Digital de Asturias","twitter:description":"La presencia de Pl\u00e1cido Domingo en la agenda musical europea recuper\u00f3 una especial visibilidad durante el mes de noviembre gracias a una sucesi\u00f3n de actividades","twitter:image":"https:\/\/eldigitaldeasturias.com\/magazine365\/wp-content\/uploads\/2025\/12\/Noviembre-situa-otra-vez-a-Placido-Domingo-en-primera-linea-tras-el-lleno-en-Bonn-y-el-Premio-Puccini-en-Italia.jpg"},"aioseo_meta_data":{"post_id":"112136","title":null,"description":"La presencia de Pl\u00e1cido Domingo en la agenda musical europea recuper\u00f3 una especial visibilidad durante el mes de noviembre gracias a una sucesi\u00f3n de actividades","keywords":null,"keyphrases":{"focus":{"keyphrase":"Pl\u00e1cido Domingo","score":91,"analysis":{"keyphraseInTitle":{"score":9,"maxScore":9,"error":0},"keyphraseInDescription":{"score":9,"maxScore":9,"error":0},"keyphraseLength":{"score":9,"maxScore":9,"error":0,"length":3},"keyphraseInURL":{"score":5,"maxScore":5,"error":0},"keyphraseInIntroduction":{"score":9,"maxScore":9,"error":0},"keyphraseInSubHeadings":{"score":3,"maxScore":9,"error":1},"keyphraseInImageAlt":{"score":9,"maxScore":9,"error":0},"keywordDensity":{"type":"best","score":9,"maxScore":9,"error":0}}},"additional":[{"keyphrase":"Pl\u00e1cido Domingo","score":100,"analysis":{"keyphraseInDescription":{"score":9,"maxScore":9,"error":0},"keyphraseLength":{"score":9,"maxScore":9,"error":0,"length":3},"keyphraseInIntroduction":{"score":9,"maxScore":9,"error":0},"keyphraseInImageAlt":{"score":9,"maxScore":9,"error":0},"keywordDensity":{"type":"best","score":9,"maxScore":9,"error":0}}}]},"primary_term":null,"canonical_url":null,"og_title":null,"og_description":null,"og_object_type":"default","og_image_type":"default","og_image_url":null,"og_image_width":null,"og_image_height":null,"og_image_custom_url":null,"og_image_custom_fields":null,"og_video":"","og_custom_url":null,"og_article_section":null,"og_article_tags":null,"twitter_use_og":false,"twitter_card":"default","twitter_image_type":"default","twitter_image_url":null,"twitter_image_custom_url":null,"twitter_image_custom_fields":null,"twitter_title":null,"twitter_description":null,"schema":{"blockGraphs":[],"customGraphs":[],"default":{"data":{"Article":[],"Course":[],"Dataset":[],"FAQPage":[],"Movie":[],"Person":[],"Product":[],"ProductReview":[],"Car":[],"Recipe":[],"Service":[],"SoftwareApplication":[],"WebPage":[]},"graphName":"Article","isEnabled":true},"graphs":[]},"schema_type":"default","schema_type_options":null,"pillar_content":false,"robots_default":true,"robots_noindex":false,"robots_noarchive":false,"robots_nosnippet":false,"robots_nofollow":false,"robots_noimageindex":false,"robots_noodp":false,"robots_notranslate":false,"robots_max_snippet":"-1","robots_max_videopreview":"-1","robots_max_imagepreview":"large","priority":null,"frequency":"default","location":null,"local_seo":null,"seo_analyzer_scan_date":"2025-12-12 22:18:08","breadcrumb_settings":null,"limit_modified_date":false,"open_ai":null,"ai":{"faqs":[],"keyPoints":[],"titles":[],"descriptions":[],"socialPosts":{"email":[],"linkedin":[],"twitter":[],"facebook":[],"instagram":[]}},"created":"2025-12-12 22:02:38","updated":"2025-12-12 22:19:23"},"aioseo_breadcrumb":"<div class=\"aioseo-breadcrumbs\"><span class=\"aioseo-breadcrumb\">\n\t<a href=\"https:\/\/eldigitaldeasturias.com\/magazine365\" title=\"Home\">Home<\/a>\n<\/span><span class=\"aioseo-breadcrumb-separator\">\u2013<\/span><span class=\"aioseo-breadcrumb\">\n\t<a href=\"https:\/\/eldigitaldeasturias.com\/magazine365\/category\/noticias-actualidad\/\" title=\"Noticias y Actualidad\">Noticias y Actualidad<\/a>\n<\/span><span class=\"aioseo-breadcrumb-separator\">\u2013<\/span><span class=\"aioseo-breadcrumb\">\n\t<a href=\"https:\/\/eldigitaldeasturias.com\/magazine365\/noviembre-situa-otra-vez-a-placido-domingo-en-primera-linea-tras-el-lleno-en-bonn-y-el-premio-puccini-en-italia\/\" title=\"Noviembre sit\u00faa otra vez a Pl\u00e1cido Domingo en primera l\u00ednea tras el lleno en Bonn y el Premio Puccini en Italia\">Noviembre sit\u00faa otra vez a Pl\u00e1cido Domingo en primera l\u00ednea tras el lleno en Bonn y el Premio Puccini en Italia<\/a>\n<\/span><\/div>","aioseo_breadcrumb_json":[{"label":"Home","link":"https:\/\/eldigitaldeasturias.com\/magazine365"},{"label":"Noticias y Actualidad","link":"https:\/\/eldigitaldeasturias.com\/magazine365\/category\/noticias-actualidad\/"},{"label":"Noviembre sit\u00faa otra vez a Pl\u00e1cido Domingo en primera l\u00ednea tras el lleno en Bonn y el Premio Puccini en Italia","link":"https:\/\/eldigitaldeasturias.com\/magazine365\/noviembre-situa-otra-vez-a-placido-domingo-en-primera-linea-tras-el-lleno-en-bonn-y-el-premio-puccini-en-italia\/"}],"_links":{"self":[{"href":"https:\/\/eldigitaldeasturias.com\/magazine365\/wp-json\/wp\/v2\/posts\/112136","targetHints":{"allow":["GET"]}}],"collection":[{"href":"https:\/\/eldigitaldeasturias.com\/magazine365\/wp-json\/wp\/v2\/posts"}],"about":[{"href":"https:\/\/eldigitaldeasturias.com\/magazine365\/wp-json\/wp\/v2\/types\/post"}],"author":[{"embeddable":true,"href":"https:\/\/eldigitaldeasturias.com\/magazine365\/wp-json\/wp\/v2\/users\/1"}],"replies":[{"embeddable":true,"href":"https:\/\/eldigitaldeasturias.com\/magazine365\/wp-json\/wp\/v2\/comments?post=112136"}],"version-history":[{"count":0,"href":"https:\/\/eldigitaldeasturias.com\/magazine365\/wp-json\/wp\/v2\/posts\/112136\/revisions"}],"wp:featuredmedia":[{"embeddable":true,"href":"https:\/\/eldigitaldeasturias.com\/magazine365\/wp-json\/wp\/v2\/media\/112137"}],"wp:attachment":[{"href":"https:\/\/eldigitaldeasturias.com\/magazine365\/wp-json\/wp\/v2\/media?parent=112136"}],"wp:term":[{"taxonomy":"category","embeddable":true,"href":"https:\/\/eldigitaldeasturias.com\/magazine365\/wp-json\/wp\/v2\/categories?post=112136"},{"taxonomy":"post_tag","embeddable":true,"href":"https:\/\/eldigitaldeasturias.com\/magazine365\/wp-json\/wp\/v2\/tags?post=112136"}],"curies":[{"name":"wp","href":"https:\/\/api.w.org\/{rel}","templated":true}]}}