{"id":112126,"date":"2025-11-29T04:21:34","date_gmt":"2025-11-29T03:21:34","guid":{"rendered":"https:\/\/eldigitaldeasturias.com\/magazine365\/?p=112126"},"modified":"2025-11-29T04:21:34","modified_gmt":"2025-11-29T03:21:34","slug":"pascual-parquet-impulsa-una-campana-para-que-la-rae-reconozca-oficialmente-el-termino-parquetista","status":"publish","type":"post","link":"https:\/\/eldigitaldeasturias.com\/magazine365\/pascual-parquet-impulsa-una-campana-para-que-la-rae-reconozca-oficialmente-el-termino-parquetista\/","title":{"rendered":"Pascual Parquet impulsa una campa\u00f1a para que la RAE reconozca oficialmente el t\u00e9rmino \u201cparquetista\u201d"},"content":{"rendered":"<p><span style=\"font-weight: 400;\">Que un oficio con d\u00e9cadas de historia y uso extendido en todo el pa\u00eds no figure en el diccionario puede parecer una anomal\u00eda, pero es exactamente lo que ocurre con la palabra <\/span><b><i>parquetista<\/i><\/b><span style=\"font-weight: 400;\">. \u00a0Y esto es lo que ha llevado a<\/span><b> Pascual Parquet<\/b><span style=\"font-weight: 400;\">, hist\u00f3rica empresa madrile\u00f1a especializada en suelos de madera, a <\/span><b>lanzar una ambiciosa campa\u00f1a para lograr que se incluya el t\u00e9rmino<\/b> <strong><span style=\"color: #ff6600;\"><a style=\"color: #ff6600;\" href=\"https:\/\/pascualparquet.es\/parquetista-en-el-diccionario-de-la-rae\/\" target=\"_blank\" rel=\"noopener\">Parquetista en el diccionario de la RAE<\/a><\/span><\/strong><span style=\"font-weight: 400;\">. \u00a0Una palabra de uso com\u00fan que, sorprendentemente,<\/span><b> no figura todav\u00eda en el Diccionario de la lengua espa\u00f1ola<\/b><span style=\"font-weight: 400;\">, pese a la relevancia y presencia del oficio que representa.<\/span><\/p>\n<p><img fetchpriority=\"high\" decoding=\"async\" class=\"aligncenter size-large wp-image-112127\" src=\"https:\/\/eldigitaldeasturias.com\/magazine365\/wp-content\/uploads\/2025\/11\/Pascual-Parquet-impulsa-una-campana-para-que-la-RAE-reconozca-oficialmente-el-termino-parquetista-650x367.jpg\" alt=\"Pascual Parquet impulsa una campa\u00f1a para que la RAE reconozca oficialmente el t\u00e9rmino \u201cparquetista\u201d\" width=\"650\" height=\"367\" srcset=\"https:\/\/eldigitaldeasturias.com\/magazine365\/wp-content\/uploads\/2025\/11\/Pascual-Parquet-impulsa-una-campana-para-que-la-RAE-reconozca-oficialmente-el-termino-parquetista-650x367.jpg 650w, https:\/\/eldigitaldeasturias.com\/magazine365\/wp-content\/uploads\/2025\/11\/Pascual-Parquet-impulsa-una-campana-para-que-la-RAE-reconozca-oficialmente-el-termino-parquetista-360x203.jpg 360w, https:\/\/eldigitaldeasturias.com\/magazine365\/wp-content\/uploads\/2025\/11\/Pascual-Parquet-impulsa-una-campana-para-que-la-RAE-reconozca-oficialmente-el-termino-parquetista-768x433.jpg 768w, https:\/\/eldigitaldeasturias.com\/magazine365\/wp-content\/uploads\/2025\/11\/Pascual-Parquet-impulsa-una-campana-para-que-la-RAE-reconozca-oficialmente-el-termino-parquetista-150x85.jpg 150w, https:\/\/eldigitaldeasturias.com\/magazine365\/wp-content\/uploads\/2025\/11\/Pascual-Parquet-impulsa-una-campana-para-que-la-RAE-reconozca-oficialmente-el-termino-parquetista-450x254.jpg 450w, https:\/\/eldigitaldeasturias.com\/magazine365\/wp-content\/uploads\/2025\/11\/Pascual-Parquet-impulsa-una-campana-para-que-la-RAE-reconozca-oficialmente-el-termino-parquetista.jpg 947w\" sizes=\"(max-width: 650px) 100vw, 650px\" \/><\/p>\n<p><span style=\"color: #ff6600;\"><strong><a style=\"color: #ff6600;\" title=\"#Yosoyparquetista es la campa\u00f1a lanzada por Pascual Parquet\" href=\"https:\/\/pascualparquet.es\/\" target=\"_blank\" rel=\"noopener\">#Yosoyparquetista es la campa\u00f1a lanzada por Pascual Parquet<\/a><\/strong><\/span><span style=\"font-weight: 400;\"> con el objetivo de<\/span><b> dar visibilidad a un oficio<\/b><span style=\"font-weight: 400;\"> que combina t\u00e9cnica, precisi\u00f3n y arte en la instalaci\u00f3n, reparaci\u00f3n y mantenimiento de suelos de parquet. \u00a0La iniciativa parte de una evidencia concreta: aunque t\u00e9rminos como <\/span><b><i>fontanero<\/i><\/b><b>, <\/b><b><i>alba\u00f1il<\/i><\/b><b> o <\/b><b><i>solador<\/i><\/b><span style=\"font-weight: 400;\"> est\u00e1n recogidos en el Diccionario de la lengua espa\u00f1ola, <\/span><b>el de <\/b><b><i>parquetista<\/i><\/b><b>, pese a su uso habitual para designar a los profesionales que trabajan con suelos de madera, a\u00fan no lo est\u00e1.<\/b><span style=\"font-weight: 400;\"> El \u00fanico t\u00e9rmino relacionado que figura es <\/span><b><i>acuchillador<\/i><\/b><span style=\"font-weight: 400;\">, que define a quien alisa o lija suelos, pero deja fuera muchas otras funciones esenciales de este oficio.<\/span><\/p>\n<h2><b>Un oficio con historia, t\u00e9cnica y futuro<\/b><\/h2>\n<p><span style=\"font-weight: 400;\">Para sustentar su solicitud, <\/span><b>Pascual Parquet ha enviado una carta a la Real Academia Espa\u00f1ola <\/b><span style=\"font-weight: 400;\">en la que detalla el recorrido hist\u00f3rico del parqu\u00e9, desde sus usos en la Antigua Grecia hasta su consolidaci\u00f3n como s\u00edmbolo de elegancia en los palacios renacentistas. El texto tambi\u00e9n aclara que<\/span><b> la palabra <\/b><b><i>parquet<\/i><\/b><b> proviene del franc\u00e9s \u201cpetit parc\u201d o \u201cpeque\u00f1o terreno\u201d, y argumenta por qu\u00e9 su evoluci\u00f3n hacia el t\u00e9rmino <\/b><b><i>parquetista<\/i><\/b><b> tiene pleno sentido ling\u00fc\u00edstico y profesional.\u00a0<\/b><\/p>\n<p><span style=\"font-weight: 400;\">En esa misma carta dirigida a la Academia, Pascual Parquet argumenta por qu\u00e9 la inclusi\u00f3n del t\u00e9rmino es una necesidad ling\u00fc\u00edstica y profesional. <\/span><b>Entre las razones expuestas en el documento se incluyen el reconocimiento del oficio, la claridad terminol\u00f3gica, la evoluci\u00f3n del idioma<\/b><span style=\"font-weight: 400;\"> y la importancia de fomentar una mayor apreciaci\u00f3n por este tipo de t\u00e9cnicas tradicionales. Adem\u00e1s, el texto subraya que, si el diccionario recoge <\/span><b><i>acuchillador<\/i><\/b><span style=\"font-weight: 400;\"> (que alude solo a una t\u00e9cnica concreta dentro del proceso),<\/span><b> resulta incoherente dejar fuera un t\u00e9rmino que engloba todo el conjunto de labores<\/b><span style=\"font-weight: 400;\">, conocimientos y especializaci\u00f3n que definen a un aut\u00e9ntico parquetista.<\/span><\/p>\n<h2><b>Visibilidad, concienciaci\u00f3n y participaci\u00f3n<\/b><\/h2>\n<p><span style=\"font-weight: 400;\">El CEO de la empresa, <\/span><b>Ra\u00fal Pascual<\/b><span style=\"font-weight: 400;\">, ha explicado con claridad por qu\u00e9 esta campa\u00f1a no es solo simb\u00f3lica, sino socialmente necesaria:<\/span><\/p>\n<p><b><i>\u201cAl incorporar &#8216;parquetista&#8217; en el diccionario de la RAE, se busca no solo el reconocimiento de este oficio, sino tambi\u00e9n la dignificaci\u00f3n de quienes d\u00eda a d\u00eda contribuyen a la restauraci\u00f3n de suelos de madera en nuestros hogares, oficinas y cualquier tipo de espacio. Es imprescindible que un desaf\u00edo tan relevante como este, sea debatido en el coraz\u00f3n de la sociedad y que se convoque a trabajadores, colegas y todos los interesados a respaldar esta iniciativa\u201d<\/i><\/b><b>.<\/b><\/p>\n<p><span style=\"font-weight: 400;\">Por ello, solicitan que la <\/span><strong><span style=\"color: #ff6600;\"><a style=\"color: #ff6600;\" title=\"Real Academia Espa\u00f1ola de la Lengua incorpore al Diccionario de la lengua espa\u00f1ola la palabra parquetista\" href=\"https:\/\/pascualparquet.es\/2025\/05\/04\/entrevista-a-raul-pascual-ceo-de-pascual-parquet\/\" target=\"_blank\" rel=\"noopener\">Real Academia Espa\u00f1ola de la Lengua incorpore al Diccionario de la lengua espa\u00f1ola la palabra parquetista<\/a><\/span><\/strong><span style=\"font-weight: 400;\">, como paso necesario para alinear el lenguaje con la realidad profesional y cultural del pa\u00eds.<\/span><\/p>\n<h2><b>Una campa\u00f1a con vocaci\u00f3n colectiva<\/b><\/h2>\n<p><span style=\"font-weight: 400;\">Adem\u00e1s del env\u00edo de la carta, <\/span><b>Pascual Parquet ha desarrollado un v\u00eddeo en el que recoge las reacciones de personas al descubrir que el t\u00e9rmino <\/b><b><i>parquetista<\/i><\/b><b> no figura en el diccionario<\/b><span style=\"font-weight: 400;\">. La incredulidad generalizada sirve como reflejo del desajuste entre el uso cotidiano del lenguaje y su codificaci\u00f3n oficial.\u00a0<\/span><\/p>\n<p><iframe title=\"YouTube video player\" src=\"https:\/\/www.youtube.com\/embed\/FKV9WMaVYMw?si=mDmoAehqMYYXKpHp\" width=\"560\" height=\"315\" frameborder=\"0\" allowfullscreen=\"allowfullscreen\"><\/iframe><\/p>\n<p><span style=\"font-weight: 400;\">La campa\u00f1a invita a empresas del sector, asociaciones profesionales y ciudadan\u00eda<\/span><b> a sumarse a esta causa que pone en valor un oficio esencial en la construcci\u00f3n y rehabilitaci\u00f3n de espacios. <\/b><span style=\"font-weight: 400;\">Y lo hace desde la experiencia: Pascual Parquet lleva m\u00e1s de 60 a\u00f1os trabajando en la instalaci\u00f3n y restauraci\u00f3n de suelos de madera, combinando saber tradicional con adaptaci\u00f3n al entorno digital.<\/span><\/p>\n<p><span style=\"font-weight: 400;\">Hoy, sigue siendo reconocida como <\/span><span style=\"color: #ff6600;\"><a style=\"color: #ff6600;\" href=\"https:\/\/pascualparquet.es\/acuchillar-parquet-en-madrid\/\" target=\"_blank\" rel=\"noopener\"><strong>La mejor opci\u00f3n para acuchillar tu parquet en Madrid<\/strong><\/a><\/span><span style=\"font-weight: 400;\">, y al mismo tiempo como una de las pocas empresas del sector que impulsa <\/span><b>una reflexi\u00f3n sobre el papel del lenguaje en la dignificaci\u00f3n de los oficios<\/b><span style=\"font-weight: 400;\">. Con <\/span><b>#yosoyparquetista<\/b><span style=\"font-weight: 400;\">, Pascual Parquet no solo quiere que una palabra llegue al diccionario. Quiere que con ella llegue el reconocimiento de toda la sociedad como lo que es: un oficio digno, necesario y con nombre propio.<\/span><\/p>\n","protected":false},"excerpt":{"rendered":"<p>Que un oficio con d\u00e9cadas de historia y uso extendido en todo el pa\u00eds no figure en el diccionario puede parecer una anomal\u00eda, pero es exactamente lo que ocurre con la palabra parquetista. \u00a0Y esto es lo que ha llevado a Pascual Parquet, hist\u00f3rica empresa madrile\u00f1a especializada en suelos de madera, a lanzar una ambiciosa<\/p>\n","protected":false},"author":1,"featured_media":112127,"comment_status":"closed","ping_status":"closed","sticky":false,"template":"","format":"video","meta":{"footnotes":""},"categories":[234],"tags":[],"class_list":{"0":"post-112126","1":"post","2":"type-post","3":"status-publish","4":"format-video","5":"has-post-thumbnail","7":"category-videonoticias","8":"post_format-post-format-video"},"aioseo_notices":[],"aioseo_head":"\n\t\t<!-- All in One SEO Pro 4.9.6.1 - aioseo.com -->\n\t<meta name=\"description\" content=\"Que un oficio con d\u00e9cadas de historia y uso extendido en todo el pa\u00eds no figure en el diccionario puede parecer una anomal\u00eda, pero es exactamente lo que ocurre\" \/>\n\t<meta name=\"robots\" content=\"max-image-preview:large\" \/>\n\t<meta name=\"author\" content=\"admin\"\/>\n\t<meta name=\"google-site-verification\" content=\"UA-38556648-1\" \/>\n\t<meta name=\"keywords\" content=\"videonoticias\" \/>\n\t<link rel=\"canonical\" href=\"https:\/\/eldigitaldeasturias.com\/magazine365\/pascual-parquet-impulsa-una-campana-para-que-la-rae-reconozca-oficialmente-el-termino-parquetista\/\" \/>\n\t<meta name=\"generator\" content=\"All in One SEO Pro (AIOSEO) 4.9.6.1\" \/>\n\t\t<meta property=\"og:locale\" content=\"es_ES\" \/>\n\t\t<meta property=\"og:site_name\" content=\"El Digital de Asturias \u2013 Revista de ocio, turismo y estilo de vida\" \/>\n\t\t<meta property=\"og:type\" content=\"article\" \/>\n\t\t<meta property=\"og:title\" content=\"Pascual Parquet impulsa una campa\u00f1a para que la RAE reconozca oficialmente el t\u00e9rmino \u201cparquetista\u201d | El Digital de Asturias\" \/>\n\t\t<meta property=\"og:description\" content=\"Que un oficio con d\u00e9cadas de historia y uso extendido en todo el pa\u00eds no figure en el diccionario puede parecer una anomal\u00eda, pero es exactamente lo que ocurre\" \/>\n\t\t<meta property=\"og:url\" content=\"https:\/\/eldigitaldeasturias.com\/magazine365\/pascual-parquet-impulsa-una-campana-para-que-la-rae-reconozca-oficialmente-el-termino-parquetista\/\" \/>\n\t\t<meta property=\"og:image\" content=\"https:\/\/eldigitaldeasturias.com\/magazine365\/wp-content\/uploads\/2025\/11\/Pascual-Parquet-impulsa-una-campana-para-que-la-RAE-reconozca-oficialmente-el-termino-parquetista.jpg\" \/>\n\t\t<meta property=\"og:image:secure_url\" content=\"https:\/\/eldigitaldeasturias.com\/magazine365\/wp-content\/uploads\/2025\/11\/Pascual-Parquet-impulsa-una-campana-para-que-la-RAE-reconozca-oficialmente-el-termino-parquetista.jpg\" \/>\n\t\t<meta property=\"og:image:width\" content=\"947\" \/>\n\t\t<meta property=\"og:image:height\" content=\"534\" \/>\n\t\t<meta property=\"article:published_time\" content=\"2025-11-29T03:21:34+00:00\" \/>\n\t\t<meta property=\"article:modified_time\" content=\"2025-11-29T03:21:34+00:00\" \/>\n\t\t<meta name=\"twitter:card\" content=\"summary_large_image\" \/>\n\t\t<meta name=\"twitter:title\" content=\"Pascual Parquet impulsa una campa\u00f1a para que la RAE reconozca oficialmente el t\u00e9rmino \u201cparquetista\u201d | El Digital de Asturias\" \/>\n\t\t<meta name=\"twitter:description\" content=\"Que un oficio con d\u00e9cadas de historia y uso extendido en todo el pa\u00eds no figure en el diccionario puede parecer una anomal\u00eda, pero es exactamente lo que ocurre\" \/>\n\t\t<meta name=\"twitter:image\" content=\"https:\/\/eldigitaldeasturias.com\/magazine365\/wp-content\/uploads\/2025\/11\/Pascual-Parquet-impulsa-una-campana-para-que-la-RAE-reconozca-oficialmente-el-termino-parquetista.jpg\" \/>\n\t\t<script type=\"application\/ld+json\" class=\"aioseo-schema\">\n\t\t\t{\"@context\":\"https:\\\/\\\/schema.org\",\"@graph\":[{\"@type\":\"Article\",\"@id\":\"https:\\\/\\\/eldigitaldeasturias.com\\\/magazine365\\\/pascual-parquet-impulsa-una-campana-para-que-la-rae-reconozca-oficialmente-el-termino-parquetista\\\/#article\",\"name\":\"Pascual Parquet impulsa una campa\\u00f1a para que la RAE reconozca oficialmente el t\\u00e9rmino \\u201cparquetista\\u201d | El Digital de Asturias\",\"headline\":\"Pascual Parquet impulsa una campa\\u00f1a para que la RAE reconozca oficialmente el t\\u00e9rmino \\u201cparquetista\\u201d\",\"author\":{\"@id\":\"https:\\\/\\\/eldigitaldeasturias.com\\\/magazine365\\\/author\\\/admin\\\/#author\"},\"publisher\":{\"@id\":\"https:\\\/\\\/eldigitaldeasturias.com\\\/magazine365\\\/#organization\"},\"image\":{\"@type\":\"ImageObject\",\"url\":\"https:\\\/\\\/eldigitaldeasturias.com\\\/magazine365\\\/wp-content\\\/uploads\\\/2025\\\/11\\\/Pascual-Parquet-impulsa-una-campana-para-que-la-RAE-reconozca-oficialmente-el-termino-parquetista.jpg\",\"width\":947,\"height\":534,\"caption\":\"Pascual Parquet impulsa una campa\\u00f1a para que la RAE reconozca oficialmente el t\\u00e9rmino \\u201cparquetista\\u201d\"},\"datePublished\":\"2025-11-29T04:21:34+01:00\",\"dateModified\":\"2025-11-29T04:21:34+01:00\",\"inLanguage\":\"es-ES\",\"mainEntityOfPage\":{\"@id\":\"https:\\\/\\\/eldigitaldeasturias.com\\\/magazine365\\\/pascual-parquet-impulsa-una-campana-para-que-la-rae-reconozca-oficialmente-el-termino-parquetista\\\/#webpage\"},\"isPartOf\":{\"@id\":\"https:\\\/\\\/eldigitaldeasturias.com\\\/magazine365\\\/pascual-parquet-impulsa-una-campana-para-que-la-rae-reconozca-oficialmente-el-termino-parquetista\\\/#webpage\"},\"articleSection\":\"Videonoticias, V\\u00eddeo\"},{\"@type\":\"BreadcrumbList\",\"@id\":\"https:\\\/\\\/eldigitaldeasturias.com\\\/magazine365\\\/pascual-parquet-impulsa-una-campana-para-que-la-rae-reconozca-oficialmente-el-termino-parquetista\\\/#breadcrumblist\",\"itemListElement\":[{\"@type\":\"ListItem\",\"@id\":\"https:\\\/\\\/eldigitaldeasturias.com\\\/magazine365#listItem\",\"position\":1,\"name\":\"Home\",\"item\":\"https:\\\/\\\/eldigitaldeasturias.com\\\/magazine365\",\"nextItem\":{\"@type\":\"ListItem\",\"@id\":\"https:\\\/\\\/eldigitaldeasturias.com\\\/magazine365\\\/category\\\/videonoticias\\\/#listItem\",\"name\":\"Videonoticias\"}},{\"@type\":\"ListItem\",\"@id\":\"https:\\\/\\\/eldigitaldeasturias.com\\\/magazine365\\\/category\\\/videonoticias\\\/#listItem\",\"position\":2,\"name\":\"Videonoticias\",\"item\":\"https:\\\/\\\/eldigitaldeasturias.com\\\/magazine365\\\/category\\\/videonoticias\\\/\",\"nextItem\":{\"@type\":\"ListItem\",\"@id\":\"https:\\\/\\\/eldigitaldeasturias.com\\\/magazine365\\\/pascual-parquet-impulsa-una-campana-para-que-la-rae-reconozca-oficialmente-el-termino-parquetista\\\/#listItem\",\"name\":\"Pascual Parquet impulsa una campa\\u00f1a para que la RAE reconozca oficialmente el t\\u00e9rmino \\u201cparquetista\\u201d\"},\"previousItem\":{\"@type\":\"ListItem\",\"@id\":\"https:\\\/\\\/eldigitaldeasturias.com\\\/magazine365#listItem\",\"name\":\"Home\"}},{\"@type\":\"ListItem\",\"@id\":\"https:\\\/\\\/eldigitaldeasturias.com\\\/magazine365\\\/pascual-parquet-impulsa-una-campana-para-que-la-rae-reconozca-oficialmente-el-termino-parquetista\\\/#listItem\",\"position\":3,\"name\":\"Pascual Parquet impulsa una campa\\u00f1a para que la RAE reconozca oficialmente el t\\u00e9rmino \\u201cparquetista\\u201d\",\"previousItem\":{\"@type\":\"ListItem\",\"@id\":\"https:\\\/\\\/eldigitaldeasturias.com\\\/magazine365\\\/category\\\/videonoticias\\\/#listItem\",\"name\":\"Videonoticias\"}}]},{\"@type\":\"Organization\",\"@id\":\"https:\\\/\\\/eldigitaldeasturias.com\\\/magazine365\\\/#organization\",\"name\":\"El digital de Asturias\",\"description\":\"Revista de ocio, turismo y estilo de vida\",\"url\":\"https:\\\/\\\/eldigitaldeasturias.com\\\/magazine365\\\/\",\"logo\":{\"@type\":\"ImageObject\",\"url\":\"https:\\\/\\\/www.eldigitaldeasturias.com\\\/noticias\\\/wp-content\\\/uploads\\\/2020\\\/12\\\/EDA.jpg\",\"@id\":\"https:\\\/\\\/eldigitaldeasturias.com\\\/magazine365\\\/pascual-parquet-impulsa-una-campana-para-que-la-rae-reconozca-oficialmente-el-termino-parquetista\\\/#organizationLogo\"},\"image\":{\"@id\":\"https:\\\/\\\/eldigitaldeasturias.com\\\/magazine365\\\/pascual-parquet-impulsa-una-campana-para-que-la-rae-reconozca-oficialmente-el-termino-parquetista\\\/#organizationLogo\"}},{\"@type\":\"Person\",\"@id\":\"https:\\\/\\\/eldigitaldeasturias.com\\\/magazine365\\\/author\\\/admin\\\/#author\",\"url\":\"https:\\\/\\\/eldigitaldeasturias.com\\\/magazine365\\\/author\\\/admin\\\/\",\"name\":\"admin\",\"image\":{\"@type\":\"ImageObject\",\"@id\":\"https:\\\/\\\/eldigitaldeasturias.com\\\/magazine365\\\/pascual-parquet-impulsa-una-campana-para-que-la-rae-reconozca-oficialmente-el-termino-parquetista\\\/#authorImage\",\"url\":\"https:\\\/\\\/eldigitaldeasturias.com\\\/magazine365\\\/wp-content\\\/litespeed\\\/avatar\\\/e571bcf59a0edd6fa6838245a470f2fe.jpg?ver=1777574230\",\"width\":96,\"height\":96,\"caption\":\"admin\"}},{\"@type\":\"WebPage\",\"@id\":\"https:\\\/\\\/eldigitaldeasturias.com\\\/magazine365\\\/pascual-parquet-impulsa-una-campana-para-que-la-rae-reconozca-oficialmente-el-termino-parquetista\\\/#webpage\",\"url\":\"https:\\\/\\\/eldigitaldeasturias.com\\\/magazine365\\\/pascual-parquet-impulsa-una-campana-para-que-la-rae-reconozca-oficialmente-el-termino-parquetista\\\/\",\"name\":\"Pascual Parquet impulsa una campa\\u00f1a para que la RAE reconozca oficialmente el t\\u00e9rmino \\u201cparquetista\\u201d | El Digital de Asturias\",\"description\":\"Que un oficio con d\\u00e9cadas de historia y uso extendido en todo el pa\\u00eds no figure en el diccionario puede parecer una anomal\\u00eda, pero es exactamente lo que ocurre\",\"inLanguage\":\"es-ES\",\"isPartOf\":{\"@id\":\"https:\\\/\\\/eldigitaldeasturias.com\\\/magazine365\\\/#website\"},\"breadcrumb\":{\"@id\":\"https:\\\/\\\/eldigitaldeasturias.com\\\/magazine365\\\/pascual-parquet-impulsa-una-campana-para-que-la-rae-reconozca-oficialmente-el-termino-parquetista\\\/#breadcrumblist\"},\"author\":{\"@id\":\"https:\\\/\\\/eldigitaldeasturias.com\\\/magazine365\\\/author\\\/admin\\\/#author\"},\"creator\":{\"@id\":\"https:\\\/\\\/eldigitaldeasturias.com\\\/magazine365\\\/author\\\/admin\\\/#author\"},\"image\":{\"@type\":\"ImageObject\",\"url\":\"https:\\\/\\\/eldigitaldeasturias.com\\\/magazine365\\\/wp-content\\\/uploads\\\/2025\\\/11\\\/Pascual-Parquet-impulsa-una-campana-para-que-la-RAE-reconozca-oficialmente-el-termino-parquetista.jpg\",\"@id\":\"https:\\\/\\\/eldigitaldeasturias.com\\\/magazine365\\\/pascual-parquet-impulsa-una-campana-para-que-la-rae-reconozca-oficialmente-el-termino-parquetista\\\/#mainImage\",\"width\":947,\"height\":534,\"caption\":\"Pascual Parquet impulsa una campa\\u00f1a para que la RAE reconozca oficialmente el t\\u00e9rmino \\u201cparquetista\\u201d\"},\"primaryImageOfPage\":{\"@id\":\"https:\\\/\\\/eldigitaldeasturias.com\\\/magazine365\\\/pascual-parquet-impulsa-una-campana-para-que-la-rae-reconozca-oficialmente-el-termino-parquetista\\\/#mainImage\"},\"datePublished\":\"2025-11-29T04:21:34+01:00\",\"dateModified\":\"2025-11-29T04:21:34+01:00\"},{\"@type\":\"WebSite\",\"@id\":\"https:\\\/\\\/eldigitaldeasturias.com\\\/magazine365\\\/#website\",\"url\":\"https:\\\/\\\/eldigitaldeasturias.com\\\/magazine365\\\/\",\"name\":\"El Digital de Asturias\",\"description\":\"Revista de ocio, turismo y estilo de vida\",\"inLanguage\":\"es-ES\",\"publisher\":{\"@id\":\"https:\\\/\\\/eldigitaldeasturias.com\\\/magazine365\\\/#organization\"}}]}\n\t\t<\/script>\n\t\t<!-- All in One SEO Pro -->\r\n\t\t<title>Pascual Parquet impulsa una campa\u00f1a para que la RAE reconozca oficialmente el t\u00e9rmino \u201cparquetista\u201d | El Digital de Asturias<\/title>\n\n","aioseo_head_json":{"title":"Pascual Parquet impulsa una campa\u00f1a para que la RAE reconozca oficialmente el t\u00e9rmino \u201cparquetista\u201d | El Digital de Asturias","description":"Que un oficio con d\u00e9cadas de historia y uso extendido en todo el pa\u00eds no figure en el diccionario puede parecer una anomal\u00eda, pero es exactamente lo que ocurre","canonical_url":"https:\/\/eldigitaldeasturias.com\/magazine365\/pascual-parquet-impulsa-una-campana-para-que-la-rae-reconozca-oficialmente-el-termino-parquetista\/","robots":"max-image-preview:large","keywords":"videonoticias","webmasterTools":{"google-site-verification":"UA-38556648-1","miscellaneous":""},"schema":{"@context":"https:\/\/schema.org","@graph":[{"@type":"Article","@id":"https:\/\/eldigitaldeasturias.com\/magazine365\/pascual-parquet-impulsa-una-campana-para-que-la-rae-reconozca-oficialmente-el-termino-parquetista\/#article","name":"Pascual Parquet impulsa una campa\u00f1a para que la RAE reconozca oficialmente el t\u00e9rmino \u201cparquetista\u201d | El Digital de Asturias","headline":"Pascual Parquet impulsa una campa\u00f1a para que la RAE reconozca oficialmente el t\u00e9rmino \u201cparquetista\u201d","author":{"@id":"https:\/\/eldigitaldeasturias.com\/magazine365\/author\/admin\/#author"},"publisher":{"@id":"https:\/\/eldigitaldeasturias.com\/magazine365\/#organization"},"image":{"@type":"ImageObject","url":"https:\/\/eldigitaldeasturias.com\/magazine365\/wp-content\/uploads\/2025\/11\/Pascual-Parquet-impulsa-una-campana-para-que-la-RAE-reconozca-oficialmente-el-termino-parquetista.jpg","width":947,"height":534,"caption":"Pascual Parquet impulsa una campa\u00f1a para que la RAE reconozca oficialmente el t\u00e9rmino \u201cparquetista\u201d"},"datePublished":"2025-11-29T04:21:34+01:00","dateModified":"2025-11-29T04:21:34+01:00","inLanguage":"es-ES","mainEntityOfPage":{"@id":"https:\/\/eldigitaldeasturias.com\/magazine365\/pascual-parquet-impulsa-una-campana-para-que-la-rae-reconozca-oficialmente-el-termino-parquetista\/#webpage"},"isPartOf":{"@id":"https:\/\/eldigitaldeasturias.com\/magazine365\/pascual-parquet-impulsa-una-campana-para-que-la-rae-reconozca-oficialmente-el-termino-parquetista\/#webpage"},"articleSection":"Videonoticias, V\u00eddeo"},{"@type":"BreadcrumbList","@id":"https:\/\/eldigitaldeasturias.com\/magazine365\/pascual-parquet-impulsa-una-campana-para-que-la-rae-reconozca-oficialmente-el-termino-parquetista\/#breadcrumblist","itemListElement":[{"@type":"ListItem","@id":"https:\/\/eldigitaldeasturias.com\/magazine365#listItem","position":1,"name":"Home","item":"https:\/\/eldigitaldeasturias.com\/magazine365","nextItem":{"@type":"ListItem","@id":"https:\/\/eldigitaldeasturias.com\/magazine365\/category\/videonoticias\/#listItem","name":"Videonoticias"}},{"@type":"ListItem","@id":"https:\/\/eldigitaldeasturias.com\/magazine365\/category\/videonoticias\/#listItem","position":2,"name":"Videonoticias","item":"https:\/\/eldigitaldeasturias.com\/magazine365\/category\/videonoticias\/","nextItem":{"@type":"ListItem","@id":"https:\/\/eldigitaldeasturias.com\/magazine365\/pascual-parquet-impulsa-una-campana-para-que-la-rae-reconozca-oficialmente-el-termino-parquetista\/#listItem","name":"Pascual Parquet impulsa una campa\u00f1a para que la RAE reconozca oficialmente el t\u00e9rmino \u201cparquetista\u201d"},"previousItem":{"@type":"ListItem","@id":"https:\/\/eldigitaldeasturias.com\/magazine365#listItem","name":"Home"}},{"@type":"ListItem","@id":"https:\/\/eldigitaldeasturias.com\/magazine365\/pascual-parquet-impulsa-una-campana-para-que-la-rae-reconozca-oficialmente-el-termino-parquetista\/#listItem","position":3,"name":"Pascual Parquet impulsa una campa\u00f1a para que la RAE reconozca oficialmente el t\u00e9rmino \u201cparquetista\u201d","previousItem":{"@type":"ListItem","@id":"https:\/\/eldigitaldeasturias.com\/magazine365\/category\/videonoticias\/#listItem","name":"Videonoticias"}}]},{"@type":"Organization","@id":"https:\/\/eldigitaldeasturias.com\/magazine365\/#organization","name":"El digital de Asturias","description":"Revista de ocio, turismo y estilo de vida","url":"https:\/\/eldigitaldeasturias.com\/magazine365\/","logo":{"@type":"ImageObject","url":"https:\/\/www.eldigitaldeasturias.com\/noticias\/wp-content\/uploads\/2020\/12\/EDA.jpg","@id":"https:\/\/eldigitaldeasturias.com\/magazine365\/pascual-parquet-impulsa-una-campana-para-que-la-rae-reconozca-oficialmente-el-termino-parquetista\/#organizationLogo"},"image":{"@id":"https:\/\/eldigitaldeasturias.com\/magazine365\/pascual-parquet-impulsa-una-campana-para-que-la-rae-reconozca-oficialmente-el-termino-parquetista\/#organizationLogo"}},{"@type":"Person","@id":"https:\/\/eldigitaldeasturias.com\/magazine365\/author\/admin\/#author","url":"https:\/\/eldigitaldeasturias.com\/magazine365\/author\/admin\/","name":"admin","image":{"@type":"ImageObject","@id":"https:\/\/eldigitaldeasturias.com\/magazine365\/pascual-parquet-impulsa-una-campana-para-que-la-rae-reconozca-oficialmente-el-termino-parquetista\/#authorImage","url":"https:\/\/eldigitaldeasturias.com\/magazine365\/wp-content\/litespeed\/avatar\/e571bcf59a0edd6fa6838245a470f2fe.jpg?ver=1777574230","width":96,"height":96,"caption":"admin"}},{"@type":"WebPage","@id":"https:\/\/eldigitaldeasturias.com\/magazine365\/pascual-parquet-impulsa-una-campana-para-que-la-rae-reconozca-oficialmente-el-termino-parquetista\/#webpage","url":"https:\/\/eldigitaldeasturias.com\/magazine365\/pascual-parquet-impulsa-una-campana-para-que-la-rae-reconozca-oficialmente-el-termino-parquetista\/","name":"Pascual Parquet impulsa una campa\u00f1a para que la RAE reconozca oficialmente el t\u00e9rmino \u201cparquetista\u201d | El Digital de Asturias","description":"Que un oficio con d\u00e9cadas de historia y uso extendido en todo el pa\u00eds no figure en el diccionario puede parecer una anomal\u00eda, pero es exactamente lo que ocurre","inLanguage":"es-ES","isPartOf":{"@id":"https:\/\/eldigitaldeasturias.com\/magazine365\/#website"},"breadcrumb":{"@id":"https:\/\/eldigitaldeasturias.com\/magazine365\/pascual-parquet-impulsa-una-campana-para-que-la-rae-reconozca-oficialmente-el-termino-parquetista\/#breadcrumblist"},"author":{"@id":"https:\/\/eldigitaldeasturias.com\/magazine365\/author\/admin\/#author"},"creator":{"@id":"https:\/\/eldigitaldeasturias.com\/magazine365\/author\/admin\/#author"},"image":{"@type":"ImageObject","url":"https:\/\/eldigitaldeasturias.com\/magazine365\/wp-content\/uploads\/2025\/11\/Pascual-Parquet-impulsa-una-campana-para-que-la-RAE-reconozca-oficialmente-el-termino-parquetista.jpg","@id":"https:\/\/eldigitaldeasturias.com\/magazine365\/pascual-parquet-impulsa-una-campana-para-que-la-rae-reconozca-oficialmente-el-termino-parquetista\/#mainImage","width":947,"height":534,"caption":"Pascual Parquet impulsa una campa\u00f1a para que la RAE reconozca oficialmente el t\u00e9rmino \u201cparquetista\u201d"},"primaryImageOfPage":{"@id":"https:\/\/eldigitaldeasturias.com\/magazine365\/pascual-parquet-impulsa-una-campana-para-que-la-rae-reconozca-oficialmente-el-termino-parquetista\/#mainImage"},"datePublished":"2025-11-29T04:21:34+01:00","dateModified":"2025-11-29T04:21:34+01:00"},{"@type":"WebSite","@id":"https:\/\/eldigitaldeasturias.com\/magazine365\/#website","url":"https:\/\/eldigitaldeasturias.com\/magazine365\/","name":"El Digital de Asturias","description":"Revista de ocio, turismo y estilo de vida","inLanguage":"es-ES","publisher":{"@id":"https:\/\/eldigitaldeasturias.com\/magazine365\/#organization"}}]},"og:locale":"es_ES","og:site_name":"El Digital de Asturias \u2013 Revista de ocio, turismo y estilo de vida","og:type":"article","og:title":"Pascual Parquet impulsa una campa\u00f1a para que la RAE reconozca oficialmente el t\u00e9rmino \u201cparquetista\u201d | El Digital de Asturias","og:description":"Que un oficio con d\u00e9cadas de historia y uso extendido en todo el pa\u00eds no figure en el diccionario puede parecer una anomal\u00eda, pero es exactamente lo que ocurre","og:url":"https:\/\/eldigitaldeasturias.com\/magazine365\/pascual-parquet-impulsa-una-campana-para-que-la-rae-reconozca-oficialmente-el-termino-parquetista\/","og:image":"https:\/\/eldigitaldeasturias.com\/magazine365\/wp-content\/uploads\/2025\/11\/Pascual-Parquet-impulsa-una-campana-para-que-la-RAE-reconozca-oficialmente-el-termino-parquetista.jpg","og:image:secure_url":"https:\/\/eldigitaldeasturias.com\/magazine365\/wp-content\/uploads\/2025\/11\/Pascual-Parquet-impulsa-una-campana-para-que-la-RAE-reconozca-oficialmente-el-termino-parquetista.jpg","og:image:width":947,"og:image:height":534,"article:published_time":"2025-11-29T03:21:34+00:00","article:modified_time":"2025-11-29T03:21:34+00:00","twitter:card":"summary_large_image","twitter:title":"Pascual Parquet impulsa una campa\u00f1a para que la RAE reconozca oficialmente el t\u00e9rmino \u201cparquetista\u201d | El Digital de Asturias","twitter:description":"Que un oficio con d\u00e9cadas de historia y uso extendido en todo el pa\u00eds no figure en el diccionario puede parecer una anomal\u00eda, pero es exactamente lo que ocurre","twitter:image":"https:\/\/eldigitaldeasturias.com\/magazine365\/wp-content\/uploads\/2025\/11\/Pascual-Parquet-impulsa-una-campana-para-que-la-RAE-reconozca-oficialmente-el-termino-parquetista.jpg"},"aioseo_meta_data":{"post_id":"112126","title":null,"description":"Que un oficio con d\u00e9cadas de historia y uso extendido en todo el pa\u00eds no figure en el diccionario puede parecer una anomal\u00eda, pero es exactamente lo que ocurre","keywords":null,"keyphrases":{"focus":{"keyphrase":"Pascual Parquet","score":82,"analysis":{"keyphraseInTitle":{"score":9,"maxScore":9,"error":0},"keyphraseInDescription":{"score":3,"maxScore":9,"error":1},"keyphraseLength":{"score":9,"maxScore":9,"error":0,"length":2},"keyphraseInURL":{"score":5,"maxScore":5,"error":0},"keyphraseInIntroduction":{"score":9,"maxScore":9,"error":0},"keyphraseInSubHeadings":{"score":3,"maxScore":9,"error":1},"keyphraseInImageAlt":{"score":9,"maxScore":9,"error":0},"keywordDensity":{"type":"best","score":9,"maxScore":9,"error":0}}},"additional":[{"keyphrase":"Pascual Parquet","score":87,"analysis":{"keyphraseInDescription":{"score":3,"maxScore":9,"error":1},"keyphraseLength":{"score":9,"maxScore":9,"error":0,"length":2},"keyphraseInIntroduction":{"score":9,"maxScore":9,"error":0},"keyphraseInImageAlt":{"score":9,"maxScore":9,"error":0},"keywordDensity":{"type":"best","score":9,"maxScore":9,"error":0}}}]},"primary_term":null,"canonical_url":null,"og_title":null,"og_description":null,"og_object_type":"default","og_image_type":"default","og_image_url":null,"og_image_width":null,"og_image_height":null,"og_image_custom_url":null,"og_image_custom_fields":null,"og_video":"","og_custom_url":null,"og_article_section":null,"og_article_tags":null,"twitter_use_og":false,"twitter_card":"default","twitter_image_type":"default","twitter_image_url":null,"twitter_image_custom_url":null,"twitter_image_custom_fields":null,"twitter_title":null,"twitter_description":null,"schema":{"blockGraphs":[],"customGraphs":[],"default":{"data":{"Article":[],"Course":[],"Dataset":[],"FAQPage":[],"Movie":[],"Person":[],"Product":[],"ProductReview":[],"Car":[],"Recipe":[],"Service":[],"SoftwareApplication":[],"WebPage":[]},"graphName":"Article","isEnabled":true},"graphs":[]},"schema_type":"default","schema_type_options":null,"pillar_content":false,"robots_default":true,"robots_noindex":false,"robots_noarchive":false,"robots_nosnippet":false,"robots_nofollow":false,"robots_noimageindex":false,"robots_noodp":false,"robots_notranslate":false,"robots_max_snippet":"-1","robots_max_videopreview":"-1","robots_max_imagepreview":"large","priority":null,"frequency":"default","location":null,"local_seo":null,"seo_analyzer_scan_date":"2025-11-29 03:21:41","breadcrumb_settings":null,"limit_modified_date":false,"open_ai":null,"ai":{"faqs":[],"keyPoints":[],"titles":[],"descriptions":[],"socialPosts":{"email":[],"linkedin":[],"twitter":[],"facebook":[],"instagram":[]}},"created":"2025-11-29 03:14:55","updated":"2025-11-29 03:22:50"},"aioseo_breadcrumb":"<div class=\"aioseo-breadcrumbs\"><span class=\"aioseo-breadcrumb\">\n\t<a href=\"https:\/\/eldigitaldeasturias.com\/magazine365\" title=\"Home\">Home<\/a>\n<\/span><span class=\"aioseo-breadcrumb-separator\">\u2013<\/span><span class=\"aioseo-breadcrumb\">\n\t<a href=\"https:\/\/eldigitaldeasturias.com\/magazine365\/category\/videonoticias\/\" title=\"Videonoticias\">Videonoticias<\/a>\n<\/span><span class=\"aioseo-breadcrumb-separator\">\u2013<\/span><span class=\"aioseo-breadcrumb\">\n\t<a href=\"https:\/\/eldigitaldeasturias.com\/magazine365\/pascual-parquet-impulsa-una-campana-para-que-la-rae-reconozca-oficialmente-el-termino-parquetista\/\" title=\"Pascual Parquet impulsa una campa\u00f1a para que la RAE reconozca oficialmente el t\u00e9rmino \u201cparquetista\u201d\">Pascual Parquet impulsa una campa\u00f1a para que la RAE reconozca oficialmente el t\u00e9rmino \u201cparquetista\u201d<\/a>\n<\/span><\/div>","aioseo_breadcrumb_json":[{"label":"Home","link":"https:\/\/eldigitaldeasturias.com\/magazine365"},{"label":"Videonoticias","link":"https:\/\/eldigitaldeasturias.com\/magazine365\/category\/videonoticias\/"},{"label":"Pascual Parquet impulsa una campa\u00f1a para que la RAE reconozca oficialmente el t\u00e9rmino \u201cparquetista\u201d","link":"https:\/\/eldigitaldeasturias.com\/magazine365\/pascual-parquet-impulsa-una-campana-para-que-la-rae-reconozca-oficialmente-el-termino-parquetista\/"}],"_links":{"self":[{"href":"https:\/\/eldigitaldeasturias.com\/magazine365\/wp-json\/wp\/v2\/posts\/112126","targetHints":{"allow":["GET"]}}],"collection":[{"href":"https:\/\/eldigitaldeasturias.com\/magazine365\/wp-json\/wp\/v2\/posts"}],"about":[{"href":"https:\/\/eldigitaldeasturias.com\/magazine365\/wp-json\/wp\/v2\/types\/post"}],"author":[{"embeddable":true,"href":"https:\/\/eldigitaldeasturias.com\/magazine365\/wp-json\/wp\/v2\/users\/1"}],"replies":[{"embeddable":true,"href":"https:\/\/eldigitaldeasturias.com\/magazine365\/wp-json\/wp\/v2\/comments?post=112126"}],"version-history":[{"count":0,"href":"https:\/\/eldigitaldeasturias.com\/magazine365\/wp-json\/wp\/v2\/posts\/112126\/revisions"}],"wp:featuredmedia":[{"embeddable":true,"href":"https:\/\/eldigitaldeasturias.com\/magazine365\/wp-json\/wp\/v2\/media\/112127"}],"wp:attachment":[{"href":"https:\/\/eldigitaldeasturias.com\/magazine365\/wp-json\/wp\/v2\/media?parent=112126"}],"wp:term":[{"taxonomy":"category","embeddable":true,"href":"https:\/\/eldigitaldeasturias.com\/magazine365\/wp-json\/wp\/v2\/categories?post=112126"},{"taxonomy":"post_tag","embeddable":true,"href":"https:\/\/eldigitaldeasturias.com\/magazine365\/wp-json\/wp\/v2\/tags?post=112126"}],"curies":[{"name":"wp","href":"https:\/\/api.w.org\/{rel}","templated":true}]}}