{"id":112045,"date":"2025-11-14T22:34:30","date_gmt":"2025-11-14T21:34:30","guid":{"rendered":"https:\/\/eldigitaldeasturias.com\/magazine365\/?p=112045"},"modified":"2025-11-14T22:34:30","modified_gmt":"2025-11-14T21:34:30","slug":"pelo-sin-forma-consejo-para-un-buen-peinado","status":"publish","type":"post","link":"https:\/\/eldigitaldeasturias.com\/magazine365\/pelo-sin-forma-consejo-para-un-buen-peinado\/","title":{"rendered":"\u00bfPelo sin forma? Consejo para un buen peinado"},"content":{"rendered":"<p>Cuando <a href=\"https:\/\/eldigitaldeasturias.com\/magazine365\/category\/moda\/\"><span style=\"color: #ff6600;\"><strong>el pelo pierde forma<\/strong><\/span><\/a>, un buen peinado no depende de t\u00e9cnicas complejas, sino de criterio. Con unos ajustes sencillos, es posible recuperar orden, naturalidad y una imagen m\u00e1s definida.<\/p>\n<figure id=\"attachment_112046\" aria-describedby=\"caption-attachment-112046\" style=\"width: 650px\" class=\"wp-caption aligncenter\"><img fetchpriority=\"high\" decoding=\"async\" class=\"size-large wp-image-112046\" src=\"https:\/\/eldigitaldeasturias.com\/magazine365\/wp-content\/uploads\/2025\/11\/Consejo-para-un-buen-peinado-650x365.jpg\" alt=\"Consejo para un buen peinado\" width=\"650\" height=\"365\" srcset=\"https:\/\/eldigitaldeasturias.com\/magazine365\/wp-content\/uploads\/2025\/11\/Consejo-para-un-buen-peinado-650x365.jpg 650w, https:\/\/eldigitaldeasturias.com\/magazine365\/wp-content\/uploads\/2025\/11\/Consejo-para-un-buen-peinado-360x202.jpg 360w, https:\/\/eldigitaldeasturias.com\/magazine365\/wp-content\/uploads\/2025\/11\/Consejo-para-un-buen-peinado-768x431.jpg 768w, https:\/\/eldigitaldeasturias.com\/magazine365\/wp-content\/uploads\/2025\/11\/Consejo-para-un-buen-peinado-150x84.jpg 150w, https:\/\/eldigitaldeasturias.com\/magazine365\/wp-content\/uploads\/2025\/11\/Consejo-para-un-buen-peinado-450x253.jpg 450w, https:\/\/eldigitaldeasturias.com\/magazine365\/wp-content\/uploads\/2025\/11\/Consejo-para-un-buen-peinado.jpg 1099w\" sizes=\"(max-width: 650px) 100vw, 650px\" \/><figcaption id=\"caption-attachment-112046\" class=\"wp-caption-text\">Foto: 123rf.com<\/figcaption><\/figure>\n<h2>Entender el cabello para recuperar la estructura<\/h2>\n<p>Hay momentos en los que el pelo parece no responder. Ni rizo ni liso, ni volumen ni ca\u00edda controlada. Esa falta de forma no siempre es consecuencia de un mal corte; a veces se debe al ritmo de vida, al estr\u00e9s, al clima o simplemente a la falta de atenci\u00f3n diaria. Recuperar un buen peinado empieza por algo b\u00e1sico: observar qu\u00e9 necesita realmente el cabello.<\/p>\n<p>El peinado no es una soluci\u00f3n est\u00e9tica aislada. Forma parte de la imagen general y tiene un impacto directo en la percepci\u00f3n que proyectamos. <a href=\"https:\/\/eldigitaldeasturias.com\/radio\/category\/live\/\" target=\"_blank\" rel=\"noopener\"><span style=\"color: #ff6600;\"><strong>Cuando el pelo est\u00e1 desordenado<\/strong><\/span><\/a> o sin direcci\u00f3n, transmite una sensaci\u00f3n de cansancio o dejadez incluso aunque el resto del conjunto est\u00e9 cuidado. Por eso, dedicar unos minutos al cabello es una inversi\u00f3n que afecta al conjunto de la apariencia.<\/p>\n<p>El primer paso para superar un d\u00eda \u2014o una temporada\u2014 de pelo sin forma es respetar su textura natural. Forzar un estilo que no encaja con el tipo de cabello suele generar el efecto contrario. El objetivo no es imponer una estructura artificial, sino guiar al pelo para que recupere su movimiento natural, su brillo y su ca\u00edda.<\/p>\n<h2>Peinar con intenci\u00f3n y no por necesidad<\/h2>\n<p>Un buen peinado empieza por la planificaci\u00f3n. No es cuesti\u00f3n de improvisar, sino de aplicar gestos simples con constancia. Cepillar el cabello con suavidad, secarlo sin prisa o marcar una direcci\u00f3n determinada puede cambiar por completo el resultado. No hace falta recurrir a t\u00e9cnicas complejas: basta con recuperar una rutina que ordene el volumen y d\u00e9 una sensaci\u00f3n de control.<\/p>\n<p>La forma de colocar el cabello tambi\u00e9n influye en el efecto final. Cambiar la raya, elevar ligeramente la ra\u00edz o recoger solo una parte puede corregir la falta de forma sin necesidad de productos. Son ajustes discretos pero eficaces, capaces de transformar un aspecto desordenado en uno m\u00e1s definido.<\/p>\n<p>El corte juega un papel importante, pero no siempre es necesario pasar por la peluquer\u00eda para mejorar la estructura. A veces, el problema no est\u00e1 en la longitud, sino en c\u00f3mo se trabaja el cabello. Un peinado bien ejecutado puede revitalizar un corte que parec\u00eda perdido. La clave es actuar con intenci\u00f3n, no con urgencia.<\/p>\n<p>El cabello responde mejor cuando se trata con cuidado. Un secado excesivamente agresivo o un uso continuado de herramientas de calor tienden a restar flexibilidad y movimiento. En cambio, permitir que el pelo conserve parte de su humedad natural o aplicar calor de forma moderada mejora la textura y ayuda a que el peinado se mantenga.<\/p>\n<p>El objetivo del peinado no es ocultar el estado real del cabello, sino potenciarlo. Cuando se trabaja desde la naturalidad, el resultado es m\u00e1s s\u00f3lido, m\u00e1s duradero y m\u00e1s elegante. El pelo recupera su forma cuando encuentra una direcci\u00f3n clara, no cuando se fuerza un estilo imposible.<\/p>\n<p>Un buen peinado tiene un efecto inmediato en la expresi\u00f3n y en la seguridad personal. No requiere transformaciones radicales, sino coherencia: entender qu\u00e9 le ocurre al cabello y actuar en consecuencia. Cada persona tiene un estilo propio y una forma de llevar el pelo que la identifica, y mantenerlo en orden no es un gesto superficial; es parte de la presencia.<\/p>\n<p>Cuando el pelo recupera forma, el rostro tambi\u00e9n lo hace. Y ese equilibrio, discreto pero evidente, es lo que define un buen peinado: uno que acompa\u00f1a, favorece y aporta claridad al conjunto sin imponerse ni llamar la atenci\u00f3n m\u00e1s de lo necesario.<\/p>\n","protected":false},"excerpt":{"rendered":"<p>Cuando el pelo pierde forma, un buen peinado no depende de t\u00e9cnicas complejas, sino de criterio. Con unos ajustes sencillos, es posible recuperar orden, naturalidad y una imagen m\u00e1s definida. Entender el cabello para recuperar la estructura Hay momentos en los que el pelo parece no responder. Ni rizo ni liso, ni volumen ni ca\u00edda<\/p>\n","protected":false},"author":1,"featured_media":112046,"comment_status":"closed","ping_status":"closed","sticky":false,"template":"","format":"standard","meta":{"footnotes":""},"categories":[225],"tags":[361],"class_list":{"0":"post-112045","1":"post","2":"type-post","3":"status-publish","4":"format-standard","5":"has-post-thumbnail","7":"category-moda","8":"tag-moda"},"aioseo_notices":[],"aioseo_head":"\n\t\t<!-- All in One SEO Pro 4.9.6.1 - aioseo.com -->\n\t<meta name=\"description\" content=\"Cuando el pelo pierde forma, un buen peinado no depende de t\u00e9cnicas complejas, sino de criterio. Con unos ajustes sencillos, es posible recuperar orden\" \/>\n\t<meta name=\"robots\" content=\"max-image-preview:large\" \/>\n\t<meta name=\"author\" content=\"admin\"\/>\n\t<meta name=\"google-site-verification\" content=\"UA-38556648-1\" \/>\n\t<meta name=\"keywords\" content=\"moda\" \/>\n\t<link rel=\"canonical\" href=\"https:\/\/eldigitaldeasturias.com\/magazine365\/pelo-sin-forma-consejo-para-un-buen-peinado\/\" \/>\n\t<meta name=\"generator\" content=\"All in One SEO Pro (AIOSEO) 4.9.6.1\" \/>\n\t\t<meta property=\"og:locale\" content=\"es_ES\" \/>\n\t\t<meta property=\"og:site_name\" content=\"El Digital de Asturias \u2013 Revista de ocio, turismo y estilo de vida\" \/>\n\t\t<meta property=\"og:type\" content=\"article\" \/>\n\t\t<meta property=\"og:title\" content=\"\u00bfPelo sin forma? Consejo para un buen peinado | El Digital de Asturias\" \/>\n\t\t<meta property=\"og:description\" content=\"Cuando el pelo pierde forma, un buen peinado no depende de t\u00e9cnicas complejas, sino de criterio. Con unos ajustes sencillos, es posible recuperar orden\" \/>\n\t\t<meta property=\"og:url\" content=\"https:\/\/eldigitaldeasturias.com\/magazine365\/pelo-sin-forma-consejo-para-un-buen-peinado\/\" \/>\n\t\t<meta property=\"og:image\" content=\"https:\/\/eldigitaldeasturias.com\/magazine365\/wp-content\/uploads\/2025\/11\/Consejo-para-un-buen-peinado.jpg\" \/>\n\t\t<meta property=\"og:image:secure_url\" content=\"https:\/\/eldigitaldeasturias.com\/magazine365\/wp-content\/uploads\/2025\/11\/Consejo-para-un-buen-peinado.jpg\" \/>\n\t\t<meta property=\"og:image:width\" content=\"1099\" \/>\n\t\t<meta property=\"og:image:height\" content=\"617\" \/>\n\t\t<meta property=\"article:published_time\" content=\"2025-11-14T21:34:30+00:00\" \/>\n\t\t<meta property=\"article:modified_time\" content=\"2025-11-14T21:34:30+00:00\" \/>\n\t\t<meta name=\"twitter:card\" content=\"summary_large_image\" \/>\n\t\t<meta name=\"twitter:title\" content=\"\u00bfPelo sin forma? Consejo para un buen peinado | El Digital de Asturias\" \/>\n\t\t<meta name=\"twitter:description\" content=\"Cuando el pelo pierde forma, un buen peinado no depende de t\u00e9cnicas complejas, sino de criterio. Con unos ajustes sencillos, es posible recuperar orden\" \/>\n\t\t<meta name=\"twitter:image\" content=\"https:\/\/eldigitaldeasturias.com\/magazine365\/wp-content\/uploads\/2025\/11\/Consejo-para-un-buen-peinado.jpg\" \/>\n\t\t<script type=\"application\/ld+json\" class=\"aioseo-schema\">\n\t\t\t{\"@context\":\"https:\\\/\\\/schema.org\",\"@graph\":[{\"@type\":\"Article\",\"@id\":\"https:\\\/\\\/eldigitaldeasturias.com\\\/magazine365\\\/pelo-sin-forma-consejo-para-un-buen-peinado\\\/#article\",\"name\":\"\\u00bfPelo sin forma? Consejo para un buen peinado | El Digital de Asturias\",\"headline\":\"\\u00bfPelo sin forma? Consejo para un buen peinado\",\"author\":{\"@id\":\"https:\\\/\\\/eldigitaldeasturias.com\\\/magazine365\\\/author\\\/admin\\\/#author\"},\"publisher\":{\"@id\":\"https:\\\/\\\/eldigitaldeasturias.com\\\/magazine365\\\/#organization\"},\"image\":{\"@type\":\"ImageObject\",\"url\":\"https:\\\/\\\/eldigitaldeasturias.com\\\/magazine365\\\/wp-content\\\/uploads\\\/2025\\\/11\\\/Consejo-para-un-buen-peinado.jpg\",\"width\":1099,\"height\":617,\"caption\":\"Foto: 123rf.com\"},\"datePublished\":\"2025-11-14T22:34:30+01:00\",\"dateModified\":\"2025-11-14T22:34:30+01:00\",\"inLanguage\":\"es-ES\",\"mainEntityOfPage\":{\"@id\":\"https:\\\/\\\/eldigitaldeasturias.com\\\/magazine365\\\/pelo-sin-forma-consejo-para-un-buen-peinado\\\/#webpage\"},\"isPartOf\":{\"@id\":\"https:\\\/\\\/eldigitaldeasturias.com\\\/magazine365\\\/pelo-sin-forma-consejo-para-un-buen-peinado\\\/#webpage\"},\"articleSection\":\"Moda, moda\"},{\"@type\":\"BreadcrumbList\",\"@id\":\"https:\\\/\\\/eldigitaldeasturias.com\\\/magazine365\\\/pelo-sin-forma-consejo-para-un-buen-peinado\\\/#breadcrumblist\",\"itemListElement\":[{\"@type\":\"ListItem\",\"@id\":\"https:\\\/\\\/eldigitaldeasturias.com\\\/magazine365#listItem\",\"position\":1,\"name\":\"Home\",\"item\":\"https:\\\/\\\/eldigitaldeasturias.com\\\/magazine365\",\"nextItem\":{\"@type\":\"ListItem\",\"@id\":\"https:\\\/\\\/eldigitaldeasturias.com\\\/magazine365\\\/category\\\/moda\\\/#listItem\",\"name\":\"Moda\"}},{\"@type\":\"ListItem\",\"@id\":\"https:\\\/\\\/eldigitaldeasturias.com\\\/magazine365\\\/category\\\/moda\\\/#listItem\",\"position\":2,\"name\":\"Moda\",\"item\":\"https:\\\/\\\/eldigitaldeasturias.com\\\/magazine365\\\/category\\\/moda\\\/\",\"nextItem\":{\"@type\":\"ListItem\",\"@id\":\"https:\\\/\\\/eldigitaldeasturias.com\\\/magazine365\\\/pelo-sin-forma-consejo-para-un-buen-peinado\\\/#listItem\",\"name\":\"\\u00bfPelo sin forma? Consejo para un buen peinado\"},\"previousItem\":{\"@type\":\"ListItem\",\"@id\":\"https:\\\/\\\/eldigitaldeasturias.com\\\/magazine365#listItem\",\"name\":\"Home\"}},{\"@type\":\"ListItem\",\"@id\":\"https:\\\/\\\/eldigitaldeasturias.com\\\/magazine365\\\/pelo-sin-forma-consejo-para-un-buen-peinado\\\/#listItem\",\"position\":3,\"name\":\"\\u00bfPelo sin forma? Consejo para un buen peinado\",\"previousItem\":{\"@type\":\"ListItem\",\"@id\":\"https:\\\/\\\/eldigitaldeasturias.com\\\/magazine365\\\/category\\\/moda\\\/#listItem\",\"name\":\"Moda\"}}]},{\"@type\":\"Organization\",\"@id\":\"https:\\\/\\\/eldigitaldeasturias.com\\\/magazine365\\\/#organization\",\"name\":\"El digital de Asturias\",\"description\":\"Revista de ocio, turismo y estilo de vida\",\"url\":\"https:\\\/\\\/eldigitaldeasturias.com\\\/magazine365\\\/\",\"logo\":{\"@type\":\"ImageObject\",\"url\":\"https:\\\/\\\/www.eldigitaldeasturias.com\\\/noticias\\\/wp-content\\\/uploads\\\/2020\\\/12\\\/EDA.jpg\",\"@id\":\"https:\\\/\\\/eldigitaldeasturias.com\\\/magazine365\\\/pelo-sin-forma-consejo-para-un-buen-peinado\\\/#organizationLogo\"},\"image\":{\"@id\":\"https:\\\/\\\/eldigitaldeasturias.com\\\/magazine365\\\/pelo-sin-forma-consejo-para-un-buen-peinado\\\/#organizationLogo\"}},{\"@type\":\"Person\",\"@id\":\"https:\\\/\\\/eldigitaldeasturias.com\\\/magazine365\\\/author\\\/admin\\\/#author\",\"url\":\"https:\\\/\\\/eldigitaldeasturias.com\\\/magazine365\\\/author\\\/admin\\\/\",\"name\":\"admin\",\"image\":{\"@type\":\"ImageObject\",\"@id\":\"https:\\\/\\\/eldigitaldeasturias.com\\\/magazine365\\\/pelo-sin-forma-consejo-para-un-buen-peinado\\\/#authorImage\",\"url\":\"https:\\\/\\\/eldigitaldeasturias.com\\\/magazine365\\\/wp-content\\\/litespeed\\\/avatar\\\/e571bcf59a0edd6fa6838245a470f2fe.jpg?ver=1777574230\",\"width\":96,\"height\":96,\"caption\":\"admin\"}},{\"@type\":\"WebPage\",\"@id\":\"https:\\\/\\\/eldigitaldeasturias.com\\\/magazine365\\\/pelo-sin-forma-consejo-para-un-buen-peinado\\\/#webpage\",\"url\":\"https:\\\/\\\/eldigitaldeasturias.com\\\/magazine365\\\/pelo-sin-forma-consejo-para-un-buen-peinado\\\/\",\"name\":\"\\u00bfPelo sin forma? Consejo para un buen peinado | El Digital de Asturias\",\"description\":\"Cuando el pelo pierde forma, un buen peinado no depende de t\\u00e9cnicas complejas, sino de criterio. Con unos ajustes sencillos, es posible recuperar orden\",\"inLanguage\":\"es-ES\",\"isPartOf\":{\"@id\":\"https:\\\/\\\/eldigitaldeasturias.com\\\/magazine365\\\/#website\"},\"breadcrumb\":{\"@id\":\"https:\\\/\\\/eldigitaldeasturias.com\\\/magazine365\\\/pelo-sin-forma-consejo-para-un-buen-peinado\\\/#breadcrumblist\"},\"author\":{\"@id\":\"https:\\\/\\\/eldigitaldeasturias.com\\\/magazine365\\\/author\\\/admin\\\/#author\"},\"creator\":{\"@id\":\"https:\\\/\\\/eldigitaldeasturias.com\\\/magazine365\\\/author\\\/admin\\\/#author\"},\"image\":{\"@type\":\"ImageObject\",\"url\":\"https:\\\/\\\/eldigitaldeasturias.com\\\/magazine365\\\/wp-content\\\/uploads\\\/2025\\\/11\\\/Consejo-para-un-buen-peinado.jpg\",\"@id\":\"https:\\\/\\\/eldigitaldeasturias.com\\\/magazine365\\\/pelo-sin-forma-consejo-para-un-buen-peinado\\\/#mainImage\",\"width\":1099,\"height\":617,\"caption\":\"Foto: 123rf.com\"},\"primaryImageOfPage\":{\"@id\":\"https:\\\/\\\/eldigitaldeasturias.com\\\/magazine365\\\/pelo-sin-forma-consejo-para-un-buen-peinado\\\/#mainImage\"},\"datePublished\":\"2025-11-14T22:34:30+01:00\",\"dateModified\":\"2025-11-14T22:34:30+01:00\"},{\"@type\":\"WebSite\",\"@id\":\"https:\\\/\\\/eldigitaldeasturias.com\\\/magazine365\\\/#website\",\"url\":\"https:\\\/\\\/eldigitaldeasturias.com\\\/magazine365\\\/\",\"name\":\"El Digital de Asturias\",\"description\":\"Revista de ocio, turismo y estilo de vida\",\"inLanguage\":\"es-ES\",\"publisher\":{\"@id\":\"https:\\\/\\\/eldigitaldeasturias.com\\\/magazine365\\\/#organization\"}}]}\n\t\t<\/script>\n\t\t<!-- All in One SEO Pro -->\r\n\t\t<title>\u00bfPelo sin forma? Consejo para un buen peinado | El Digital de Asturias<\/title>\n\n","aioseo_head_json":{"title":"\u00bfPelo sin forma? Consejo para un buen peinado | El Digital de Asturias","description":"Cuando el pelo pierde forma, un buen peinado no depende de t\u00e9cnicas complejas, sino de criterio. Con unos ajustes sencillos, es posible recuperar orden","canonical_url":"https:\/\/eldigitaldeasturias.com\/magazine365\/pelo-sin-forma-consejo-para-un-buen-peinado\/","robots":"max-image-preview:large","keywords":"moda","webmasterTools":{"google-site-verification":"UA-38556648-1","miscellaneous":""},"schema":{"@context":"https:\/\/schema.org","@graph":[{"@type":"Article","@id":"https:\/\/eldigitaldeasturias.com\/magazine365\/pelo-sin-forma-consejo-para-un-buen-peinado\/#article","name":"\u00bfPelo sin forma? Consejo para un buen peinado | El Digital de Asturias","headline":"\u00bfPelo sin forma? Consejo para un buen peinado","author":{"@id":"https:\/\/eldigitaldeasturias.com\/magazine365\/author\/admin\/#author"},"publisher":{"@id":"https:\/\/eldigitaldeasturias.com\/magazine365\/#organization"},"image":{"@type":"ImageObject","url":"https:\/\/eldigitaldeasturias.com\/magazine365\/wp-content\/uploads\/2025\/11\/Consejo-para-un-buen-peinado.jpg","width":1099,"height":617,"caption":"Foto: 123rf.com"},"datePublished":"2025-11-14T22:34:30+01:00","dateModified":"2025-11-14T22:34:30+01:00","inLanguage":"es-ES","mainEntityOfPage":{"@id":"https:\/\/eldigitaldeasturias.com\/magazine365\/pelo-sin-forma-consejo-para-un-buen-peinado\/#webpage"},"isPartOf":{"@id":"https:\/\/eldigitaldeasturias.com\/magazine365\/pelo-sin-forma-consejo-para-un-buen-peinado\/#webpage"},"articleSection":"Moda, moda"},{"@type":"BreadcrumbList","@id":"https:\/\/eldigitaldeasturias.com\/magazine365\/pelo-sin-forma-consejo-para-un-buen-peinado\/#breadcrumblist","itemListElement":[{"@type":"ListItem","@id":"https:\/\/eldigitaldeasturias.com\/magazine365#listItem","position":1,"name":"Home","item":"https:\/\/eldigitaldeasturias.com\/magazine365","nextItem":{"@type":"ListItem","@id":"https:\/\/eldigitaldeasturias.com\/magazine365\/category\/moda\/#listItem","name":"Moda"}},{"@type":"ListItem","@id":"https:\/\/eldigitaldeasturias.com\/magazine365\/category\/moda\/#listItem","position":2,"name":"Moda","item":"https:\/\/eldigitaldeasturias.com\/magazine365\/category\/moda\/","nextItem":{"@type":"ListItem","@id":"https:\/\/eldigitaldeasturias.com\/magazine365\/pelo-sin-forma-consejo-para-un-buen-peinado\/#listItem","name":"\u00bfPelo sin forma? Consejo para un buen peinado"},"previousItem":{"@type":"ListItem","@id":"https:\/\/eldigitaldeasturias.com\/magazine365#listItem","name":"Home"}},{"@type":"ListItem","@id":"https:\/\/eldigitaldeasturias.com\/magazine365\/pelo-sin-forma-consejo-para-un-buen-peinado\/#listItem","position":3,"name":"\u00bfPelo sin forma? Consejo para un buen peinado","previousItem":{"@type":"ListItem","@id":"https:\/\/eldigitaldeasturias.com\/magazine365\/category\/moda\/#listItem","name":"Moda"}}]},{"@type":"Organization","@id":"https:\/\/eldigitaldeasturias.com\/magazine365\/#organization","name":"El digital de Asturias","description":"Revista de ocio, turismo y estilo de vida","url":"https:\/\/eldigitaldeasturias.com\/magazine365\/","logo":{"@type":"ImageObject","url":"https:\/\/www.eldigitaldeasturias.com\/noticias\/wp-content\/uploads\/2020\/12\/EDA.jpg","@id":"https:\/\/eldigitaldeasturias.com\/magazine365\/pelo-sin-forma-consejo-para-un-buen-peinado\/#organizationLogo"},"image":{"@id":"https:\/\/eldigitaldeasturias.com\/magazine365\/pelo-sin-forma-consejo-para-un-buen-peinado\/#organizationLogo"}},{"@type":"Person","@id":"https:\/\/eldigitaldeasturias.com\/magazine365\/author\/admin\/#author","url":"https:\/\/eldigitaldeasturias.com\/magazine365\/author\/admin\/","name":"admin","image":{"@type":"ImageObject","@id":"https:\/\/eldigitaldeasturias.com\/magazine365\/pelo-sin-forma-consejo-para-un-buen-peinado\/#authorImage","url":"https:\/\/eldigitaldeasturias.com\/magazine365\/wp-content\/litespeed\/avatar\/e571bcf59a0edd6fa6838245a470f2fe.jpg?ver=1777574230","width":96,"height":96,"caption":"admin"}},{"@type":"WebPage","@id":"https:\/\/eldigitaldeasturias.com\/magazine365\/pelo-sin-forma-consejo-para-un-buen-peinado\/#webpage","url":"https:\/\/eldigitaldeasturias.com\/magazine365\/pelo-sin-forma-consejo-para-un-buen-peinado\/","name":"\u00bfPelo sin forma? Consejo para un buen peinado | El Digital de Asturias","description":"Cuando el pelo pierde forma, un buen peinado no depende de t\u00e9cnicas complejas, sino de criterio. Con unos ajustes sencillos, es posible recuperar orden","inLanguage":"es-ES","isPartOf":{"@id":"https:\/\/eldigitaldeasturias.com\/magazine365\/#website"},"breadcrumb":{"@id":"https:\/\/eldigitaldeasturias.com\/magazine365\/pelo-sin-forma-consejo-para-un-buen-peinado\/#breadcrumblist"},"author":{"@id":"https:\/\/eldigitaldeasturias.com\/magazine365\/author\/admin\/#author"},"creator":{"@id":"https:\/\/eldigitaldeasturias.com\/magazine365\/author\/admin\/#author"},"image":{"@type":"ImageObject","url":"https:\/\/eldigitaldeasturias.com\/magazine365\/wp-content\/uploads\/2025\/11\/Consejo-para-un-buen-peinado.jpg","@id":"https:\/\/eldigitaldeasturias.com\/magazine365\/pelo-sin-forma-consejo-para-un-buen-peinado\/#mainImage","width":1099,"height":617,"caption":"Foto: 123rf.com"},"primaryImageOfPage":{"@id":"https:\/\/eldigitaldeasturias.com\/magazine365\/pelo-sin-forma-consejo-para-un-buen-peinado\/#mainImage"},"datePublished":"2025-11-14T22:34:30+01:00","dateModified":"2025-11-14T22:34:30+01:00"},{"@type":"WebSite","@id":"https:\/\/eldigitaldeasturias.com\/magazine365\/#website","url":"https:\/\/eldigitaldeasturias.com\/magazine365\/","name":"El Digital de Asturias","description":"Revista de ocio, turismo y estilo de vida","inLanguage":"es-ES","publisher":{"@id":"https:\/\/eldigitaldeasturias.com\/magazine365\/#organization"}}]},"og:locale":"es_ES","og:site_name":"El Digital de Asturias \u2013 Revista de ocio, turismo y estilo de vida","og:type":"article","og:title":"\u00bfPelo sin forma? Consejo para un buen peinado | El Digital de Asturias","og:description":"Cuando el pelo pierde forma, un buen peinado no depende de t\u00e9cnicas complejas, sino de criterio. Con unos ajustes sencillos, es posible recuperar orden","og:url":"https:\/\/eldigitaldeasturias.com\/magazine365\/pelo-sin-forma-consejo-para-un-buen-peinado\/","og:image":"https:\/\/eldigitaldeasturias.com\/magazine365\/wp-content\/uploads\/2025\/11\/Consejo-para-un-buen-peinado.jpg","og:image:secure_url":"https:\/\/eldigitaldeasturias.com\/magazine365\/wp-content\/uploads\/2025\/11\/Consejo-para-un-buen-peinado.jpg","og:image:width":1099,"og:image:height":617,"article:published_time":"2025-11-14T21:34:30+00:00","article:modified_time":"2025-11-14T21:34:30+00:00","twitter:card":"summary_large_image","twitter:title":"\u00bfPelo sin forma? Consejo para un buen peinado | El Digital de Asturias","twitter:description":"Cuando el pelo pierde forma, un buen peinado no depende de t\u00e9cnicas complejas, sino de criterio. Con unos ajustes sencillos, es posible recuperar orden","twitter:image":"https:\/\/eldigitaldeasturias.com\/magazine365\/wp-content\/uploads\/2025\/11\/Consejo-para-un-buen-peinado.jpg"},"aioseo_meta_data":{"post_id":"112045","title":null,"description":"Cuando el pelo pierde forma, un buen peinado no depende de t\u00e9cnicas complejas, sino de criterio. Con unos ajustes sencillos, es posible recuperar orden","keywords":null,"keyphrases":{"focus":{"keyphrase":"peinado","score":91,"analysis":{"keyphraseInTitle":{"score":9,"maxScore":9,"error":0},"keyphraseInDescription":{"score":9,"maxScore":9,"error":0},"keyphraseLength":{"score":9,"maxScore":9,"error":0,"length":1},"keyphraseInURL":{"score":5,"maxScore":5,"error":0},"keyphraseInIntroduction":{"score":9,"maxScore":9,"error":0},"keyphraseInSubHeadings":{"score":3,"maxScore":9,"error":1},"keyphraseInImageAlt":{"score":9,"maxScore":9,"error":0},"keywordDensity":{"type":"best","score":9,"maxScore":9,"error":0}}},"additional":[{"keyphrase":"peinado","score":100,"analysis":{"keyphraseInDescription":{"score":9,"maxScore":9,"error":0},"keyphraseLength":{"score":9,"maxScore":9,"error":0,"length":1},"keyphraseInIntroduction":{"score":9,"maxScore":9,"error":0},"keyphraseInImageAlt":{"score":9,"maxScore":9,"error":0},"keywordDensity":{"type":"best","score":9,"maxScore":9,"error":0}}},{"keyphrase":"pelo","score":87,"analysis":{"keyphraseInDescription":{"score":9,"maxScore":9,"error":0},"keyphraseLength":{"score":9,"maxScore":9,"error":0,"length":1},"keyphraseInIntroduction":{"score":9,"maxScore":9,"error":0},"keyphraseInImageAlt":{"score":3,"maxScore":9,"error":1},"keywordDensity":{"type":"best","score":9,"maxScore":9,"error":0}}}]},"primary_term":null,"canonical_url":null,"og_title":null,"og_description":null,"og_object_type":"default","og_image_type":"default","og_image_url":null,"og_image_width":null,"og_image_height":null,"og_image_custom_url":null,"og_image_custom_fields":null,"og_video":"","og_custom_url":null,"og_article_section":null,"og_article_tags":null,"twitter_use_og":false,"twitter_card":"default","twitter_image_type":"default","twitter_image_url":null,"twitter_image_custom_url":null,"twitter_image_custom_fields":null,"twitter_title":null,"twitter_description":null,"schema":{"blockGraphs":[],"customGraphs":[],"default":{"data":{"Article":[],"Course":[],"Dataset":[],"FAQPage":[],"Movie":[],"Person":[],"Product":[],"ProductReview":[],"Car":[],"Recipe":[],"Service":[],"SoftwareApplication":[],"WebPage":[]},"graphName":"Article","isEnabled":true},"graphs":[]},"schema_type":"default","schema_type_options":null,"pillar_content":false,"robots_default":true,"robots_noindex":false,"robots_noarchive":false,"robots_nosnippet":false,"robots_nofollow":false,"robots_noimageindex":false,"robots_noodp":false,"robots_notranslate":false,"robots_max_snippet":"-1","robots_max_videopreview":"-1","robots_max_imagepreview":"large","priority":null,"frequency":"default","location":null,"local_seo":null,"seo_analyzer_scan_date":"2025-11-14 21:44:55","breadcrumb_settings":null,"limit_modified_date":false,"open_ai":null,"ai":{"faqs":[],"keyPoints":[],"titles":[],"descriptions":[],"socialPosts":{"email":[],"linkedin":[],"twitter":[],"facebook":[],"instagram":[]}},"created":"2025-11-14 21:28:13","updated":"2025-11-14 21:44:55"},"aioseo_breadcrumb":"<div class=\"aioseo-breadcrumbs\"><span class=\"aioseo-breadcrumb\">\n\t<a href=\"https:\/\/eldigitaldeasturias.com\/magazine365\" title=\"Home\">Home<\/a>\n<\/span><span class=\"aioseo-breadcrumb-separator\">\u2013<\/span><span class=\"aioseo-breadcrumb\">\n\t<a href=\"https:\/\/eldigitaldeasturias.com\/magazine365\/category\/moda\/\" title=\"Moda\">Moda<\/a>\n<\/span><span class=\"aioseo-breadcrumb-separator\">\u2013<\/span><span class=\"aioseo-breadcrumb\">\n\t<a href=\"https:\/\/eldigitaldeasturias.com\/magazine365\/pelo-sin-forma-consejo-para-un-buen-peinado\/\" title=\"\u00bfPelo sin forma? Consejo para un buen peinado\">\u00bfPelo sin forma? Consejo para un buen peinado<\/a>\n<\/span><\/div>","aioseo_breadcrumb_json":[{"label":"Home","link":"https:\/\/eldigitaldeasturias.com\/magazine365"},{"label":"Moda","link":"https:\/\/eldigitaldeasturias.com\/magazine365\/category\/moda\/"},{"label":"\u00bfPelo sin forma? Consejo para un buen peinado","link":"https:\/\/eldigitaldeasturias.com\/magazine365\/pelo-sin-forma-consejo-para-un-buen-peinado\/"}],"_links":{"self":[{"href":"https:\/\/eldigitaldeasturias.com\/magazine365\/wp-json\/wp\/v2\/posts\/112045","targetHints":{"allow":["GET"]}}],"collection":[{"href":"https:\/\/eldigitaldeasturias.com\/magazine365\/wp-json\/wp\/v2\/posts"}],"about":[{"href":"https:\/\/eldigitaldeasturias.com\/magazine365\/wp-json\/wp\/v2\/types\/post"}],"author":[{"embeddable":true,"href":"https:\/\/eldigitaldeasturias.com\/magazine365\/wp-json\/wp\/v2\/users\/1"}],"replies":[{"embeddable":true,"href":"https:\/\/eldigitaldeasturias.com\/magazine365\/wp-json\/wp\/v2\/comments?post=112045"}],"version-history":[{"count":0,"href":"https:\/\/eldigitaldeasturias.com\/magazine365\/wp-json\/wp\/v2\/posts\/112045\/revisions"}],"wp:featuredmedia":[{"embeddable":true,"href":"https:\/\/eldigitaldeasturias.com\/magazine365\/wp-json\/wp\/v2\/media\/112046"}],"wp:attachment":[{"href":"https:\/\/eldigitaldeasturias.com\/magazine365\/wp-json\/wp\/v2\/media?parent=112045"}],"wp:term":[{"taxonomy":"category","embeddable":true,"href":"https:\/\/eldigitaldeasturias.com\/magazine365\/wp-json\/wp\/v2\/categories?post=112045"},{"taxonomy":"post_tag","embeddable":true,"href":"https:\/\/eldigitaldeasturias.com\/magazine365\/wp-json\/wp\/v2\/tags?post=112045"}],"curies":[{"name":"wp","href":"https:\/\/api.w.org\/{rel}","templated":true}]}}