{"id":1114,"date":"2014-01-16T21:12:11","date_gmt":"2014-01-16T22:12:11","guid":{"rendered":"http:\/\/eldigitaldeasturias.com\/magazine365\/?p=1114"},"modified":"2014-01-16T21:12:11","modified_gmt":"2014-01-16T22:12:11","slug":"colombia-presentara-su-oferta-turistica-mas-interactiva-en-la-feria-fitur","status":"publish","type":"post","link":"https:\/\/eldigitaldeasturias.com\/magazine365\/colombia-presentara-su-oferta-turistica-mas-interactiva-en-la-feria-fitur\/","title":{"rendered":"Colombia presentar\u00e1 su oferta tur\u00edstica m\u00e1s interactiva en la feria Fitur"},"content":{"rendered":"<p><img fetchpriority=\"high\" decoding=\"async\" class=\"alignleft size-medium wp-image-1115\" alt=\"5854522w\" src=\"https:\/\/eldigitaldeasturias.com\/magazine365\/wp-content\/uploads\/2014\/01\/5854522w-360x232.jpg\" width=\"360\" height=\"232\" srcset=\"https:\/\/eldigitaldeasturias.com\/magazine365\/wp-content\/uploads\/2014\/01\/5854522w-360x232.jpg 360w, https:\/\/eldigitaldeasturias.com\/magazine365\/wp-content\/uploads\/2014\/01\/5854522w-650x419.jpg 650w, https:\/\/eldigitaldeasturias.com\/magazine365\/wp-content\/uploads\/2014\/01\/5854522w-768x495.jpg 768w, https:\/\/eldigitaldeasturias.com\/magazine365\/wp-content\/uploads\/2014\/01\/5854522w-150x97.jpg 150w, https:\/\/eldigitaldeasturias.com\/magazine365\/wp-content\/uploads\/2014\/01\/5854522w-450x290.jpg 450w, https:\/\/eldigitaldeasturias.com\/magazine365\/wp-content\/uploads\/2014\/01\/5854522w-696x449.jpg 696w, https:\/\/eldigitaldeasturias.com\/magazine365\/wp-content\/uploads\/2014\/01\/5854522w-651x420.jpg 651w, https:\/\/eldigitaldeasturias.com\/magazine365\/wp-content\/uploads\/2014\/01\/5854522w-225x145.jpg 225w, https:\/\/eldigitaldeasturias.com\/magazine365\/wp-content\/uploads\/2014\/01\/5854522w-84x55.jpg 84w, https:\/\/eldigitaldeasturias.com\/magazine365\/wp-content\/uploads\/2014\/01\/5854522w.jpg 800w\" sizes=\"(max-width: 360px) 100vw, 360px\" \/>Bogot\u00e1, 16 ene (EFE).- Colombia presentar\u00e1 su oferta tur\u00edstica en Feria Internacional de Turismo (Fitur), que comienza el pr\u00f3ximo mi\u00e9rcoles en Madrid, con un estand que ampliar\u00e1 la interacci\u00f3n con operadores y turistas a trav\u00e9s de numerosas herramientas tecnol\u00f3gicas, inform\u00f3 hoy la agencia Proexport.<\/p>\n<p>As\u00ed lo anunci\u00f3 Mar\u00eda Claudia Lacouture, la presidenta de la agencia oficial de las exportaciones, el turismo y las inversiones de Colombia (Proexport), en una rueda de prensa en la que explic\u00f3 los detalles de la participaci\u00f3n del pa\u00eds suramericano en la feria madrile\u00f1a.<\/p>\n<p>Lacouture explic\u00f3 que aunque el espacio de exposici\u00f3n de 400 metros cuadrados y la inversi\u00f3n de 2.000 millones de pesos (m\u00e1s de un mill\u00f3n de d\u00f3lares) se han reducido a la mitad con respecto a a\u00f1os anteriores, en esta ocasi\u00f3n se ha hecho un esfuerzo por \u00abinnovar y reforzar la tecnolog\u00eda\u00bb.<\/p>\n<p>Entre estas herramientas habr\u00e1 cat\u00e1logos virtuales con informaci\u00f3n precisa sobre las empresas colombianas que ofrecen cada servicio y con enlaces a los portales espa\u00f1oles que venden paquetes tur\u00edsticos hacia Colombia.<\/p>\n<p>Adem\u00e1s, tanto los expertos como los visitantes tendr\u00e1n acceso a una colecci\u00f3n de 50.000 postales con las 36 diferentes experiencias tur\u00edsticas detectadas por Proexport en 20 destinos tur\u00edsticos que contienen toda la informaci\u00f3n en un c\u00f3digo de barras que se puede escanear con los tel\u00e9fonos m\u00f3viles.<\/p>\n<p>Los visitantes podr\u00e1n tambi\u00e9n degustar hasta 20 productos colombianos como el emblem\u00e1tico caf\u00e9, jugos de frutas tropicales, dulces t\u00edpicos y \u00abpasabocas\u00bb como los bu\u00f1uelos, las carima\u00f1olas o las arepas a cambio de una menci\u00f3n en Twitter, Facebook e Instagram.<\/p>\n<p>Las 34 operadoras tur\u00edsticas colombianas que expondr\u00e1n sus servicios en Fitur podr\u00e1n hacer ventas directas, mientras que otras 33 peque\u00f1as y medianas empresas viajar\u00e1n con Proexport a Madrid durante cinco d\u00edas para participar en seminarios, capacitaciones y conocer la estrategia de promoci\u00f3n de la cercana ciudad de Toledo.<\/p>\n<p>En el marco de Fitur, Colombia aspira, asimismo, a ganar el concurso The AppTourism Award 2014, del que es finalista con su aplicaci\u00f3n \u00abColombia.Travel\u00bb junto con sus contrincantes \u00abTo Norway\u00bb y \u00abVisit Jordan\u00bb.<\/p>\n<p>Lacouture confi\u00f3 en que este despliegue tecnol\u00f3gico en Fitur bajo la campa\u00f1a \u00abColombia es realismo m\u00e1gico\u00bb, que Proexport puso en marcha en abril pasado, permita \u00abcaptar m\u00e1s mayoristas nuevos y bases de datos\u00bb con una oferta que tiene \u00abun direccionamiento espec\u00edfico para lo que quiera cada turista\u00bb.<\/p>\n<p>El turismo internacional ha crecido en los \u00faltimos a\u00f1os entre el 7 y el 10 %, seg\u00fan Lacouture, y los visitantes proceden sobre todo de Estados Unidos, Venezuela, Argentina, Ecuador y Per\u00fa.<\/p>\n<p>Colombia ha detectado tambi\u00e9n que los turistas europeos no han dejado de viajar por la crisis econ\u00f3mica y registran un aumento de personas de clase media de entre 25 y 40 a\u00f1os de edad que llegan al pa\u00eds.<\/p>\n<p>En 2014 el pa\u00eds suramericano vivir\u00e1 \u00abun a\u00f1o de retos\u00bb en la promoci\u00f3n de sus destinos por la celebraci\u00f3n del Mundial de Brasil 2014, aunque seg\u00fan Lacouture, ante los altos precios de este destino, Colombia quiere \u00abcapitalizar ese coste antes y despu\u00e9s\u00bb de la cita futbol\u00edstica.<\/p>\n","protected":false},"excerpt":{"rendered":"<p>Bogot\u00e1, 16 ene (EFE).- Colombia presentar\u00e1 su oferta tur\u00edstica en Feria Internacional de Turismo (Fitur), que comienza el pr\u00f3ximo mi\u00e9rcoles en Madrid, con un estand que ampliar\u00e1 la interacci\u00f3n con operadores y turistas a trav\u00e9s de numerosas herramientas tecnol\u00f3gicas, inform\u00f3 hoy la agencia Proexport. As\u00ed lo anunci\u00f3 Mar\u00eda Claudia Lacouture, la presidenta de la agencia<\/p>\n","protected":false},"author":1,"featured_media":1115,"comment_status":"open","ping_status":"open","sticky":false,"template":"","format":"standard","meta":{"footnotes":""},"categories":[222],"tags":[],"class_list":{"0":"post-1114","1":"post","2":"type-post","3":"status-publish","4":"format-standard","5":"has-post-thumbnail","7":"category-actualidad-turismo"},"aioseo_notices":[],"aioseo_head":"\n\t\t<!-- All in One SEO Pro 4.9.6.1 - aioseo.com -->\n\t<meta name=\"description\" content=\"Bogot\u00e1, 16 ene (EFE).- Colombia presentar\u00e1 su oferta tur\u00edstica en Feria Internacional de Turismo (Fitur), que comienza el pr\u00f3ximo mi\u00e9rcoles en Madrid, con un estand que ampliar\u00e1 la interacci\u00f3n con operadores y turistas a trav\u00e9s de numerosas herramientas tecnol\u00f3gicas, inform\u00f3 hoy la agencia Proexport. As\u00ed lo anunci\u00f3 Mar\u00eda Claudia Lacouture, la presidenta de la agencia\" \/>\n\t<meta name=\"robots\" content=\"max-image-preview:large\" \/>\n\t<meta name=\"author\" content=\"admin\"\/>\n\t<meta name=\"google-site-verification\" content=\"UA-38556648-1\" \/>\n\t<meta name=\"keywords\" content=\"actualidad turismo\" \/>\n\t<link rel=\"canonical\" href=\"https:\/\/eldigitaldeasturias.com\/magazine365\/colombia-presentara-su-oferta-turistica-mas-interactiva-en-la-feria-fitur\/\" \/>\n\t<meta name=\"generator\" content=\"All in One SEO Pro (AIOSEO) 4.9.6.1\" \/>\n\t\t<meta property=\"og:locale\" content=\"es_ES\" \/>\n\t\t<meta property=\"og:site_name\" content=\"El Digital de Asturias \u2013 Revista de ocio, turismo y estilo de vida\" \/>\n\t\t<meta property=\"og:type\" content=\"article\" \/>\n\t\t<meta property=\"og:title\" content=\"Colombia presentar\u00e1 su oferta tur\u00edstica m\u00e1s interactiva en la feria Fitur | El Digital de Asturias\" \/>\n\t\t<meta property=\"og:description\" content=\"Bogot\u00e1, 16 ene (EFE).- Colombia presentar\u00e1 su oferta tur\u00edstica en Feria Internacional de Turismo (Fitur), que comienza el pr\u00f3ximo mi\u00e9rcoles en Madrid, con un estand que ampliar\u00e1 la interacci\u00f3n con operadores y turistas a trav\u00e9s de numerosas herramientas tecnol\u00f3gicas, inform\u00f3 hoy la agencia Proexport. As\u00ed lo anunci\u00f3 Mar\u00eda Claudia Lacouture, la presidenta de la agencia\" \/>\n\t\t<meta property=\"og:url\" content=\"https:\/\/eldigitaldeasturias.com\/magazine365\/colombia-presentara-su-oferta-turistica-mas-interactiva-en-la-feria-fitur\/\" \/>\n\t\t<meta property=\"og:image\" content=\"https:\/\/eldigitaldeasturias.com\/magazine365\/wp-content\/uploads\/2014\/01\/5854522w.jpg\" \/>\n\t\t<meta property=\"og:image:secure_url\" content=\"https:\/\/eldigitaldeasturias.com\/magazine365\/wp-content\/uploads\/2014\/01\/5854522w.jpg\" \/>\n\t\t<meta property=\"og:image:width\" content=\"800\" \/>\n\t\t<meta property=\"og:image:height\" content=\"516\" \/>\n\t\t<meta property=\"article:published_time\" content=\"2014-01-16T22:12:11+00:00\" \/>\n\t\t<meta property=\"article:modified_time\" content=\"2014-01-16T22:12:11+00:00\" \/>\n\t\t<meta name=\"twitter:card\" content=\"summary_large_image\" \/>\n\t\t<meta name=\"twitter:title\" content=\"Colombia presentar\u00e1 su oferta tur\u00edstica m\u00e1s interactiva en la feria Fitur | El Digital de Asturias\" \/>\n\t\t<meta name=\"twitter:description\" content=\"Bogot\u00e1, 16 ene (EFE).- Colombia presentar\u00e1 su oferta tur\u00edstica en Feria Internacional de Turismo (Fitur), que comienza el pr\u00f3ximo mi\u00e9rcoles en Madrid, con un estand que ampliar\u00e1 la interacci\u00f3n con operadores y turistas a trav\u00e9s de numerosas herramientas tecnol\u00f3gicas, inform\u00f3 hoy la agencia Proexport. As\u00ed lo anunci\u00f3 Mar\u00eda Claudia Lacouture, la presidenta de la agencia\" \/>\n\t\t<meta name=\"twitter:image\" content=\"https:\/\/eldigitaldeasturias.com\/magazine365\/wp-content\/uploads\/2014\/01\/5854522w.jpg\" \/>\n\t\t<script type=\"application\/ld+json\" class=\"aioseo-schema\">\n\t\t\t{\"@context\":\"https:\\\/\\\/schema.org\",\"@graph\":[{\"@type\":\"Article\",\"@id\":\"https:\\\/\\\/eldigitaldeasturias.com\\\/magazine365\\\/colombia-presentara-su-oferta-turistica-mas-interactiva-en-la-feria-fitur\\\/#article\",\"name\":\"Colombia presentar\\u00e1 su oferta tur\\u00edstica m\\u00e1s interactiva en la feria Fitur | El Digital de Asturias\",\"headline\":\"Colombia presentar\\u00e1 su oferta tur\\u00edstica m\\u00e1s interactiva en la feria Fitur\",\"author\":{\"@id\":\"https:\\\/\\\/eldigitaldeasturias.com\\\/magazine365\\\/author\\\/admin\\\/#author\"},\"publisher\":{\"@id\":\"https:\\\/\\\/eldigitaldeasturias.com\\\/magazine365\\\/#organization\"},\"image\":{\"@type\":\"ImageObject\",\"url\":\"https:\\\/\\\/eldigitaldeasturias.com\\\/magazine365\\\/wp-content\\\/uploads\\\/2014\\\/01\\\/5854522w.jpg\",\"width\":800,\"height\":516},\"datePublished\":\"2014-01-16T21:12:11+01:00\",\"dateModified\":\"2014-01-16T21:12:11+01:00\",\"inLanguage\":\"es-ES\",\"mainEntityOfPage\":{\"@id\":\"https:\\\/\\\/eldigitaldeasturias.com\\\/magazine365\\\/colombia-presentara-su-oferta-turistica-mas-interactiva-en-la-feria-fitur\\\/#webpage\"},\"isPartOf\":{\"@id\":\"https:\\\/\\\/eldigitaldeasturias.com\\\/magazine365\\\/colombia-presentara-su-oferta-turistica-mas-interactiva-en-la-feria-fitur\\\/#webpage\"},\"articleSection\":\"Actualidad Turismo\"},{\"@type\":\"BreadcrumbList\",\"@id\":\"https:\\\/\\\/eldigitaldeasturias.com\\\/magazine365\\\/colombia-presentara-su-oferta-turistica-mas-interactiva-en-la-feria-fitur\\\/#breadcrumblist\",\"itemListElement\":[{\"@type\":\"ListItem\",\"@id\":\"https:\\\/\\\/eldigitaldeasturias.com\\\/magazine365#listItem\",\"position\":1,\"name\":\"Home\",\"item\":\"https:\\\/\\\/eldigitaldeasturias.com\\\/magazine365\",\"nextItem\":{\"@type\":\"ListItem\",\"@id\":\"https:\\\/\\\/eldigitaldeasturias.com\\\/magazine365\\\/category\\\/actualidad-turismo\\\/#listItem\",\"name\":\"Actualidad Turismo\"}},{\"@type\":\"ListItem\",\"@id\":\"https:\\\/\\\/eldigitaldeasturias.com\\\/magazine365\\\/category\\\/actualidad-turismo\\\/#listItem\",\"position\":2,\"name\":\"Actualidad Turismo\",\"item\":\"https:\\\/\\\/eldigitaldeasturias.com\\\/magazine365\\\/category\\\/actualidad-turismo\\\/\",\"nextItem\":{\"@type\":\"ListItem\",\"@id\":\"https:\\\/\\\/eldigitaldeasturias.com\\\/magazine365\\\/colombia-presentara-su-oferta-turistica-mas-interactiva-en-la-feria-fitur\\\/#listItem\",\"name\":\"Colombia presentar\\u00e1 su oferta tur\\u00edstica m\\u00e1s interactiva en la feria Fitur\"},\"previousItem\":{\"@type\":\"ListItem\",\"@id\":\"https:\\\/\\\/eldigitaldeasturias.com\\\/magazine365#listItem\",\"name\":\"Home\"}},{\"@type\":\"ListItem\",\"@id\":\"https:\\\/\\\/eldigitaldeasturias.com\\\/magazine365\\\/colombia-presentara-su-oferta-turistica-mas-interactiva-en-la-feria-fitur\\\/#listItem\",\"position\":3,\"name\":\"Colombia presentar\\u00e1 su oferta tur\\u00edstica m\\u00e1s interactiva en la feria Fitur\",\"previousItem\":{\"@type\":\"ListItem\",\"@id\":\"https:\\\/\\\/eldigitaldeasturias.com\\\/magazine365\\\/category\\\/actualidad-turismo\\\/#listItem\",\"name\":\"Actualidad Turismo\"}}]},{\"@type\":\"Organization\",\"@id\":\"https:\\\/\\\/eldigitaldeasturias.com\\\/magazine365\\\/#organization\",\"name\":\"El digital de Asturias\",\"description\":\"Revista de ocio, turismo y estilo de vida\",\"url\":\"https:\\\/\\\/eldigitaldeasturias.com\\\/magazine365\\\/\",\"logo\":{\"@type\":\"ImageObject\",\"url\":\"https:\\\/\\\/www.eldigitaldeasturias.com\\\/noticias\\\/wp-content\\\/uploads\\\/2020\\\/12\\\/EDA.jpg\",\"@id\":\"https:\\\/\\\/eldigitaldeasturias.com\\\/magazine365\\\/colombia-presentara-su-oferta-turistica-mas-interactiva-en-la-feria-fitur\\\/#organizationLogo\"},\"image\":{\"@id\":\"https:\\\/\\\/eldigitaldeasturias.com\\\/magazine365\\\/colombia-presentara-su-oferta-turistica-mas-interactiva-en-la-feria-fitur\\\/#organizationLogo\"}},{\"@type\":\"Person\",\"@id\":\"https:\\\/\\\/eldigitaldeasturias.com\\\/magazine365\\\/author\\\/admin\\\/#author\",\"url\":\"https:\\\/\\\/eldigitaldeasturias.com\\\/magazine365\\\/author\\\/admin\\\/\",\"name\":\"admin\",\"image\":{\"@type\":\"ImageObject\",\"@id\":\"https:\\\/\\\/eldigitaldeasturias.com\\\/magazine365\\\/colombia-presentara-su-oferta-turistica-mas-interactiva-en-la-feria-fitur\\\/#authorImage\",\"url\":\"https:\\\/\\\/eldigitaldeasturias.com\\\/magazine365\\\/wp-content\\\/litespeed\\\/avatar\\\/e571bcf59a0edd6fa6838245a470f2fe.jpg?ver=1777574230\",\"width\":96,\"height\":96,\"caption\":\"admin\"}},{\"@type\":\"WebPage\",\"@id\":\"https:\\\/\\\/eldigitaldeasturias.com\\\/magazine365\\\/colombia-presentara-su-oferta-turistica-mas-interactiva-en-la-feria-fitur\\\/#webpage\",\"url\":\"https:\\\/\\\/eldigitaldeasturias.com\\\/magazine365\\\/colombia-presentara-su-oferta-turistica-mas-interactiva-en-la-feria-fitur\\\/\",\"name\":\"Colombia presentar\\u00e1 su oferta tur\\u00edstica m\\u00e1s interactiva en la feria Fitur | El Digital de Asturias\",\"description\":\"Bogot\\u00e1, 16 ene (EFE).- Colombia presentar\\u00e1 su oferta tur\\u00edstica en Feria Internacional de Turismo (Fitur), que comienza el pr\\u00f3ximo mi\\u00e9rcoles en Madrid, con un estand que ampliar\\u00e1 la interacci\\u00f3n con operadores y turistas a trav\\u00e9s de numerosas herramientas tecnol\\u00f3gicas, inform\\u00f3 hoy la agencia Proexport. As\\u00ed lo anunci\\u00f3 Mar\\u00eda Claudia Lacouture, la presidenta de la agencia\",\"inLanguage\":\"es-ES\",\"isPartOf\":{\"@id\":\"https:\\\/\\\/eldigitaldeasturias.com\\\/magazine365\\\/#website\"},\"breadcrumb\":{\"@id\":\"https:\\\/\\\/eldigitaldeasturias.com\\\/magazine365\\\/colombia-presentara-su-oferta-turistica-mas-interactiva-en-la-feria-fitur\\\/#breadcrumblist\"},\"author\":{\"@id\":\"https:\\\/\\\/eldigitaldeasturias.com\\\/magazine365\\\/author\\\/admin\\\/#author\"},\"creator\":{\"@id\":\"https:\\\/\\\/eldigitaldeasturias.com\\\/magazine365\\\/author\\\/admin\\\/#author\"},\"image\":{\"@type\":\"ImageObject\",\"url\":\"https:\\\/\\\/eldigitaldeasturias.com\\\/magazine365\\\/wp-content\\\/uploads\\\/2014\\\/01\\\/5854522w.jpg\",\"@id\":\"https:\\\/\\\/eldigitaldeasturias.com\\\/magazine365\\\/colombia-presentara-su-oferta-turistica-mas-interactiva-en-la-feria-fitur\\\/#mainImage\",\"width\":800,\"height\":516},\"primaryImageOfPage\":{\"@id\":\"https:\\\/\\\/eldigitaldeasturias.com\\\/magazine365\\\/colombia-presentara-su-oferta-turistica-mas-interactiva-en-la-feria-fitur\\\/#mainImage\"},\"datePublished\":\"2014-01-16T21:12:11+01:00\",\"dateModified\":\"2014-01-16T21:12:11+01:00\"},{\"@type\":\"WebSite\",\"@id\":\"https:\\\/\\\/eldigitaldeasturias.com\\\/magazine365\\\/#website\",\"url\":\"https:\\\/\\\/eldigitaldeasturias.com\\\/magazine365\\\/\",\"name\":\"El Digital de Asturias\",\"description\":\"Revista de ocio, turismo y estilo de vida\",\"inLanguage\":\"es-ES\",\"publisher\":{\"@id\":\"https:\\\/\\\/eldigitaldeasturias.com\\\/magazine365\\\/#organization\"}}]}\n\t\t<\/script>\n\t\t<!-- All in One SEO Pro -->\r\n\t\t<title>Colombia presentar\u00e1 su oferta tur\u00edstica m\u00e1s interactiva en la feria Fitur | El Digital de Asturias<\/title>\n\n","aioseo_head_json":{"title":"Colombia presentar\u00e1 su oferta tur\u00edstica m\u00e1s interactiva en la feria Fitur | El Digital de Asturias","description":"Bogot\u00e1, 16 ene (EFE).- Colombia presentar\u00e1 su oferta tur\u00edstica en Feria Internacional de Turismo (Fitur), que comienza el pr\u00f3ximo mi\u00e9rcoles en Madrid, con un estand que ampliar\u00e1 la interacci\u00f3n con operadores y turistas a trav\u00e9s de numerosas herramientas tecnol\u00f3gicas, inform\u00f3 hoy la agencia Proexport. As\u00ed lo anunci\u00f3 Mar\u00eda Claudia Lacouture, la presidenta de la agencia","canonical_url":"https:\/\/eldigitaldeasturias.com\/magazine365\/colombia-presentara-su-oferta-turistica-mas-interactiva-en-la-feria-fitur\/","robots":"max-image-preview:large","keywords":"actualidad turismo","webmasterTools":{"google-site-verification":"UA-38556648-1","miscellaneous":""},"schema":{"@context":"https:\/\/schema.org","@graph":[{"@type":"Article","@id":"https:\/\/eldigitaldeasturias.com\/magazine365\/colombia-presentara-su-oferta-turistica-mas-interactiva-en-la-feria-fitur\/#article","name":"Colombia presentar\u00e1 su oferta tur\u00edstica m\u00e1s interactiva en la feria Fitur | El Digital de Asturias","headline":"Colombia presentar\u00e1 su oferta tur\u00edstica m\u00e1s interactiva en la feria Fitur","author":{"@id":"https:\/\/eldigitaldeasturias.com\/magazine365\/author\/admin\/#author"},"publisher":{"@id":"https:\/\/eldigitaldeasturias.com\/magazine365\/#organization"},"image":{"@type":"ImageObject","url":"https:\/\/eldigitaldeasturias.com\/magazine365\/wp-content\/uploads\/2014\/01\/5854522w.jpg","width":800,"height":516},"datePublished":"2014-01-16T21:12:11+01:00","dateModified":"2014-01-16T21:12:11+01:00","inLanguage":"es-ES","mainEntityOfPage":{"@id":"https:\/\/eldigitaldeasturias.com\/magazine365\/colombia-presentara-su-oferta-turistica-mas-interactiva-en-la-feria-fitur\/#webpage"},"isPartOf":{"@id":"https:\/\/eldigitaldeasturias.com\/magazine365\/colombia-presentara-su-oferta-turistica-mas-interactiva-en-la-feria-fitur\/#webpage"},"articleSection":"Actualidad Turismo"},{"@type":"BreadcrumbList","@id":"https:\/\/eldigitaldeasturias.com\/magazine365\/colombia-presentara-su-oferta-turistica-mas-interactiva-en-la-feria-fitur\/#breadcrumblist","itemListElement":[{"@type":"ListItem","@id":"https:\/\/eldigitaldeasturias.com\/magazine365#listItem","position":1,"name":"Home","item":"https:\/\/eldigitaldeasturias.com\/magazine365","nextItem":{"@type":"ListItem","@id":"https:\/\/eldigitaldeasturias.com\/magazine365\/category\/actualidad-turismo\/#listItem","name":"Actualidad Turismo"}},{"@type":"ListItem","@id":"https:\/\/eldigitaldeasturias.com\/magazine365\/category\/actualidad-turismo\/#listItem","position":2,"name":"Actualidad Turismo","item":"https:\/\/eldigitaldeasturias.com\/magazine365\/category\/actualidad-turismo\/","nextItem":{"@type":"ListItem","@id":"https:\/\/eldigitaldeasturias.com\/magazine365\/colombia-presentara-su-oferta-turistica-mas-interactiva-en-la-feria-fitur\/#listItem","name":"Colombia presentar\u00e1 su oferta tur\u00edstica m\u00e1s interactiva en la feria Fitur"},"previousItem":{"@type":"ListItem","@id":"https:\/\/eldigitaldeasturias.com\/magazine365#listItem","name":"Home"}},{"@type":"ListItem","@id":"https:\/\/eldigitaldeasturias.com\/magazine365\/colombia-presentara-su-oferta-turistica-mas-interactiva-en-la-feria-fitur\/#listItem","position":3,"name":"Colombia presentar\u00e1 su oferta tur\u00edstica m\u00e1s interactiva en la feria Fitur","previousItem":{"@type":"ListItem","@id":"https:\/\/eldigitaldeasturias.com\/magazine365\/category\/actualidad-turismo\/#listItem","name":"Actualidad Turismo"}}]},{"@type":"Organization","@id":"https:\/\/eldigitaldeasturias.com\/magazine365\/#organization","name":"El digital de Asturias","description":"Revista de ocio, turismo y estilo de vida","url":"https:\/\/eldigitaldeasturias.com\/magazine365\/","logo":{"@type":"ImageObject","url":"https:\/\/www.eldigitaldeasturias.com\/noticias\/wp-content\/uploads\/2020\/12\/EDA.jpg","@id":"https:\/\/eldigitaldeasturias.com\/magazine365\/colombia-presentara-su-oferta-turistica-mas-interactiva-en-la-feria-fitur\/#organizationLogo"},"image":{"@id":"https:\/\/eldigitaldeasturias.com\/magazine365\/colombia-presentara-su-oferta-turistica-mas-interactiva-en-la-feria-fitur\/#organizationLogo"}},{"@type":"Person","@id":"https:\/\/eldigitaldeasturias.com\/magazine365\/author\/admin\/#author","url":"https:\/\/eldigitaldeasturias.com\/magazine365\/author\/admin\/","name":"admin","image":{"@type":"ImageObject","@id":"https:\/\/eldigitaldeasturias.com\/magazine365\/colombia-presentara-su-oferta-turistica-mas-interactiva-en-la-feria-fitur\/#authorImage","url":"https:\/\/eldigitaldeasturias.com\/magazine365\/wp-content\/litespeed\/avatar\/e571bcf59a0edd6fa6838245a470f2fe.jpg?ver=1777574230","width":96,"height":96,"caption":"admin"}},{"@type":"WebPage","@id":"https:\/\/eldigitaldeasturias.com\/magazine365\/colombia-presentara-su-oferta-turistica-mas-interactiva-en-la-feria-fitur\/#webpage","url":"https:\/\/eldigitaldeasturias.com\/magazine365\/colombia-presentara-su-oferta-turistica-mas-interactiva-en-la-feria-fitur\/","name":"Colombia presentar\u00e1 su oferta tur\u00edstica m\u00e1s interactiva en la feria Fitur | El Digital de Asturias","description":"Bogot\u00e1, 16 ene (EFE).- Colombia presentar\u00e1 su oferta tur\u00edstica en Feria Internacional de Turismo (Fitur), que comienza el pr\u00f3ximo mi\u00e9rcoles en Madrid, con un estand que ampliar\u00e1 la interacci\u00f3n con operadores y turistas a trav\u00e9s de numerosas herramientas tecnol\u00f3gicas, inform\u00f3 hoy la agencia Proexport. As\u00ed lo anunci\u00f3 Mar\u00eda Claudia Lacouture, la presidenta de la agencia","inLanguage":"es-ES","isPartOf":{"@id":"https:\/\/eldigitaldeasturias.com\/magazine365\/#website"},"breadcrumb":{"@id":"https:\/\/eldigitaldeasturias.com\/magazine365\/colombia-presentara-su-oferta-turistica-mas-interactiva-en-la-feria-fitur\/#breadcrumblist"},"author":{"@id":"https:\/\/eldigitaldeasturias.com\/magazine365\/author\/admin\/#author"},"creator":{"@id":"https:\/\/eldigitaldeasturias.com\/magazine365\/author\/admin\/#author"},"image":{"@type":"ImageObject","url":"https:\/\/eldigitaldeasturias.com\/magazine365\/wp-content\/uploads\/2014\/01\/5854522w.jpg","@id":"https:\/\/eldigitaldeasturias.com\/magazine365\/colombia-presentara-su-oferta-turistica-mas-interactiva-en-la-feria-fitur\/#mainImage","width":800,"height":516},"primaryImageOfPage":{"@id":"https:\/\/eldigitaldeasturias.com\/magazine365\/colombia-presentara-su-oferta-turistica-mas-interactiva-en-la-feria-fitur\/#mainImage"},"datePublished":"2014-01-16T21:12:11+01:00","dateModified":"2014-01-16T21:12:11+01:00"},{"@type":"WebSite","@id":"https:\/\/eldigitaldeasturias.com\/magazine365\/#website","url":"https:\/\/eldigitaldeasturias.com\/magazine365\/","name":"El Digital de Asturias","description":"Revista de ocio, turismo y estilo de vida","inLanguage":"es-ES","publisher":{"@id":"https:\/\/eldigitaldeasturias.com\/magazine365\/#organization"}}]},"og:locale":"es_ES","og:site_name":"El Digital de Asturias \u2013 Revista de ocio, turismo y estilo de vida","og:type":"article","og:title":"Colombia presentar\u00e1 su oferta tur\u00edstica m\u00e1s interactiva en la feria Fitur | El Digital de Asturias","og:description":"Bogot\u00e1, 16 ene (EFE).- Colombia presentar\u00e1 su oferta tur\u00edstica en Feria Internacional de Turismo (Fitur), que comienza el pr\u00f3ximo mi\u00e9rcoles en Madrid, con un estand que ampliar\u00e1 la interacci\u00f3n con operadores y turistas a trav\u00e9s de numerosas herramientas tecnol\u00f3gicas, inform\u00f3 hoy la agencia Proexport. As\u00ed lo anunci\u00f3 Mar\u00eda Claudia Lacouture, la presidenta de la agencia","og:url":"https:\/\/eldigitaldeasturias.com\/magazine365\/colombia-presentara-su-oferta-turistica-mas-interactiva-en-la-feria-fitur\/","og:image":"https:\/\/eldigitaldeasturias.com\/magazine365\/wp-content\/uploads\/2014\/01\/5854522w.jpg","og:image:secure_url":"https:\/\/eldigitaldeasturias.com\/magazine365\/wp-content\/uploads\/2014\/01\/5854522w.jpg","og:image:width":800,"og:image:height":516,"article:published_time":"2014-01-16T22:12:11+00:00","article:modified_time":"2014-01-16T22:12:11+00:00","twitter:card":"summary_large_image","twitter:title":"Colombia presentar\u00e1 su oferta tur\u00edstica m\u00e1s interactiva en la feria Fitur | El Digital de Asturias","twitter:description":"Bogot\u00e1, 16 ene (EFE).- Colombia presentar\u00e1 su oferta tur\u00edstica en Feria Internacional de Turismo (Fitur), que comienza el pr\u00f3ximo mi\u00e9rcoles en Madrid, con un estand que ampliar\u00e1 la interacci\u00f3n con operadores y turistas a trav\u00e9s de numerosas herramientas tecnol\u00f3gicas, inform\u00f3 hoy la agencia Proexport. As\u00ed lo anunci\u00f3 Mar\u00eda Claudia Lacouture, la presidenta de la agencia","twitter:image":"https:\/\/eldigitaldeasturias.com\/magazine365\/wp-content\/uploads\/2014\/01\/5854522w.jpg"},"aioseo_meta_data":{"post_id":"1114","title":null,"description":null,"keywords":null,"keyphrases":null,"primary_term":null,"canonical_url":null,"og_title":null,"og_description":null,"og_object_type":"default","og_image_type":"default","og_image_url":null,"og_image_width":null,"og_image_height":null,"og_image_custom_url":null,"og_image_custom_fields":null,"og_video":null,"og_custom_url":null,"og_article_section":null,"og_article_tags":null,"twitter_use_og":false,"twitter_card":"default","twitter_image_type":"default","twitter_image_url":null,"twitter_image_custom_url":null,"twitter_image_custom_fields":null,"twitter_title":null,"twitter_description":null,"schema":{"blockGraphs":[],"customGraphs":[],"default":{"data":{"Article":[],"Course":[],"Dataset":[],"FAQPage":[],"Movie":[],"Person":[],"Product":[],"ProductReview":[],"Car":[],"Recipe":[],"Service":[],"SoftwareApplication":[],"WebPage":[]},"graphName":"","isEnabled":true},"graphs":[],"defaultGraph":"","defaultPostTypeGraph":""},"schema_type":null,"schema_type_options":null,"pillar_content":false,"robots_default":true,"robots_noindex":false,"robots_noarchive":false,"robots_nosnippet":false,"robots_nofollow":false,"robots_noimageindex":false,"robots_noodp":false,"robots_notranslate":false,"robots_max_snippet":null,"robots_max_videopreview":null,"robots_max_imagepreview":"large","priority":null,"frequency":null,"location":null,"local_seo":null,"seo_analyzer_scan_date":"2025-09-16 08:46:30","breadcrumb_settings":null,"limit_modified_date":false,"open_ai":null,"ai":null,"created":"2020-12-21 13:36:36","updated":"2025-09-16 08:46:30"},"aioseo_breadcrumb":"<div class=\"aioseo-breadcrumbs\"><span class=\"aioseo-breadcrumb\">\n\t<a href=\"https:\/\/eldigitaldeasturias.com\/magazine365\" title=\"Home\">Home<\/a>\n<\/span><span class=\"aioseo-breadcrumb-separator\">\u2013<\/span><span class=\"aioseo-breadcrumb\">\n\t<a href=\"https:\/\/eldigitaldeasturias.com\/magazine365\/category\/actualidad-turismo\/\" title=\"Actualidad Turismo\">Actualidad Turismo<\/a>\n<\/span><span class=\"aioseo-breadcrumb-separator\">\u2013<\/span><span class=\"aioseo-breadcrumb\">\n\t<a href=\"https:\/\/eldigitaldeasturias.com\/magazine365\/colombia-presentara-su-oferta-turistica-mas-interactiva-en-la-feria-fitur\/\" title=\"Colombia presentar\u00e1 su oferta tur\u00edstica m\u00e1s interactiva en la feria Fitur\">Colombia presentar\u00e1 su oferta tur\u00edstica m\u00e1s interactiva en la feria Fitur<\/a>\n<\/span><\/div>","aioseo_breadcrumb_json":[{"label":"Home","link":"https:\/\/eldigitaldeasturias.com\/magazine365"},{"label":"Actualidad Turismo","link":"https:\/\/eldigitaldeasturias.com\/magazine365\/category\/actualidad-turismo\/"},{"label":"Colombia presentar\u00e1 su oferta tur\u00edstica m\u00e1s interactiva en la feria Fitur","link":"https:\/\/eldigitaldeasturias.com\/magazine365\/colombia-presentara-su-oferta-turistica-mas-interactiva-en-la-feria-fitur\/"}],"_links":{"self":[{"href":"https:\/\/eldigitaldeasturias.com\/magazine365\/wp-json\/wp\/v2\/posts\/1114","targetHints":{"allow":["GET"]}}],"collection":[{"href":"https:\/\/eldigitaldeasturias.com\/magazine365\/wp-json\/wp\/v2\/posts"}],"about":[{"href":"https:\/\/eldigitaldeasturias.com\/magazine365\/wp-json\/wp\/v2\/types\/post"}],"author":[{"embeddable":true,"href":"https:\/\/eldigitaldeasturias.com\/magazine365\/wp-json\/wp\/v2\/users\/1"}],"replies":[{"embeddable":true,"href":"https:\/\/eldigitaldeasturias.com\/magazine365\/wp-json\/wp\/v2\/comments?post=1114"}],"version-history":[{"count":0,"href":"https:\/\/eldigitaldeasturias.com\/magazine365\/wp-json\/wp\/v2\/posts\/1114\/revisions"}],"wp:featuredmedia":[{"embeddable":true,"href":"https:\/\/eldigitaldeasturias.com\/magazine365\/wp-json\/wp\/v2\/media\/1115"}],"wp:attachment":[{"href":"https:\/\/eldigitaldeasturias.com\/magazine365\/wp-json\/wp\/v2\/media?parent=1114"}],"wp:term":[{"taxonomy":"category","embeddable":true,"href":"https:\/\/eldigitaldeasturias.com\/magazine365\/wp-json\/wp\/v2\/categories?post=1114"},{"taxonomy":"post_tag","embeddable":true,"href":"https:\/\/eldigitaldeasturias.com\/magazine365\/wp-json\/wp\/v2\/tags?post=1114"}],"curies":[{"name":"wp","href":"https:\/\/api.w.org\/{rel}","templated":true}]}}