{"id":111303,"date":"2024-03-03T06:49:08","date_gmt":"2024-03-03T05:49:08","guid":{"rendered":"https:\/\/eldigitaldeasturias.com\/magazine365\/?p=111303"},"modified":"2024-03-03T06:49:08","modified_gmt":"2024-03-03T05:49:08","slug":"explorando-nuevas-fronteras-en-el-diseno-de-interiores-la-realidad-virtual-llega-a-the-gallery","status":"publish","type":"post","link":"https:\/\/eldigitaldeasturias.com\/magazine365\/explorando-nuevas-fronteras-en-el-diseno-de-interiores-la-realidad-virtual-llega-a-the-gallery\/","title":{"rendered":"Explorando nuevas fronteras en el dise\u00f1o de interiores: La realidad virtual llega a The Gallery"},"content":{"rendered":"<p><span style=\"font-weight: 400;\">En el cautivador mundo del dise\u00f1o de interiores, cada espacio cuenta una historia \u00fanica, y <\/span><span style=\"color: #ff6600;\"><a style=\"color: #ff6600;\" href=\"https:\/\/thegallerydeco.com\" target=\"_blank\" rel=\"nofollow noopener\"><b>The Gallery Deco<\/b><\/a><\/span><span style=\"font-weight: 400;\"> emerge como un faro de creatividad y originalidad. Ubicada en Bezana, Cantabria, esta tienda de muebles y decoraci\u00f3n ha desafiado las convenciones al adoptar la realidad virtual como una herramienta esencial en su proceso creativo. En un pa\u00eds con una poblaci\u00f3n que supera los 48 millones de habitantes como Espa\u00f1a, <\/span><b>encontrar un hogar que refleje la esencia y el estilo de vida<\/b><span style=\"font-weight: 400;\"> de cada individuo es un objetivo primordial. Es aqu\u00ed donde The Gallery se destaca como un l\u00edder visionario en el campo del dise\u00f1o de interiores.<\/span><\/p>\n<p><img fetchpriority=\"high\" decoding=\"async\" class=\"aligncenter size-large wp-image-111305\" src=\"https:\/\/eldigitaldeasturias.com\/magazine365\/wp-content\/uploads\/2024\/03\/The-Gallery-vitual-650x423.jpg\" alt=\"The Gallery vitual\" width=\"650\" height=\"423\" srcset=\"https:\/\/eldigitaldeasturias.com\/magazine365\/wp-content\/uploads\/2024\/03\/The-Gallery-vitual-650x423.jpg 650w, https:\/\/eldigitaldeasturias.com\/magazine365\/wp-content\/uploads\/2024\/03\/The-Gallery-vitual-360x234.jpg 360w, https:\/\/eldigitaldeasturias.com\/magazine365\/wp-content\/uploads\/2024\/03\/The-Gallery-vitual-768x500.jpg 768w, https:\/\/eldigitaldeasturias.com\/magazine365\/wp-content\/uploads\/2024\/03\/The-Gallery-vitual-150x98.jpg 150w, https:\/\/eldigitaldeasturias.com\/magazine365\/wp-content\/uploads\/2024\/03\/The-Gallery-vitual-450x293.jpg 450w, https:\/\/eldigitaldeasturias.com\/magazine365\/wp-content\/uploads\/2024\/03\/The-Gallery-vitual.jpg 1073w\" sizes=\"(max-width: 650px) 100vw, 650px\" \/><\/p>\n<h2><b>La experiencia sensorial juega un papel fundamental en el dise\u00f1o de interiores<\/b><\/h2>\n<p><span style=\"font-weight: 400;\">En The Gallery, se valora en su m\u00e1xima expresi\u00f3n. Cada textura, cada detalle contribuye a la atm\u00f3sfera \u00fanica de un hogar. Por este motivo, en The Gallery se promueve la interacci\u00f3n t\u00e1ctil con los productos, permitiendo a los clientes experimentar la calidad y el estilo de cada pieza de manera palpable. Esta atenci\u00f3n meticulosa a los detalles refleja el <\/span><b>compromiso de The Gallery con la excelencia en el dise\u00f1o de interiores.<\/b><\/p>\n<p><b>La introducci\u00f3n de la realidad virtual <\/b><span style=\"font-weight: 400;\">ha revolucionado por completo la forma en que los clientes exploran y visualizan sus futuros espacios. Ya no est\u00e1n limitados a im\u00e1genes est\u00e1ticas o maquetas en 3D; los clientes de The Gallery ahora pueden sumergirse en una representaci\u00f3n virtual de su hogar ideal. Equipados con gafas de realidad virtual de \u00faltima generaci\u00f3n, pueden explorar cada rinc\u00f3n de su dise\u00f1o propuesto con un nivel de detalle y realismo sin precedentes. Esta experiencia inmersiva permite a los clientes visualizar su espacio futuro de manera m\u00e1s v\u00edvida y tomar decisiones m\u00e1s informadas sobre el dise\u00f1o y la decoraci\u00f3n.<\/span><\/p>\n<p><span style=\"font-weight: 400;\">El equipo de dise\u00f1o de The Gallery est\u00e1 compuesto por <\/span><b>expertos con una amplia experiencia <\/b><span style=\"font-weight: 400;\">en el campo del interiorismo. Est\u00e1n dedicados a trabajar en estrecha colaboraci\u00f3n con cada cliente para convertir sus sue\u00f1os en realidad. Desde la selecci\u00f3n de muebles hasta la creaci\u00f3n de dise\u00f1os personalizados, los dise\u00f1adores de The Gallery se esfuerzan por asegurar que cada proyecto refleje fielmente los gustos y necesidades \u00fanicas de sus clientes. Esta atenci\u00f3n personalizada es esencial para el enfoque de The Gallery hacia el dise\u00f1o de interiores.<\/span><\/p>\n<h2><b>La sala de realidad virtual de The Gallery representa el epicentro de esta revoluci\u00f3n tecnol\u00f3gica<\/b><\/h2>\n<p><img decoding=\"async\" class=\"aligncenter size-large wp-image-111304\" src=\"https:\/\/eldigitaldeasturias.com\/magazine365\/wp-content\/uploads\/2024\/03\/The-Gallery-650x411.jpg\" alt=\"The Gallery\" width=\"650\" height=\"411\" srcset=\"https:\/\/eldigitaldeasturias.com\/magazine365\/wp-content\/uploads\/2024\/03\/The-Gallery-650x411.jpg 650w, https:\/\/eldigitaldeasturias.com\/magazine365\/wp-content\/uploads\/2024\/03\/The-Gallery-360x228.jpg 360w, https:\/\/eldigitaldeasturias.com\/magazine365\/wp-content\/uploads\/2024\/03\/The-Gallery-768x486.jpg 768w, https:\/\/eldigitaldeasturias.com\/magazine365\/wp-content\/uploads\/2024\/03\/The-Gallery-150x95.jpg 150w, https:\/\/eldigitaldeasturias.com\/magazine365\/wp-content\/uploads\/2024\/03\/The-Gallery-450x285.jpg 450w, https:\/\/eldigitaldeasturias.com\/magazine365\/wp-content\/uploads\/2024\/03\/The-Gallery.jpg 1073w\" sizes=\"(max-width: 650px) 100vw, 650px\" \/><\/p>\n<p><span style=\"font-weight: 400;\">Equipada con lo \u00faltimo en tecnolog\u00eda de realidad virtual, esta sala permite a los clientes explorar cada detalle de su dise\u00f1o propuesto con una claridad y realismo sorprendentes. Desde la disposici\u00f3n de los muebles hasta los detalles decorativos, los clientes pueden <\/span><b>experimentar su futuro hogar de una manera completamente nueva<\/b><span style=\"font-weight: 400;\">. Esta experiencia \u00fanica no solo agiliza el proceso de dise\u00f1o, sino que tambi\u00e9n permite a los clientes tomar decisiones m\u00e1s fundamentadas y sentirse verdaderamente conectados con su espacio vital. La sala de realidad virtual de The Gallery es un testimonio del compromiso de la empresa con la innovaci\u00f3n y la excelencia en el dise\u00f1o de interiores.<\/span><\/p>\n<p><span style=\"font-weight: 400;\">En resumen, l<\/span><b>a realidad virtual ha abierto nuevas posibilidades en el dise\u00f1o<\/b><span style=\"font-weight: 400;\"> de interiores, y The Gallery est\u00e1 a la vanguardia de esta evoluci\u00f3n. Con su enfoque audaz y su dedicaci\u00f3n al servicio al cliente, esta empresa ha redefinido la forma en que concebimos y experimentamos nuestros espacios vitales. Con The Gallery, el dise\u00f1o de interiores se convierte en una experiencia emocionante y transformadora para todos los involucrados.<\/span><\/p>\n","protected":false},"excerpt":{"rendered":"<p>En el cautivador mundo del dise\u00f1o de interiores, cada espacio cuenta una historia \u00fanica, y The Gallery Deco emerge como un faro de creatividad y originalidad. Ubicada en Bezana, Cantabria, esta tienda de muebles y decoraci\u00f3n ha desafiado las convenciones al adoptar la realidad virtual como una herramienta esencial en su proceso creativo. En un<\/p>\n","protected":false},"author":1,"featured_media":111305,"comment_status":"closed","ping_status":"closed","sticky":false,"template":"","format":"standard","meta":{"footnotes":""},"categories":[206],"tags":[355],"class_list":{"0":"post-111303","1":"post","2":"type-post","3":"status-publish","4":"format-standard","5":"has-post-thumbnail","7":"category-canal-empresas","8":"tag-empresas"},"aioseo_notices":[],"aioseo_head":"\n\t\t<!-- All in One SEO Pro 4.9.6.1 - aioseo.com -->\n\t<meta name=\"description\" content=\"En el cautivador mundo del dise\u00f1o de interiores, cada espacio cuenta una historia \u00fanica, y The Gallery Deco emerge como un faro de creatividad y originalidad.\" \/>\n\t<meta name=\"robots\" content=\"max-image-preview:large\" \/>\n\t<meta name=\"author\" content=\"admin\"\/>\n\t<meta name=\"google-site-verification\" content=\"UA-38556648-1\" \/>\n\t<meta name=\"keywords\" content=\"empresas,canal empresas\" \/>\n\t<link rel=\"canonical\" href=\"https:\/\/eldigitaldeasturias.com\/magazine365\/explorando-nuevas-fronteras-en-el-diseno-de-interiores-la-realidad-virtual-llega-a-the-gallery\/\" \/>\n\t<meta name=\"generator\" content=\"All in One SEO Pro (AIOSEO) 4.9.6.1\" \/>\n\t\t<meta property=\"og:locale\" content=\"es_ES\" \/>\n\t\t<meta property=\"og:site_name\" content=\"El Digital de Asturias \u2013 Revista de ocio, turismo y estilo de vida\" \/>\n\t\t<meta property=\"og:type\" content=\"article\" \/>\n\t\t<meta property=\"og:title\" content=\"Explorando nuevas fronteras en el dise\u00f1o de interiores: La realidad virtual llega a The Gallery | El Digital de Asturias\" \/>\n\t\t<meta property=\"og:description\" content=\"En el cautivador mundo del dise\u00f1o de interiores, cada espacio cuenta una historia \u00fanica, y The Gallery Deco emerge como un faro de creatividad y originalidad.\" \/>\n\t\t<meta property=\"og:url\" content=\"https:\/\/eldigitaldeasturias.com\/magazine365\/explorando-nuevas-fronteras-en-el-diseno-de-interiores-la-realidad-virtual-llega-a-the-gallery\/\" \/>\n\t\t<meta property=\"og:image\" content=\"https:\/\/eldigitaldeasturias.com\/magazine365\/wp-content\/uploads\/2024\/03\/The-Gallery-vitual.jpg\" \/>\n\t\t<meta property=\"og:image:secure_url\" content=\"https:\/\/eldigitaldeasturias.com\/magazine365\/wp-content\/uploads\/2024\/03\/The-Gallery-vitual.jpg\" \/>\n\t\t<meta property=\"og:image:width\" content=\"1073\" \/>\n\t\t<meta property=\"og:image:height\" content=\"698\" \/>\n\t\t<meta property=\"article:published_time\" content=\"2024-03-03T05:49:08+00:00\" \/>\n\t\t<meta property=\"article:modified_time\" content=\"2024-03-03T05:49:08+00:00\" \/>\n\t\t<meta name=\"twitter:card\" content=\"summary_large_image\" \/>\n\t\t<meta name=\"twitter:title\" content=\"Explorando nuevas fronteras en el dise\u00f1o de interiores: La realidad virtual llega a The Gallery | El Digital de Asturias\" \/>\n\t\t<meta name=\"twitter:description\" content=\"En el cautivador mundo del dise\u00f1o de interiores, cada espacio cuenta una historia \u00fanica, y The Gallery Deco emerge como un faro de creatividad y originalidad.\" \/>\n\t\t<meta name=\"twitter:image\" content=\"https:\/\/eldigitaldeasturias.com\/magazine365\/wp-content\/uploads\/2024\/03\/The-Gallery-vitual.jpg\" \/>\n\t\t<script type=\"application\/ld+json\" class=\"aioseo-schema\">\n\t\t\t{\"@context\":\"https:\\\/\\\/schema.org\",\"@graph\":[{\"@type\":\"Article\",\"@id\":\"https:\\\/\\\/eldigitaldeasturias.com\\\/magazine365\\\/explorando-nuevas-fronteras-en-el-diseno-de-interiores-la-realidad-virtual-llega-a-the-gallery\\\/#article\",\"name\":\"Explorando nuevas fronteras en el dise\\u00f1o de interiores: La realidad virtual llega a The Gallery | El Digital de Asturias\",\"headline\":\"Explorando nuevas fronteras en el dise\\u00f1o de interiores: La realidad virtual llega a The Gallery\",\"author\":{\"@id\":\"https:\\\/\\\/eldigitaldeasturias.com\\\/magazine365\\\/author\\\/admin\\\/#author\"},\"publisher\":{\"@id\":\"https:\\\/\\\/eldigitaldeasturias.com\\\/magazine365\\\/#organization\"},\"image\":{\"@type\":\"ImageObject\",\"url\":\"https:\\\/\\\/eldigitaldeasturias.com\\\/magazine365\\\/wp-content\\\/uploads\\\/2024\\\/03\\\/The-Gallery-vitual.jpg\",\"width\":1073,\"height\":698,\"caption\":\"The Gallery vitual\"},\"datePublished\":\"2024-03-03T06:49:08+01:00\",\"dateModified\":\"2024-03-03T06:49:08+01:00\",\"inLanguage\":\"es-ES\",\"mainEntityOfPage\":{\"@id\":\"https:\\\/\\\/eldigitaldeasturias.com\\\/magazine365\\\/explorando-nuevas-fronteras-en-el-diseno-de-interiores-la-realidad-virtual-llega-a-the-gallery\\\/#webpage\"},\"isPartOf\":{\"@id\":\"https:\\\/\\\/eldigitaldeasturias.com\\\/magazine365\\\/explorando-nuevas-fronteras-en-el-diseno-de-interiores-la-realidad-virtual-llega-a-the-gallery\\\/#webpage\"},\"articleSection\":\"Canal Empresas, Empresas\"},{\"@type\":\"BreadcrumbList\",\"@id\":\"https:\\\/\\\/eldigitaldeasturias.com\\\/magazine365\\\/explorando-nuevas-fronteras-en-el-diseno-de-interiores-la-realidad-virtual-llega-a-the-gallery\\\/#breadcrumblist\",\"itemListElement\":[{\"@type\":\"ListItem\",\"@id\":\"https:\\\/\\\/eldigitaldeasturias.com\\\/magazine365#listItem\",\"position\":1,\"name\":\"Home\",\"item\":\"https:\\\/\\\/eldigitaldeasturias.com\\\/magazine365\",\"nextItem\":{\"@type\":\"ListItem\",\"@id\":\"https:\\\/\\\/eldigitaldeasturias.com\\\/magazine365\\\/category\\\/canal-empresas\\\/#listItem\",\"name\":\"Canal Empresas\"}},{\"@type\":\"ListItem\",\"@id\":\"https:\\\/\\\/eldigitaldeasturias.com\\\/magazine365\\\/category\\\/canal-empresas\\\/#listItem\",\"position\":2,\"name\":\"Canal Empresas\",\"item\":\"https:\\\/\\\/eldigitaldeasturias.com\\\/magazine365\\\/category\\\/canal-empresas\\\/\",\"nextItem\":{\"@type\":\"ListItem\",\"@id\":\"https:\\\/\\\/eldigitaldeasturias.com\\\/magazine365\\\/explorando-nuevas-fronteras-en-el-diseno-de-interiores-la-realidad-virtual-llega-a-the-gallery\\\/#listItem\",\"name\":\"Explorando nuevas fronteras en el dise\\u00f1o de interiores: La realidad virtual llega a The Gallery\"},\"previousItem\":{\"@type\":\"ListItem\",\"@id\":\"https:\\\/\\\/eldigitaldeasturias.com\\\/magazine365#listItem\",\"name\":\"Home\"}},{\"@type\":\"ListItem\",\"@id\":\"https:\\\/\\\/eldigitaldeasturias.com\\\/magazine365\\\/explorando-nuevas-fronteras-en-el-diseno-de-interiores-la-realidad-virtual-llega-a-the-gallery\\\/#listItem\",\"position\":3,\"name\":\"Explorando nuevas fronteras en el dise\\u00f1o de interiores: La realidad virtual llega a The Gallery\",\"previousItem\":{\"@type\":\"ListItem\",\"@id\":\"https:\\\/\\\/eldigitaldeasturias.com\\\/magazine365\\\/category\\\/canal-empresas\\\/#listItem\",\"name\":\"Canal Empresas\"}}]},{\"@type\":\"Organization\",\"@id\":\"https:\\\/\\\/eldigitaldeasturias.com\\\/magazine365\\\/#organization\",\"name\":\"El digital de Asturias\",\"description\":\"Revista de ocio, turismo y estilo de vida\",\"url\":\"https:\\\/\\\/eldigitaldeasturias.com\\\/magazine365\\\/\",\"logo\":{\"@type\":\"ImageObject\",\"url\":\"https:\\\/\\\/www.eldigitaldeasturias.com\\\/noticias\\\/wp-content\\\/uploads\\\/2020\\\/12\\\/EDA.jpg\",\"@id\":\"https:\\\/\\\/eldigitaldeasturias.com\\\/magazine365\\\/explorando-nuevas-fronteras-en-el-diseno-de-interiores-la-realidad-virtual-llega-a-the-gallery\\\/#organizationLogo\"},\"image\":{\"@id\":\"https:\\\/\\\/eldigitaldeasturias.com\\\/magazine365\\\/explorando-nuevas-fronteras-en-el-diseno-de-interiores-la-realidad-virtual-llega-a-the-gallery\\\/#organizationLogo\"}},{\"@type\":\"Person\",\"@id\":\"https:\\\/\\\/eldigitaldeasturias.com\\\/magazine365\\\/author\\\/admin\\\/#author\",\"url\":\"https:\\\/\\\/eldigitaldeasturias.com\\\/magazine365\\\/author\\\/admin\\\/\",\"name\":\"admin\",\"image\":{\"@type\":\"ImageObject\",\"@id\":\"https:\\\/\\\/eldigitaldeasturias.com\\\/magazine365\\\/explorando-nuevas-fronteras-en-el-diseno-de-interiores-la-realidad-virtual-llega-a-the-gallery\\\/#authorImage\",\"url\":\"https:\\\/\\\/eldigitaldeasturias.com\\\/magazine365\\\/wp-content\\\/litespeed\\\/avatar\\\/e571bcf59a0edd6fa6838245a470f2fe.jpg?ver=1777574230\",\"width\":96,\"height\":96,\"caption\":\"admin\"}},{\"@type\":\"WebPage\",\"@id\":\"https:\\\/\\\/eldigitaldeasturias.com\\\/magazine365\\\/explorando-nuevas-fronteras-en-el-diseno-de-interiores-la-realidad-virtual-llega-a-the-gallery\\\/#webpage\",\"url\":\"https:\\\/\\\/eldigitaldeasturias.com\\\/magazine365\\\/explorando-nuevas-fronteras-en-el-diseno-de-interiores-la-realidad-virtual-llega-a-the-gallery\\\/\",\"name\":\"Explorando nuevas fronteras en el dise\\u00f1o de interiores: La realidad virtual llega a The Gallery | El Digital de Asturias\",\"description\":\"En el cautivador mundo del dise\\u00f1o de interiores, cada espacio cuenta una historia \\u00fanica, y The Gallery Deco emerge como un faro de creatividad y originalidad.\",\"inLanguage\":\"es-ES\",\"isPartOf\":{\"@id\":\"https:\\\/\\\/eldigitaldeasturias.com\\\/magazine365\\\/#website\"},\"breadcrumb\":{\"@id\":\"https:\\\/\\\/eldigitaldeasturias.com\\\/magazine365\\\/explorando-nuevas-fronteras-en-el-diseno-de-interiores-la-realidad-virtual-llega-a-the-gallery\\\/#breadcrumblist\"},\"author\":{\"@id\":\"https:\\\/\\\/eldigitaldeasturias.com\\\/magazine365\\\/author\\\/admin\\\/#author\"},\"creator\":{\"@id\":\"https:\\\/\\\/eldigitaldeasturias.com\\\/magazine365\\\/author\\\/admin\\\/#author\"},\"image\":{\"@type\":\"ImageObject\",\"url\":\"https:\\\/\\\/eldigitaldeasturias.com\\\/magazine365\\\/wp-content\\\/uploads\\\/2024\\\/03\\\/The-Gallery-vitual.jpg\",\"@id\":\"https:\\\/\\\/eldigitaldeasturias.com\\\/magazine365\\\/explorando-nuevas-fronteras-en-el-diseno-de-interiores-la-realidad-virtual-llega-a-the-gallery\\\/#mainImage\",\"width\":1073,\"height\":698,\"caption\":\"The Gallery vitual\"},\"primaryImageOfPage\":{\"@id\":\"https:\\\/\\\/eldigitaldeasturias.com\\\/magazine365\\\/explorando-nuevas-fronteras-en-el-diseno-de-interiores-la-realidad-virtual-llega-a-the-gallery\\\/#mainImage\"},\"datePublished\":\"2024-03-03T06:49:08+01:00\",\"dateModified\":\"2024-03-03T06:49:08+01:00\"},{\"@type\":\"WebSite\",\"@id\":\"https:\\\/\\\/eldigitaldeasturias.com\\\/magazine365\\\/#website\",\"url\":\"https:\\\/\\\/eldigitaldeasturias.com\\\/magazine365\\\/\",\"name\":\"El Digital de Asturias\",\"description\":\"Revista de ocio, turismo y estilo de vida\",\"inLanguage\":\"es-ES\",\"publisher\":{\"@id\":\"https:\\\/\\\/eldigitaldeasturias.com\\\/magazine365\\\/#organization\"}}]}\n\t\t<\/script>\n\t\t<!-- All in One SEO Pro -->\r\n\t\t<title>Explorando nuevas fronteras en el dise\u00f1o de interiores: La realidad virtual llega a The Gallery | El Digital de Asturias<\/title>\n\n","aioseo_head_json":{"title":"Explorando nuevas fronteras en el dise\u00f1o de interiores: La realidad virtual llega a The Gallery | El Digital de Asturias","description":"En el cautivador mundo del dise\u00f1o de interiores, cada espacio cuenta una historia \u00fanica, y The Gallery Deco emerge como un faro de creatividad y originalidad.","canonical_url":"https:\/\/eldigitaldeasturias.com\/magazine365\/explorando-nuevas-fronteras-en-el-diseno-de-interiores-la-realidad-virtual-llega-a-the-gallery\/","robots":"max-image-preview:large","keywords":"empresas,canal empresas","webmasterTools":{"google-site-verification":"UA-38556648-1","miscellaneous":""},"schema":{"@context":"https:\/\/schema.org","@graph":[{"@type":"Article","@id":"https:\/\/eldigitaldeasturias.com\/magazine365\/explorando-nuevas-fronteras-en-el-diseno-de-interiores-la-realidad-virtual-llega-a-the-gallery\/#article","name":"Explorando nuevas fronteras en el dise\u00f1o de interiores: La realidad virtual llega a The Gallery | El Digital de Asturias","headline":"Explorando nuevas fronteras en el dise\u00f1o de interiores: La realidad virtual llega a The Gallery","author":{"@id":"https:\/\/eldigitaldeasturias.com\/magazine365\/author\/admin\/#author"},"publisher":{"@id":"https:\/\/eldigitaldeasturias.com\/magazine365\/#organization"},"image":{"@type":"ImageObject","url":"https:\/\/eldigitaldeasturias.com\/magazine365\/wp-content\/uploads\/2024\/03\/The-Gallery-vitual.jpg","width":1073,"height":698,"caption":"The Gallery vitual"},"datePublished":"2024-03-03T06:49:08+01:00","dateModified":"2024-03-03T06:49:08+01:00","inLanguage":"es-ES","mainEntityOfPage":{"@id":"https:\/\/eldigitaldeasturias.com\/magazine365\/explorando-nuevas-fronteras-en-el-diseno-de-interiores-la-realidad-virtual-llega-a-the-gallery\/#webpage"},"isPartOf":{"@id":"https:\/\/eldigitaldeasturias.com\/magazine365\/explorando-nuevas-fronteras-en-el-diseno-de-interiores-la-realidad-virtual-llega-a-the-gallery\/#webpage"},"articleSection":"Canal Empresas, Empresas"},{"@type":"BreadcrumbList","@id":"https:\/\/eldigitaldeasturias.com\/magazine365\/explorando-nuevas-fronteras-en-el-diseno-de-interiores-la-realidad-virtual-llega-a-the-gallery\/#breadcrumblist","itemListElement":[{"@type":"ListItem","@id":"https:\/\/eldigitaldeasturias.com\/magazine365#listItem","position":1,"name":"Home","item":"https:\/\/eldigitaldeasturias.com\/magazine365","nextItem":{"@type":"ListItem","@id":"https:\/\/eldigitaldeasturias.com\/magazine365\/category\/canal-empresas\/#listItem","name":"Canal Empresas"}},{"@type":"ListItem","@id":"https:\/\/eldigitaldeasturias.com\/magazine365\/category\/canal-empresas\/#listItem","position":2,"name":"Canal Empresas","item":"https:\/\/eldigitaldeasturias.com\/magazine365\/category\/canal-empresas\/","nextItem":{"@type":"ListItem","@id":"https:\/\/eldigitaldeasturias.com\/magazine365\/explorando-nuevas-fronteras-en-el-diseno-de-interiores-la-realidad-virtual-llega-a-the-gallery\/#listItem","name":"Explorando nuevas fronteras en el dise\u00f1o de interiores: La realidad virtual llega a The Gallery"},"previousItem":{"@type":"ListItem","@id":"https:\/\/eldigitaldeasturias.com\/magazine365#listItem","name":"Home"}},{"@type":"ListItem","@id":"https:\/\/eldigitaldeasturias.com\/magazine365\/explorando-nuevas-fronteras-en-el-diseno-de-interiores-la-realidad-virtual-llega-a-the-gallery\/#listItem","position":3,"name":"Explorando nuevas fronteras en el dise\u00f1o de interiores: La realidad virtual llega a The Gallery","previousItem":{"@type":"ListItem","@id":"https:\/\/eldigitaldeasturias.com\/magazine365\/category\/canal-empresas\/#listItem","name":"Canal Empresas"}}]},{"@type":"Organization","@id":"https:\/\/eldigitaldeasturias.com\/magazine365\/#organization","name":"El digital de Asturias","description":"Revista de ocio, turismo y estilo de vida","url":"https:\/\/eldigitaldeasturias.com\/magazine365\/","logo":{"@type":"ImageObject","url":"https:\/\/www.eldigitaldeasturias.com\/noticias\/wp-content\/uploads\/2020\/12\/EDA.jpg","@id":"https:\/\/eldigitaldeasturias.com\/magazine365\/explorando-nuevas-fronteras-en-el-diseno-de-interiores-la-realidad-virtual-llega-a-the-gallery\/#organizationLogo"},"image":{"@id":"https:\/\/eldigitaldeasturias.com\/magazine365\/explorando-nuevas-fronteras-en-el-diseno-de-interiores-la-realidad-virtual-llega-a-the-gallery\/#organizationLogo"}},{"@type":"Person","@id":"https:\/\/eldigitaldeasturias.com\/magazine365\/author\/admin\/#author","url":"https:\/\/eldigitaldeasturias.com\/magazine365\/author\/admin\/","name":"admin","image":{"@type":"ImageObject","@id":"https:\/\/eldigitaldeasturias.com\/magazine365\/explorando-nuevas-fronteras-en-el-diseno-de-interiores-la-realidad-virtual-llega-a-the-gallery\/#authorImage","url":"https:\/\/eldigitaldeasturias.com\/magazine365\/wp-content\/litespeed\/avatar\/e571bcf59a0edd6fa6838245a470f2fe.jpg?ver=1777574230","width":96,"height":96,"caption":"admin"}},{"@type":"WebPage","@id":"https:\/\/eldigitaldeasturias.com\/magazine365\/explorando-nuevas-fronteras-en-el-diseno-de-interiores-la-realidad-virtual-llega-a-the-gallery\/#webpage","url":"https:\/\/eldigitaldeasturias.com\/magazine365\/explorando-nuevas-fronteras-en-el-diseno-de-interiores-la-realidad-virtual-llega-a-the-gallery\/","name":"Explorando nuevas fronteras en el dise\u00f1o de interiores: La realidad virtual llega a The Gallery | El Digital de Asturias","description":"En el cautivador mundo del dise\u00f1o de interiores, cada espacio cuenta una historia \u00fanica, y The Gallery Deco emerge como un faro de creatividad y originalidad.","inLanguage":"es-ES","isPartOf":{"@id":"https:\/\/eldigitaldeasturias.com\/magazine365\/#website"},"breadcrumb":{"@id":"https:\/\/eldigitaldeasturias.com\/magazine365\/explorando-nuevas-fronteras-en-el-diseno-de-interiores-la-realidad-virtual-llega-a-the-gallery\/#breadcrumblist"},"author":{"@id":"https:\/\/eldigitaldeasturias.com\/magazine365\/author\/admin\/#author"},"creator":{"@id":"https:\/\/eldigitaldeasturias.com\/magazine365\/author\/admin\/#author"},"image":{"@type":"ImageObject","url":"https:\/\/eldigitaldeasturias.com\/magazine365\/wp-content\/uploads\/2024\/03\/The-Gallery-vitual.jpg","@id":"https:\/\/eldigitaldeasturias.com\/magazine365\/explorando-nuevas-fronteras-en-el-diseno-de-interiores-la-realidad-virtual-llega-a-the-gallery\/#mainImage","width":1073,"height":698,"caption":"The Gallery vitual"},"primaryImageOfPage":{"@id":"https:\/\/eldigitaldeasturias.com\/magazine365\/explorando-nuevas-fronteras-en-el-diseno-de-interiores-la-realidad-virtual-llega-a-the-gallery\/#mainImage"},"datePublished":"2024-03-03T06:49:08+01:00","dateModified":"2024-03-03T06:49:08+01:00"},{"@type":"WebSite","@id":"https:\/\/eldigitaldeasturias.com\/magazine365\/#website","url":"https:\/\/eldigitaldeasturias.com\/magazine365\/","name":"El Digital de Asturias","description":"Revista de ocio, turismo y estilo de vida","inLanguage":"es-ES","publisher":{"@id":"https:\/\/eldigitaldeasturias.com\/magazine365\/#organization"}}]},"og:locale":"es_ES","og:site_name":"El Digital de Asturias \u2013 Revista de ocio, turismo y estilo de vida","og:type":"article","og:title":"Explorando nuevas fronteras en el dise\u00f1o de interiores: La realidad virtual llega a The Gallery | El Digital de Asturias","og:description":"En el cautivador mundo del dise\u00f1o de interiores, cada espacio cuenta una historia \u00fanica, y The Gallery Deco emerge como un faro de creatividad y originalidad.","og:url":"https:\/\/eldigitaldeasturias.com\/magazine365\/explorando-nuevas-fronteras-en-el-diseno-de-interiores-la-realidad-virtual-llega-a-the-gallery\/","og:image":"https:\/\/eldigitaldeasturias.com\/magazine365\/wp-content\/uploads\/2024\/03\/The-Gallery-vitual.jpg","og:image:secure_url":"https:\/\/eldigitaldeasturias.com\/magazine365\/wp-content\/uploads\/2024\/03\/The-Gallery-vitual.jpg","og:image:width":1073,"og:image:height":698,"article:published_time":"2024-03-03T05:49:08+00:00","article:modified_time":"2024-03-03T05:49:08+00:00","twitter:card":"summary_large_image","twitter:title":"Explorando nuevas fronteras en el dise\u00f1o de interiores: La realidad virtual llega a The Gallery | El Digital de Asturias","twitter:description":"En el cautivador mundo del dise\u00f1o de interiores, cada espacio cuenta una historia \u00fanica, y The Gallery Deco emerge como un faro de creatividad y originalidad.","twitter:image":"https:\/\/eldigitaldeasturias.com\/magazine365\/wp-content\/uploads\/2024\/03\/The-Gallery-vitual.jpg"},"aioseo_meta_data":{"post_id":"111303","title":null,"description":"En el cautivador mundo del dise\u00f1o de interiores, cada espacio cuenta una historia \u00fanica, y The Gallery Deco emerge como un faro de creatividad y originalidad.","keywords":[],"keyphrases":{"focus":{"keyphrase":"The Gallery","score":94,"analysis":{"keyphraseInTitle":{"score":9,"maxScore":9,"error":0},"keyphraseInDescription":{"score":9,"maxScore":9,"error":0},"keyphraseLength":{"score":9,"maxScore":9,"error":0,"length":2},"keyphraseInURL":{"score":1,"maxScore":5,"error":1},"keyphraseInIntroduction":{"score":9,"maxScore":9,"error":0},"keyphraseInSubHeadings":{"score":9,"maxScore":9,"error":0},"keyphraseInImageAlt":{"score":9,"maxScore":9,"error":0},"keywordDensity":{"type":"best","score":9,"maxScore":9,"error":0}}},"additional":[{"keyphrase":"The Gallery","score":100,"analysis":{"keyphraseInDescription":{"score":9,"maxScore":9,"error":0},"keyphraseLength":{"score":9,"maxScore":9,"error":0,"length":2},"keyphraseInIntroduction":{"score":9,"maxScore":9,"error":0},"keyphraseInImageAlt":{"score":9,"maxScore":9,"error":0},"keywordDensity":{"type":"best","score":9,"maxScore":9,"error":0}}}]},"primary_term":null,"canonical_url":null,"og_title":null,"og_description":null,"og_object_type":"default","og_image_type":"default","og_image_url":null,"og_image_width":null,"og_image_height":null,"og_image_custom_url":null,"og_image_custom_fields":null,"og_video":"","og_custom_url":null,"og_article_section":null,"og_article_tags":[],"twitter_use_og":false,"twitter_card":"default","twitter_image_type":"default","twitter_image_url":null,"twitter_image_custom_url":null,"twitter_image_custom_fields":null,"twitter_title":null,"twitter_description":null,"schema":{"blockGraphs":[],"customGraphs":[],"default":{"data":{"Article":[],"Course":[],"Dataset":[],"FAQPage":[],"Movie":[],"Person":[],"Product":[],"ProductReview":[],"Car":[],"Recipe":[],"Service":[],"SoftwareApplication":[],"WebPage":[]},"graphName":"Article","isEnabled":true},"graphs":[]},"schema_type":"default","schema_type_options":null,"pillar_content":false,"robots_default":true,"robots_noindex":false,"robots_noarchive":false,"robots_nosnippet":false,"robots_nofollow":false,"robots_noimageindex":false,"robots_noodp":false,"robots_notranslate":false,"robots_max_snippet":"-1","robots_max_videopreview":"-1","robots_max_imagepreview":"large","priority":null,"frequency":"default","location":null,"local_seo":null,"seo_analyzer_scan_date":"2025-09-30 06:37:01","breadcrumb_settings":null,"limit_modified_date":false,"open_ai":"{\"title\":{\"suggestions\":[],\"usage\":0},\"description\":{\"suggestions\":[],\"usage\":0}}","ai":null,"created":"2024-03-03 05:45:25","updated":"2025-09-30 06:37:01"},"aioseo_breadcrumb":"<div class=\"aioseo-breadcrumbs\"><span class=\"aioseo-breadcrumb\">\n\t<a href=\"https:\/\/eldigitaldeasturias.com\/magazine365\" title=\"Home\">Home<\/a>\n<\/span><span class=\"aioseo-breadcrumb-separator\">\u2013<\/span><span class=\"aioseo-breadcrumb\">\n\t<a href=\"https:\/\/eldigitaldeasturias.com\/magazine365\/category\/canal-empresas\/\" title=\"Canal Empresas\">Canal Empresas<\/a>\n<\/span><span class=\"aioseo-breadcrumb-separator\">\u2013<\/span><span class=\"aioseo-breadcrumb\">\n\t<a href=\"https:\/\/eldigitaldeasturias.com\/magazine365\/explorando-nuevas-fronteras-en-el-diseno-de-interiores-la-realidad-virtual-llega-a-the-gallery\/\" title=\"Explorando nuevas fronteras en el dise\u00f1o de interiores: La realidad virtual llega a The Gallery\">Explorando nuevas fronteras en el dise\u00f1o de interiores: La realidad virtual llega a The Gallery<\/a>\n<\/span><\/div>","aioseo_breadcrumb_json":[{"label":"Home","link":"https:\/\/eldigitaldeasturias.com\/magazine365"},{"label":"Canal Empresas","link":"https:\/\/eldigitaldeasturias.com\/magazine365\/category\/canal-empresas\/"},{"label":"Explorando nuevas fronteras en el dise\u00f1o de interiores: La realidad virtual llega a The Gallery","link":"https:\/\/eldigitaldeasturias.com\/magazine365\/explorando-nuevas-fronteras-en-el-diseno-de-interiores-la-realidad-virtual-llega-a-the-gallery\/"}],"_links":{"self":[{"href":"https:\/\/eldigitaldeasturias.com\/magazine365\/wp-json\/wp\/v2\/posts\/111303","targetHints":{"allow":["GET"]}}],"collection":[{"href":"https:\/\/eldigitaldeasturias.com\/magazine365\/wp-json\/wp\/v2\/posts"}],"about":[{"href":"https:\/\/eldigitaldeasturias.com\/magazine365\/wp-json\/wp\/v2\/types\/post"}],"author":[{"embeddable":true,"href":"https:\/\/eldigitaldeasturias.com\/magazine365\/wp-json\/wp\/v2\/users\/1"}],"replies":[{"embeddable":true,"href":"https:\/\/eldigitaldeasturias.com\/magazine365\/wp-json\/wp\/v2\/comments?post=111303"}],"version-history":[{"count":0,"href":"https:\/\/eldigitaldeasturias.com\/magazine365\/wp-json\/wp\/v2\/posts\/111303\/revisions"}],"wp:featuredmedia":[{"embeddable":true,"href":"https:\/\/eldigitaldeasturias.com\/magazine365\/wp-json\/wp\/v2\/media\/111305"}],"wp:attachment":[{"href":"https:\/\/eldigitaldeasturias.com\/magazine365\/wp-json\/wp\/v2\/media?parent=111303"}],"wp:term":[{"taxonomy":"category","embeddable":true,"href":"https:\/\/eldigitaldeasturias.com\/magazine365\/wp-json\/wp\/v2\/categories?post=111303"},{"taxonomy":"post_tag","embeddable":true,"href":"https:\/\/eldigitaldeasturias.com\/magazine365\/wp-json\/wp\/v2\/tags?post=111303"}],"curies":[{"name":"wp","href":"https:\/\/api.w.org\/{rel}","templated":true}]}}