{"id":110726,"date":"2023-10-11T22:58:34","date_gmt":"2023-10-11T20:58:34","guid":{"rendered":"https:\/\/eldigitaldeasturias.com\/magazine365\/?p=110726"},"modified":"2023-10-11T22:58:34","modified_gmt":"2023-10-11T20:58:34","slug":"la-compania-aerea-ryanair-cancela-en-invierno-los-vuelos-asturias-dublin","status":"publish","type":"post","link":"https:\/\/eldigitaldeasturias.com\/magazine365\/la-compania-aerea-ryanair-cancela-en-invierno-los-vuelos-asturias-dublin\/","title":{"rendered":"La compa\u00f1\u00eda a\u00e9rea Ryanair cancela en invierno los vuelos Asturias-Dubl\u00edn"},"content":{"rendered":"<p><i><span style=\"font-weight: 400;\">La compa\u00f1\u00eda irlandesa ha tomado la decisi\u00f3n de cancelar estos vuelos en los meses de invierno, una ruta que se elimina de manera moment\u00e1nea y que se suma a las otras cancelaciones que ha anunciado Ryanair en los \u00faltimos d\u00edas, aunque todo apunta a que podr\u00e1n retomarse pasada la \u00e9poca de fr\u00edo.<\/span><\/i><\/p>\n<p><img fetchpriority=\"high\" decoding=\"async\" class=\"aligncenter wp-image-110727 size-large\" src=\"https:\/\/eldigitaldeasturias.com\/magazine365\/wp-content\/uploads\/2023\/10\/vuelos-Asturias-650x429.jpg\" alt=\"vuelos Asturias\" width=\"650\" height=\"429\" srcset=\"https:\/\/eldigitaldeasturias.com\/magazine365\/wp-content\/uploads\/2023\/10\/vuelos-Asturias-650x429.jpg 650w, https:\/\/eldigitaldeasturias.com\/magazine365\/wp-content\/uploads\/2023\/10\/vuelos-Asturias-360x238.jpg 360w, https:\/\/eldigitaldeasturias.com\/magazine365\/wp-content\/uploads\/2023\/10\/vuelos-Asturias-150x99.jpg 150w, https:\/\/eldigitaldeasturias.com\/magazine365\/wp-content\/uploads\/2023\/10\/vuelos-Asturias-450x297.jpg 450w, https:\/\/eldigitaldeasturias.com\/magazine365\/wp-content\/uploads\/2023\/10\/vuelos-Asturias.jpg 739w\" sizes=\"(max-width: 650px) 100vw, 650px\" \/><\/p>\n<p><span style=\"font-weight: 400;\">Hoy en d\u00eda,<\/span><b> el avi\u00f3n se ha convertido en el principal medio de transporte para largas distancias, <\/b><span style=\"font-weight: 400;\">teniendo en cuenta que es uno de los transportes m\u00e1s seguros del mundo y que permite pr\u00e1cticamente llegar a la otra parte del planeta en cuesti\u00f3n de horas. Precisamente por su popularidad y demanda, cada vez hay m\u00e1s vuelos disponibles, si bien es cierto, algunas compa\u00f1\u00edas en determinadas \u00e9pocas deciden suspender sus vuelos.<\/span><\/p>\n<p><span style=\"font-weight: 400;\">Es esto lo que ha ocurrido con <\/span><b>Ryanair en las \u00faltimas semanas que ha anunciado que los <\/b><span style=\"color: #ff6600;\"><a style=\"color: #ff6600;\" href=\"https:\/\/asturiasaeropuerto.com\/vuelos\/\" target=\"_blank\" rel=\"noopener\"><b>vuelos desde Asturias<\/b><\/a><\/span><b> a Dubl\u00edn han sido eliminados por el momento<\/b><span style=\"font-weight: 400;\">. Seg\u00fan un comunicado oficial de la compa\u00f1\u00eda irlandesa, esta ruta en concreto dejar\u00e1 de funcionar a partir del mes de noviembre, lo que se traduce en que, al menos, durante el invierno, no se podr\u00e1 ir de manera directa a Dubl\u00edn desde el Principado.<\/span><\/p>\n<p><span style=\"font-weight: 400;\">A pesar de este anuncio, <\/span><b>desde el Gobierno de la regi\u00f3n han explicado que, aunque esta suspensi\u00f3n no es una buena noticia, no significa que los vuelos se hayan perdido por completo,<\/b><span style=\"font-weight: 400;\"> ya que aseguran que esta conexi\u00f3n a\u00e9rea no contaba en absoluto con promoci\u00f3n p\u00fablica y que, sin embargo, Asturias contar\u00e1 con otras rutas de m\u00e1s frecuencias y plazas que el invierno pasado.<\/span><\/p>\n<h2><b>Una cancelaci\u00f3n que no afecta demasiado\u00a0<\/b><\/h2>\n<p><span style=\"font-weight: 400;\">Como se ha mencionado anteriormente, la conocida compa\u00f1\u00eda de Irlanda ha decidido cancelar este vuelo, si bien es cierto, <\/span><b>desde la Consejer\u00eda de Fomento del Principado han explicado que, a pesar de esta decisi\u00f3n, que ha sido 100% de la aerol\u00ednea, Asturias contin\u00faa teniendo buenas conexiones<\/b><span style=\"font-weight: 400;\">, sabiendo que la ruta Asturias-Dubl\u00edn no estaba demasiado promocionada y no contaba con aportaci\u00f3n p\u00fablica.<\/span><\/p>\n<p><span style=\"font-weight: 400;\">Dentro de este contexto hay que decir que la Consejer\u00eda ha a\u00f1adido que el aeropuerto asturiano no se ver\u00e1 afectado por esta cancelaci\u00f3n, ya que <\/span><b>para esta temporada invernal contar\u00e1 con un mayor n\u00famero de rutas, con m\u00e1s plazas y frecuencias<\/b><span style=\"font-weight: 400;\">, en comparaci\u00f3n con el a\u00f1o pasado. De esta manera, algunos destinos son los m\u00e1s populares y los que presentar\u00e1n estos beneficios, tales como Mil\u00e1n-B\u00e9rgamo y Lisboa, rutas que ya ha puesto en marcha el pasado mes de marzo la compa\u00f1\u00eda Volotea y que contar\u00e1n con tres salidas a la semana en verano y dos en invierno. Las cifras no mienten y es que, durante la \u00e9poca estival, desde el aeropuerto de Asturias se han operado 29 destinos en total, 13 internacionales y otros 16 nacionales.<\/span><\/p>\n<p><span style=\"font-weight: 400;\">Tras el anuncio de cancelaci\u00f3n de Ryanair,<\/span><b> la Consejer\u00eda asegura que todo apunta a que esta ser\u00e1 la \u00fanica ruta que dejar\u00e1 de funcionar por el momento y que los otros 12 destinos internacionales contin\u00faan operando<\/b><span style=\"font-weight: 400;\"> desde el aeropuerto de Santiago del Monte que son Bruselas, \u00c1msterdam, Lisboa, D\u00fcsseldorf, Fr\u00e1ncfort, Mil\u00e1n, M\u00fanich, Londres Gatwick, Londres Stansted, Roma, Par\u00eds y Venecia. Por su parte, los destinos nacionales son Alicante, Granada, Gran Canaria, Fuerteventura, Lanzarote, Ibiza, Madrid, Mallorca, Murcia, M\u00e1laga, Sevilla, Menorca, Tenerife Norte y Sur y Valencia.<\/span><\/p>\n<p><b>Seg\u00fan fuentes cercanas a Ryanair, en las pr\u00f3ximas semanas la compa\u00f1\u00eda presentar\u00e1 rutas en Asturias,<\/b><span style=\"font-weight: 400;\"> si bien, no han dejado claro si esta suspensi\u00f3n es temporal y el vuelo Asturias-Dubl\u00edn volver\u00e1 a ponerse en funcionamiento para el pr\u00f3ximo verano, teniendo en cuenta que el \u00faltimo d\u00eda que se har\u00e1 dicha ruta ser\u00e1 el 27 de octubre.<\/span><\/p>\n<h2><b>M\u00e1s cancelaciones<\/b><\/h2>\n<p><span style=\"font-weight: 400;\">Aunque la cancelaci\u00f3n de Asturias ha sido una de las m\u00e1s sonadas, lo cierto es que la multinacional tambi\u00e9n ha anunciado otras a causa de la temporada de invierno. Seg\u00fan explican en su propia p\u00e1gina web, Ryanair, durante los pr\u00f3ximos meses las compa\u00f1\u00edas no operan igual que hasta ahora y <\/span><b>estas cancelaciones afectan a un total de 17 destinos europeos, entre los que se encuentra Castell\u00f3n, Santiago y por supuesto, Asturias.<\/b><\/p>\n","protected":false},"excerpt":{"rendered":"<p>La compa\u00f1\u00eda irlandesa ha tomado la decisi\u00f3n de cancelar estos vuelos en los meses de invierno, una ruta que se elimina de manera moment\u00e1nea y que se suma a las otras cancelaciones que ha anunciado Ryanair en los \u00faltimos d\u00edas, aunque todo apunta a que podr\u00e1n retomarse pasada la \u00e9poca de fr\u00edo. Hoy en d\u00eda,<\/p>\n","protected":false},"author":1,"featured_media":110727,"comment_status":"closed","ping_status":"closed","sticky":false,"template":"","format":"standard","meta":{"footnotes":""},"categories":[222],"tags":[375],"class_list":{"0":"post-110726","1":"post","2":"type-post","3":"status-publish","4":"format-standard","5":"has-post-thumbnail","7":"category-actualidad-turismo","8":"tag-asturias"},"aioseo_notices":[],"aioseo_head":"\n\t\t<!-- All in One SEO Pro 4.9.6.1 - aioseo.com -->\n\t<meta name=\"description\" content=\"La compa\u00f1\u00eda irlandesa ha tomado la decisi\u00f3n de cancelar estos vuelos en los meses de invierno, una ruta que se elimina de manera moment\u00e1nea y que se suma\" \/>\n\t<meta name=\"robots\" content=\"max-image-preview:large\" \/>\n\t<meta name=\"author\" content=\"admin\"\/>\n\t<meta name=\"google-site-verification\" content=\"UA-38556648-1\" \/>\n\t<meta name=\"keywords\" content=\"asturias,actualidad turismo\" \/>\n\t<link rel=\"canonical\" href=\"https:\/\/eldigitaldeasturias.com\/magazine365\/la-compania-aerea-ryanair-cancela-en-invierno-los-vuelos-asturias-dublin\/\" \/>\n\t<meta name=\"generator\" content=\"All in One SEO Pro (AIOSEO) 4.9.6.1\" \/>\n\t\t<meta property=\"og:locale\" content=\"es_ES\" \/>\n\t\t<meta property=\"og:site_name\" content=\"El Digital de Asturias \u2013 Revista de ocio, turismo y estilo de vida\" \/>\n\t\t<meta property=\"og:type\" content=\"article\" \/>\n\t\t<meta property=\"og:title\" content=\"La compa\u00f1\u00eda a\u00e9rea Ryanair cancela en invierno los vuelos Asturias-Dubl\u00edn | El Digital de Asturias\" \/>\n\t\t<meta property=\"og:description\" content=\"La compa\u00f1\u00eda irlandesa ha tomado la decisi\u00f3n de cancelar estos vuelos en los meses de invierno, una ruta que se elimina de manera moment\u00e1nea y que se suma\" \/>\n\t\t<meta property=\"og:url\" content=\"https:\/\/eldigitaldeasturias.com\/magazine365\/la-compania-aerea-ryanair-cancela-en-invierno-los-vuelos-asturias-dublin\/\" \/>\n\t\t<meta property=\"og:image\" content=\"https:\/\/eldigitaldeasturias.com\/magazine365\/wp-content\/uploads\/2023\/10\/vuelos-Asturias.jpg\" \/>\n\t\t<meta property=\"og:image:secure_url\" content=\"https:\/\/eldigitaldeasturias.com\/magazine365\/wp-content\/uploads\/2023\/10\/vuelos-Asturias.jpg\" \/>\n\t\t<meta property=\"og:image:width\" content=\"739\" \/>\n\t\t<meta property=\"og:image:height\" content=\"488\" \/>\n\t\t<meta property=\"article:published_time\" content=\"2023-10-11T20:58:34+00:00\" \/>\n\t\t<meta property=\"article:modified_time\" content=\"2023-10-11T20:58:34+00:00\" \/>\n\t\t<meta name=\"twitter:card\" content=\"summary_large_image\" \/>\n\t\t<meta name=\"twitter:title\" content=\"La compa\u00f1\u00eda a\u00e9rea Ryanair cancela en invierno los vuelos Asturias-Dubl\u00edn | El Digital de Asturias\" \/>\n\t\t<meta name=\"twitter:description\" content=\"La compa\u00f1\u00eda irlandesa ha tomado la decisi\u00f3n de cancelar estos vuelos en los meses de invierno, una ruta que se elimina de manera moment\u00e1nea y que se suma\" \/>\n\t\t<meta name=\"twitter:image\" content=\"https:\/\/eldigitaldeasturias.com\/magazine365\/wp-content\/uploads\/2023\/10\/vuelos-Asturias.jpg\" \/>\n\t\t<script type=\"application\/ld+json\" class=\"aioseo-schema\">\n\t\t\t{\"@context\":\"https:\\\/\\\/schema.org\",\"@graph\":[{\"@type\":\"Article\",\"@id\":\"https:\\\/\\\/eldigitaldeasturias.com\\\/magazine365\\\/la-compania-aerea-ryanair-cancela-en-invierno-los-vuelos-asturias-dublin\\\/#article\",\"name\":\"La compa\\u00f1\\u00eda a\\u00e9rea Ryanair cancela en invierno los vuelos Asturias-Dubl\\u00edn | El Digital de Asturias\",\"headline\":\"La compa\\u00f1\\u00eda a\\u00e9rea Ryanair cancela en invierno los vuelos Asturias-Dubl\\u00edn\",\"author\":{\"@id\":\"https:\\\/\\\/eldigitaldeasturias.com\\\/magazine365\\\/author\\\/admin\\\/#author\"},\"publisher\":{\"@id\":\"https:\\\/\\\/eldigitaldeasturias.com\\\/magazine365\\\/#organization\"},\"image\":{\"@type\":\"ImageObject\",\"url\":\"https:\\\/\\\/eldigitaldeasturias.com\\\/magazine365\\\/wp-content\\\/uploads\\\/2023\\\/10\\\/vuelos-Asturias.jpg\",\"width\":739,\"height\":488,\"caption\":\"vuelos Asturias\"},\"datePublished\":\"2023-10-11T22:58:34+02:00\",\"dateModified\":\"2023-10-11T22:58:34+02:00\",\"inLanguage\":\"es-ES\",\"mainEntityOfPage\":{\"@id\":\"https:\\\/\\\/eldigitaldeasturias.com\\\/magazine365\\\/la-compania-aerea-ryanair-cancela-en-invierno-los-vuelos-asturias-dublin\\\/#webpage\"},\"isPartOf\":{\"@id\":\"https:\\\/\\\/eldigitaldeasturias.com\\\/magazine365\\\/la-compania-aerea-ryanair-cancela-en-invierno-los-vuelos-asturias-dublin\\\/#webpage\"},\"articleSection\":\"Actualidad Turismo, Asturias\"},{\"@type\":\"BreadcrumbList\",\"@id\":\"https:\\\/\\\/eldigitaldeasturias.com\\\/magazine365\\\/la-compania-aerea-ryanair-cancela-en-invierno-los-vuelos-asturias-dublin\\\/#breadcrumblist\",\"itemListElement\":[{\"@type\":\"ListItem\",\"@id\":\"https:\\\/\\\/eldigitaldeasturias.com\\\/magazine365#listItem\",\"position\":1,\"name\":\"Home\",\"item\":\"https:\\\/\\\/eldigitaldeasturias.com\\\/magazine365\",\"nextItem\":{\"@type\":\"ListItem\",\"@id\":\"https:\\\/\\\/eldigitaldeasturias.com\\\/magazine365\\\/category\\\/actualidad-turismo\\\/#listItem\",\"name\":\"Actualidad Turismo\"}},{\"@type\":\"ListItem\",\"@id\":\"https:\\\/\\\/eldigitaldeasturias.com\\\/magazine365\\\/category\\\/actualidad-turismo\\\/#listItem\",\"position\":2,\"name\":\"Actualidad Turismo\",\"item\":\"https:\\\/\\\/eldigitaldeasturias.com\\\/magazine365\\\/category\\\/actualidad-turismo\\\/\",\"nextItem\":{\"@type\":\"ListItem\",\"@id\":\"https:\\\/\\\/eldigitaldeasturias.com\\\/magazine365\\\/la-compania-aerea-ryanair-cancela-en-invierno-los-vuelos-asturias-dublin\\\/#listItem\",\"name\":\"La compa\\u00f1\\u00eda a\\u00e9rea Ryanair cancela en invierno los vuelos Asturias-Dubl\\u00edn\"},\"previousItem\":{\"@type\":\"ListItem\",\"@id\":\"https:\\\/\\\/eldigitaldeasturias.com\\\/magazine365#listItem\",\"name\":\"Home\"}},{\"@type\":\"ListItem\",\"@id\":\"https:\\\/\\\/eldigitaldeasturias.com\\\/magazine365\\\/la-compania-aerea-ryanair-cancela-en-invierno-los-vuelos-asturias-dublin\\\/#listItem\",\"position\":3,\"name\":\"La compa\\u00f1\\u00eda a\\u00e9rea Ryanair cancela en invierno los vuelos Asturias-Dubl\\u00edn\",\"previousItem\":{\"@type\":\"ListItem\",\"@id\":\"https:\\\/\\\/eldigitaldeasturias.com\\\/magazine365\\\/category\\\/actualidad-turismo\\\/#listItem\",\"name\":\"Actualidad Turismo\"}}]},{\"@type\":\"Organization\",\"@id\":\"https:\\\/\\\/eldigitaldeasturias.com\\\/magazine365\\\/#organization\",\"name\":\"El digital de Asturias\",\"description\":\"Revista de ocio, turismo y estilo de vida\",\"url\":\"https:\\\/\\\/eldigitaldeasturias.com\\\/magazine365\\\/\",\"logo\":{\"@type\":\"ImageObject\",\"url\":\"https:\\\/\\\/www.eldigitaldeasturias.com\\\/noticias\\\/wp-content\\\/uploads\\\/2020\\\/12\\\/EDA.jpg\",\"@id\":\"https:\\\/\\\/eldigitaldeasturias.com\\\/magazine365\\\/la-compania-aerea-ryanair-cancela-en-invierno-los-vuelos-asturias-dublin\\\/#organizationLogo\"},\"image\":{\"@id\":\"https:\\\/\\\/eldigitaldeasturias.com\\\/magazine365\\\/la-compania-aerea-ryanair-cancela-en-invierno-los-vuelos-asturias-dublin\\\/#organizationLogo\"}},{\"@type\":\"Person\",\"@id\":\"https:\\\/\\\/eldigitaldeasturias.com\\\/magazine365\\\/author\\\/admin\\\/#author\",\"url\":\"https:\\\/\\\/eldigitaldeasturias.com\\\/magazine365\\\/author\\\/admin\\\/\",\"name\":\"admin\",\"image\":{\"@type\":\"ImageObject\",\"@id\":\"https:\\\/\\\/eldigitaldeasturias.com\\\/magazine365\\\/la-compania-aerea-ryanair-cancela-en-invierno-los-vuelos-asturias-dublin\\\/#authorImage\",\"url\":\"https:\\\/\\\/eldigitaldeasturias.com\\\/magazine365\\\/wp-content\\\/litespeed\\\/avatar\\\/e571bcf59a0edd6fa6838245a470f2fe.jpg?ver=1776969259\",\"width\":96,\"height\":96,\"caption\":\"admin\"}},{\"@type\":\"WebPage\",\"@id\":\"https:\\\/\\\/eldigitaldeasturias.com\\\/magazine365\\\/la-compania-aerea-ryanair-cancela-en-invierno-los-vuelos-asturias-dublin\\\/#webpage\",\"url\":\"https:\\\/\\\/eldigitaldeasturias.com\\\/magazine365\\\/la-compania-aerea-ryanair-cancela-en-invierno-los-vuelos-asturias-dublin\\\/\",\"name\":\"La compa\\u00f1\\u00eda a\\u00e9rea Ryanair cancela en invierno los vuelos Asturias-Dubl\\u00edn | El Digital de Asturias\",\"description\":\"La compa\\u00f1\\u00eda irlandesa ha tomado la decisi\\u00f3n de cancelar estos vuelos en los meses de invierno, una ruta que se elimina de manera moment\\u00e1nea y que se suma\",\"inLanguage\":\"es-ES\",\"isPartOf\":{\"@id\":\"https:\\\/\\\/eldigitaldeasturias.com\\\/magazine365\\\/#website\"},\"breadcrumb\":{\"@id\":\"https:\\\/\\\/eldigitaldeasturias.com\\\/magazine365\\\/la-compania-aerea-ryanair-cancela-en-invierno-los-vuelos-asturias-dublin\\\/#breadcrumblist\"},\"author\":{\"@id\":\"https:\\\/\\\/eldigitaldeasturias.com\\\/magazine365\\\/author\\\/admin\\\/#author\"},\"creator\":{\"@id\":\"https:\\\/\\\/eldigitaldeasturias.com\\\/magazine365\\\/author\\\/admin\\\/#author\"},\"image\":{\"@type\":\"ImageObject\",\"url\":\"https:\\\/\\\/eldigitaldeasturias.com\\\/magazine365\\\/wp-content\\\/uploads\\\/2023\\\/10\\\/vuelos-Asturias.jpg\",\"@id\":\"https:\\\/\\\/eldigitaldeasturias.com\\\/magazine365\\\/la-compania-aerea-ryanair-cancela-en-invierno-los-vuelos-asturias-dublin\\\/#mainImage\",\"width\":739,\"height\":488,\"caption\":\"vuelos Asturias\"},\"primaryImageOfPage\":{\"@id\":\"https:\\\/\\\/eldigitaldeasturias.com\\\/magazine365\\\/la-compania-aerea-ryanair-cancela-en-invierno-los-vuelos-asturias-dublin\\\/#mainImage\"},\"datePublished\":\"2023-10-11T22:58:34+02:00\",\"dateModified\":\"2023-10-11T22:58:34+02:00\"},{\"@type\":\"WebSite\",\"@id\":\"https:\\\/\\\/eldigitaldeasturias.com\\\/magazine365\\\/#website\",\"url\":\"https:\\\/\\\/eldigitaldeasturias.com\\\/magazine365\\\/\",\"name\":\"El Digital de Asturias\",\"description\":\"Revista de ocio, turismo y estilo de vida\",\"inLanguage\":\"es-ES\",\"publisher\":{\"@id\":\"https:\\\/\\\/eldigitaldeasturias.com\\\/magazine365\\\/#organization\"}}]}\n\t\t<\/script>\n\t\t<!-- All in One SEO Pro -->\r\n\t\t<title>La compa\u00f1\u00eda a\u00e9rea Ryanair cancela en invierno los vuelos Asturias-Dubl\u00edn | El Digital de Asturias<\/title>\n\n","aioseo_head_json":{"title":"La compa\u00f1\u00eda a\u00e9rea Ryanair cancela en invierno los vuelos Asturias-Dubl\u00edn | El Digital de Asturias","description":"La compa\u00f1\u00eda irlandesa ha tomado la decisi\u00f3n de cancelar estos vuelos en los meses de invierno, una ruta que se elimina de manera moment\u00e1nea y que se suma","canonical_url":"https:\/\/eldigitaldeasturias.com\/magazine365\/la-compania-aerea-ryanair-cancela-en-invierno-los-vuelos-asturias-dublin\/","robots":"max-image-preview:large","keywords":"asturias,actualidad turismo","webmasterTools":{"google-site-verification":"UA-38556648-1","miscellaneous":""},"schema":{"@context":"https:\/\/schema.org","@graph":[{"@type":"Article","@id":"https:\/\/eldigitaldeasturias.com\/magazine365\/la-compania-aerea-ryanair-cancela-en-invierno-los-vuelos-asturias-dublin\/#article","name":"La compa\u00f1\u00eda a\u00e9rea Ryanair cancela en invierno los vuelos Asturias-Dubl\u00edn | El Digital de Asturias","headline":"La compa\u00f1\u00eda a\u00e9rea Ryanair cancela en invierno los vuelos Asturias-Dubl\u00edn","author":{"@id":"https:\/\/eldigitaldeasturias.com\/magazine365\/author\/admin\/#author"},"publisher":{"@id":"https:\/\/eldigitaldeasturias.com\/magazine365\/#organization"},"image":{"@type":"ImageObject","url":"https:\/\/eldigitaldeasturias.com\/magazine365\/wp-content\/uploads\/2023\/10\/vuelos-Asturias.jpg","width":739,"height":488,"caption":"vuelos Asturias"},"datePublished":"2023-10-11T22:58:34+02:00","dateModified":"2023-10-11T22:58:34+02:00","inLanguage":"es-ES","mainEntityOfPage":{"@id":"https:\/\/eldigitaldeasturias.com\/magazine365\/la-compania-aerea-ryanair-cancela-en-invierno-los-vuelos-asturias-dublin\/#webpage"},"isPartOf":{"@id":"https:\/\/eldigitaldeasturias.com\/magazine365\/la-compania-aerea-ryanair-cancela-en-invierno-los-vuelos-asturias-dublin\/#webpage"},"articleSection":"Actualidad Turismo, Asturias"},{"@type":"BreadcrumbList","@id":"https:\/\/eldigitaldeasturias.com\/magazine365\/la-compania-aerea-ryanair-cancela-en-invierno-los-vuelos-asturias-dublin\/#breadcrumblist","itemListElement":[{"@type":"ListItem","@id":"https:\/\/eldigitaldeasturias.com\/magazine365#listItem","position":1,"name":"Home","item":"https:\/\/eldigitaldeasturias.com\/magazine365","nextItem":{"@type":"ListItem","@id":"https:\/\/eldigitaldeasturias.com\/magazine365\/category\/actualidad-turismo\/#listItem","name":"Actualidad Turismo"}},{"@type":"ListItem","@id":"https:\/\/eldigitaldeasturias.com\/magazine365\/category\/actualidad-turismo\/#listItem","position":2,"name":"Actualidad Turismo","item":"https:\/\/eldigitaldeasturias.com\/magazine365\/category\/actualidad-turismo\/","nextItem":{"@type":"ListItem","@id":"https:\/\/eldigitaldeasturias.com\/magazine365\/la-compania-aerea-ryanair-cancela-en-invierno-los-vuelos-asturias-dublin\/#listItem","name":"La compa\u00f1\u00eda a\u00e9rea Ryanair cancela en invierno los vuelos Asturias-Dubl\u00edn"},"previousItem":{"@type":"ListItem","@id":"https:\/\/eldigitaldeasturias.com\/magazine365#listItem","name":"Home"}},{"@type":"ListItem","@id":"https:\/\/eldigitaldeasturias.com\/magazine365\/la-compania-aerea-ryanair-cancela-en-invierno-los-vuelos-asturias-dublin\/#listItem","position":3,"name":"La compa\u00f1\u00eda a\u00e9rea Ryanair cancela en invierno los vuelos Asturias-Dubl\u00edn","previousItem":{"@type":"ListItem","@id":"https:\/\/eldigitaldeasturias.com\/magazine365\/category\/actualidad-turismo\/#listItem","name":"Actualidad Turismo"}}]},{"@type":"Organization","@id":"https:\/\/eldigitaldeasturias.com\/magazine365\/#organization","name":"El digital de Asturias","description":"Revista de ocio, turismo y estilo de vida","url":"https:\/\/eldigitaldeasturias.com\/magazine365\/","logo":{"@type":"ImageObject","url":"https:\/\/www.eldigitaldeasturias.com\/noticias\/wp-content\/uploads\/2020\/12\/EDA.jpg","@id":"https:\/\/eldigitaldeasturias.com\/magazine365\/la-compania-aerea-ryanair-cancela-en-invierno-los-vuelos-asturias-dublin\/#organizationLogo"},"image":{"@id":"https:\/\/eldigitaldeasturias.com\/magazine365\/la-compania-aerea-ryanair-cancela-en-invierno-los-vuelos-asturias-dublin\/#organizationLogo"}},{"@type":"Person","@id":"https:\/\/eldigitaldeasturias.com\/magazine365\/author\/admin\/#author","url":"https:\/\/eldigitaldeasturias.com\/magazine365\/author\/admin\/","name":"admin","image":{"@type":"ImageObject","@id":"https:\/\/eldigitaldeasturias.com\/magazine365\/la-compania-aerea-ryanair-cancela-en-invierno-los-vuelos-asturias-dublin\/#authorImage","url":"https:\/\/eldigitaldeasturias.com\/magazine365\/wp-content\/litespeed\/avatar\/e571bcf59a0edd6fa6838245a470f2fe.jpg?ver=1776969259","width":96,"height":96,"caption":"admin"}},{"@type":"WebPage","@id":"https:\/\/eldigitaldeasturias.com\/magazine365\/la-compania-aerea-ryanair-cancela-en-invierno-los-vuelos-asturias-dublin\/#webpage","url":"https:\/\/eldigitaldeasturias.com\/magazine365\/la-compania-aerea-ryanair-cancela-en-invierno-los-vuelos-asturias-dublin\/","name":"La compa\u00f1\u00eda a\u00e9rea Ryanair cancela en invierno los vuelos Asturias-Dubl\u00edn | El Digital de Asturias","description":"La compa\u00f1\u00eda irlandesa ha tomado la decisi\u00f3n de cancelar estos vuelos en los meses de invierno, una ruta que se elimina de manera moment\u00e1nea y que se suma","inLanguage":"es-ES","isPartOf":{"@id":"https:\/\/eldigitaldeasturias.com\/magazine365\/#website"},"breadcrumb":{"@id":"https:\/\/eldigitaldeasturias.com\/magazine365\/la-compania-aerea-ryanair-cancela-en-invierno-los-vuelos-asturias-dublin\/#breadcrumblist"},"author":{"@id":"https:\/\/eldigitaldeasturias.com\/magazine365\/author\/admin\/#author"},"creator":{"@id":"https:\/\/eldigitaldeasturias.com\/magazine365\/author\/admin\/#author"},"image":{"@type":"ImageObject","url":"https:\/\/eldigitaldeasturias.com\/magazine365\/wp-content\/uploads\/2023\/10\/vuelos-Asturias.jpg","@id":"https:\/\/eldigitaldeasturias.com\/magazine365\/la-compania-aerea-ryanair-cancela-en-invierno-los-vuelos-asturias-dublin\/#mainImage","width":739,"height":488,"caption":"vuelos Asturias"},"primaryImageOfPage":{"@id":"https:\/\/eldigitaldeasturias.com\/magazine365\/la-compania-aerea-ryanair-cancela-en-invierno-los-vuelos-asturias-dublin\/#mainImage"},"datePublished":"2023-10-11T22:58:34+02:00","dateModified":"2023-10-11T22:58:34+02:00"},{"@type":"WebSite","@id":"https:\/\/eldigitaldeasturias.com\/magazine365\/#website","url":"https:\/\/eldigitaldeasturias.com\/magazine365\/","name":"El Digital de Asturias","description":"Revista de ocio, turismo y estilo de vida","inLanguage":"es-ES","publisher":{"@id":"https:\/\/eldigitaldeasturias.com\/magazine365\/#organization"}}]},"og:locale":"es_ES","og:site_name":"El Digital de Asturias \u2013 Revista de ocio, turismo y estilo de vida","og:type":"article","og:title":"La compa\u00f1\u00eda a\u00e9rea Ryanair cancela en invierno los vuelos Asturias-Dubl\u00edn | El Digital de Asturias","og:description":"La compa\u00f1\u00eda irlandesa ha tomado la decisi\u00f3n de cancelar estos vuelos en los meses de invierno, una ruta que se elimina de manera moment\u00e1nea y que se suma","og:url":"https:\/\/eldigitaldeasturias.com\/magazine365\/la-compania-aerea-ryanair-cancela-en-invierno-los-vuelos-asturias-dublin\/","og:image":"https:\/\/eldigitaldeasturias.com\/magazine365\/wp-content\/uploads\/2023\/10\/vuelos-Asturias.jpg","og:image:secure_url":"https:\/\/eldigitaldeasturias.com\/magazine365\/wp-content\/uploads\/2023\/10\/vuelos-Asturias.jpg","og:image:width":739,"og:image:height":488,"article:published_time":"2023-10-11T20:58:34+00:00","article:modified_time":"2023-10-11T20:58:34+00:00","twitter:card":"summary_large_image","twitter:title":"La compa\u00f1\u00eda a\u00e9rea Ryanair cancela en invierno los vuelos Asturias-Dubl\u00edn | El Digital de Asturias","twitter:description":"La compa\u00f1\u00eda irlandesa ha tomado la decisi\u00f3n de cancelar estos vuelos en los meses de invierno, una ruta que se elimina de manera moment\u00e1nea y que se suma","twitter:image":"https:\/\/eldigitaldeasturias.com\/magazine365\/wp-content\/uploads\/2023\/10\/vuelos-Asturias.jpg"},"aioseo_meta_data":{"post_id":"110726","title":null,"description":"La compa\u00f1\u00eda irlandesa ha tomado la decisi\u00f3n de cancelar estos vuelos en los meses de invierno, una ruta que se elimina de manera moment\u00e1nea y que se suma","keywords":[],"keyphrases":{"focus":{"keyphrase":"vuelos","score":85,"analysis":{"keyphraseInTitle":{"score":9,"maxScore":9,"error":0},"keyphraseInDescription":{"score":9,"maxScore":9,"error":0},"keyphraseLength":{"score":9,"maxScore":9,"error":0,"length":1},"keyphraseInURL":{"score":1,"maxScore":5,"error":1},"keyphraseInIntroduction":{"score":9,"maxScore":9,"error":0},"keyphraseInSubHeadings":{"score":3,"maxScore":9,"error":1},"keyphraseInImageAlt":{"score":9,"maxScore":9,"error":0},"keywordDensity":{"type":"best","score":9,"maxScore":9,"error":0}}},"additional":[{"keyphrase":"vuelos","score":100,"analysis":{"keyphraseInDescription":{"score":9,"maxScore":9,"error":0},"keyphraseLength":{"score":9,"maxScore":9,"error":0,"length":1},"keyphraseInIntroduction":{"score":9,"maxScore":9,"error":0},"keyphraseInImageAlt":{"score":9,"maxScore":9,"error":0},"keywordDensity":{"type":"best","score":9,"maxScore":9,"error":0}}}]},"primary_term":null,"canonical_url":null,"og_title":null,"og_description":null,"og_object_type":"default","og_image_type":"default","og_image_url":null,"og_image_width":null,"og_image_height":null,"og_image_custom_url":null,"og_image_custom_fields":null,"og_video":"","og_custom_url":null,"og_article_section":null,"og_article_tags":[],"twitter_use_og":false,"twitter_card":"default","twitter_image_type":"default","twitter_image_url":null,"twitter_image_custom_url":null,"twitter_image_custom_fields":null,"twitter_title":null,"twitter_description":null,"schema":{"blockGraphs":[],"customGraphs":[],"default":{"data":{"Article":[],"Course":[],"Dataset":[],"FAQPage":[],"Movie":[],"Person":[],"Product":[],"ProductReview":[],"Car":[],"Recipe":[],"Service":[],"SoftwareApplication":[],"WebPage":[]},"graphName":"Article","isEnabled":true},"graphs":[]},"schema_type":"default","schema_type_options":null,"pillar_content":false,"robots_default":true,"robots_noindex":false,"robots_noarchive":false,"robots_nosnippet":false,"robots_nofollow":false,"robots_noimageindex":false,"robots_noodp":false,"robots_notranslate":false,"robots_max_snippet":"-1","robots_max_videopreview":"-1","robots_max_imagepreview":"large","priority":null,"frequency":"default","location":null,"local_seo":null,"seo_analyzer_scan_date":"2025-09-30 05:57:53","breadcrumb_settings":null,"limit_modified_date":false,"open_ai":"{\"title\":{\"suggestions\":[],\"usage\":0},\"description\":{\"suggestions\":[],\"usage\":0}}","ai":null,"created":"2023-10-11 20:51:41","updated":"2025-09-30 05:57:53"},"aioseo_breadcrumb":"<div class=\"aioseo-breadcrumbs\"><span class=\"aioseo-breadcrumb\">\n\t<a href=\"https:\/\/eldigitaldeasturias.com\/magazine365\" title=\"Home\">Home<\/a>\n<\/span><span class=\"aioseo-breadcrumb-separator\">\u2013<\/span><span class=\"aioseo-breadcrumb\">\n\t<a href=\"https:\/\/eldigitaldeasturias.com\/magazine365\/category\/actualidad-turismo\/\" title=\"Actualidad Turismo\">Actualidad Turismo<\/a>\n<\/span><span class=\"aioseo-breadcrumb-separator\">\u2013<\/span><span class=\"aioseo-breadcrumb\">\n\t<a href=\"https:\/\/eldigitaldeasturias.com\/magazine365\/la-compania-aerea-ryanair-cancela-en-invierno-los-vuelos-asturias-dublin\/\" title=\"La compa\u00f1\u00eda a\u00e9rea Ryanair cancela en invierno los vuelos Asturias-Dubl\u00edn\">La compa\u00f1\u00eda a\u00e9rea Ryanair cancela en invierno los vuelos Asturias-Dubl\u00edn<\/a>\n<\/span><\/div>","aioseo_breadcrumb_json":[{"label":"Home","link":"https:\/\/eldigitaldeasturias.com\/magazine365"},{"label":"Actualidad Turismo","link":"https:\/\/eldigitaldeasturias.com\/magazine365\/category\/actualidad-turismo\/"},{"label":"La compa\u00f1\u00eda a\u00e9rea Ryanair cancela en invierno los vuelos Asturias-Dubl\u00edn","link":"https:\/\/eldigitaldeasturias.com\/magazine365\/la-compania-aerea-ryanair-cancela-en-invierno-los-vuelos-asturias-dublin\/"}],"_links":{"self":[{"href":"https:\/\/eldigitaldeasturias.com\/magazine365\/wp-json\/wp\/v2\/posts\/110726","targetHints":{"allow":["GET"]}}],"collection":[{"href":"https:\/\/eldigitaldeasturias.com\/magazine365\/wp-json\/wp\/v2\/posts"}],"about":[{"href":"https:\/\/eldigitaldeasturias.com\/magazine365\/wp-json\/wp\/v2\/types\/post"}],"author":[{"embeddable":true,"href":"https:\/\/eldigitaldeasturias.com\/magazine365\/wp-json\/wp\/v2\/users\/1"}],"replies":[{"embeddable":true,"href":"https:\/\/eldigitaldeasturias.com\/magazine365\/wp-json\/wp\/v2\/comments?post=110726"}],"version-history":[{"count":0,"href":"https:\/\/eldigitaldeasturias.com\/magazine365\/wp-json\/wp\/v2\/posts\/110726\/revisions"}],"wp:featuredmedia":[{"embeddable":true,"href":"https:\/\/eldigitaldeasturias.com\/magazine365\/wp-json\/wp\/v2\/media\/110727"}],"wp:attachment":[{"href":"https:\/\/eldigitaldeasturias.com\/magazine365\/wp-json\/wp\/v2\/media?parent=110726"}],"wp:term":[{"taxonomy":"category","embeddable":true,"href":"https:\/\/eldigitaldeasturias.com\/magazine365\/wp-json\/wp\/v2\/categories?post=110726"},{"taxonomy":"post_tag","embeddable":true,"href":"https:\/\/eldigitaldeasturias.com\/magazine365\/wp-json\/wp\/v2\/tags?post=110726"}],"curies":[{"name":"wp","href":"https:\/\/api.w.org\/{rel}","templated":true}]}}