{"id":110441,"date":"2023-06-30T08:20:11","date_gmt":"2023-06-30T06:20:11","guid":{"rendered":"https:\/\/eldigitaldeasturias.com\/magazine365\/?p=110441"},"modified":"2023-06-30T08:20:11","modified_gmt":"2023-06-30T06:20:11","slug":"fercavia-comercializa-su-nueva-promocion-en-gijon","status":"publish","type":"post","link":"https:\/\/eldigitaldeasturias.com\/magazine365\/fercavia-comercializa-su-nueva-promocion-en-gijon\/","title":{"rendered":"Fercavia comercializa su nueva promoci\u00f3n en Gij\u00f3n"},"content":{"rendered":"<p class=\"normal\"><span lang=\"es\">Construcciones Fercavia se encuentra en plena promoci\u00f3n de las viviendas que ha rehabilitado, de forma integral, en Avenida Constituci\u00f3n 31 de la capital gijonesa.<\/span><\/p>\n<p><img fetchpriority=\"high\" decoding=\"async\" class=\"aligncenter wp-image-110442 size-full\" src=\"https:\/\/eldigitaldeasturias.com\/magazine365\/wp-content\/uploads\/2023\/06\/Gijon.jpg\" alt=\"Gij\u00f3n\" width=\"640\" height=\"480\" srcset=\"https:\/\/eldigitaldeasturias.com\/magazine365\/wp-content\/uploads\/2023\/06\/Gijon.jpg 640w, https:\/\/eldigitaldeasturias.com\/magazine365\/wp-content\/uploads\/2023\/06\/Gijon-360x270.jpg 360w, https:\/\/eldigitaldeasturias.com\/magazine365\/wp-content\/uploads\/2023\/06\/Gijon-150x113.jpg 150w, https:\/\/eldigitaldeasturias.com\/magazine365\/wp-content\/uploads\/2023\/06\/Gijon-450x338.jpg 450w\" sizes=\"(max-width: 640px) 100vw, 640px\" \/><\/p>\n<p class=\"normal\"><span lang=\"es\">Se trata de un conjunto de viviendas de 2 y 3 dormitorios en un edificio c\u00e9ntrico pr\u00f3ximo a la Plaza de Europa y que tiene, como punto de partida, viviendas desde 190.000 euros.<\/span><\/p>\n<p class=\"normal\"><span lang=\"es\">El edificio, de ocho alturas, ha sido uno de los \u00faltimos proyectos de esta compa\u00f1\u00eda, experta en rehabilitaciones y en la venta y alquiler de inmuebles.<\/span><\/p>\n<p class=\"normal\"><span lang=\"es\">\u201cEsta promoci\u00f3n se suma a otras dos que tenemos en esta ciudad asturiana, pero es especial por el enclave en el que se sit\u00faa el edificio. Como siempre, esta rehabilitaci\u00f3n se ha realizado <\/span><span lang=\"es\" style=\"font-size: 11.5pt; line-height: 115%;\">proponiendo las soluciones m\u00e1s adecuadas para mejorar la eficiencia energ\u00e9tica en los edificios\u201d explican al hablar de la <\/span><span lang=\"es\" style=\"color: #ff6600;\"><a style=\"color: #ff6600;\" href=\"https:\/\/www.fercavia.com\/venta\/\" target=\"_blank\" rel=\"noopener\"><span style=\"font-size: 11.5pt; line-height: 115%;\">venta de pisos en el centro de Gij\u00f3n<\/span><\/a><\/span><span lang=\"es\" style=\"font-size: 11.5pt; line-height: 115%;\">.<\/span><span lang=\"es\" style=\"font-size: 11.5pt; line-height: 115%;\">\u00a0<\/span><\/p>\n<p class=\"normal\" style=\"background: white;\"><span lang=\"es\" style=\"font-size: 11.5pt; line-height: 115%;\">Gij\u00f3n est\u00e1 experimentando un 2023 de subida de precio en los inmuebles, que rondan ya un 2% m\u00e1s de lo que costaban en 2022. Por suerte, Asturias est\u00e1 en una de las zonas inmobiliarias de mayor equilibrio, donde la oferta y demanda no est\u00e1n desfasadas porque, pese a las leves subidas de los \u00faltimos a\u00f1os, hubo una correcci\u00f3n de precio del mercado que, en cuesti\u00f3n de una d\u00e9cada, ha dejado el coste de los inmuebles medios por debajo del 40% de su coste en 2007.<\/span><span style=\"font-size: 11.5pt; color: var(--c-contrast-800);\">\u00a0<\/span><\/p>\n<p class=\"normal\" style=\"background: white;\"><span lang=\"es\" style=\"font-size: 11.5pt; line-height: 115%;\">Eso significa que bancos y entidades crediticias est\u00e1n apoyando la compra de los inmuebles con hipotecas que permiten afrontar, ya sea desde los intereses fijos o variables, el coste de una de las inversiones m\u00e1s grandes que se har\u00e1 en la vida de cada familia.<\/span><span lang=\"es\" style=\"font-size: 11.5pt; line-height: 115%;\">\u00a0<\/span><\/p>\n<p class=\"normal\" style=\"background: white;\"><span lang=\"es\" style=\"font-size: 11.5pt; line-height: 115%;\">Asturias, adem\u00e1s, se est\u00e1 convirtiendo en la receptora de muchos n\u00f3madas digitales que, de cara a las temporadas de calor, prefieren afrontar una nueva vida en zonas m\u00e1s frescas y donde la calidad de vida sigue siendo superior a las principales capitales como Madrid o Barcelona.<\/span><span lang=\"es\" style=\"font-size: 11.5pt; line-height: 115%;\">\u00a0<\/span><\/p>\n<p class=\"normal\" style=\"background: white;\"><span lang=\"es\" style=\"font-size: 11.5pt; line-height: 115%;\">La creciente demanda de viviendas en el Principado est\u00e1 haciendo que los tiempos de compra y venta se acorten hasta aproximadamente 50 d\u00edas, lo que hace que las promociones como la de Fercavia tengan una gran acogida en el mercado.<\/span><\/p>\n","protected":false},"excerpt":{"rendered":"<p>Construcciones Fercavia se encuentra en plena promoci\u00f3n de las viviendas que ha rehabilitado, de forma integral, en Avenida Constituci\u00f3n 31 de la capital gijonesa. Se trata de un conjunto de viviendas de 2 y 3 dormitorios en un edificio c\u00e9ntrico pr\u00f3ximo a la Plaza de Europa y que tiene, como punto de partida, viviendas desde<\/p>\n","protected":false},"author":1,"featured_media":110442,"comment_status":"closed","ping_status":"closed","sticky":false,"template":"","format":"standard","meta":{"footnotes":""},"categories":[206],"tags":[375,355],"class_list":{"0":"post-110441","1":"post","2":"type-post","3":"status-publish","4":"format-standard","5":"has-post-thumbnail","7":"category-canal-empresas","8":"tag-asturias","9":"tag-empresas"},"aioseo_notices":[],"aioseo_head":"\n\t\t<!-- All in One SEO Pro 4.9.6.1 - aioseo.com -->\n\t<meta name=\"description\" content=\"Construcciones Fercavia se encuentra en plena promoci\u00f3n de las viviendas que ha rehabilitado, de forma integral, en Avenida Constituci\u00f3n 31 de la capital\" \/>\n\t<meta name=\"robots\" content=\"max-image-preview:large\" \/>\n\t<meta name=\"author\" content=\"admin\"\/>\n\t<meta name=\"google-site-verification\" content=\"UA-38556648-1\" \/>\n\t<meta name=\"keywords\" content=\"asturias,empresas,canal empresas\" \/>\n\t<link rel=\"canonical\" href=\"https:\/\/eldigitaldeasturias.com\/magazine365\/fercavia-comercializa-su-nueva-promocion-en-gijon\/\" \/>\n\t<meta name=\"generator\" content=\"All in One SEO Pro (AIOSEO) 4.9.6.1\" \/>\n\t\t<meta property=\"og:locale\" content=\"es_ES\" \/>\n\t\t<meta property=\"og:site_name\" content=\"El Digital de Asturias \u2013 Revista de ocio, turismo y estilo de vida\" \/>\n\t\t<meta property=\"og:type\" content=\"article\" \/>\n\t\t<meta property=\"og:title\" content=\"Fercavia comercializa su nueva promoci\u00f3n en Gij\u00f3n | El Digital de Asturias\" \/>\n\t\t<meta property=\"og:description\" content=\"Construcciones Fercavia se encuentra en plena promoci\u00f3n de las viviendas que ha rehabilitado, de forma integral, en Avenida Constituci\u00f3n 31 de la capital\" \/>\n\t\t<meta property=\"og:url\" content=\"https:\/\/eldigitaldeasturias.com\/magazine365\/fercavia-comercializa-su-nueva-promocion-en-gijon\/\" \/>\n\t\t<meta property=\"og:image\" content=\"https:\/\/eldigitaldeasturias.com\/magazine365\/wp-content\/uploads\/2023\/06\/Gijon.jpg\" \/>\n\t\t<meta property=\"og:image:secure_url\" content=\"https:\/\/eldigitaldeasturias.com\/magazine365\/wp-content\/uploads\/2023\/06\/Gijon.jpg\" \/>\n\t\t<meta property=\"og:image:width\" content=\"640\" \/>\n\t\t<meta property=\"og:image:height\" content=\"480\" \/>\n\t\t<meta property=\"article:published_time\" content=\"2023-06-30T06:20:11+00:00\" \/>\n\t\t<meta property=\"article:modified_time\" content=\"2023-06-30T06:20:11+00:00\" \/>\n\t\t<meta name=\"twitter:card\" content=\"summary_large_image\" \/>\n\t\t<meta name=\"twitter:title\" content=\"Fercavia comercializa su nueva promoci\u00f3n en Gij\u00f3n | El Digital de Asturias\" \/>\n\t\t<meta name=\"twitter:description\" content=\"Construcciones Fercavia se encuentra en plena promoci\u00f3n de las viviendas que ha rehabilitado, de forma integral, en Avenida Constituci\u00f3n 31 de la capital\" \/>\n\t\t<meta name=\"twitter:image\" content=\"https:\/\/eldigitaldeasturias.com\/magazine365\/wp-content\/uploads\/2023\/06\/Gijon.jpg\" \/>\n\t\t<script type=\"application\/ld+json\" class=\"aioseo-schema\">\n\t\t\t{\"@context\":\"https:\\\/\\\/schema.org\",\"@graph\":[{\"@type\":\"Article\",\"@id\":\"https:\\\/\\\/eldigitaldeasturias.com\\\/magazine365\\\/fercavia-comercializa-su-nueva-promocion-en-gijon\\\/#article\",\"name\":\"Fercavia comercializa su nueva promoci\\u00f3n en Gij\\u00f3n | El Digital de Asturias\",\"headline\":\"Fercavia comercializa su nueva promoci\\u00f3n en Gij\\u00f3n\",\"author\":{\"@id\":\"https:\\\/\\\/eldigitaldeasturias.com\\\/magazine365\\\/author\\\/admin\\\/#author\"},\"publisher\":{\"@id\":\"https:\\\/\\\/eldigitaldeasturias.com\\\/magazine365\\\/#organization\"},\"image\":{\"@type\":\"ImageObject\",\"url\":\"https:\\\/\\\/eldigitaldeasturias.com\\\/magazine365\\\/wp-content\\\/uploads\\\/2023\\\/06\\\/Gijon.jpg\",\"width\":640,\"height\":480,\"caption\":\"Gij\\u00f3n\"},\"datePublished\":\"2023-06-30T08:20:11+02:00\",\"dateModified\":\"2023-06-30T08:20:11+02:00\",\"inLanguage\":\"es-ES\",\"mainEntityOfPage\":{\"@id\":\"https:\\\/\\\/eldigitaldeasturias.com\\\/magazine365\\\/fercavia-comercializa-su-nueva-promocion-en-gijon\\\/#webpage\"},\"isPartOf\":{\"@id\":\"https:\\\/\\\/eldigitaldeasturias.com\\\/magazine365\\\/fercavia-comercializa-su-nueva-promocion-en-gijon\\\/#webpage\"},\"articleSection\":\"Canal Empresas, Asturias, Empresas\"},{\"@type\":\"BreadcrumbList\",\"@id\":\"https:\\\/\\\/eldigitaldeasturias.com\\\/magazine365\\\/fercavia-comercializa-su-nueva-promocion-en-gijon\\\/#breadcrumblist\",\"itemListElement\":[{\"@type\":\"ListItem\",\"@id\":\"https:\\\/\\\/eldigitaldeasturias.com\\\/magazine365#listItem\",\"position\":1,\"name\":\"Home\",\"item\":\"https:\\\/\\\/eldigitaldeasturias.com\\\/magazine365\",\"nextItem\":{\"@type\":\"ListItem\",\"@id\":\"https:\\\/\\\/eldigitaldeasturias.com\\\/magazine365\\\/category\\\/canal-empresas\\\/#listItem\",\"name\":\"Canal Empresas\"}},{\"@type\":\"ListItem\",\"@id\":\"https:\\\/\\\/eldigitaldeasturias.com\\\/magazine365\\\/category\\\/canal-empresas\\\/#listItem\",\"position\":2,\"name\":\"Canal Empresas\",\"item\":\"https:\\\/\\\/eldigitaldeasturias.com\\\/magazine365\\\/category\\\/canal-empresas\\\/\",\"nextItem\":{\"@type\":\"ListItem\",\"@id\":\"https:\\\/\\\/eldigitaldeasturias.com\\\/magazine365\\\/fercavia-comercializa-su-nueva-promocion-en-gijon\\\/#listItem\",\"name\":\"Fercavia comercializa su nueva promoci\\u00f3n en Gij\\u00f3n\"},\"previousItem\":{\"@type\":\"ListItem\",\"@id\":\"https:\\\/\\\/eldigitaldeasturias.com\\\/magazine365#listItem\",\"name\":\"Home\"}},{\"@type\":\"ListItem\",\"@id\":\"https:\\\/\\\/eldigitaldeasturias.com\\\/magazine365\\\/fercavia-comercializa-su-nueva-promocion-en-gijon\\\/#listItem\",\"position\":3,\"name\":\"Fercavia comercializa su nueva promoci\\u00f3n en Gij\\u00f3n\",\"previousItem\":{\"@type\":\"ListItem\",\"@id\":\"https:\\\/\\\/eldigitaldeasturias.com\\\/magazine365\\\/category\\\/canal-empresas\\\/#listItem\",\"name\":\"Canal Empresas\"}}]},{\"@type\":\"Organization\",\"@id\":\"https:\\\/\\\/eldigitaldeasturias.com\\\/magazine365\\\/#organization\",\"name\":\"El digital de Asturias\",\"description\":\"Revista de ocio, turismo y estilo de vida\",\"url\":\"https:\\\/\\\/eldigitaldeasturias.com\\\/magazine365\\\/\",\"logo\":{\"@type\":\"ImageObject\",\"url\":\"https:\\\/\\\/www.eldigitaldeasturias.com\\\/noticias\\\/wp-content\\\/uploads\\\/2020\\\/12\\\/EDA.jpg\",\"@id\":\"https:\\\/\\\/eldigitaldeasturias.com\\\/magazine365\\\/fercavia-comercializa-su-nueva-promocion-en-gijon\\\/#organizationLogo\"},\"image\":{\"@id\":\"https:\\\/\\\/eldigitaldeasturias.com\\\/magazine365\\\/fercavia-comercializa-su-nueva-promocion-en-gijon\\\/#organizationLogo\"}},{\"@type\":\"Person\",\"@id\":\"https:\\\/\\\/eldigitaldeasturias.com\\\/magazine365\\\/author\\\/admin\\\/#author\",\"url\":\"https:\\\/\\\/eldigitaldeasturias.com\\\/magazine365\\\/author\\\/admin\\\/\",\"name\":\"admin\",\"image\":{\"@type\":\"ImageObject\",\"@id\":\"https:\\\/\\\/eldigitaldeasturias.com\\\/magazine365\\\/fercavia-comercializa-su-nueva-promocion-en-gijon\\\/#authorImage\",\"url\":\"https:\\\/\\\/eldigitaldeasturias.com\\\/magazine365\\\/wp-content\\\/litespeed\\\/avatar\\\/e571bcf59a0edd6fa6838245a470f2fe.jpg?ver=1776969259\",\"width\":96,\"height\":96,\"caption\":\"admin\"}},{\"@type\":\"WebPage\",\"@id\":\"https:\\\/\\\/eldigitaldeasturias.com\\\/magazine365\\\/fercavia-comercializa-su-nueva-promocion-en-gijon\\\/#webpage\",\"url\":\"https:\\\/\\\/eldigitaldeasturias.com\\\/magazine365\\\/fercavia-comercializa-su-nueva-promocion-en-gijon\\\/\",\"name\":\"Fercavia comercializa su nueva promoci\\u00f3n en Gij\\u00f3n | El Digital de Asturias\",\"description\":\"Construcciones Fercavia se encuentra en plena promoci\\u00f3n de las viviendas que ha rehabilitado, de forma integral, en Avenida Constituci\\u00f3n 31 de la capital\",\"inLanguage\":\"es-ES\",\"isPartOf\":{\"@id\":\"https:\\\/\\\/eldigitaldeasturias.com\\\/magazine365\\\/#website\"},\"breadcrumb\":{\"@id\":\"https:\\\/\\\/eldigitaldeasturias.com\\\/magazine365\\\/fercavia-comercializa-su-nueva-promocion-en-gijon\\\/#breadcrumblist\"},\"author\":{\"@id\":\"https:\\\/\\\/eldigitaldeasturias.com\\\/magazine365\\\/author\\\/admin\\\/#author\"},\"creator\":{\"@id\":\"https:\\\/\\\/eldigitaldeasturias.com\\\/magazine365\\\/author\\\/admin\\\/#author\"},\"image\":{\"@type\":\"ImageObject\",\"url\":\"https:\\\/\\\/eldigitaldeasturias.com\\\/magazine365\\\/wp-content\\\/uploads\\\/2023\\\/06\\\/Gijon.jpg\",\"@id\":\"https:\\\/\\\/eldigitaldeasturias.com\\\/magazine365\\\/fercavia-comercializa-su-nueva-promocion-en-gijon\\\/#mainImage\",\"width\":640,\"height\":480,\"caption\":\"Gij\\u00f3n\"},\"primaryImageOfPage\":{\"@id\":\"https:\\\/\\\/eldigitaldeasturias.com\\\/magazine365\\\/fercavia-comercializa-su-nueva-promocion-en-gijon\\\/#mainImage\"},\"datePublished\":\"2023-06-30T08:20:11+02:00\",\"dateModified\":\"2023-06-30T08:20:11+02:00\"},{\"@type\":\"WebSite\",\"@id\":\"https:\\\/\\\/eldigitaldeasturias.com\\\/magazine365\\\/#website\",\"url\":\"https:\\\/\\\/eldigitaldeasturias.com\\\/magazine365\\\/\",\"name\":\"El Digital de Asturias\",\"description\":\"Revista de ocio, turismo y estilo de vida\",\"inLanguage\":\"es-ES\",\"publisher\":{\"@id\":\"https:\\\/\\\/eldigitaldeasturias.com\\\/magazine365\\\/#organization\"}}]}\n\t\t<\/script>\n\t\t<!-- All in One SEO Pro -->\r\n\t\t<title>Fercavia comercializa su nueva promoci\u00f3n en Gij\u00f3n | El Digital de Asturias<\/title>\n\n","aioseo_head_json":{"title":"Fercavia comercializa su nueva promoci\u00f3n en Gij\u00f3n | El Digital de Asturias","description":"Construcciones Fercavia se encuentra en plena promoci\u00f3n de las viviendas que ha rehabilitado, de forma integral, en Avenida Constituci\u00f3n 31 de la capital","canonical_url":"https:\/\/eldigitaldeasturias.com\/magazine365\/fercavia-comercializa-su-nueva-promocion-en-gijon\/","robots":"max-image-preview:large","keywords":"asturias,empresas,canal empresas","webmasterTools":{"google-site-verification":"UA-38556648-1","miscellaneous":""},"schema":{"@context":"https:\/\/schema.org","@graph":[{"@type":"Article","@id":"https:\/\/eldigitaldeasturias.com\/magazine365\/fercavia-comercializa-su-nueva-promocion-en-gijon\/#article","name":"Fercavia comercializa su nueva promoci\u00f3n en Gij\u00f3n | El Digital de Asturias","headline":"Fercavia comercializa su nueva promoci\u00f3n en Gij\u00f3n","author":{"@id":"https:\/\/eldigitaldeasturias.com\/magazine365\/author\/admin\/#author"},"publisher":{"@id":"https:\/\/eldigitaldeasturias.com\/magazine365\/#organization"},"image":{"@type":"ImageObject","url":"https:\/\/eldigitaldeasturias.com\/magazine365\/wp-content\/uploads\/2023\/06\/Gijon.jpg","width":640,"height":480,"caption":"Gij\u00f3n"},"datePublished":"2023-06-30T08:20:11+02:00","dateModified":"2023-06-30T08:20:11+02:00","inLanguage":"es-ES","mainEntityOfPage":{"@id":"https:\/\/eldigitaldeasturias.com\/magazine365\/fercavia-comercializa-su-nueva-promocion-en-gijon\/#webpage"},"isPartOf":{"@id":"https:\/\/eldigitaldeasturias.com\/magazine365\/fercavia-comercializa-su-nueva-promocion-en-gijon\/#webpage"},"articleSection":"Canal Empresas, Asturias, Empresas"},{"@type":"BreadcrumbList","@id":"https:\/\/eldigitaldeasturias.com\/magazine365\/fercavia-comercializa-su-nueva-promocion-en-gijon\/#breadcrumblist","itemListElement":[{"@type":"ListItem","@id":"https:\/\/eldigitaldeasturias.com\/magazine365#listItem","position":1,"name":"Home","item":"https:\/\/eldigitaldeasturias.com\/magazine365","nextItem":{"@type":"ListItem","@id":"https:\/\/eldigitaldeasturias.com\/magazine365\/category\/canal-empresas\/#listItem","name":"Canal Empresas"}},{"@type":"ListItem","@id":"https:\/\/eldigitaldeasturias.com\/magazine365\/category\/canal-empresas\/#listItem","position":2,"name":"Canal Empresas","item":"https:\/\/eldigitaldeasturias.com\/magazine365\/category\/canal-empresas\/","nextItem":{"@type":"ListItem","@id":"https:\/\/eldigitaldeasturias.com\/magazine365\/fercavia-comercializa-su-nueva-promocion-en-gijon\/#listItem","name":"Fercavia comercializa su nueva promoci\u00f3n en Gij\u00f3n"},"previousItem":{"@type":"ListItem","@id":"https:\/\/eldigitaldeasturias.com\/magazine365#listItem","name":"Home"}},{"@type":"ListItem","@id":"https:\/\/eldigitaldeasturias.com\/magazine365\/fercavia-comercializa-su-nueva-promocion-en-gijon\/#listItem","position":3,"name":"Fercavia comercializa su nueva promoci\u00f3n en Gij\u00f3n","previousItem":{"@type":"ListItem","@id":"https:\/\/eldigitaldeasturias.com\/magazine365\/category\/canal-empresas\/#listItem","name":"Canal Empresas"}}]},{"@type":"Organization","@id":"https:\/\/eldigitaldeasturias.com\/magazine365\/#organization","name":"El digital de Asturias","description":"Revista de ocio, turismo y estilo de vida","url":"https:\/\/eldigitaldeasturias.com\/magazine365\/","logo":{"@type":"ImageObject","url":"https:\/\/www.eldigitaldeasturias.com\/noticias\/wp-content\/uploads\/2020\/12\/EDA.jpg","@id":"https:\/\/eldigitaldeasturias.com\/magazine365\/fercavia-comercializa-su-nueva-promocion-en-gijon\/#organizationLogo"},"image":{"@id":"https:\/\/eldigitaldeasturias.com\/magazine365\/fercavia-comercializa-su-nueva-promocion-en-gijon\/#organizationLogo"}},{"@type":"Person","@id":"https:\/\/eldigitaldeasturias.com\/magazine365\/author\/admin\/#author","url":"https:\/\/eldigitaldeasturias.com\/magazine365\/author\/admin\/","name":"admin","image":{"@type":"ImageObject","@id":"https:\/\/eldigitaldeasturias.com\/magazine365\/fercavia-comercializa-su-nueva-promocion-en-gijon\/#authorImage","url":"https:\/\/eldigitaldeasturias.com\/magazine365\/wp-content\/litespeed\/avatar\/e571bcf59a0edd6fa6838245a470f2fe.jpg?ver=1776969259","width":96,"height":96,"caption":"admin"}},{"@type":"WebPage","@id":"https:\/\/eldigitaldeasturias.com\/magazine365\/fercavia-comercializa-su-nueva-promocion-en-gijon\/#webpage","url":"https:\/\/eldigitaldeasturias.com\/magazine365\/fercavia-comercializa-su-nueva-promocion-en-gijon\/","name":"Fercavia comercializa su nueva promoci\u00f3n en Gij\u00f3n | El Digital de Asturias","description":"Construcciones Fercavia se encuentra en plena promoci\u00f3n de las viviendas que ha rehabilitado, de forma integral, en Avenida Constituci\u00f3n 31 de la capital","inLanguage":"es-ES","isPartOf":{"@id":"https:\/\/eldigitaldeasturias.com\/magazine365\/#website"},"breadcrumb":{"@id":"https:\/\/eldigitaldeasturias.com\/magazine365\/fercavia-comercializa-su-nueva-promocion-en-gijon\/#breadcrumblist"},"author":{"@id":"https:\/\/eldigitaldeasturias.com\/magazine365\/author\/admin\/#author"},"creator":{"@id":"https:\/\/eldigitaldeasturias.com\/magazine365\/author\/admin\/#author"},"image":{"@type":"ImageObject","url":"https:\/\/eldigitaldeasturias.com\/magazine365\/wp-content\/uploads\/2023\/06\/Gijon.jpg","@id":"https:\/\/eldigitaldeasturias.com\/magazine365\/fercavia-comercializa-su-nueva-promocion-en-gijon\/#mainImage","width":640,"height":480,"caption":"Gij\u00f3n"},"primaryImageOfPage":{"@id":"https:\/\/eldigitaldeasturias.com\/magazine365\/fercavia-comercializa-su-nueva-promocion-en-gijon\/#mainImage"},"datePublished":"2023-06-30T08:20:11+02:00","dateModified":"2023-06-30T08:20:11+02:00"},{"@type":"WebSite","@id":"https:\/\/eldigitaldeasturias.com\/magazine365\/#website","url":"https:\/\/eldigitaldeasturias.com\/magazine365\/","name":"El Digital de Asturias","description":"Revista de ocio, turismo y estilo de vida","inLanguage":"es-ES","publisher":{"@id":"https:\/\/eldigitaldeasturias.com\/magazine365\/#organization"}}]},"og:locale":"es_ES","og:site_name":"El Digital de Asturias \u2013 Revista de ocio, turismo y estilo de vida","og:type":"article","og:title":"Fercavia comercializa su nueva promoci\u00f3n en Gij\u00f3n | El Digital de Asturias","og:description":"Construcciones Fercavia se encuentra en plena promoci\u00f3n de las viviendas que ha rehabilitado, de forma integral, en Avenida Constituci\u00f3n 31 de la capital","og:url":"https:\/\/eldigitaldeasturias.com\/magazine365\/fercavia-comercializa-su-nueva-promocion-en-gijon\/","og:image":"https:\/\/eldigitaldeasturias.com\/magazine365\/wp-content\/uploads\/2023\/06\/Gijon.jpg","og:image:secure_url":"https:\/\/eldigitaldeasturias.com\/magazine365\/wp-content\/uploads\/2023\/06\/Gijon.jpg","og:image:width":640,"og:image:height":480,"article:published_time":"2023-06-30T06:20:11+00:00","article:modified_time":"2023-06-30T06:20:11+00:00","twitter:card":"summary_large_image","twitter:title":"Fercavia comercializa su nueva promoci\u00f3n en Gij\u00f3n | El Digital de Asturias","twitter:description":"Construcciones Fercavia se encuentra en plena promoci\u00f3n de las viviendas que ha rehabilitado, de forma integral, en Avenida Constituci\u00f3n 31 de la capital","twitter:image":"https:\/\/eldigitaldeasturias.com\/magazine365\/wp-content\/uploads\/2023\/06\/Gijon.jpg"},"aioseo_meta_data":{"post_id":"110441","title":null,"description":"Construcciones Fercavia se encuentra en plena promoci\u00f3n de las viviendas que ha rehabilitado, de forma integral, en Avenida Constituci\u00f3n 31 de la capital","keywords":[],"keyphrases":{"focus":{"keyphrase":"Gij\u00f3n","score":56,"analysis":{"keyphraseInTitle":{"score":3,"maxScore":9,"error":1},"keyphraseInDescription":{"score":3,"maxScore":9,"error":1},"keyphraseLength":{"score":9,"maxScore":9,"error":0,"length":1},"keyphraseInURL":{"score":1,"maxScore":5,"error":1},"keyphraseInIntroduction":{"score":3,"maxScore":9,"error":1},"keyphraseInSubHeadings":[],"keyphraseInImageAlt":{"score":9,"maxScore":9,"error":0}}},"additional":[{"keyphrase":"Fercavia","score":83,"analysis":{"keyphraseInDescription":{"score":9,"maxScore":9,"error":0},"keyphraseLength":{"score":9,"maxScore":9,"error":0,"length":1},"keyphraseInIntroduction":{"score":9,"maxScore":9,"error":0},"keyphraseInImageAlt":{"score":3,"maxScore":9,"error":1}}}]},"primary_term":null,"canonical_url":null,"og_title":null,"og_description":null,"og_object_type":"default","og_image_type":"default","og_image_url":null,"og_image_width":null,"og_image_height":null,"og_image_custom_url":null,"og_image_custom_fields":null,"og_video":"","og_custom_url":null,"og_article_section":null,"og_article_tags":[],"twitter_use_og":false,"twitter_card":"default","twitter_image_type":"default","twitter_image_url":null,"twitter_image_custom_url":null,"twitter_image_custom_fields":null,"twitter_title":null,"twitter_description":null,"schema":{"blockGraphs":[],"customGraphs":[],"default":{"data":{"Article":[],"Course":[],"Dataset":[],"FAQPage":[],"Movie":[],"Person":[],"Product":[],"ProductReview":[],"Car":[],"Recipe":[],"Service":[],"SoftwareApplication":[],"WebPage":[]},"graphName":"Article","isEnabled":true},"graphs":[]},"schema_type":"default","schema_type_options":null,"pillar_content":false,"robots_default":true,"robots_noindex":false,"robots_noarchive":false,"robots_nosnippet":false,"robots_nofollow":false,"robots_noimageindex":false,"robots_noodp":false,"robots_notranslate":false,"robots_max_snippet":"-1","robots_max_videopreview":"-1","robots_max_imagepreview":"large","priority":null,"frequency":"default","location":null,"local_seo":null,"seo_analyzer_scan_date":"2025-09-30 05:34:44","breadcrumb_settings":null,"limit_modified_date":false,"open_ai":"{\"title\":{\"suggestions\":[],\"usage\":0},\"description\":{\"suggestions\":[],\"usage\":0}}","ai":null,"created":"2023-06-30 06:16:28","updated":"2025-09-30 05:34:44"},"aioseo_breadcrumb":"<div class=\"aioseo-breadcrumbs\"><span class=\"aioseo-breadcrumb\">\n\t<a href=\"https:\/\/eldigitaldeasturias.com\/magazine365\" title=\"Home\">Home<\/a>\n<\/span><span class=\"aioseo-breadcrumb-separator\">\u2013<\/span><span class=\"aioseo-breadcrumb\">\n\t<a href=\"https:\/\/eldigitaldeasturias.com\/magazine365\/category\/canal-empresas\/\" title=\"Canal Empresas\">Canal Empresas<\/a>\n<\/span><span class=\"aioseo-breadcrumb-separator\">\u2013<\/span><span class=\"aioseo-breadcrumb\">\n\t<a href=\"https:\/\/eldigitaldeasturias.com\/magazine365\/fercavia-comercializa-su-nueva-promocion-en-gijon\/\" title=\"Fercavia comercializa su nueva promoci\u00f3n en Gij\u00f3n\">Fercavia comercializa su nueva promoci\u00f3n en Gij\u00f3n<\/a>\n<\/span><\/div>","aioseo_breadcrumb_json":[{"label":"Home","link":"https:\/\/eldigitaldeasturias.com\/magazine365"},{"label":"Canal Empresas","link":"https:\/\/eldigitaldeasturias.com\/magazine365\/category\/canal-empresas\/"},{"label":"Fercavia comercializa su nueva promoci\u00f3n en Gij\u00f3n","link":"https:\/\/eldigitaldeasturias.com\/magazine365\/fercavia-comercializa-su-nueva-promocion-en-gijon\/"}],"_links":{"self":[{"href":"https:\/\/eldigitaldeasturias.com\/magazine365\/wp-json\/wp\/v2\/posts\/110441","targetHints":{"allow":["GET"]}}],"collection":[{"href":"https:\/\/eldigitaldeasturias.com\/magazine365\/wp-json\/wp\/v2\/posts"}],"about":[{"href":"https:\/\/eldigitaldeasturias.com\/magazine365\/wp-json\/wp\/v2\/types\/post"}],"author":[{"embeddable":true,"href":"https:\/\/eldigitaldeasturias.com\/magazine365\/wp-json\/wp\/v2\/users\/1"}],"replies":[{"embeddable":true,"href":"https:\/\/eldigitaldeasturias.com\/magazine365\/wp-json\/wp\/v2\/comments?post=110441"}],"version-history":[{"count":0,"href":"https:\/\/eldigitaldeasturias.com\/magazine365\/wp-json\/wp\/v2\/posts\/110441\/revisions"}],"wp:featuredmedia":[{"embeddable":true,"href":"https:\/\/eldigitaldeasturias.com\/magazine365\/wp-json\/wp\/v2\/media\/110442"}],"wp:attachment":[{"href":"https:\/\/eldigitaldeasturias.com\/magazine365\/wp-json\/wp\/v2\/media?parent=110441"}],"wp:term":[{"taxonomy":"category","embeddable":true,"href":"https:\/\/eldigitaldeasturias.com\/magazine365\/wp-json\/wp\/v2\/categories?post=110441"},{"taxonomy":"post_tag","embeddable":true,"href":"https:\/\/eldigitaldeasturias.com\/magazine365\/wp-json\/wp\/v2\/tags?post=110441"}],"curies":[{"name":"wp","href":"https:\/\/api.w.org\/{rel}","templated":true}]}}