{"id":1096,"date":"2014-01-16T21:02:48","date_gmt":"2014-01-16T22:02:48","guid":{"rendered":"http:\/\/eldigitaldeasturias.com\/magazine365\/?p=1096"},"modified":"2014-01-16T21:02:48","modified_gmt":"2014-01-16T22:02:48","slug":"la-semana-santa-ferrolana-reconocida-fiesta-de-interes-turistico-internacional","status":"publish","type":"post","link":"https:\/\/eldigitaldeasturias.com\/magazine365\/la-semana-santa-ferrolana-reconocida-fiesta-de-interes-turistico-internacional\/","title":{"rendered":"La Semana Santa ferrolana, reconocida Fiesta de Inter\u00e9s Tur\u00edstico Internacional"},"content":{"rendered":"<p><img fetchpriority=\"high\" decoding=\"async\" class=\"alignleft size-medium wp-image-1097\" alt=\"5854262w\" src=\"https:\/\/eldigitaldeasturias.com\/magazine365\/wp-content\/uploads\/2014\/01\/5854262w-360x239.jpg\" width=\"360\" height=\"239\" \/>Ferrol, 16 ene (EFE).- La Semana Santa ferrolana ha sido reconocida como Fiesta de Inter\u00e9s Tur\u00edstico Internacional, una distinci\u00f3n que la equipara a otras celebraciones como los Sanfermines o la Feria de Abril<\/p>\n<p>El anuncio, calificado como \u00abuna de las mejores noticias para la ciudad\u00bb, lo realizaron esta ma\u00f1ana y de forma conjunta en rueda de prensa la Xunta, la Diputaci\u00f3n y el Ayuntamiento ferrolano, a trav\u00e9s de la directora de Turismo del Gobierno gallego, Nava Castro, Diego Calvo, el presidente provincial, y el alcalde ferrolano, Jos\u00e9 Manuel Rey, junto a Meca Arcos, la presidenta de la coordinadora de cofradias da Semana Santa de Ferrol, que agrupa a cinco entidades.<\/p>\n<p>\u00abEs un reconocimiento a la tradici\u00f3n y la singularidad de esta festividad que repercutir\u00e1 positivamente en la ciudad, en su atractivo como destino tur\u00edstico y en la conservaci\u00f3n de unos recursos \u00fanicos en el mundo\u00bb, manifest\u00f3 Nava Castro. La Xunta se implic\u00f3 directamente en la consecuci\u00f3n de esta distinci\u00f3n con la Secretar\u00eda de Estado de Turismo.<\/p>\n<p>\u00abNuestra Semana Santa tiene la consideraci\u00f3n que merece\u00bb, destac\u00f3 el regidor, Rey Varela, para a\u00f1adir que \u00abforma parte de nuestra identidad como pueblo y como ciudad\u00bb y que supondr\u00e1 un incentivo tur\u00edstico y econ\u00f3mico para la comarca.<\/p>\n<p>La Semana Santa Ferrolana ya hab\u00eda sido reconocida como Fiesta de Inter\u00e9s Tur\u00edstico Nacional en 1995. La corporaci\u00f3n ferrolana inici\u00f3 en febrero del 2012 los tr\u00e1mites administrativos para aspirar al reconocimiento internacional, que consigue apenas 11 meses despu\u00e9s.<\/p>\n<p>La primavera pasada, un grupo de periodistas de todo el mundo fue invitado por el Ayuntamiento a conocer y reportajear los desfiles, que era uno de los requisitos para la consideraci\u00f3n internacional.<\/p>\n<p>Tres mil cofrades en cinco cofrad\u00edas &#8211; Dolores, Angustias, Orden Tercera, Merced y Santo Entierro- dan forma cada a\u00f1o a la semana santa ferrolana, que se caracteriza por la sobriedad de sus desfiles procesionales, uno de los m\u00e1s populares, lleva, precisamente, el nombre de &#8216;Os Caladi\u00f1os&#8217;.<\/p>\n<p>Galicia, destac\u00f3 hoy Nava Castro, ya cuenta con un total de siete fiestas reconocidas internacionalmente, otra de ellas es el Festival de Ortigueira o la fiesta del Ap\u00f3stol, del 25 de julio.<\/p>\n","protected":false},"excerpt":{"rendered":"<p>Ferrol, 16 ene (EFE).- La Semana Santa ferrolana ha sido reconocida como Fiesta de Inter\u00e9s Tur\u00edstico Internacional, una distinci\u00f3n que la equipara a otras celebraciones como los Sanfermines o la Feria de Abril El anuncio, calificado como \u00abuna de las mejores noticias para la ciudad\u00bb, lo realizaron esta ma\u00f1ana y de forma conjunta en rueda<\/p>\n","protected":false},"author":1,"featured_media":1097,"comment_status":"open","ping_status":"open","sticky":false,"template":"","format":"standard","meta":{"footnotes":""},"categories":[222],"tags":[],"class_list":{"0":"post-1096","1":"post","2":"type-post","3":"status-publish","4":"format-standard","5":"has-post-thumbnail","7":"category-actualidad-turismo"},"aioseo_notices":[],"aioseo_head":"\n\t\t<!-- All in One SEO Pro 4.9.6.1 - aioseo.com -->\n\t<meta name=\"description\" content=\"Ferrol, 16 ene (EFE).- La Semana Santa ferrolana ha sido reconocida como Fiesta de Inter\u00e9s Tur\u00edstico Internacional, una distinci\u00f3n que la equipara a otras celebraciones como los Sanfermines o la Feria de Abril El anuncio, calificado como &quot;una de las mejores noticias para la ciudad&quot;, lo realizaron esta ma\u00f1ana y de forma conjunta en rueda\" \/>\n\t<meta name=\"robots\" content=\"max-image-preview:large\" \/>\n\t<meta name=\"author\" content=\"admin\"\/>\n\t<meta name=\"google-site-verification\" content=\"UA-38556648-1\" \/>\n\t<meta name=\"keywords\" content=\"actualidad turismo\" \/>\n\t<link rel=\"canonical\" href=\"https:\/\/eldigitaldeasturias.com\/magazine365\/la-semana-santa-ferrolana-reconocida-fiesta-de-interes-turistico-internacional\/\" \/>\n\t<meta name=\"generator\" content=\"All in One SEO Pro (AIOSEO) 4.9.6.1\" \/>\n\t\t<meta property=\"og:locale\" content=\"es_ES\" \/>\n\t\t<meta property=\"og:site_name\" content=\"El Digital de Asturias \u2013 Revista de ocio, turismo y estilo de vida\" \/>\n\t\t<meta property=\"og:type\" content=\"article\" \/>\n\t\t<meta property=\"og:title\" content=\"La Semana Santa ferrolana, reconocida Fiesta de Inter\u00e9s Tur\u00edstico Internacional | El Digital de Asturias\" \/>\n\t\t<meta property=\"og:description\" content=\"Ferrol, 16 ene (EFE).- La Semana Santa ferrolana ha sido reconocida como Fiesta de Inter\u00e9s Tur\u00edstico Internacional, una distinci\u00f3n que la equipara a otras celebraciones como los Sanfermines o la Feria de Abril El anuncio, calificado como &quot;una de las mejores noticias para la ciudad&quot;, lo realizaron esta ma\u00f1ana y de forma conjunta en rueda\" \/>\n\t\t<meta property=\"og:url\" content=\"https:\/\/eldigitaldeasturias.com\/magazine365\/la-semana-santa-ferrolana-reconocida-fiesta-de-interes-turistico-internacional\/\" \/>\n\t\t<meta property=\"og:image\" content=\"https:\/\/eldigitaldeasturias.com\/magazine365\/wp-content\/uploads\/2014\/01\/5854262w.jpg\" \/>\n\t\t<meta property=\"og:image:secure_url\" content=\"https:\/\/eldigitaldeasturias.com\/magazine365\/wp-content\/uploads\/2014\/01\/5854262w.jpg\" \/>\n\t\t<meta property=\"og:image:width\" content=\"800\" \/>\n\t\t<meta property=\"og:image:height\" content=\"533\" \/>\n\t\t<meta property=\"article:published_time\" content=\"2014-01-16T22:02:48+00:00\" \/>\n\t\t<meta property=\"article:modified_time\" content=\"2014-01-16T22:02:48+00:00\" \/>\n\t\t<meta name=\"twitter:card\" content=\"summary_large_image\" \/>\n\t\t<meta name=\"twitter:title\" content=\"La Semana Santa ferrolana, reconocida Fiesta de Inter\u00e9s Tur\u00edstico Internacional | El Digital de Asturias\" \/>\n\t\t<meta name=\"twitter:description\" content=\"Ferrol, 16 ene (EFE).- La Semana Santa ferrolana ha sido reconocida como Fiesta de Inter\u00e9s Tur\u00edstico Internacional, una distinci\u00f3n que la equipara a otras celebraciones como los Sanfermines o la Feria de Abril El anuncio, calificado como &quot;una de las mejores noticias para la ciudad&quot;, lo realizaron esta ma\u00f1ana y de forma conjunta en rueda\" \/>\n\t\t<meta name=\"twitter:image\" content=\"https:\/\/eldigitaldeasturias.com\/magazine365\/wp-content\/uploads\/2014\/01\/5854262w.jpg\" \/>\n\t\t<script type=\"application\/ld+json\" class=\"aioseo-schema\">\n\t\t\t{\"@context\":\"https:\\\/\\\/schema.org\",\"@graph\":[{\"@type\":\"Article\",\"@id\":\"https:\\\/\\\/eldigitaldeasturias.com\\\/magazine365\\\/la-semana-santa-ferrolana-reconocida-fiesta-de-interes-turistico-internacional\\\/#article\",\"name\":\"La Semana Santa ferrolana, reconocida Fiesta de Inter\\u00e9s Tur\\u00edstico Internacional | El Digital de Asturias\",\"headline\":\"La Semana Santa ferrolana, reconocida Fiesta de Inter\\u00e9s Tur\\u00edstico Internacional\",\"author\":{\"@id\":\"https:\\\/\\\/eldigitaldeasturias.com\\\/magazine365\\\/author\\\/admin\\\/#author\"},\"publisher\":{\"@id\":\"https:\\\/\\\/eldigitaldeasturias.com\\\/magazine365\\\/#organization\"},\"image\":{\"@type\":\"ImageObject\",\"url\":\"https:\\\/\\\/eldigitaldeasturias.com\\\/magazine365\\\/wp-content\\\/uploads\\\/2014\\\/01\\\/5854262w.jpg\",\"width\":800,\"height\":533},\"datePublished\":\"2014-01-16T21:02:48+01:00\",\"dateModified\":\"2014-01-16T21:02:48+01:00\",\"inLanguage\":\"es-ES\",\"mainEntityOfPage\":{\"@id\":\"https:\\\/\\\/eldigitaldeasturias.com\\\/magazine365\\\/la-semana-santa-ferrolana-reconocida-fiesta-de-interes-turistico-internacional\\\/#webpage\"},\"isPartOf\":{\"@id\":\"https:\\\/\\\/eldigitaldeasturias.com\\\/magazine365\\\/la-semana-santa-ferrolana-reconocida-fiesta-de-interes-turistico-internacional\\\/#webpage\"},\"articleSection\":\"Actualidad Turismo\"},{\"@type\":\"BreadcrumbList\",\"@id\":\"https:\\\/\\\/eldigitaldeasturias.com\\\/magazine365\\\/la-semana-santa-ferrolana-reconocida-fiesta-de-interes-turistico-internacional\\\/#breadcrumblist\",\"itemListElement\":[{\"@type\":\"ListItem\",\"@id\":\"https:\\\/\\\/eldigitaldeasturias.com\\\/magazine365#listItem\",\"position\":1,\"name\":\"Home\",\"item\":\"https:\\\/\\\/eldigitaldeasturias.com\\\/magazine365\",\"nextItem\":{\"@type\":\"ListItem\",\"@id\":\"https:\\\/\\\/eldigitaldeasturias.com\\\/magazine365\\\/category\\\/actualidad-turismo\\\/#listItem\",\"name\":\"Actualidad Turismo\"}},{\"@type\":\"ListItem\",\"@id\":\"https:\\\/\\\/eldigitaldeasturias.com\\\/magazine365\\\/category\\\/actualidad-turismo\\\/#listItem\",\"position\":2,\"name\":\"Actualidad Turismo\",\"item\":\"https:\\\/\\\/eldigitaldeasturias.com\\\/magazine365\\\/category\\\/actualidad-turismo\\\/\",\"nextItem\":{\"@type\":\"ListItem\",\"@id\":\"https:\\\/\\\/eldigitaldeasturias.com\\\/magazine365\\\/la-semana-santa-ferrolana-reconocida-fiesta-de-interes-turistico-internacional\\\/#listItem\",\"name\":\"La Semana Santa ferrolana, reconocida Fiesta de Inter\\u00e9s Tur\\u00edstico Internacional\"},\"previousItem\":{\"@type\":\"ListItem\",\"@id\":\"https:\\\/\\\/eldigitaldeasturias.com\\\/magazine365#listItem\",\"name\":\"Home\"}},{\"@type\":\"ListItem\",\"@id\":\"https:\\\/\\\/eldigitaldeasturias.com\\\/magazine365\\\/la-semana-santa-ferrolana-reconocida-fiesta-de-interes-turistico-internacional\\\/#listItem\",\"position\":3,\"name\":\"La Semana Santa ferrolana, reconocida Fiesta de Inter\\u00e9s Tur\\u00edstico Internacional\",\"previousItem\":{\"@type\":\"ListItem\",\"@id\":\"https:\\\/\\\/eldigitaldeasturias.com\\\/magazine365\\\/category\\\/actualidad-turismo\\\/#listItem\",\"name\":\"Actualidad Turismo\"}}]},{\"@type\":\"Organization\",\"@id\":\"https:\\\/\\\/eldigitaldeasturias.com\\\/magazine365\\\/#organization\",\"name\":\"El digital de Asturias\",\"description\":\"Revista de ocio, turismo y estilo de vida\",\"url\":\"https:\\\/\\\/eldigitaldeasturias.com\\\/magazine365\\\/\",\"logo\":{\"@type\":\"ImageObject\",\"url\":\"https:\\\/\\\/www.eldigitaldeasturias.com\\\/noticias\\\/wp-content\\\/uploads\\\/2020\\\/12\\\/EDA.jpg\",\"@id\":\"https:\\\/\\\/eldigitaldeasturias.com\\\/magazine365\\\/la-semana-santa-ferrolana-reconocida-fiesta-de-interes-turistico-internacional\\\/#organizationLogo\"},\"image\":{\"@id\":\"https:\\\/\\\/eldigitaldeasturias.com\\\/magazine365\\\/la-semana-santa-ferrolana-reconocida-fiesta-de-interes-turistico-internacional\\\/#organizationLogo\"}},{\"@type\":\"Person\",\"@id\":\"https:\\\/\\\/eldigitaldeasturias.com\\\/magazine365\\\/author\\\/admin\\\/#author\",\"url\":\"https:\\\/\\\/eldigitaldeasturias.com\\\/magazine365\\\/author\\\/admin\\\/\",\"name\":\"admin\",\"image\":{\"@type\":\"ImageObject\",\"@id\":\"https:\\\/\\\/eldigitaldeasturias.com\\\/magazine365\\\/la-semana-santa-ferrolana-reconocida-fiesta-de-interes-turistico-internacional\\\/#authorImage\",\"url\":\"https:\\\/\\\/eldigitaldeasturias.com\\\/magazine365\\\/wp-content\\\/litespeed\\\/avatar\\\/e571bcf59a0edd6fa6838245a470f2fe.jpg?ver=1777574230\",\"width\":96,\"height\":96,\"caption\":\"admin\"}},{\"@type\":\"WebPage\",\"@id\":\"https:\\\/\\\/eldigitaldeasturias.com\\\/magazine365\\\/la-semana-santa-ferrolana-reconocida-fiesta-de-interes-turistico-internacional\\\/#webpage\",\"url\":\"https:\\\/\\\/eldigitaldeasturias.com\\\/magazine365\\\/la-semana-santa-ferrolana-reconocida-fiesta-de-interes-turistico-internacional\\\/\",\"name\":\"La Semana Santa ferrolana, reconocida Fiesta de Inter\\u00e9s Tur\\u00edstico Internacional | El Digital de Asturias\",\"description\":\"Ferrol, 16 ene (EFE).- La Semana Santa ferrolana ha sido reconocida como Fiesta de Inter\\u00e9s Tur\\u00edstico Internacional, una distinci\\u00f3n que la equipara a otras celebraciones como los Sanfermines o la Feria de Abril El anuncio, calificado como \\\"una de las mejores noticias para la ciudad\\\", lo realizaron esta ma\\u00f1ana y de forma conjunta en rueda\",\"inLanguage\":\"es-ES\",\"isPartOf\":{\"@id\":\"https:\\\/\\\/eldigitaldeasturias.com\\\/magazine365\\\/#website\"},\"breadcrumb\":{\"@id\":\"https:\\\/\\\/eldigitaldeasturias.com\\\/magazine365\\\/la-semana-santa-ferrolana-reconocida-fiesta-de-interes-turistico-internacional\\\/#breadcrumblist\"},\"author\":{\"@id\":\"https:\\\/\\\/eldigitaldeasturias.com\\\/magazine365\\\/author\\\/admin\\\/#author\"},\"creator\":{\"@id\":\"https:\\\/\\\/eldigitaldeasturias.com\\\/magazine365\\\/author\\\/admin\\\/#author\"},\"image\":{\"@type\":\"ImageObject\",\"url\":\"https:\\\/\\\/eldigitaldeasturias.com\\\/magazine365\\\/wp-content\\\/uploads\\\/2014\\\/01\\\/5854262w.jpg\",\"@id\":\"https:\\\/\\\/eldigitaldeasturias.com\\\/magazine365\\\/la-semana-santa-ferrolana-reconocida-fiesta-de-interes-turistico-internacional\\\/#mainImage\",\"width\":800,\"height\":533},\"primaryImageOfPage\":{\"@id\":\"https:\\\/\\\/eldigitaldeasturias.com\\\/magazine365\\\/la-semana-santa-ferrolana-reconocida-fiesta-de-interes-turistico-internacional\\\/#mainImage\"},\"datePublished\":\"2014-01-16T21:02:48+01:00\",\"dateModified\":\"2014-01-16T21:02:48+01:00\"},{\"@type\":\"WebSite\",\"@id\":\"https:\\\/\\\/eldigitaldeasturias.com\\\/magazine365\\\/#website\",\"url\":\"https:\\\/\\\/eldigitaldeasturias.com\\\/magazine365\\\/\",\"name\":\"El Digital de Asturias\",\"description\":\"Revista de ocio, turismo y estilo de vida\",\"inLanguage\":\"es-ES\",\"publisher\":{\"@id\":\"https:\\\/\\\/eldigitaldeasturias.com\\\/magazine365\\\/#organization\"}}]}\n\t\t<\/script>\n\t\t<!-- All in One SEO Pro -->\r\n\t\t<title>La Semana Santa ferrolana, reconocida Fiesta de Inter\u00e9s Tur\u00edstico Internacional | El Digital de Asturias<\/title>\n\n","aioseo_head_json":{"title":"La Semana Santa ferrolana, reconocida Fiesta de Inter\u00e9s Tur\u00edstico Internacional | El Digital de Asturias","description":"Ferrol, 16 ene (EFE).- La Semana Santa ferrolana ha sido reconocida como Fiesta de Inter\u00e9s Tur\u00edstico Internacional, una distinci\u00f3n que la equipara a otras celebraciones como los Sanfermines o la Feria de Abril El anuncio, calificado como \"una de las mejores noticias para la ciudad\", lo realizaron esta ma\u00f1ana y de forma conjunta en rueda","canonical_url":"https:\/\/eldigitaldeasturias.com\/magazine365\/la-semana-santa-ferrolana-reconocida-fiesta-de-interes-turistico-internacional\/","robots":"max-image-preview:large","keywords":"actualidad turismo","webmasterTools":{"google-site-verification":"UA-38556648-1","miscellaneous":""},"schema":{"@context":"https:\/\/schema.org","@graph":[{"@type":"Article","@id":"https:\/\/eldigitaldeasturias.com\/magazine365\/la-semana-santa-ferrolana-reconocida-fiesta-de-interes-turistico-internacional\/#article","name":"La Semana Santa ferrolana, reconocida Fiesta de Inter\u00e9s Tur\u00edstico Internacional | El Digital de Asturias","headline":"La Semana Santa ferrolana, reconocida Fiesta de Inter\u00e9s Tur\u00edstico Internacional","author":{"@id":"https:\/\/eldigitaldeasturias.com\/magazine365\/author\/admin\/#author"},"publisher":{"@id":"https:\/\/eldigitaldeasturias.com\/magazine365\/#organization"},"image":{"@type":"ImageObject","url":"https:\/\/eldigitaldeasturias.com\/magazine365\/wp-content\/uploads\/2014\/01\/5854262w.jpg","width":800,"height":533},"datePublished":"2014-01-16T21:02:48+01:00","dateModified":"2014-01-16T21:02:48+01:00","inLanguage":"es-ES","mainEntityOfPage":{"@id":"https:\/\/eldigitaldeasturias.com\/magazine365\/la-semana-santa-ferrolana-reconocida-fiesta-de-interes-turistico-internacional\/#webpage"},"isPartOf":{"@id":"https:\/\/eldigitaldeasturias.com\/magazine365\/la-semana-santa-ferrolana-reconocida-fiesta-de-interes-turistico-internacional\/#webpage"},"articleSection":"Actualidad Turismo"},{"@type":"BreadcrumbList","@id":"https:\/\/eldigitaldeasturias.com\/magazine365\/la-semana-santa-ferrolana-reconocida-fiesta-de-interes-turistico-internacional\/#breadcrumblist","itemListElement":[{"@type":"ListItem","@id":"https:\/\/eldigitaldeasturias.com\/magazine365#listItem","position":1,"name":"Home","item":"https:\/\/eldigitaldeasturias.com\/magazine365","nextItem":{"@type":"ListItem","@id":"https:\/\/eldigitaldeasturias.com\/magazine365\/category\/actualidad-turismo\/#listItem","name":"Actualidad Turismo"}},{"@type":"ListItem","@id":"https:\/\/eldigitaldeasturias.com\/magazine365\/category\/actualidad-turismo\/#listItem","position":2,"name":"Actualidad Turismo","item":"https:\/\/eldigitaldeasturias.com\/magazine365\/category\/actualidad-turismo\/","nextItem":{"@type":"ListItem","@id":"https:\/\/eldigitaldeasturias.com\/magazine365\/la-semana-santa-ferrolana-reconocida-fiesta-de-interes-turistico-internacional\/#listItem","name":"La Semana Santa ferrolana, reconocida Fiesta de Inter\u00e9s Tur\u00edstico Internacional"},"previousItem":{"@type":"ListItem","@id":"https:\/\/eldigitaldeasturias.com\/magazine365#listItem","name":"Home"}},{"@type":"ListItem","@id":"https:\/\/eldigitaldeasturias.com\/magazine365\/la-semana-santa-ferrolana-reconocida-fiesta-de-interes-turistico-internacional\/#listItem","position":3,"name":"La Semana Santa ferrolana, reconocida Fiesta de Inter\u00e9s Tur\u00edstico Internacional","previousItem":{"@type":"ListItem","@id":"https:\/\/eldigitaldeasturias.com\/magazine365\/category\/actualidad-turismo\/#listItem","name":"Actualidad Turismo"}}]},{"@type":"Organization","@id":"https:\/\/eldigitaldeasturias.com\/magazine365\/#organization","name":"El digital de Asturias","description":"Revista de ocio, turismo y estilo de vida","url":"https:\/\/eldigitaldeasturias.com\/magazine365\/","logo":{"@type":"ImageObject","url":"https:\/\/www.eldigitaldeasturias.com\/noticias\/wp-content\/uploads\/2020\/12\/EDA.jpg","@id":"https:\/\/eldigitaldeasturias.com\/magazine365\/la-semana-santa-ferrolana-reconocida-fiesta-de-interes-turistico-internacional\/#organizationLogo"},"image":{"@id":"https:\/\/eldigitaldeasturias.com\/magazine365\/la-semana-santa-ferrolana-reconocida-fiesta-de-interes-turistico-internacional\/#organizationLogo"}},{"@type":"Person","@id":"https:\/\/eldigitaldeasturias.com\/magazine365\/author\/admin\/#author","url":"https:\/\/eldigitaldeasturias.com\/magazine365\/author\/admin\/","name":"admin","image":{"@type":"ImageObject","@id":"https:\/\/eldigitaldeasturias.com\/magazine365\/la-semana-santa-ferrolana-reconocida-fiesta-de-interes-turistico-internacional\/#authorImage","url":"https:\/\/eldigitaldeasturias.com\/magazine365\/wp-content\/litespeed\/avatar\/e571bcf59a0edd6fa6838245a470f2fe.jpg?ver=1777574230","width":96,"height":96,"caption":"admin"}},{"@type":"WebPage","@id":"https:\/\/eldigitaldeasturias.com\/magazine365\/la-semana-santa-ferrolana-reconocida-fiesta-de-interes-turistico-internacional\/#webpage","url":"https:\/\/eldigitaldeasturias.com\/magazine365\/la-semana-santa-ferrolana-reconocida-fiesta-de-interes-turistico-internacional\/","name":"La Semana Santa ferrolana, reconocida Fiesta de Inter\u00e9s Tur\u00edstico Internacional | El Digital de Asturias","description":"Ferrol, 16 ene (EFE).- La Semana Santa ferrolana ha sido reconocida como Fiesta de Inter\u00e9s Tur\u00edstico Internacional, una distinci\u00f3n que la equipara a otras celebraciones como los Sanfermines o la Feria de Abril El anuncio, calificado como \"una de las mejores noticias para la ciudad\", lo realizaron esta ma\u00f1ana y de forma conjunta en rueda","inLanguage":"es-ES","isPartOf":{"@id":"https:\/\/eldigitaldeasturias.com\/magazine365\/#website"},"breadcrumb":{"@id":"https:\/\/eldigitaldeasturias.com\/magazine365\/la-semana-santa-ferrolana-reconocida-fiesta-de-interes-turistico-internacional\/#breadcrumblist"},"author":{"@id":"https:\/\/eldigitaldeasturias.com\/magazine365\/author\/admin\/#author"},"creator":{"@id":"https:\/\/eldigitaldeasturias.com\/magazine365\/author\/admin\/#author"},"image":{"@type":"ImageObject","url":"https:\/\/eldigitaldeasturias.com\/magazine365\/wp-content\/uploads\/2014\/01\/5854262w.jpg","@id":"https:\/\/eldigitaldeasturias.com\/magazine365\/la-semana-santa-ferrolana-reconocida-fiesta-de-interes-turistico-internacional\/#mainImage","width":800,"height":533},"primaryImageOfPage":{"@id":"https:\/\/eldigitaldeasturias.com\/magazine365\/la-semana-santa-ferrolana-reconocida-fiesta-de-interes-turistico-internacional\/#mainImage"},"datePublished":"2014-01-16T21:02:48+01:00","dateModified":"2014-01-16T21:02:48+01:00"},{"@type":"WebSite","@id":"https:\/\/eldigitaldeasturias.com\/magazine365\/#website","url":"https:\/\/eldigitaldeasturias.com\/magazine365\/","name":"El Digital de Asturias","description":"Revista de ocio, turismo y estilo de vida","inLanguage":"es-ES","publisher":{"@id":"https:\/\/eldigitaldeasturias.com\/magazine365\/#organization"}}]},"og:locale":"es_ES","og:site_name":"El Digital de Asturias \u2013 Revista de ocio, turismo y estilo de vida","og:type":"article","og:title":"La Semana Santa ferrolana, reconocida Fiesta de Inter\u00e9s Tur\u00edstico Internacional | El Digital de Asturias","og:description":"Ferrol, 16 ene (EFE).- La Semana Santa ferrolana ha sido reconocida como Fiesta de Inter\u00e9s Tur\u00edstico Internacional, una distinci\u00f3n que la equipara a otras celebraciones como los Sanfermines o la Feria de Abril El anuncio, calificado como &quot;una de las mejores noticias para la ciudad&quot;, lo realizaron esta ma\u00f1ana y de forma conjunta en rueda","og:url":"https:\/\/eldigitaldeasturias.com\/magazine365\/la-semana-santa-ferrolana-reconocida-fiesta-de-interes-turistico-internacional\/","og:image":"https:\/\/eldigitaldeasturias.com\/magazine365\/wp-content\/uploads\/2014\/01\/5854262w.jpg","og:image:secure_url":"https:\/\/eldigitaldeasturias.com\/magazine365\/wp-content\/uploads\/2014\/01\/5854262w.jpg","og:image:width":800,"og:image:height":533,"article:published_time":"2014-01-16T22:02:48+00:00","article:modified_time":"2014-01-16T22:02:48+00:00","twitter:card":"summary_large_image","twitter:title":"La Semana Santa ferrolana, reconocida Fiesta de Inter\u00e9s Tur\u00edstico Internacional | El Digital de Asturias","twitter:description":"Ferrol, 16 ene (EFE).- La Semana Santa ferrolana ha sido reconocida como Fiesta de Inter\u00e9s Tur\u00edstico Internacional, una distinci\u00f3n que la equipara a otras celebraciones como los Sanfermines o la Feria de Abril El anuncio, calificado como &quot;una de las mejores noticias para la ciudad&quot;, lo realizaron esta ma\u00f1ana y de forma conjunta en rueda","twitter:image":"https:\/\/eldigitaldeasturias.com\/magazine365\/wp-content\/uploads\/2014\/01\/5854262w.jpg"},"aioseo_meta_data":{"post_id":"1096","title":null,"description":null,"keywords":null,"keyphrases":null,"primary_term":null,"canonical_url":null,"og_title":null,"og_description":null,"og_object_type":"default","og_image_type":"default","og_image_url":null,"og_image_width":null,"og_image_height":null,"og_image_custom_url":null,"og_image_custom_fields":null,"og_video":null,"og_custom_url":null,"og_article_section":null,"og_article_tags":null,"twitter_use_og":false,"twitter_card":"default","twitter_image_type":"default","twitter_image_url":null,"twitter_image_custom_url":null,"twitter_image_custom_fields":null,"twitter_title":null,"twitter_description":null,"schema":{"blockGraphs":[],"customGraphs":[],"default":{"data":{"Article":[],"Course":[],"Dataset":[],"FAQPage":[],"Movie":[],"Person":[],"Product":[],"ProductReview":[],"Car":[],"Recipe":[],"Service":[],"SoftwareApplication":[],"WebPage":[]},"graphName":"","isEnabled":true},"graphs":[],"defaultGraph":"","defaultPostTypeGraph":""},"schema_type":null,"schema_type_options":null,"pillar_content":false,"robots_default":true,"robots_noindex":false,"robots_noarchive":false,"robots_nosnippet":false,"robots_nofollow":false,"robots_noimageindex":false,"robots_noodp":false,"robots_notranslate":false,"robots_max_snippet":null,"robots_max_videopreview":null,"robots_max_imagepreview":"large","priority":null,"frequency":null,"location":null,"local_seo":null,"seo_analyzer_scan_date":"2025-09-16 08:45:02","breadcrumb_settings":null,"limit_modified_date":false,"open_ai":null,"ai":null,"created":"2020-12-21 13:36:35","updated":"2025-09-16 08:45:02"},"aioseo_breadcrumb":"<div class=\"aioseo-breadcrumbs\"><span class=\"aioseo-breadcrumb\">\n\t<a href=\"https:\/\/eldigitaldeasturias.com\/magazine365\" title=\"Home\">Home<\/a>\n<\/span><span class=\"aioseo-breadcrumb-separator\">\u2013<\/span><span class=\"aioseo-breadcrumb\">\n\t<a href=\"https:\/\/eldigitaldeasturias.com\/magazine365\/category\/actualidad-turismo\/\" title=\"Actualidad Turismo\">Actualidad Turismo<\/a>\n<\/span><span class=\"aioseo-breadcrumb-separator\">\u2013<\/span><span class=\"aioseo-breadcrumb\">\n\t<a href=\"https:\/\/eldigitaldeasturias.com\/magazine365\/la-semana-santa-ferrolana-reconocida-fiesta-de-interes-turistico-internacional\/\" title=\"La Semana Santa ferrolana, reconocida Fiesta de Inter\u00e9s Tur\u00edstico Internacional\">La Semana Santa ferrolana, reconocida Fiesta de Inter\u00e9s Tur\u00edstico Internacional<\/a>\n<\/span><\/div>","aioseo_breadcrumb_json":[{"label":"Home","link":"https:\/\/eldigitaldeasturias.com\/magazine365"},{"label":"Actualidad Turismo","link":"https:\/\/eldigitaldeasturias.com\/magazine365\/category\/actualidad-turismo\/"},{"label":"La Semana Santa ferrolana, reconocida Fiesta de Inter\u00e9s Tur\u00edstico Internacional","link":"https:\/\/eldigitaldeasturias.com\/magazine365\/la-semana-santa-ferrolana-reconocida-fiesta-de-interes-turistico-internacional\/"}],"_links":{"self":[{"href":"https:\/\/eldigitaldeasturias.com\/magazine365\/wp-json\/wp\/v2\/posts\/1096","targetHints":{"allow":["GET"]}}],"collection":[{"href":"https:\/\/eldigitaldeasturias.com\/magazine365\/wp-json\/wp\/v2\/posts"}],"about":[{"href":"https:\/\/eldigitaldeasturias.com\/magazine365\/wp-json\/wp\/v2\/types\/post"}],"author":[{"embeddable":true,"href":"https:\/\/eldigitaldeasturias.com\/magazine365\/wp-json\/wp\/v2\/users\/1"}],"replies":[{"embeddable":true,"href":"https:\/\/eldigitaldeasturias.com\/magazine365\/wp-json\/wp\/v2\/comments?post=1096"}],"version-history":[{"count":0,"href":"https:\/\/eldigitaldeasturias.com\/magazine365\/wp-json\/wp\/v2\/posts\/1096\/revisions"}],"wp:featuredmedia":[{"embeddable":true,"href":"https:\/\/eldigitaldeasturias.com\/magazine365\/wp-json\/wp\/v2\/media\/1097"}],"wp:attachment":[{"href":"https:\/\/eldigitaldeasturias.com\/magazine365\/wp-json\/wp\/v2\/media?parent=1096"}],"wp:term":[{"taxonomy":"category","embeddable":true,"href":"https:\/\/eldigitaldeasturias.com\/magazine365\/wp-json\/wp\/v2\/categories?post=1096"},{"taxonomy":"post_tag","embeddable":true,"href":"https:\/\/eldigitaldeasturias.com\/magazine365\/wp-json\/wp\/v2\/tags?post=1096"}],"curies":[{"name":"wp","href":"https:\/\/api.w.org\/{rel}","templated":true}]}}