{"id":108866,"date":"2022-07-31T05:40:34","date_gmt":"2022-07-31T05:40:34","guid":{"rendered":"https:\/\/eldigitaldeasturias.com\/magazine365\/?p=108866"},"modified":"2022-07-31T05:40:34","modified_gmt":"2022-07-31T05:40:34","slug":"que-tener-en-cuenta-a-la-hora-de-comprar-un-sofa-cama","status":"publish","type":"post","link":"https:\/\/eldigitaldeasturias.com\/magazine365\/que-tener-en-cuenta-a-la-hora-de-comprar-un-sofa-cama\/","title":{"rendered":"Qu\u00e9 tener en cuenta a la hora de comprar un sof\u00e1 cama"},"content":{"rendered":"<p>Comodidad y un buen descanso, eso es lo que todos buscamos para el hogar, y mucho m\u00e1s cuando hablamos de <span style=\"color: #ff6600;\"><a style=\"color: #ff6600;\" title=\"sofas cama\" href=\"https:\/\/tapizadoshernandez.com\/categoria-producto\/sofas\/sofas-cama\/\" target=\"_blank\" rel=\"noopener\"><strong>sof\u00e1s cama<\/strong><\/a><\/span>, una de las nuevas tendencias del momento<strong>. \u00bfPor qu\u00e9 los sof\u00e1s cama son tendencia?<\/strong> Sencillo, gracias a sus nuevos dise\u00f1os y ventajas, sus buenos precios y calidades har\u00e1n que tu hogar sea mucho m\u00e1s funcional y <strong>adem\u00e1s de poder disfrutarlo tambi\u00e9n podr\u00e1s compartirlo con los amigos, familia o personas que en un momento dado quiz\u00e1s necesiten quedarse una noche o unos d\u00edas en casa.<\/strong><\/p>\n<figure id=\"attachment_108868\" aria-describedby=\"caption-attachment-108868\" style=\"width: 650px\" class=\"wp-caption aligncenter\"><img fetchpriority=\"high\" decoding=\"async\" class=\"size-large wp-image-108868\" src=\"https:\/\/eldigitaldeasturias.com\/magazine365\/wp-content\/uploads\/2022\/07\/Sofa-Cama-650x474.jpg\" alt=\"Sof\u00e1 Cama\" width=\"650\" height=\"474\" srcset=\"https:\/\/eldigitaldeasturias.com\/magazine365\/wp-content\/uploads\/2022\/07\/Sofa-Cama-650x474.jpg 650w, https:\/\/eldigitaldeasturias.com\/magazine365\/wp-content\/uploads\/2022\/07\/Sofa-Cama-360x263.jpg 360w, https:\/\/eldigitaldeasturias.com\/magazine365\/wp-content\/uploads\/2022\/07\/Sofa-Cama-768x561.jpg 768w, https:\/\/eldigitaldeasturias.com\/magazine365\/wp-content\/uploads\/2022\/07\/Sofa-Cama-150x109.jpg 150w, https:\/\/eldigitaldeasturias.com\/magazine365\/wp-content\/uploads\/2022\/07\/Sofa-Cama-450x328.jpg 450w, https:\/\/eldigitaldeasturias.com\/magazine365\/wp-content\/uploads\/2022\/07\/Sofa-Cama.jpg 774w\" sizes=\"(max-width: 650px) 100vw, 650px\" \/><figcaption id=\"caption-attachment-108868\" class=\"wp-caption-text\">Sof\u00e1 Cama Nara: Foto: tapizadoshernandez.com<\/figcaption><\/figure>\n<h2>Sof\u00e1s cama: Hora de cambiar la casa<\/h2>\n<p>Ahora es un buen momento para darle un aire nuevo al hogar. <strong>\u00bfNecesitas un cuarto para trabajar y descansar? Los sof\u00e1s cama te permitir\u00e1n eso y mucho m\u00e1s<\/strong>. Imagina que te trasladas por motivo de trabajo o de estudios, o que deseas compartir tu vivienda, <strong>los sof\u00e1s cama son la respuesta real a tus necesidades<\/strong>. Por un lado podr\u00e1s ahorrar espacio, y por otro siempre tendr\u00e1s una opci\u00f3n para cuando alguien se tenga que quedar contigo unos d\u00edas.<\/p>\n<blockquote><p>Otra de las ventajas de los sof\u00e1s cama son el poco espacio que pueden ocupar en el caso de que te mudes a un peque\u00f1o apartamento o quieras crear una nueva habitaci\u00f3n en casa.<\/p><\/blockquote>\n<p>C\u00f3mo ves todo son ventajas y mucho m\u00e1s cuando compramos <a title=\"sofas cama de apertura italiana\" href=\"https:\/\/tapizadoshernandez.com\/categoria-producto\/sofas\/sofas-cama\/sofas-cama-apertura-italiana\/\" target=\"_blank\" rel=\"noopener\"><span style=\"color: #ff6600;\"><strong>sofas cama de apertura italiana<\/strong><\/span><\/a> o un <a href=\"https:\/\/tapizadoshernandez.com\/categoria-producto\/sofas\/sofas-cama\/sofa-cama-chaise-longue\/\" target=\"_blank\" rel=\"noopener\"><span style=\"color: #ff6600;\"><strong>sof\u00e1 cama con chaise longue<\/strong><\/span><\/a>.<\/p>\n<figure id=\"attachment_108867\" aria-describedby=\"caption-attachment-108867\" style=\"width: 650px\" class=\"wp-caption aligncenter\"><img decoding=\"async\" class=\"size-large wp-image-108867\" src=\"https:\/\/eldigitaldeasturias.com\/magazine365\/wp-content\/uploads\/2022\/07\/Sofa-650x453.jpg\" alt=\"Sof\u00e1 Cama\" width=\"650\" height=\"453\" srcset=\"https:\/\/eldigitaldeasturias.com\/magazine365\/wp-content\/uploads\/2022\/07\/Sofa-650x453.jpg 650w, https:\/\/eldigitaldeasturias.com\/magazine365\/wp-content\/uploads\/2022\/07\/Sofa-360x251.jpg 360w, https:\/\/eldigitaldeasturias.com\/magazine365\/wp-content\/uploads\/2022\/07\/Sofa-768x536.jpg 768w, https:\/\/eldigitaldeasturias.com\/magazine365\/wp-content\/uploads\/2022\/07\/Sofa-150x105.jpg 150w, https:\/\/eldigitaldeasturias.com\/magazine365\/wp-content\/uploads\/2022\/07\/Sofa-450x314.jpg 450w, https:\/\/eldigitaldeasturias.com\/magazine365\/wp-content\/uploads\/2022\/07\/Sofa.jpg 780w\" sizes=\"(max-width: 650px) 100vw, 650px\" \/><figcaption id=\"caption-attachment-108867\" class=\"wp-caption-text\">Sof\u00e1 Cama Chaise Longue Elegant \/ FOTO: tapizadoshernandez.com<\/figcaption><\/figure>\n<p>\u00bfD\u00f3nde ver, elegir y comprar los modelos m\u00e1s bonitos, funcionales y que destacan tanto por su calidad y precio? <strong>La respuesta es la tienda online de Tapizados Hern\u00e1ndez, todo un referente de sof\u00e1s en Espa\u00f1a<\/strong>.<\/p>\n<h2>\u00bfC\u00f3mo elegir el mejor sof\u00e1 cama?<\/h2>\n<p>Los expertos siempre nos recomiendan tener claro que cuando realizamos una compra debemos <strong>invertir siempre en calidad de vida<\/strong>; el precio importa, no podemos negarlo. \u00bfPero la comodidad y la salud de tu cuerpo? Eso no hay dinero que lo pague y <strong>en Tapizados Hern\u00e1ndez lo saben y por eso ofrecen una ampl\u00eda variedad de sof\u00e1s cama para todos aquellos que buscan descanso, estilo, belleza en el hogar y sentirse bien.<\/strong><\/p>\n<p>Cuando elijas un sof\u00e1 cama tendr\u00e1s que fijarte siempre en su<strong> tipo de apertura y mecanismo<\/strong>, seguridad ante todo, y pocas complicaciones, pues no debemos olvidar que la vida sencilla siempre es mejor. <strong>El grosor tambi\u00e9n es algo que debemos elegir bien, pues cuando m\u00e1s grueso sea el sof\u00e1 cama m\u00e1s c\u00f3modo ser\u00e1.<\/strong><\/p>\n<p>Personalizar; hoy en d\u00eda cada vez son m\u00e1s las personas que desean tener una casa o un espacio propio personalizado, con sus colores, estampados y accesorios que le ayuden a crear y a sentir que realmente le rodea una atm\u00f3sfera positiva.<strong> La empresa que te hemos mencionado te ayudar\u00e1 a darle forma y color a tus deseos.<\/strong><\/p>\n<figure id=\"attachment_108869\" aria-describedby=\"caption-attachment-108869\" style=\"width: 650px\" class=\"wp-caption aligncenter\"><img decoding=\"async\" class=\"size-large wp-image-108869\" src=\"https:\/\/eldigitaldeasturias.com\/magazine365\/wp-content\/uploads\/2022\/07\/Sofa-Cama-Karma-650x462.jpg\" alt=\"Sof\u00e1 Cama Karma\" width=\"650\" height=\"462\" srcset=\"https:\/\/eldigitaldeasturias.com\/magazine365\/wp-content\/uploads\/2022\/07\/Sofa-Cama-Karma-650x462.jpg 650w, https:\/\/eldigitaldeasturias.com\/magazine365\/wp-content\/uploads\/2022\/07\/Sofa-Cama-Karma-360x256.jpg 360w, https:\/\/eldigitaldeasturias.com\/magazine365\/wp-content\/uploads\/2022\/07\/Sofa-Cama-Karma-768x546.jpg 768w, https:\/\/eldigitaldeasturias.com\/magazine365\/wp-content\/uploads\/2022\/07\/Sofa-Cama-Karma-150x107.jpg 150w, https:\/\/eldigitaldeasturias.com\/magazine365\/wp-content\/uploads\/2022\/07\/Sofa-Cama-Karma-450x320.jpg 450w, https:\/\/eldigitaldeasturias.com\/magazine365\/wp-content\/uploads\/2022\/07\/Sofa-Cama-Karma.jpg 787w\" sizes=\"(max-width: 650px) 100vw, 650px\" \/><figcaption id=\"caption-attachment-108869\" class=\"wp-caption-text\">Sof\u00e1 Cama Karma: Foto: tapizadoshernandez.com<\/figcaption><\/figure>\n<p>Y no podemos olvidarnos de algo tan importante como <strong>elegir un buen chaiselongue para tener m\u00e1s espacio e incluso un arc\u00f3n donde podr\u00e1s guardar las s\u00e1banas, almohadas, o esos pijamas que quieras compartir con otras personas.<\/strong> Cada casa es un mundo y a ti te toca darle forma a la tuya.<\/p>\n<h2>Siempre con expertos<\/h2>\n<p>En la vida siempre es bueno dejarse asesorar por expertos, tanto a la hora de comprar como a la hora buscar soluciones para el hogar, <strong>en Tapizados Hern\u00e1ndez te aconsejar\u00e1n, te ayudar\u00e1n a encontrar el mejor sof\u00e1 cama para ti, y adem\u00e1s tambi\u00e9n tienen otros productos con los que s\u00ed podr\u00e1s tener la casa que siempre has deseado<\/strong>, estilo propio para ti y calidad en tus compras, pues hablamos de una tienda online con muy buenas valoraciones por parte de sus clientes.<\/p>\n<p>Las ventajas de los sof\u00e1s cama son muchas, los modelos variados, elegir ahora es mucho m\u00e1s sencillo y su calidad y precio hacen tal y como te hemos dicho que sea una de las <strong>nuevas tendencias del momento<\/strong>.<\/p>\n<blockquote><p>\u00bfDeseas probar el sof\u00e1 cama de tus amigos o familiares o deseas que todos quieran quedarse en tu casa o darte un merecido descanso cuando el cuerpo te lo pida?.<\/p><\/blockquote>\n<p>Te recomendamos <strong>acceder a tapizadoshernandez.com<\/strong> y podr\u00e1s ver no solamente sus propuestas, tambi\u00e9n las caracter\u00edsticas y ventajas de cada modelo. Es hora de renovarse.<\/p>\n","protected":false},"excerpt":{"rendered":"<p>Comodidad y un buen descanso, eso es lo que todos buscamos para el hogar, y mucho m\u00e1s cuando hablamos de sof\u00e1s cama, una de las nuevas tendencias del momento. \u00bfPor qu\u00e9 los sof\u00e1s cama son tendencia? Sencillo, gracias a sus nuevos dise\u00f1os y ventajas, sus buenos precios y calidades har\u00e1n que tu hogar sea mucho<\/p>\n","protected":false},"author":1,"featured_media":108868,"comment_status":"closed","ping_status":"closed","sticky":false,"template":"","format":"standard","meta":{"footnotes":""},"categories":[213],"tags":[372],"class_list":{"0":"post-108866","1":"post","2":"type-post","3":"status-publish","4":"format-standard","5":"has-post-thumbnail","7":"category-hogar","8":"tag-hogar"},"aioseo_notices":[],"aioseo_head":"\n\t\t<!-- All in One SEO Pro 4.9.6.1 - aioseo.com -->\n\t<meta name=\"description\" content=\"Comodidad y un buen descanso, eso es lo que todos buscamos para el hogar, y mucho m\u00e1s cuando hablamos de sof\u00e1s cama, una de las nuevas tendencias del momento\" \/>\n\t<meta name=\"robots\" content=\"max-image-preview:large\" \/>\n\t<meta name=\"author\" content=\"admin\"\/>\n\t<meta name=\"google-site-verification\" content=\"UA-38556648-1\" \/>\n\t<meta name=\"keywords\" content=\"hogar\" \/>\n\t<link rel=\"canonical\" href=\"https:\/\/eldigitaldeasturias.com\/magazine365\/que-tener-en-cuenta-a-la-hora-de-comprar-un-sofa-cama\/\" \/>\n\t<meta name=\"generator\" content=\"All in One SEO Pro (AIOSEO) 4.9.6.1\" \/>\n\t\t<meta property=\"og:locale\" content=\"es_ES\" \/>\n\t\t<meta property=\"og:site_name\" content=\"El Digital de Asturias \u2013 Revista de ocio, turismo y estilo de vida\" \/>\n\t\t<meta property=\"og:type\" content=\"article\" \/>\n\t\t<meta property=\"og:title\" content=\"Qu\u00e9 tener en cuenta a la hora de comprar un sof\u00e1 cama | El Digital de Asturias\" \/>\n\t\t<meta property=\"og:description\" content=\"Comodidad y un buen descanso, eso es lo que todos buscamos para el hogar, y mucho m\u00e1s cuando hablamos de sof\u00e1s cama, una de las nuevas tendencias del momento\" \/>\n\t\t<meta property=\"og:url\" content=\"https:\/\/eldigitaldeasturias.com\/magazine365\/que-tener-en-cuenta-a-la-hora-de-comprar-un-sofa-cama\/\" \/>\n\t\t<meta property=\"og:image\" content=\"https:\/\/eldigitaldeasturias.com\/magazine365\/wp-content\/uploads\/2022\/07\/Sofa-Cama.jpg\" \/>\n\t\t<meta property=\"og:image:secure_url\" content=\"https:\/\/eldigitaldeasturias.com\/magazine365\/wp-content\/uploads\/2022\/07\/Sofa-Cama.jpg\" \/>\n\t\t<meta property=\"og:image:width\" content=\"774\" \/>\n\t\t<meta property=\"og:image:height\" content=\"565\" \/>\n\t\t<meta property=\"article:published_time\" content=\"2022-07-31T05:40:34+00:00\" \/>\n\t\t<meta property=\"article:modified_time\" content=\"2022-07-31T05:40:34+00:00\" \/>\n\t\t<meta name=\"twitter:card\" content=\"summary_large_image\" \/>\n\t\t<meta name=\"twitter:title\" content=\"Qu\u00e9 tener en cuenta a la hora de comprar un sof\u00e1 cama | El Digital de Asturias\" \/>\n\t\t<meta name=\"twitter:description\" content=\"Comodidad y un buen descanso, eso es lo que todos buscamos para el hogar, y mucho m\u00e1s cuando hablamos de sof\u00e1s cama, una de las nuevas tendencias del momento\" \/>\n\t\t<meta name=\"twitter:image\" content=\"https:\/\/eldigitaldeasturias.com\/magazine365\/wp-content\/uploads\/2022\/07\/Sofa-Cama.jpg\" \/>\n\t\t<script type=\"application\/ld+json\" class=\"aioseo-schema\">\n\t\t\t{\"@context\":\"https:\\\/\\\/schema.org\",\"@graph\":[{\"@type\":\"Article\",\"@id\":\"https:\\\/\\\/eldigitaldeasturias.com\\\/magazine365\\\/que-tener-en-cuenta-a-la-hora-de-comprar-un-sofa-cama\\\/#article\",\"name\":\"Qu\\u00e9 tener en cuenta a la hora de comprar un sof\\u00e1 cama | El Digital de Asturias\",\"headline\":\"Qu\\u00e9 tener en cuenta a la hora de comprar un sof\\u00e1 cama\",\"author\":{\"@id\":\"https:\\\/\\\/eldigitaldeasturias.com\\\/magazine365\\\/author\\\/admin\\\/#author\"},\"publisher\":{\"@id\":\"https:\\\/\\\/eldigitaldeasturias.com\\\/magazine365\\\/#organization\"},\"image\":{\"@type\":\"ImageObject\",\"url\":\"https:\\\/\\\/eldigitaldeasturias.com\\\/magazine365\\\/wp-content\\\/uploads\\\/2022\\\/07\\\/Sofa-Cama.jpg\",\"width\":774,\"height\":565,\"caption\":\"Sof\\u00e1 Cama Nara: Foto: tapizadoshernandez.com\"},\"datePublished\":\"2022-07-31T05:40:34+02:00\",\"dateModified\":\"2022-07-31T05:40:34+02:00\",\"inLanguage\":\"es-ES\",\"mainEntityOfPage\":{\"@id\":\"https:\\\/\\\/eldigitaldeasturias.com\\\/magazine365\\\/que-tener-en-cuenta-a-la-hora-de-comprar-un-sofa-cama\\\/#webpage\"},\"isPartOf\":{\"@id\":\"https:\\\/\\\/eldigitaldeasturias.com\\\/magazine365\\\/que-tener-en-cuenta-a-la-hora-de-comprar-un-sofa-cama\\\/#webpage\"},\"articleSection\":\"Hogar, Hogar\"},{\"@type\":\"BreadcrumbList\",\"@id\":\"https:\\\/\\\/eldigitaldeasturias.com\\\/magazine365\\\/que-tener-en-cuenta-a-la-hora-de-comprar-un-sofa-cama\\\/#breadcrumblist\",\"itemListElement\":[{\"@type\":\"ListItem\",\"@id\":\"https:\\\/\\\/eldigitaldeasturias.com\\\/magazine365#listItem\",\"position\":1,\"name\":\"Home\",\"item\":\"https:\\\/\\\/eldigitaldeasturias.com\\\/magazine365\",\"nextItem\":{\"@type\":\"ListItem\",\"@id\":\"https:\\\/\\\/eldigitaldeasturias.com\\\/magazine365\\\/category\\\/hogar\\\/#listItem\",\"name\":\"Hogar\"}},{\"@type\":\"ListItem\",\"@id\":\"https:\\\/\\\/eldigitaldeasturias.com\\\/magazine365\\\/category\\\/hogar\\\/#listItem\",\"position\":2,\"name\":\"Hogar\",\"item\":\"https:\\\/\\\/eldigitaldeasturias.com\\\/magazine365\\\/category\\\/hogar\\\/\",\"nextItem\":{\"@type\":\"ListItem\",\"@id\":\"https:\\\/\\\/eldigitaldeasturias.com\\\/magazine365\\\/que-tener-en-cuenta-a-la-hora-de-comprar-un-sofa-cama\\\/#listItem\",\"name\":\"Qu\\u00e9 tener en cuenta a la hora de comprar un sof\\u00e1 cama\"},\"previousItem\":{\"@type\":\"ListItem\",\"@id\":\"https:\\\/\\\/eldigitaldeasturias.com\\\/magazine365#listItem\",\"name\":\"Home\"}},{\"@type\":\"ListItem\",\"@id\":\"https:\\\/\\\/eldigitaldeasturias.com\\\/magazine365\\\/que-tener-en-cuenta-a-la-hora-de-comprar-un-sofa-cama\\\/#listItem\",\"position\":3,\"name\":\"Qu\\u00e9 tener en cuenta a la hora de comprar un sof\\u00e1 cama\",\"previousItem\":{\"@type\":\"ListItem\",\"@id\":\"https:\\\/\\\/eldigitaldeasturias.com\\\/magazine365\\\/category\\\/hogar\\\/#listItem\",\"name\":\"Hogar\"}}]},{\"@type\":\"Organization\",\"@id\":\"https:\\\/\\\/eldigitaldeasturias.com\\\/magazine365\\\/#organization\",\"name\":\"El digital de Asturias\",\"description\":\"Revista de ocio, turismo y estilo de vida\",\"url\":\"https:\\\/\\\/eldigitaldeasturias.com\\\/magazine365\\\/\",\"logo\":{\"@type\":\"ImageObject\",\"url\":\"https:\\\/\\\/www.eldigitaldeasturias.com\\\/noticias\\\/wp-content\\\/uploads\\\/2020\\\/12\\\/EDA.jpg\",\"@id\":\"https:\\\/\\\/eldigitaldeasturias.com\\\/magazine365\\\/que-tener-en-cuenta-a-la-hora-de-comprar-un-sofa-cama\\\/#organizationLogo\"},\"image\":{\"@id\":\"https:\\\/\\\/eldigitaldeasturias.com\\\/magazine365\\\/que-tener-en-cuenta-a-la-hora-de-comprar-un-sofa-cama\\\/#organizationLogo\"}},{\"@type\":\"Person\",\"@id\":\"https:\\\/\\\/eldigitaldeasturias.com\\\/magazine365\\\/author\\\/admin\\\/#author\",\"url\":\"https:\\\/\\\/eldigitaldeasturias.com\\\/magazine365\\\/author\\\/admin\\\/\",\"name\":\"admin\",\"image\":{\"@type\":\"ImageObject\",\"@id\":\"https:\\\/\\\/eldigitaldeasturias.com\\\/magazine365\\\/que-tener-en-cuenta-a-la-hora-de-comprar-un-sofa-cama\\\/#authorImage\",\"url\":\"https:\\\/\\\/eldigitaldeasturias.com\\\/magazine365\\\/wp-content\\\/litespeed\\\/avatar\\\/e571bcf59a0edd6fa6838245a470f2fe.jpg?ver=1777574230\",\"width\":96,\"height\":96,\"caption\":\"admin\"}},{\"@type\":\"WebPage\",\"@id\":\"https:\\\/\\\/eldigitaldeasturias.com\\\/magazine365\\\/que-tener-en-cuenta-a-la-hora-de-comprar-un-sofa-cama\\\/#webpage\",\"url\":\"https:\\\/\\\/eldigitaldeasturias.com\\\/magazine365\\\/que-tener-en-cuenta-a-la-hora-de-comprar-un-sofa-cama\\\/\",\"name\":\"Qu\\u00e9 tener en cuenta a la hora de comprar un sof\\u00e1 cama | El Digital de Asturias\",\"description\":\"Comodidad y un buen descanso, eso es lo que todos buscamos para el hogar, y mucho m\\u00e1s cuando hablamos de sof\\u00e1s cama, una de las nuevas tendencias del momento\",\"inLanguage\":\"es-ES\",\"isPartOf\":{\"@id\":\"https:\\\/\\\/eldigitaldeasturias.com\\\/magazine365\\\/#website\"},\"breadcrumb\":{\"@id\":\"https:\\\/\\\/eldigitaldeasturias.com\\\/magazine365\\\/que-tener-en-cuenta-a-la-hora-de-comprar-un-sofa-cama\\\/#breadcrumblist\"},\"author\":{\"@id\":\"https:\\\/\\\/eldigitaldeasturias.com\\\/magazine365\\\/author\\\/admin\\\/#author\"},\"creator\":{\"@id\":\"https:\\\/\\\/eldigitaldeasturias.com\\\/magazine365\\\/author\\\/admin\\\/#author\"},\"image\":{\"@type\":\"ImageObject\",\"url\":\"https:\\\/\\\/eldigitaldeasturias.com\\\/magazine365\\\/wp-content\\\/uploads\\\/2022\\\/07\\\/Sofa-Cama.jpg\",\"@id\":\"https:\\\/\\\/eldigitaldeasturias.com\\\/magazine365\\\/que-tener-en-cuenta-a-la-hora-de-comprar-un-sofa-cama\\\/#mainImage\",\"width\":774,\"height\":565,\"caption\":\"Sof\\u00e1 Cama Nara: Foto: tapizadoshernandez.com\"},\"primaryImageOfPage\":{\"@id\":\"https:\\\/\\\/eldigitaldeasturias.com\\\/magazine365\\\/que-tener-en-cuenta-a-la-hora-de-comprar-un-sofa-cama\\\/#mainImage\"},\"datePublished\":\"2022-07-31T05:40:34+02:00\",\"dateModified\":\"2022-07-31T05:40:34+02:00\"},{\"@type\":\"WebSite\",\"@id\":\"https:\\\/\\\/eldigitaldeasturias.com\\\/magazine365\\\/#website\",\"url\":\"https:\\\/\\\/eldigitaldeasturias.com\\\/magazine365\\\/\",\"name\":\"El Digital de Asturias\",\"description\":\"Revista de ocio, turismo y estilo de vida\",\"inLanguage\":\"es-ES\",\"publisher\":{\"@id\":\"https:\\\/\\\/eldigitaldeasturias.com\\\/magazine365\\\/#organization\"}}]}\n\t\t<\/script>\n\t\t<!-- All in One SEO Pro -->\r\n\t\t<title>Qu\u00e9 tener en cuenta a la hora de comprar un sof\u00e1 cama | El Digital de Asturias<\/title>\n\n","aioseo_head_json":{"title":"Qu\u00e9 tener en cuenta a la hora de comprar un sof\u00e1 cama | El Digital de Asturias","description":"Comodidad y un buen descanso, eso es lo que todos buscamos para el hogar, y mucho m\u00e1s cuando hablamos de sof\u00e1s cama, una de las nuevas tendencias del momento","canonical_url":"https:\/\/eldigitaldeasturias.com\/magazine365\/que-tener-en-cuenta-a-la-hora-de-comprar-un-sofa-cama\/","robots":"max-image-preview:large","keywords":"hogar","webmasterTools":{"google-site-verification":"UA-38556648-1","miscellaneous":""},"schema":{"@context":"https:\/\/schema.org","@graph":[{"@type":"Article","@id":"https:\/\/eldigitaldeasturias.com\/magazine365\/que-tener-en-cuenta-a-la-hora-de-comprar-un-sofa-cama\/#article","name":"Qu\u00e9 tener en cuenta a la hora de comprar un sof\u00e1 cama | El Digital de Asturias","headline":"Qu\u00e9 tener en cuenta a la hora de comprar un sof\u00e1 cama","author":{"@id":"https:\/\/eldigitaldeasturias.com\/magazine365\/author\/admin\/#author"},"publisher":{"@id":"https:\/\/eldigitaldeasturias.com\/magazine365\/#organization"},"image":{"@type":"ImageObject","url":"https:\/\/eldigitaldeasturias.com\/magazine365\/wp-content\/uploads\/2022\/07\/Sofa-Cama.jpg","width":774,"height":565,"caption":"Sof\u00e1 Cama Nara: Foto: tapizadoshernandez.com"},"datePublished":"2022-07-31T05:40:34+02:00","dateModified":"2022-07-31T05:40:34+02:00","inLanguage":"es-ES","mainEntityOfPage":{"@id":"https:\/\/eldigitaldeasturias.com\/magazine365\/que-tener-en-cuenta-a-la-hora-de-comprar-un-sofa-cama\/#webpage"},"isPartOf":{"@id":"https:\/\/eldigitaldeasturias.com\/magazine365\/que-tener-en-cuenta-a-la-hora-de-comprar-un-sofa-cama\/#webpage"},"articleSection":"Hogar, Hogar"},{"@type":"BreadcrumbList","@id":"https:\/\/eldigitaldeasturias.com\/magazine365\/que-tener-en-cuenta-a-la-hora-de-comprar-un-sofa-cama\/#breadcrumblist","itemListElement":[{"@type":"ListItem","@id":"https:\/\/eldigitaldeasturias.com\/magazine365#listItem","position":1,"name":"Home","item":"https:\/\/eldigitaldeasturias.com\/magazine365","nextItem":{"@type":"ListItem","@id":"https:\/\/eldigitaldeasturias.com\/magazine365\/category\/hogar\/#listItem","name":"Hogar"}},{"@type":"ListItem","@id":"https:\/\/eldigitaldeasturias.com\/magazine365\/category\/hogar\/#listItem","position":2,"name":"Hogar","item":"https:\/\/eldigitaldeasturias.com\/magazine365\/category\/hogar\/","nextItem":{"@type":"ListItem","@id":"https:\/\/eldigitaldeasturias.com\/magazine365\/que-tener-en-cuenta-a-la-hora-de-comprar-un-sofa-cama\/#listItem","name":"Qu\u00e9 tener en cuenta a la hora de comprar un sof\u00e1 cama"},"previousItem":{"@type":"ListItem","@id":"https:\/\/eldigitaldeasturias.com\/magazine365#listItem","name":"Home"}},{"@type":"ListItem","@id":"https:\/\/eldigitaldeasturias.com\/magazine365\/que-tener-en-cuenta-a-la-hora-de-comprar-un-sofa-cama\/#listItem","position":3,"name":"Qu\u00e9 tener en cuenta a la hora de comprar un sof\u00e1 cama","previousItem":{"@type":"ListItem","@id":"https:\/\/eldigitaldeasturias.com\/magazine365\/category\/hogar\/#listItem","name":"Hogar"}}]},{"@type":"Organization","@id":"https:\/\/eldigitaldeasturias.com\/magazine365\/#organization","name":"El digital de Asturias","description":"Revista de ocio, turismo y estilo de vida","url":"https:\/\/eldigitaldeasturias.com\/magazine365\/","logo":{"@type":"ImageObject","url":"https:\/\/www.eldigitaldeasturias.com\/noticias\/wp-content\/uploads\/2020\/12\/EDA.jpg","@id":"https:\/\/eldigitaldeasturias.com\/magazine365\/que-tener-en-cuenta-a-la-hora-de-comprar-un-sofa-cama\/#organizationLogo"},"image":{"@id":"https:\/\/eldigitaldeasturias.com\/magazine365\/que-tener-en-cuenta-a-la-hora-de-comprar-un-sofa-cama\/#organizationLogo"}},{"@type":"Person","@id":"https:\/\/eldigitaldeasturias.com\/magazine365\/author\/admin\/#author","url":"https:\/\/eldigitaldeasturias.com\/magazine365\/author\/admin\/","name":"admin","image":{"@type":"ImageObject","@id":"https:\/\/eldigitaldeasturias.com\/magazine365\/que-tener-en-cuenta-a-la-hora-de-comprar-un-sofa-cama\/#authorImage","url":"https:\/\/eldigitaldeasturias.com\/magazine365\/wp-content\/litespeed\/avatar\/e571bcf59a0edd6fa6838245a470f2fe.jpg?ver=1777574230","width":96,"height":96,"caption":"admin"}},{"@type":"WebPage","@id":"https:\/\/eldigitaldeasturias.com\/magazine365\/que-tener-en-cuenta-a-la-hora-de-comprar-un-sofa-cama\/#webpage","url":"https:\/\/eldigitaldeasturias.com\/magazine365\/que-tener-en-cuenta-a-la-hora-de-comprar-un-sofa-cama\/","name":"Qu\u00e9 tener en cuenta a la hora de comprar un sof\u00e1 cama | El Digital de Asturias","description":"Comodidad y un buen descanso, eso es lo que todos buscamos para el hogar, y mucho m\u00e1s cuando hablamos de sof\u00e1s cama, una de las nuevas tendencias del momento","inLanguage":"es-ES","isPartOf":{"@id":"https:\/\/eldigitaldeasturias.com\/magazine365\/#website"},"breadcrumb":{"@id":"https:\/\/eldigitaldeasturias.com\/magazine365\/que-tener-en-cuenta-a-la-hora-de-comprar-un-sofa-cama\/#breadcrumblist"},"author":{"@id":"https:\/\/eldigitaldeasturias.com\/magazine365\/author\/admin\/#author"},"creator":{"@id":"https:\/\/eldigitaldeasturias.com\/magazine365\/author\/admin\/#author"},"image":{"@type":"ImageObject","url":"https:\/\/eldigitaldeasturias.com\/magazine365\/wp-content\/uploads\/2022\/07\/Sofa-Cama.jpg","@id":"https:\/\/eldigitaldeasturias.com\/magazine365\/que-tener-en-cuenta-a-la-hora-de-comprar-un-sofa-cama\/#mainImage","width":774,"height":565,"caption":"Sof\u00e1 Cama Nara: Foto: tapizadoshernandez.com"},"primaryImageOfPage":{"@id":"https:\/\/eldigitaldeasturias.com\/magazine365\/que-tener-en-cuenta-a-la-hora-de-comprar-un-sofa-cama\/#mainImage"},"datePublished":"2022-07-31T05:40:34+02:00","dateModified":"2022-07-31T05:40:34+02:00"},{"@type":"WebSite","@id":"https:\/\/eldigitaldeasturias.com\/magazine365\/#website","url":"https:\/\/eldigitaldeasturias.com\/magazine365\/","name":"El Digital de Asturias","description":"Revista de ocio, turismo y estilo de vida","inLanguage":"es-ES","publisher":{"@id":"https:\/\/eldigitaldeasturias.com\/magazine365\/#organization"}}]},"og:locale":"es_ES","og:site_name":"El Digital de Asturias \u2013 Revista de ocio, turismo y estilo de vida","og:type":"article","og:title":"Qu\u00e9 tener en cuenta a la hora de comprar un sof\u00e1 cama | El Digital de Asturias","og:description":"Comodidad y un buen descanso, eso es lo que todos buscamos para el hogar, y mucho m\u00e1s cuando hablamos de sof\u00e1s cama, una de las nuevas tendencias del momento","og:url":"https:\/\/eldigitaldeasturias.com\/magazine365\/que-tener-en-cuenta-a-la-hora-de-comprar-un-sofa-cama\/","og:image":"https:\/\/eldigitaldeasturias.com\/magazine365\/wp-content\/uploads\/2022\/07\/Sofa-Cama.jpg","og:image:secure_url":"https:\/\/eldigitaldeasturias.com\/magazine365\/wp-content\/uploads\/2022\/07\/Sofa-Cama.jpg","og:image:width":774,"og:image:height":565,"article:published_time":"2022-07-31T05:40:34+00:00","article:modified_time":"2022-07-31T05:40:34+00:00","twitter:card":"summary_large_image","twitter:title":"Qu\u00e9 tener en cuenta a la hora de comprar un sof\u00e1 cama | El Digital de Asturias","twitter:description":"Comodidad y un buen descanso, eso es lo que todos buscamos para el hogar, y mucho m\u00e1s cuando hablamos de sof\u00e1s cama, una de las nuevas tendencias del momento","twitter:image":"https:\/\/eldigitaldeasturias.com\/magazine365\/wp-content\/uploads\/2022\/07\/Sofa-Cama.jpg"},"aioseo_meta_data":{"post_id":"108866","title":null,"description":"Comodidad y un buen descanso, eso es lo que todos buscamos para el hogar, y mucho m\u00e1s cuando hablamos de sof\u00e1s cama, una de las nuevas tendencias del momento","keywords":[],"keyphrases":{"focus":{"keyphrase":"cama","score":93,"analysis":{"keyphraseInTitle":{"title":"Focus keyphrase in SEO title","description":"Focus keyphrase found in SEO title.","score":9,"maxScore":9,"error":0},"keyphraseInDescription":{"title":"Focus keyphrase in meta description","description":"Focus keyphrase found in meta description.","score":9,"maxScore":9,"error":0},"keyphraseLength":{"title":"Focus keyphrase length","description":"Good job!","score":9,"maxScore":9,"error":0,"length":1},"keyphraseInURL":{"title":"Focus keyphrase in URL","description":"Focus keyphrase not found in the URL.","score":1,"maxScore":5,"error":1},"keyphraseInIntroduction":{"title":"Focus keyphrase in introduction","description":"Your Focus keyphrase appears in the first paragraph. Well done!","score":9,"maxScore":9,"error":0},"keyphraseInSubHeadings":{"title":"Focus keyphrase in Subheadings","description":"Your H2 and H3 subheadings reflects the topic of your copy. Good job!","score":9,"maxScore":9,"error":0},"keyphraseInImageAlt":{"title":"Focus keyphrase in image alt attributes","description":"Focus keyphrase found in image alt attribute(s).","score":9,"maxScore":9,"error":0}}},"additional":[{"keyphrase":"sof\u00e1s cama","score":83,"analysis":{"keyphraseInDescription":{"title":"Keyphrase in meta description","description":"Keyphrase found in meta description.","score":9,"maxScore":9,"error":0},"keyphraseLength":{"title":"Keyphrase length","description":"Good job!","score":9,"maxScore":9,"error":0,"length":2},"keyphraseInIntroduction":{"title":"Keyphrase in introduction","description":"Your Keyphrase appears in the first paragraph. Well done!","score":9,"maxScore":9,"error":0},"keyphraseInImageAlt":{"title":"Keyphrase in image alt attributes","description":"Keyphrase not found in image alt attribute(s). Add an image with your Keyphrase as alt text.","score":3,"maxScore":9,"error":1}}},{"keyphrase":"sof\u00e1s","score":83,"analysis":{"keyphraseInDescription":{"title":"Keyphrase in meta description","description":"Keyphrase found in meta description.","score":9,"maxScore":9,"error":0},"keyphraseLength":{"title":"Keyphrase length","description":"Good job!","score":9,"maxScore":9,"error":0,"length":1},"keyphraseInIntroduction":{"title":"Keyphrase in introduction","description":"Your Keyphrase appears in the first paragraph. Well done!","score":9,"maxScore":9,"error":0},"keyphraseInImageAlt":{"title":"Keyphrase in image alt attributes","description":"Keyphrase not found in image alt attribute(s). Add an image with your Keyphrase as alt text.","score":3,"maxScore":9,"error":1}}},{"keyphrase":"hogar","score":83,"analysis":{"keyphraseInDescription":{"title":"Keyphrase in meta description","description":"Keyphrase found in meta description.","score":9,"maxScore":9,"error":0},"keyphraseLength":{"title":"Keyphrase length","description":"Good job!","score":9,"maxScore":9,"error":0,"length":1},"keyphraseInIntroduction":{"title":"Keyphrase in introduction","description":"Your Keyphrase appears in the first paragraph. Well done!","score":9,"maxScore":9,"error":0},"keyphraseInImageAlt":{"title":"Keyphrase in image alt attributes","description":"Keyphrase not found in image alt attribute(s). Add an image with your Keyphrase as alt text.","score":3,"maxScore":9,"error":1}}},{"keyphrase":"tendencias ","score":83,"analysis":{"keyphraseInDescription":{"title":"Keyphrase in meta description","description":"Keyphrase found in meta description.","score":9,"maxScore":9,"error":0},"keyphraseLength":{"title":"Keyphrase length","description":"Good job!","score":9,"maxScore":9,"error":0,"length":1},"keyphraseInIntroduction":{"title":"Keyphrase in introduction","description":"Your Keyphrase appears in the first paragraph. Well done!","score":9,"maxScore":9,"error":0},"keyphraseInImageAlt":{"title":"Keyphrase in image alt attributes","description":"Keyphrase not found in image alt attribute(s). Add an image with your Keyphrase as alt text.","score":3,"maxScore":9,"error":1}}}]},"primary_term":null,"canonical_url":null,"og_title":null,"og_description":null,"og_object_type":"default","og_image_type":"default","og_image_url":null,"og_image_width":null,"og_image_height":null,"og_image_custom_url":null,"og_image_custom_fields":null,"og_video":"","og_custom_url":null,"og_article_section":null,"og_article_tags":[],"twitter_use_og":false,"twitter_card":"default","twitter_image_type":"default","twitter_image_url":null,"twitter_image_custom_url":null,"twitter_image_custom_fields":null,"twitter_title":null,"twitter_description":null,"schema":{"blockGraphs":[],"customGraphs":[],"default":{"data":{"Article":[],"Course":[],"Dataset":[],"FAQPage":[],"Movie":[],"Person":[],"Product":[],"ProductReview":[],"Car":[],"Recipe":[],"Service":[],"SoftwareApplication":[],"WebPage":[]},"graphName":"","isEnabled":true},"graphs":[],"defaultGraph":"Article","defaultPostTypeGraph":""},"schema_type":"default","schema_type_options":"{\"article\":{\"articleType\":\"BlogPosting\"},\"course\":{\"name\":\"\",\"description\":\"\",\"provider\":\"\"},\"faq\":{\"pages\":[]},\"product\":{\"reviews\":[]},\"recipe\":{\"ingredients\":[],\"instructions\":[],\"keywords\":[]},\"software\":{\"reviews\":[],\"operatingSystems\":[]},\"webPage\":{\"webPageType\":\"WebPage\"},\"blockGraphs\":[]}","pillar_content":false,"robots_default":true,"robots_noindex":false,"robots_noarchive":false,"robots_nosnippet":false,"robots_nofollow":false,"robots_noimageindex":false,"robots_noodp":false,"robots_notranslate":false,"robots_max_snippet":"-1","robots_max_videopreview":"-1","robots_max_imagepreview":"large","priority":null,"frequency":"default","location":null,"local_seo":null,"seo_analyzer_scan_date":"2025-09-30 03:05:29","breadcrumb_settings":null,"limit_modified_date":false,"open_ai":null,"ai":null,"created":"2022-07-31 05:19:09","updated":"2025-09-30 03:05:29"},"aioseo_breadcrumb":"<div class=\"aioseo-breadcrumbs\"><span class=\"aioseo-breadcrumb\">\n\t<a href=\"https:\/\/eldigitaldeasturias.com\/magazine365\" title=\"Home\">Home<\/a>\n<\/span><span class=\"aioseo-breadcrumb-separator\">\u2013<\/span><span class=\"aioseo-breadcrumb\">\n\t<a href=\"https:\/\/eldigitaldeasturias.com\/magazine365\/category\/hogar\/\" title=\"Hogar\">Hogar<\/a>\n<\/span><span class=\"aioseo-breadcrumb-separator\">\u2013<\/span><span class=\"aioseo-breadcrumb\">\n\t<a href=\"https:\/\/eldigitaldeasturias.com\/magazine365\/que-tener-en-cuenta-a-la-hora-de-comprar-un-sofa-cama\/\" title=\"Qu\u00e9 tener en cuenta a la hora de comprar un sof\u00e1 cama\">Qu\u00e9 tener en cuenta a la hora de comprar un sof\u00e1 cama<\/a>\n<\/span><\/div>","aioseo_breadcrumb_json":[{"label":"Home","link":"https:\/\/eldigitaldeasturias.com\/magazine365"},{"label":"Hogar","link":"https:\/\/eldigitaldeasturias.com\/magazine365\/category\/hogar\/"},{"label":"Qu\u00e9 tener en cuenta a la hora de comprar un sof\u00e1 cama","link":"https:\/\/eldigitaldeasturias.com\/magazine365\/que-tener-en-cuenta-a-la-hora-de-comprar-un-sofa-cama\/"}],"_links":{"self":[{"href":"https:\/\/eldigitaldeasturias.com\/magazine365\/wp-json\/wp\/v2\/posts\/108866","targetHints":{"allow":["GET"]}}],"collection":[{"href":"https:\/\/eldigitaldeasturias.com\/magazine365\/wp-json\/wp\/v2\/posts"}],"about":[{"href":"https:\/\/eldigitaldeasturias.com\/magazine365\/wp-json\/wp\/v2\/types\/post"}],"author":[{"embeddable":true,"href":"https:\/\/eldigitaldeasturias.com\/magazine365\/wp-json\/wp\/v2\/users\/1"}],"replies":[{"embeddable":true,"href":"https:\/\/eldigitaldeasturias.com\/magazine365\/wp-json\/wp\/v2\/comments?post=108866"}],"version-history":[{"count":0,"href":"https:\/\/eldigitaldeasturias.com\/magazine365\/wp-json\/wp\/v2\/posts\/108866\/revisions"}],"wp:featuredmedia":[{"embeddable":true,"href":"https:\/\/eldigitaldeasturias.com\/magazine365\/wp-json\/wp\/v2\/media\/108868"}],"wp:attachment":[{"href":"https:\/\/eldigitaldeasturias.com\/magazine365\/wp-json\/wp\/v2\/media?parent=108866"}],"wp:term":[{"taxonomy":"category","embeddable":true,"href":"https:\/\/eldigitaldeasturias.com\/magazine365\/wp-json\/wp\/v2\/categories?post=108866"},{"taxonomy":"post_tag","embeddable":true,"href":"https:\/\/eldigitaldeasturias.com\/magazine365\/wp-json\/wp\/v2\/tags?post=108866"}],"curies":[{"name":"wp","href":"https:\/\/api.w.org\/{rel}","templated":true}]}}