{"id":108647,"date":"2022-05-27T14:07:43","date_gmt":"2022-05-27T14:07:43","guid":{"rendered":"http:\/\/eldigitaldeasturias.com\/magazine365\/?p=108647"},"modified":"2022-05-27T14:07:43","modified_gmt":"2022-05-27T14:07:43","slug":"descubre-las-novedades-en-colchas-de-zara-home-para-adelantarte-al-verano","status":"publish","type":"post","link":"https:\/\/eldigitaldeasturias.com\/magazine365\/descubre-las-novedades-en-colchas-de-zara-home-para-adelantarte-al-verano\/","title":{"rendered":"Descubre las novedades en colchas de Zara Home para adelantarte al verano"},"content":{"rendered":"<p>La cama es la pieza principal del dormitorio, por lo que hay que prestar atenci\u00f3n a la manera de vestirla si queremos que nos luzca y nos ofrezca un buen descanso. Y con la llegada del buen tiempo, llega tambi\u00e9n el momento de ir guardando los voluminosos edredones para sustituirlos por <strong>cubrecamas m\u00e1s ligeros<\/strong>.<\/p>\n<p><img fetchpriority=\"high\" decoding=\"async\" class=\"aligncenter size-full wp-image-108649\" src=\"https:\/\/eldigitaldeasturias.com\/magazine365\/wp-content\/uploads\/2022\/05\/cama.jpg\" alt=\"cama\" width=\"488\" height=\"373\" srcset=\"https:\/\/eldigitaldeasturias.com\/magazine365\/wp-content\/uploads\/2022\/05\/cama.jpg 488w, https:\/\/eldigitaldeasturias.com\/magazine365\/wp-content\/uploads\/2022\/05\/cama-360x275.jpg 360w, https:\/\/eldigitaldeasturias.com\/magazine365\/wp-content\/uploads\/2022\/05\/cama-150x115.jpg 150w, https:\/\/eldigitaldeasturias.com\/magazine365\/wp-content\/uploads\/2022\/05\/cama-450x344.jpg 450w\" sizes=\"(max-width: 488px) 100vw, 488px\" \/><\/p>\n<h2>\u00bfPor qu\u00e9 comprar una colcha de Zara Home?<\/h2>\n<p>Estas son unas fechas en las que muchas personas aprovechan para renovar los de la temporada anterior y se dedican a buscar <strong>modelos a la \u00faltima<\/strong> y que resulten confortables a su vez.<\/p>\n<p>Pues bien, las <span style=\"color: #ff6600;\"><strong><a style=\"color: #ff6600;\" href=\"https:\/\/www.todocolchas.com\/colchas-de-90-zara-home\" target=\"_blank\" rel=\"noopener\">colchas de zara home<\/a><\/strong><\/span> son una buena opci\u00f3n para dar un toque personal, diferente y m\u00e1s alegre a la habitaci\u00f3n. Adem\u00e1s de ser art\u00edculos de <strong>excelente calidad<\/strong> por sus tejidos, estas colchas cuentan con la ventaja a\u00f1adida de que pueden adquirirse por internet, haciendo un solo clic.<\/p>\n<p>Cuando llega el momento de salir de compras para dar un <strong>nuevo aire m\u00e1s fresco<\/strong> y llamativo a la cama, son tantas las alternativas que se nos presentan que a veces no sabemos por cu\u00e1l de ellas decantarnos.<\/p>\n<p>Dudamos entre los colores, el grosor de las telas, las medidas y otra serie de factores. No obstante, vamos a explicar <strong>algunas de las ventajas<\/strong> de las colchas de Zara Home que, a buen seguro, har\u00e1n que la balanza se incline siempre hacia cualquier modelo de esta popular firma<\/p>\n<p>En primer lugar, son <strong>colchas de tendencia<\/strong>, dado que Zara Home lanza colecciones nuevas cada a\u00f1o, con dise\u00f1os variados y que encajan bien en cualquier estilo decorativo. Adem\u00e1s, est\u00e1n elaboradas con <strong>tejidos naturales <\/strong>ligeros y transpirables, lo que garantiza que el sudor pueda escapar r\u00e1pidamente. Por otro lado, tienen un tacto ultra suave.<\/p>\n<p>Adem\u00e1s, detr\u00e1s de ellas, hay un equipo humano que ayudar\u00e1 al cliente a resolver las <strong>posibles dudas<\/strong> a la hora de la elecci\u00f3n. Se fabrican <strong>en todas las medidas<\/strong>, de manera que siempre encontraremos modelos que se ajusten a las dimensiones de nuestra cama, ya sea juvenil, de matrimonio, tama\u00f1o king size, etc.<\/p>\n<p>Cabe destacar tambi\u00e9n que no solo traen preciosos <strong>cojines a juego<\/strong> con diversos formatos y dise\u00f1os. Tambi\u00e9n pueden combinarse con el resto de ropa de cama, alfombrillas de verano y cortinas. De este modo se consigue un conjunto m\u00e1s armonioso y elegante.<\/p>\n<p>Los precios tambi\u00e9n son un punto a su favor. De hecho, resultan econ\u00f3micos, teniendo en cuenta su <strong>calidad \u00f3ptima<\/strong> y su larga vida \u00fatil, ya que una colcha de Zara Home puede soportar cantidad de lavados sin perder ni un \u00e1pice del color y el apresto original.<\/p>\n<h2>Qu\u00e9 tener en cuenta para elegir la mejor colcha de verano<\/h2>\n<p>Se trata de un elemento importante en nuestro d\u00eda a d\u00eda, y a nadie le gusta malgastar el dinero. De ah\u00ed que debamos considerar los factores que enumeraremos a continuaci\u00f3n, para quedar <strong>totalmente satisfechos<\/strong> con el modelo elegido:<\/p>\n<h3>El color<\/h3>\n<p>En los meses m\u00e1s calurosos del a\u00f1o, es preferible <strong>optar por los tonos claros<\/strong>. Los colores oscuros hacen que la estancia parezca m\u00e1s recargada y asfixiante, de ah\u00ed que debamos reservarlos (en tal caso) para accesorios m\u00e1s peque\u00f1os, como por ejemplo los cojines. Eso, siempre y cuando gusten los contrastes en decoraci\u00f3n.<\/p>\n<h3>Las dimensiones<\/h3>\n<p>Las colchas han de tener el <strong>tama\u00f1o que mejor se ajuste al del colch\u00f3n<\/strong>. Si son muy largas, arrastrar\u00e1n y resultar\u00e1n antiest\u00e9ticas, mientras que una colcha m\u00e1s estrecha de lo debido nos quedar\u00e1 raqu\u00edtica y no nos cubrir\u00e1 bien. Las medidas que deber\u00e1 tener cada colcha, seg\u00fan lo que mida la cama, son estas:<\/p>\n<ul>\n<li>Camas de 90: 180 x 270 cm.<\/li>\n<li>Camas de 105: 205 x 270 cm.<\/li>\n<li>Camas de 120: 220 x 270 cm.<\/li>\n<li>Camas de 135: 235 x 270 cm.<\/li>\n<li>Camas de 150: 250 x 270 cm.<\/li>\n<li>Camas de 160: 260 x 270 cm.<\/li>\n<li>Camas de 180: 280 x 270 cm.<\/li>\n<li>Camas de 200: 300 x 270 cm.<\/li>\n<\/ul>\n<h3>El dise\u00f1o<\/h3>\n<p>Deber\u00e1 ser <strong>acorde al mobiliario del dormitorio<\/strong>. En un dormitorio con muebles modernos de dise\u00f1o minimalista, los profesionales en decoraci\u00f3n de interiores aconsejan cubrir la cama con una colcha sencilla, preferentemente en tonos lisos o con estampados discretos. Por el contrario, en un dormitorio con muebles m\u00e1s ornamentados, quedar\u00e1 ideal una colcha m\u00e1s sofisticada, con volantes, encajes, cojines rematados en forma de onda, etc.<\/p>\n<h3>El tipo de colcha<\/h3>\n<p>Aunque esta cuesti\u00f3n va en funci\u00f3n del gusto de cada persona, recordamos que hay <strong>distintas clases de colcha<\/strong>: edredones, bouti, de patchwork, de Jacquard, y un sinf\u00edn de opciones.<\/p>\n<h3>El tejido<\/h3>\n<p>Puede estar compuesto a base de fibras naturales como el algod\u00f3n, fibras sint\u00e9ticas o una mezcla de ambas. De este factor depender\u00e1 que la colcha sea <strong>m\u00e1s fresca o calurosa<\/strong>. Y sin duda, el algod\u00f3n es el tejido m\u00e1s recomendable para los meses de verano.<\/p>\n","protected":false},"excerpt":{"rendered":"<p>La cama es la pieza principal del dormitorio, por lo que hay que prestar atenci\u00f3n a la manera de vestirla si queremos que nos luzca y nos ofrezca un buen descanso. Y con la llegada del buen tiempo, llega tambi\u00e9n el momento de ir guardando los voluminosos edredones para sustituirlos por cubrecamas m\u00e1s ligeros. \u00bfPor<\/p>\n","protected":false},"author":1,"featured_media":108649,"comment_status":"closed","ping_status":"closed","sticky":false,"template":"","format":"standard","meta":{"footnotes":""},"categories":[213],"tags":[372],"class_list":{"0":"post-108647","1":"post","2":"type-post","3":"status-publish","4":"format-standard","5":"has-post-thumbnail","7":"category-hogar","8":"tag-hogar"},"aioseo_notices":[],"aioseo_head":"\n\t\t<!-- All in One SEO Pro 4.9.6.1 - aioseo.com -->\n\t<meta name=\"description\" content=\"La cama es la pieza principal del dormitorio, por lo que hay que prestar atenci\u00f3n a la manera de vestirla si queremos que nos luzca y nos ofrezca un buen\" \/>\n\t<meta name=\"robots\" content=\"max-image-preview:large\" \/>\n\t<meta name=\"author\" content=\"admin\"\/>\n\t<meta name=\"google-site-verification\" content=\"UA-38556648-1\" \/>\n\t<meta name=\"keywords\" content=\"hogar\" \/>\n\t<link rel=\"canonical\" href=\"https:\/\/eldigitaldeasturias.com\/magazine365\/descubre-las-novedades-en-colchas-de-zara-home-para-adelantarte-al-verano\/\" \/>\n\t<meta name=\"generator\" content=\"All in One SEO Pro (AIOSEO) 4.9.6.1\" \/>\n\t\t<meta property=\"og:locale\" content=\"es_ES\" \/>\n\t\t<meta property=\"og:site_name\" content=\"El Digital de Asturias \u2013 Revista de ocio, turismo y estilo de vida\" \/>\n\t\t<meta property=\"og:type\" content=\"article\" \/>\n\t\t<meta property=\"og:title\" content=\"Descubre las novedades en colchas de Zara Home para adelantarte al verano | El Digital de Asturias\" \/>\n\t\t<meta property=\"og:description\" content=\"La cama es la pieza principal del dormitorio, por lo que hay que prestar atenci\u00f3n a la manera de vestirla si queremos que nos luzca y nos ofrezca un buen\" \/>\n\t\t<meta property=\"og:url\" content=\"https:\/\/eldigitaldeasturias.com\/magazine365\/descubre-las-novedades-en-colchas-de-zara-home-para-adelantarte-al-verano\/\" \/>\n\t\t<meta property=\"og:image\" content=\"https:\/\/eldigitaldeasturias.com\/magazine365\/wp-content\/uploads\/2022\/05\/cama.jpg\" \/>\n\t\t<meta property=\"og:image:secure_url\" content=\"https:\/\/eldigitaldeasturias.com\/magazine365\/wp-content\/uploads\/2022\/05\/cama.jpg\" \/>\n\t\t<meta property=\"og:image:width\" content=\"488\" \/>\n\t\t<meta property=\"og:image:height\" content=\"373\" \/>\n\t\t<meta property=\"article:published_time\" content=\"2022-05-27T14:07:43+00:00\" \/>\n\t\t<meta property=\"article:modified_time\" content=\"2022-05-27T14:07:43+00:00\" \/>\n\t\t<meta name=\"twitter:card\" content=\"summary_large_image\" \/>\n\t\t<meta name=\"twitter:title\" content=\"Descubre las novedades en colchas de Zara Home para adelantarte al verano | El Digital de Asturias\" \/>\n\t\t<meta name=\"twitter:description\" content=\"La cama es la pieza principal del dormitorio, por lo que hay que prestar atenci\u00f3n a la manera de vestirla si queremos que nos luzca y nos ofrezca un buen\" \/>\n\t\t<meta name=\"twitter:image\" content=\"https:\/\/eldigitaldeasturias.com\/magazine365\/wp-content\/uploads\/2022\/05\/cama.jpg\" \/>\n\t\t<script type=\"application\/ld+json\" class=\"aioseo-schema\">\n\t\t\t{\"@context\":\"https:\\\/\\\/schema.org\",\"@graph\":[{\"@type\":\"Article\",\"@id\":\"https:\\\/\\\/eldigitaldeasturias.com\\\/magazine365\\\/descubre-las-novedades-en-colchas-de-zara-home-para-adelantarte-al-verano\\\/#article\",\"name\":\"Descubre las novedades en colchas de Zara Home para adelantarte al verano | El Digital de Asturias\",\"headline\":\"Descubre las novedades en colchas de Zara Home para adelantarte al verano\",\"author\":{\"@id\":\"https:\\\/\\\/eldigitaldeasturias.com\\\/magazine365\\\/author\\\/admin\\\/#author\"},\"publisher\":{\"@id\":\"https:\\\/\\\/eldigitaldeasturias.com\\\/magazine365\\\/#organization\"},\"image\":{\"@type\":\"ImageObject\",\"url\":\"https:\\\/\\\/eldigitaldeasturias.com\\\/magazine365\\\/wp-content\\\/uploads\\\/2022\\\/05\\\/cama.jpg\",\"width\":488,\"height\":373,\"caption\":\"cama\"},\"datePublished\":\"2022-05-27T14:07:43+02:00\",\"dateModified\":\"2022-05-27T14:07:43+02:00\",\"inLanguage\":\"es-ES\",\"mainEntityOfPage\":{\"@id\":\"https:\\\/\\\/eldigitaldeasturias.com\\\/magazine365\\\/descubre-las-novedades-en-colchas-de-zara-home-para-adelantarte-al-verano\\\/#webpage\"},\"isPartOf\":{\"@id\":\"https:\\\/\\\/eldigitaldeasturias.com\\\/magazine365\\\/descubre-las-novedades-en-colchas-de-zara-home-para-adelantarte-al-verano\\\/#webpage\"},\"articleSection\":\"Hogar, Hogar\"},{\"@type\":\"BreadcrumbList\",\"@id\":\"https:\\\/\\\/eldigitaldeasturias.com\\\/magazine365\\\/descubre-las-novedades-en-colchas-de-zara-home-para-adelantarte-al-verano\\\/#breadcrumblist\",\"itemListElement\":[{\"@type\":\"ListItem\",\"@id\":\"https:\\\/\\\/eldigitaldeasturias.com\\\/magazine365#listItem\",\"position\":1,\"name\":\"Home\",\"item\":\"https:\\\/\\\/eldigitaldeasturias.com\\\/magazine365\",\"nextItem\":{\"@type\":\"ListItem\",\"@id\":\"https:\\\/\\\/eldigitaldeasturias.com\\\/magazine365\\\/category\\\/hogar\\\/#listItem\",\"name\":\"Hogar\"}},{\"@type\":\"ListItem\",\"@id\":\"https:\\\/\\\/eldigitaldeasturias.com\\\/magazine365\\\/category\\\/hogar\\\/#listItem\",\"position\":2,\"name\":\"Hogar\",\"item\":\"https:\\\/\\\/eldigitaldeasturias.com\\\/magazine365\\\/category\\\/hogar\\\/\",\"nextItem\":{\"@type\":\"ListItem\",\"@id\":\"https:\\\/\\\/eldigitaldeasturias.com\\\/magazine365\\\/descubre-las-novedades-en-colchas-de-zara-home-para-adelantarte-al-verano\\\/#listItem\",\"name\":\"Descubre las novedades en colchas de Zara Home para adelantarte al verano\"},\"previousItem\":{\"@type\":\"ListItem\",\"@id\":\"https:\\\/\\\/eldigitaldeasturias.com\\\/magazine365#listItem\",\"name\":\"Home\"}},{\"@type\":\"ListItem\",\"@id\":\"https:\\\/\\\/eldigitaldeasturias.com\\\/magazine365\\\/descubre-las-novedades-en-colchas-de-zara-home-para-adelantarte-al-verano\\\/#listItem\",\"position\":3,\"name\":\"Descubre las novedades en colchas de Zara Home para adelantarte al verano\",\"previousItem\":{\"@type\":\"ListItem\",\"@id\":\"https:\\\/\\\/eldigitaldeasturias.com\\\/magazine365\\\/category\\\/hogar\\\/#listItem\",\"name\":\"Hogar\"}}]},{\"@type\":\"Organization\",\"@id\":\"https:\\\/\\\/eldigitaldeasturias.com\\\/magazine365\\\/#organization\",\"name\":\"El digital de Asturias\",\"description\":\"Revista de ocio, turismo y estilo de vida\",\"url\":\"https:\\\/\\\/eldigitaldeasturias.com\\\/magazine365\\\/\",\"logo\":{\"@type\":\"ImageObject\",\"url\":\"https:\\\/\\\/www.eldigitaldeasturias.com\\\/noticias\\\/wp-content\\\/uploads\\\/2020\\\/12\\\/EDA.jpg\",\"@id\":\"https:\\\/\\\/eldigitaldeasturias.com\\\/magazine365\\\/descubre-las-novedades-en-colchas-de-zara-home-para-adelantarte-al-verano\\\/#organizationLogo\"},\"image\":{\"@id\":\"https:\\\/\\\/eldigitaldeasturias.com\\\/magazine365\\\/descubre-las-novedades-en-colchas-de-zara-home-para-adelantarte-al-verano\\\/#organizationLogo\"}},{\"@type\":\"Person\",\"@id\":\"https:\\\/\\\/eldigitaldeasturias.com\\\/magazine365\\\/author\\\/admin\\\/#author\",\"url\":\"https:\\\/\\\/eldigitaldeasturias.com\\\/magazine365\\\/author\\\/admin\\\/\",\"name\":\"admin\",\"image\":{\"@type\":\"ImageObject\",\"@id\":\"https:\\\/\\\/eldigitaldeasturias.com\\\/magazine365\\\/descubre-las-novedades-en-colchas-de-zara-home-para-adelantarte-al-verano\\\/#authorImage\",\"url\":\"https:\\\/\\\/eldigitaldeasturias.com\\\/magazine365\\\/wp-content\\\/litespeed\\\/avatar\\\/e571bcf59a0edd6fa6838245a470f2fe.jpg?ver=1777574230\",\"width\":96,\"height\":96,\"caption\":\"admin\"}},{\"@type\":\"WebPage\",\"@id\":\"https:\\\/\\\/eldigitaldeasturias.com\\\/magazine365\\\/descubre-las-novedades-en-colchas-de-zara-home-para-adelantarte-al-verano\\\/#webpage\",\"url\":\"https:\\\/\\\/eldigitaldeasturias.com\\\/magazine365\\\/descubre-las-novedades-en-colchas-de-zara-home-para-adelantarte-al-verano\\\/\",\"name\":\"Descubre las novedades en colchas de Zara Home para adelantarte al verano | El Digital de Asturias\",\"description\":\"La cama es la pieza principal del dormitorio, por lo que hay que prestar atenci\\u00f3n a la manera de vestirla si queremos que nos luzca y nos ofrezca un buen\",\"inLanguage\":\"es-ES\",\"isPartOf\":{\"@id\":\"https:\\\/\\\/eldigitaldeasturias.com\\\/magazine365\\\/#website\"},\"breadcrumb\":{\"@id\":\"https:\\\/\\\/eldigitaldeasturias.com\\\/magazine365\\\/descubre-las-novedades-en-colchas-de-zara-home-para-adelantarte-al-verano\\\/#breadcrumblist\"},\"author\":{\"@id\":\"https:\\\/\\\/eldigitaldeasturias.com\\\/magazine365\\\/author\\\/admin\\\/#author\"},\"creator\":{\"@id\":\"https:\\\/\\\/eldigitaldeasturias.com\\\/magazine365\\\/author\\\/admin\\\/#author\"},\"image\":{\"@type\":\"ImageObject\",\"url\":\"https:\\\/\\\/eldigitaldeasturias.com\\\/magazine365\\\/wp-content\\\/uploads\\\/2022\\\/05\\\/cama.jpg\",\"@id\":\"https:\\\/\\\/eldigitaldeasturias.com\\\/magazine365\\\/descubre-las-novedades-en-colchas-de-zara-home-para-adelantarte-al-verano\\\/#mainImage\",\"width\":488,\"height\":373,\"caption\":\"cama\"},\"primaryImageOfPage\":{\"@id\":\"https:\\\/\\\/eldigitaldeasturias.com\\\/magazine365\\\/descubre-las-novedades-en-colchas-de-zara-home-para-adelantarte-al-verano\\\/#mainImage\"},\"datePublished\":\"2022-05-27T14:07:43+02:00\",\"dateModified\":\"2022-05-27T14:07:43+02:00\"},{\"@type\":\"WebSite\",\"@id\":\"https:\\\/\\\/eldigitaldeasturias.com\\\/magazine365\\\/#website\",\"url\":\"https:\\\/\\\/eldigitaldeasturias.com\\\/magazine365\\\/\",\"name\":\"El Digital de Asturias\",\"description\":\"Revista de ocio, turismo y estilo de vida\",\"inLanguage\":\"es-ES\",\"publisher\":{\"@id\":\"https:\\\/\\\/eldigitaldeasturias.com\\\/magazine365\\\/#organization\"}}]}\n\t\t<\/script>\n\t\t<!-- All in One SEO Pro -->\r\n\t\t<title>Descubre las novedades en colchas de Zara Home para adelantarte al verano | El Digital de Asturias<\/title>\n\n","aioseo_head_json":{"title":"Descubre las novedades en colchas de Zara Home para adelantarte al verano | El Digital de Asturias","description":"La cama es la pieza principal del dormitorio, por lo que hay que prestar atenci\u00f3n a la manera de vestirla si queremos que nos luzca y nos ofrezca un buen","canonical_url":"https:\/\/eldigitaldeasturias.com\/magazine365\/descubre-las-novedades-en-colchas-de-zara-home-para-adelantarte-al-verano\/","robots":"max-image-preview:large","keywords":"hogar","webmasterTools":{"google-site-verification":"UA-38556648-1","miscellaneous":""},"schema":{"@context":"https:\/\/schema.org","@graph":[{"@type":"Article","@id":"https:\/\/eldigitaldeasturias.com\/magazine365\/descubre-las-novedades-en-colchas-de-zara-home-para-adelantarte-al-verano\/#article","name":"Descubre las novedades en colchas de Zara Home para adelantarte al verano | El Digital de Asturias","headline":"Descubre las novedades en colchas de Zara Home para adelantarte al verano","author":{"@id":"https:\/\/eldigitaldeasturias.com\/magazine365\/author\/admin\/#author"},"publisher":{"@id":"https:\/\/eldigitaldeasturias.com\/magazine365\/#organization"},"image":{"@type":"ImageObject","url":"https:\/\/eldigitaldeasturias.com\/magazine365\/wp-content\/uploads\/2022\/05\/cama.jpg","width":488,"height":373,"caption":"cama"},"datePublished":"2022-05-27T14:07:43+02:00","dateModified":"2022-05-27T14:07:43+02:00","inLanguage":"es-ES","mainEntityOfPage":{"@id":"https:\/\/eldigitaldeasturias.com\/magazine365\/descubre-las-novedades-en-colchas-de-zara-home-para-adelantarte-al-verano\/#webpage"},"isPartOf":{"@id":"https:\/\/eldigitaldeasturias.com\/magazine365\/descubre-las-novedades-en-colchas-de-zara-home-para-adelantarte-al-verano\/#webpage"},"articleSection":"Hogar, Hogar"},{"@type":"BreadcrumbList","@id":"https:\/\/eldigitaldeasturias.com\/magazine365\/descubre-las-novedades-en-colchas-de-zara-home-para-adelantarte-al-verano\/#breadcrumblist","itemListElement":[{"@type":"ListItem","@id":"https:\/\/eldigitaldeasturias.com\/magazine365#listItem","position":1,"name":"Home","item":"https:\/\/eldigitaldeasturias.com\/magazine365","nextItem":{"@type":"ListItem","@id":"https:\/\/eldigitaldeasturias.com\/magazine365\/category\/hogar\/#listItem","name":"Hogar"}},{"@type":"ListItem","@id":"https:\/\/eldigitaldeasturias.com\/magazine365\/category\/hogar\/#listItem","position":2,"name":"Hogar","item":"https:\/\/eldigitaldeasturias.com\/magazine365\/category\/hogar\/","nextItem":{"@type":"ListItem","@id":"https:\/\/eldigitaldeasturias.com\/magazine365\/descubre-las-novedades-en-colchas-de-zara-home-para-adelantarte-al-verano\/#listItem","name":"Descubre las novedades en colchas de Zara Home para adelantarte al verano"},"previousItem":{"@type":"ListItem","@id":"https:\/\/eldigitaldeasturias.com\/magazine365#listItem","name":"Home"}},{"@type":"ListItem","@id":"https:\/\/eldigitaldeasturias.com\/magazine365\/descubre-las-novedades-en-colchas-de-zara-home-para-adelantarte-al-verano\/#listItem","position":3,"name":"Descubre las novedades en colchas de Zara Home para adelantarte al verano","previousItem":{"@type":"ListItem","@id":"https:\/\/eldigitaldeasturias.com\/magazine365\/category\/hogar\/#listItem","name":"Hogar"}}]},{"@type":"Organization","@id":"https:\/\/eldigitaldeasturias.com\/magazine365\/#organization","name":"El digital de Asturias","description":"Revista de ocio, turismo y estilo de vida","url":"https:\/\/eldigitaldeasturias.com\/magazine365\/","logo":{"@type":"ImageObject","url":"https:\/\/www.eldigitaldeasturias.com\/noticias\/wp-content\/uploads\/2020\/12\/EDA.jpg","@id":"https:\/\/eldigitaldeasturias.com\/magazine365\/descubre-las-novedades-en-colchas-de-zara-home-para-adelantarte-al-verano\/#organizationLogo"},"image":{"@id":"https:\/\/eldigitaldeasturias.com\/magazine365\/descubre-las-novedades-en-colchas-de-zara-home-para-adelantarte-al-verano\/#organizationLogo"}},{"@type":"Person","@id":"https:\/\/eldigitaldeasturias.com\/magazine365\/author\/admin\/#author","url":"https:\/\/eldigitaldeasturias.com\/magazine365\/author\/admin\/","name":"admin","image":{"@type":"ImageObject","@id":"https:\/\/eldigitaldeasturias.com\/magazine365\/descubre-las-novedades-en-colchas-de-zara-home-para-adelantarte-al-verano\/#authorImage","url":"https:\/\/eldigitaldeasturias.com\/magazine365\/wp-content\/litespeed\/avatar\/e571bcf59a0edd6fa6838245a470f2fe.jpg?ver=1777574230","width":96,"height":96,"caption":"admin"}},{"@type":"WebPage","@id":"https:\/\/eldigitaldeasturias.com\/magazine365\/descubre-las-novedades-en-colchas-de-zara-home-para-adelantarte-al-verano\/#webpage","url":"https:\/\/eldigitaldeasturias.com\/magazine365\/descubre-las-novedades-en-colchas-de-zara-home-para-adelantarte-al-verano\/","name":"Descubre las novedades en colchas de Zara Home para adelantarte al verano | El Digital de Asturias","description":"La cama es la pieza principal del dormitorio, por lo que hay que prestar atenci\u00f3n a la manera de vestirla si queremos que nos luzca y nos ofrezca un buen","inLanguage":"es-ES","isPartOf":{"@id":"https:\/\/eldigitaldeasturias.com\/magazine365\/#website"},"breadcrumb":{"@id":"https:\/\/eldigitaldeasturias.com\/magazine365\/descubre-las-novedades-en-colchas-de-zara-home-para-adelantarte-al-verano\/#breadcrumblist"},"author":{"@id":"https:\/\/eldigitaldeasturias.com\/magazine365\/author\/admin\/#author"},"creator":{"@id":"https:\/\/eldigitaldeasturias.com\/magazine365\/author\/admin\/#author"},"image":{"@type":"ImageObject","url":"https:\/\/eldigitaldeasturias.com\/magazine365\/wp-content\/uploads\/2022\/05\/cama.jpg","@id":"https:\/\/eldigitaldeasturias.com\/magazine365\/descubre-las-novedades-en-colchas-de-zara-home-para-adelantarte-al-verano\/#mainImage","width":488,"height":373,"caption":"cama"},"primaryImageOfPage":{"@id":"https:\/\/eldigitaldeasturias.com\/magazine365\/descubre-las-novedades-en-colchas-de-zara-home-para-adelantarte-al-verano\/#mainImage"},"datePublished":"2022-05-27T14:07:43+02:00","dateModified":"2022-05-27T14:07:43+02:00"},{"@type":"WebSite","@id":"https:\/\/eldigitaldeasturias.com\/magazine365\/#website","url":"https:\/\/eldigitaldeasturias.com\/magazine365\/","name":"El Digital de Asturias","description":"Revista de ocio, turismo y estilo de vida","inLanguage":"es-ES","publisher":{"@id":"https:\/\/eldigitaldeasturias.com\/magazine365\/#organization"}}]},"og:locale":"es_ES","og:site_name":"El Digital de Asturias \u2013 Revista de ocio, turismo y estilo de vida","og:type":"article","og:title":"Descubre las novedades en colchas de Zara Home para adelantarte al verano | El Digital de Asturias","og:description":"La cama es la pieza principal del dormitorio, por lo que hay que prestar atenci\u00f3n a la manera de vestirla si queremos que nos luzca y nos ofrezca un buen","og:url":"https:\/\/eldigitaldeasturias.com\/magazine365\/descubre-las-novedades-en-colchas-de-zara-home-para-adelantarte-al-verano\/","og:image":"https:\/\/eldigitaldeasturias.com\/magazine365\/wp-content\/uploads\/2022\/05\/cama.jpg","og:image:secure_url":"https:\/\/eldigitaldeasturias.com\/magazine365\/wp-content\/uploads\/2022\/05\/cama.jpg","og:image:width":488,"og:image:height":373,"article:published_time":"2022-05-27T14:07:43+00:00","article:modified_time":"2022-05-27T14:07:43+00:00","twitter:card":"summary_large_image","twitter:title":"Descubre las novedades en colchas de Zara Home para adelantarte al verano | El Digital de Asturias","twitter:description":"La cama es la pieza principal del dormitorio, por lo que hay que prestar atenci\u00f3n a la manera de vestirla si queremos que nos luzca y nos ofrezca un buen","twitter:image":"https:\/\/eldigitaldeasturias.com\/magazine365\/wp-content\/uploads\/2022\/05\/cama.jpg"},"aioseo_meta_data":{"post_id":"108647","title":null,"description":"La cama es la pieza principal del dormitorio, por lo que hay que prestar atenci\u00f3n a la manera de vestirla si queremos que nos luzca y nos ofrezca un buen","keywords":[],"keyphrases":{"focus":{"keyphrase":"cama ","score":73,"analysis":{"keyphraseInTitle":{"title":"Focus keyphrase in SEO title","description":"Focus keyphrase not found in SEO title.","score":3,"maxScore":9,"error":1},"keyphraseInDescription":{"title":"Focus keyphrase in meta description","description":"Focus keyphrase found in meta description.","score":9,"maxScore":9,"error":0},"keyphraseLength":{"title":"Focus keyphrase length","description":"Good job!","score":9,"maxScore":9,"error":0,"length":1},"keyphraseInURL":{"title":"Focus keyphrase in URL","description":"Focus keyphrase not found in the URL.","score":1,"maxScore":5,"error":1},"keyphraseInIntroduction":{"title":"Focus keyphrase in introduction","description":"Your Focus keyphrase appears in the first paragraph. Well done!","score":9,"maxScore":9,"error":0},"keyphraseInSubHeadings":{"title":"Focus keyphrase in Subheadings","description":"Use your focus keyphrase more in your H2 and H3 subheadings.","score":3,"maxScore":9,"error":1},"keyphraseInImageAlt":{"title":"Focus keyphrase in image alt attributes","description":"Focus keyphrase found in image alt attribute(s).","score":9,"maxScore":9,"error":0}}},"additional":[{"keyphrase":"La cama ","score":83,"analysis":{"keyphraseInDescription":{"title":"Keyphrase in meta description","description":"Keyphrase found in meta description.","score":9,"maxScore":9,"error":0},"keyphraseLength":{"title":"Keyphrase length","description":"Good job!","score":9,"maxScore":9,"error":0,"length":2},"keyphraseInIntroduction":{"title":"Keyphrase in introduction","description":"Your Keyphrase appears in the first paragraph. Well done!","score":9,"maxScore":9,"error":0},"keyphraseInImageAlt":{"title":"Keyphrase in image alt attributes","description":"Keyphrase not found in image alt attribute(s). Add an image with your Keyphrase as alt text.","score":3,"maxScore":9,"error":1}}}]},"primary_term":null,"canonical_url":null,"og_title":null,"og_description":null,"og_object_type":"default","og_image_type":"default","og_image_url":null,"og_image_width":null,"og_image_height":null,"og_image_custom_url":null,"og_image_custom_fields":null,"og_video":"","og_custom_url":null,"og_article_section":null,"og_article_tags":[],"twitter_use_og":false,"twitter_card":"default","twitter_image_type":"default","twitter_image_url":null,"twitter_image_custom_url":null,"twitter_image_custom_fields":null,"twitter_title":null,"twitter_description":null,"schema":{"blockGraphs":[],"customGraphs":[],"default":{"data":{"Article":[],"Course":[],"Dataset":[],"FAQPage":[],"Movie":[],"Person":[],"Product":[],"ProductReview":[],"Car":[],"Recipe":[],"Service":[],"SoftwareApplication":[],"WebPage":[]},"graphName":"","isEnabled":true},"graphs":[],"defaultGraph":"Article","defaultPostTypeGraph":""},"schema_type":"default","schema_type_options":"{\"article\":{\"articleType\":\"BlogPosting\"},\"course\":{\"name\":\"\",\"description\":\"\",\"provider\":\"\"},\"faq\":{\"pages\":[]},\"product\":{\"reviews\":[]},\"recipe\":{\"ingredients\":[],\"instructions\":[],\"keywords\":[]},\"software\":{\"reviews\":[],\"operatingSystems\":[]},\"webPage\":{\"webPageType\":\"WebPage\"}}","pillar_content":false,"robots_default":true,"robots_noindex":false,"robots_noarchive":false,"robots_nosnippet":false,"robots_nofollow":false,"robots_noimageindex":false,"robots_noodp":false,"robots_notranslate":false,"robots_max_snippet":"-1","robots_max_videopreview":"-1","robots_max_imagepreview":"large","priority":null,"frequency":"default","location":null,"local_seo":null,"seo_analyzer_scan_date":"2025-09-30 02:43:23","breadcrumb_settings":null,"limit_modified_date":false,"open_ai":null,"ai":null,"created":"2022-05-27 14:04:39","updated":"2025-09-30 02:43:23"},"aioseo_breadcrumb":"<div class=\"aioseo-breadcrumbs\"><span class=\"aioseo-breadcrumb\">\n\t<a href=\"https:\/\/eldigitaldeasturias.com\/magazine365\" title=\"Home\">Home<\/a>\n<\/span><span class=\"aioseo-breadcrumb-separator\">\u2013<\/span><span class=\"aioseo-breadcrumb\">\n\t<a href=\"https:\/\/eldigitaldeasturias.com\/magazine365\/category\/hogar\/\" title=\"Hogar\">Hogar<\/a>\n<\/span><span class=\"aioseo-breadcrumb-separator\">\u2013<\/span><span class=\"aioseo-breadcrumb\">\n\t<a href=\"https:\/\/eldigitaldeasturias.com\/magazine365\/descubre-las-novedades-en-colchas-de-zara-home-para-adelantarte-al-verano\/\" title=\"Descubre las novedades en colchas de Zara Home para adelantarte al verano\">Descubre las novedades en colchas de Zara Home para adelantarte al verano<\/a>\n<\/span><\/div>","aioseo_breadcrumb_json":[{"label":"Home","link":"https:\/\/eldigitaldeasturias.com\/magazine365"},{"label":"Hogar","link":"https:\/\/eldigitaldeasturias.com\/magazine365\/category\/hogar\/"},{"label":"Descubre las novedades en colchas de Zara Home para adelantarte al verano","link":"https:\/\/eldigitaldeasturias.com\/magazine365\/descubre-las-novedades-en-colchas-de-zara-home-para-adelantarte-al-verano\/"}],"_links":{"self":[{"href":"https:\/\/eldigitaldeasturias.com\/magazine365\/wp-json\/wp\/v2\/posts\/108647","targetHints":{"allow":["GET"]}}],"collection":[{"href":"https:\/\/eldigitaldeasturias.com\/magazine365\/wp-json\/wp\/v2\/posts"}],"about":[{"href":"https:\/\/eldigitaldeasturias.com\/magazine365\/wp-json\/wp\/v2\/types\/post"}],"author":[{"embeddable":true,"href":"https:\/\/eldigitaldeasturias.com\/magazine365\/wp-json\/wp\/v2\/users\/1"}],"replies":[{"embeddable":true,"href":"https:\/\/eldigitaldeasturias.com\/magazine365\/wp-json\/wp\/v2\/comments?post=108647"}],"version-history":[{"count":0,"href":"https:\/\/eldigitaldeasturias.com\/magazine365\/wp-json\/wp\/v2\/posts\/108647\/revisions"}],"wp:featuredmedia":[{"embeddable":true,"href":"https:\/\/eldigitaldeasturias.com\/magazine365\/wp-json\/wp\/v2\/media\/108649"}],"wp:attachment":[{"href":"https:\/\/eldigitaldeasturias.com\/magazine365\/wp-json\/wp\/v2\/media?parent=108647"}],"wp:term":[{"taxonomy":"category","embeddable":true,"href":"https:\/\/eldigitaldeasturias.com\/magazine365\/wp-json\/wp\/v2\/categories?post=108647"},{"taxonomy":"post_tag","embeddable":true,"href":"https:\/\/eldigitaldeasturias.com\/magazine365\/wp-json\/wp\/v2\/tags?post=108647"}],"curies":[{"name":"wp","href":"https:\/\/api.w.org\/{rel}","templated":true}]}}