{"id":108632,"date":"2022-05-26T01:22:09","date_gmt":"2022-05-26T01:22:09","guid":{"rendered":"http:\/\/eldigitaldeasturias.com\/magazine365\/?p=108632"},"modified":"2022-05-26T01:22:21","modified_gmt":"2022-05-26T01:22:21","slug":"conoce-el-mundo-a-traves-de-la-fotografia","status":"publish","type":"post","link":"https:\/\/eldigitaldeasturias.com\/magazine365\/conoce-el-mundo-a-traves-de-la-fotografia\/","title":{"rendered":"Conoce el mundo a trav\u00e9s de la fotograf\u00eda"},"content":{"rendered":"<p>Viajar por el mundo o conocer lugares impresionantes de Espa\u00f1a disfrutando de sus mejores paisajes es una verdadera delicia para los <strong>amantes de la fotograf\u00eda<\/strong>. Y tambi\u00e9n es una de las opciones a la que cada vez se apuntan m\u00e1s personas, y no hablamos de una tendencia puntual o de una de esas modas pasajeras que llega cada verano. <strong>Hablamos del plan perfecto para toda la familia y todo tipo de personas viajeras. Y tambi\u00e9n hablamos de la fusi\u00f3n perfecta del turismo con el aprendizaje.<\/strong><\/p>\n<p><img fetchpriority=\"high\" decoding=\"async\" class=\"aligncenter size-full wp-image-108633\" src=\"https:\/\/eldigitaldeasturias.com\/magazine365\/wp-content\/uploads\/2022\/05\/fotografia.jpg\" alt=\"fotograf\u00eda\" width=\"640\" height=\"480\" srcset=\"https:\/\/eldigitaldeasturias.com\/magazine365\/wp-content\/uploads\/2022\/05\/fotografia.jpg 640w, https:\/\/eldigitaldeasturias.com\/magazine365\/wp-content\/uploads\/2022\/05\/fotografia-360x270.jpg 360w, https:\/\/eldigitaldeasturias.com\/magazine365\/wp-content\/uploads\/2022\/05\/fotografia-150x113.jpg 150w, https:\/\/eldigitaldeasturias.com\/magazine365\/wp-content\/uploads\/2022\/05\/fotografia-450x338.jpg 450w\" sizes=\"(max-width: 640px) 100vw, 640px\" \/><\/p>\n<p><strong>Disfrutar del entorno y llevarse los mejores recuerdos a casa es posible si optas por el <a title=\"turismo fotogr\u00e1fico\" href=\"https:\/\/alandalusphototour.com\/\" target=\"_blank\" rel=\"noopener\"><span style=\"color: #ff6600;\">turismo fotogr\u00e1fico<\/span><\/a><\/strong>; una buena opci\u00f3n para los que buscan ocio, aventura y coleccionar recuerdos. Un plan perfecto para disfrutar de la fotograf\u00eda, conocer nuevos trucos que te ayudar\u00e1n a realizar fotos perfectas y tambi\u00e9n un buen plan para adultos y los m\u00e1s peque\u00f1os de la casa. Vivir experiencias nuevas, aprender con los tuyos y coleccionar nuevos recuerdos es algo que el d\u00eda de ma\u00f1ana recordaras<\/p>\n<h2>Descubrir lugares y coleccionar recuerdos<\/h2>\n<p>Es tiempo de volver a estar en contacto con la naturaleza, de volver a caminar y hacer fotos en las grandes ciudades, <strong>los <a title=\"viajes fotogr\u00e1ficos\" href=\"https:\/\/alandalusphototour.com\/viajes-fotograficos\" target=\"_blank\" rel=\"noopener\"><span style=\"color: #ff6600;\">viajes fotogr\u00e1ficos<\/span><\/a> son todo lo que necesitas para darle rienda suelta a tu curiosidad y tambi\u00e9n a tu creatividad<\/strong>. \u00bfDeseas conocer lo mejor de Andaluc\u00eda?. \u00bfTe gustar\u00eda pasar unos d\u00edas en el Pa\u00eds Vasco?. \u00bfHas estado algunas vez en Islandia?; con los viajes y talleres fotogr\u00e1ficos que organiza Al Andalus Photo Tour podr\u00e1s descubrir los destinos que te hemos mencionado y otros muchos m\u00e1s. <strong>Tienes toda la informaci\u00f3n en alandalusphototour.com<\/strong><\/p>\n<p>Romper con la rutina, sorprender a la familia o a la pareja, hacer un viaje con tu grupo de amigos y realizar miles de fotos de calidad es una opci\u00f3n que ya tienes a tu alcance, un plan ideal con diferentes propuestas y del que te vas a llevar bonitos recuerdos para toda la vida.<\/p>\n<h2>\u00bfTaller y viaje fotogr\u00e1fico?<\/h2>\n<p>En el caso de que no quieras irte de vacaciones al mismo lugar de siempre, y en el caso de que seas una persona que quiera aprender y disfrutar viajando te recomendamos que apuestes por los viajes fotogr\u00e1ficos y talleres organizados por Al Andalus Photo Tour.<\/p>\n<blockquote><p>Estos talleres son impartidos por profesores con una gran experiencia en el mundo de la fotograf\u00eda y por expertos en lograr las mejores fotos tanto durante el d\u00eda como en la noche.<\/p><\/blockquote>\n<p>Tal y como te hemos comentado es una propuesta apta para todos los p\u00fablicos, ideal para las personas que quieran iniciarse y aprender y un buen plan para todos aquellos que quieran perfeccionar sus conocimientos. <strong>Aficionados, gente con ganas de probar algo nuevo y expertos disfrutan de las experiencias que ofrece Al Andalus Photo Tour.<\/strong><\/p>\n<p><img decoding=\"async\" class=\"aligncenter size-full wp-image-108634\" src=\"https:\/\/eldigitaldeasturias.com\/magazine365\/wp-content\/uploads\/2022\/05\/viajar.jpg\" alt=\"viajar\" width=\"640\" height=\"426\" srcset=\"https:\/\/eldigitaldeasturias.com\/magazine365\/wp-content\/uploads\/2022\/05\/viajar.jpg 640w, https:\/\/eldigitaldeasturias.com\/magazine365\/wp-content\/uploads\/2022\/05\/viajar-360x240.jpg 360w, https:\/\/eldigitaldeasturias.com\/magazine365\/wp-content\/uploads\/2022\/05\/viajar-150x100.jpg 150w, https:\/\/eldigitaldeasturias.com\/magazine365\/wp-content\/uploads\/2022\/05\/viajar-450x300.jpg 450w\" sizes=\"(max-width: 640px) 100vw, 640px\" \/><\/p>\n<h2>Aprender disfrutando<\/h2>\n<p>Con los talleres y viajes fotogr\u00e1ficos no solamente aprender\u00e1s a realizar buenas fotos y adquirir\u00e1s nuevos conocimientos,<strong> tambi\u00e9n te servir\u00e1 para fundirte con el entorno, disfrutar de nuevos lugares, conocer nuevas culturas, saber adaptarte a los cambios de la naturaleza y te dar\u00e1n la oportunidad de irte a lugares muy diferentes<\/strong>, ya sea en la Costa Cant\u00e1brica, Pa\u00eds Vasco, Ordesa, Andaluc\u00eda, R\u00edo Tinto, Islandia, Portugal o Marruecos.<\/p>\n<p>Si eres de los que buscas un buen plan, o eres de los que quiere tener <strong>recuerdos de calidad<\/strong> tanto de las vacaciones como de tu vida diaria no lo dudes, con estos <strong>viajes y talleres<\/strong> no solamente conocer\u00e1s mundo, tambi\u00e9n aprender\u00e1s a encontrar esos peque\u00f1os detalles que hacen a playas, bosques, monta\u00f1as, amaneceres o puestas de sol tan especiales.<\/p>\n","protected":false},"excerpt":{"rendered":"<p>Viajar por el mundo o conocer lugares impresionantes de Espa\u00f1a disfrutando de sus mejores paisajes es una verdadera delicia para los amantes de la fotograf\u00eda. Y tambi\u00e9n es una de las opciones a la que cada vez se apuntan m\u00e1s personas, y no hablamos de una tendencia puntual o de una de esas modas pasajeras<\/p>\n","protected":false},"author":1,"featured_media":108633,"comment_status":"closed","ping_status":"closed","sticky":false,"template":"","format":"standard","meta":{"footnotes":""},"categories":[228,238],"tags":[357,376,377],"class_list":{"0":"post-108632","1":"post","2":"type-post","3":"status-publish","4":"format-standard","5":"has-post-thumbnail","7":"category-destacadas","8":"category-viajes","9":"tag-sociedad","10":"tag-turismo","11":"tag-viajes"},"aioseo_notices":[],"aioseo_head":"\n\t\t<!-- All in One SEO Pro 4.9.6.1 - aioseo.com -->\n\t<meta name=\"description\" content=\"Viajar por el mundo o conocer lugares impresionantes de Espa\u00f1a disfrutando de sus mejores paisajes es una verdadera delicia para los amantes de la fotograf\u00eda\" \/>\n\t<meta name=\"robots\" content=\"max-image-preview:large\" \/>\n\t<meta name=\"author\" content=\"admin\"\/>\n\t<meta name=\"google-site-verification\" content=\"UA-38556648-1\" \/>\n\t<meta name=\"keywords\" content=\"sociedad,turismo,viajes,destacadas\" \/>\n\t<link rel=\"canonical\" href=\"https:\/\/eldigitaldeasturias.com\/magazine365\/conoce-el-mundo-a-traves-de-la-fotografia\/\" \/>\n\t<meta name=\"generator\" content=\"All in One SEO Pro (AIOSEO) 4.9.6.1\" \/>\n\t\t<meta property=\"og:locale\" content=\"es_ES\" \/>\n\t\t<meta property=\"og:site_name\" content=\"El Digital de Asturias \u2013 Revista de ocio, turismo y estilo de vida\" \/>\n\t\t<meta property=\"og:type\" content=\"article\" \/>\n\t\t<meta property=\"og:title\" content=\"Conoce el mundo a trav\u00e9s de la fotograf\u00eda | El Digital de Asturias\" \/>\n\t\t<meta property=\"og:description\" content=\"Viajar por el mundo o conocer lugares impresionantes de Espa\u00f1a disfrutando de sus mejores paisajes es una verdadera delicia para los amantes de la fotograf\u00eda\" \/>\n\t\t<meta property=\"og:url\" content=\"https:\/\/eldigitaldeasturias.com\/magazine365\/conoce-el-mundo-a-traves-de-la-fotografia\/\" \/>\n\t\t<meta property=\"og:image\" content=\"https:\/\/eldigitaldeasturias.com\/magazine365\/wp-content\/uploads\/2022\/05\/fotografia.jpg\" \/>\n\t\t<meta property=\"og:image:secure_url\" content=\"https:\/\/eldigitaldeasturias.com\/magazine365\/wp-content\/uploads\/2022\/05\/fotografia.jpg\" \/>\n\t\t<meta property=\"og:image:width\" content=\"640\" \/>\n\t\t<meta property=\"og:image:height\" content=\"480\" \/>\n\t\t<meta property=\"article:published_time\" content=\"2022-05-26T01:22:09+00:00\" \/>\n\t\t<meta property=\"article:modified_time\" content=\"2022-05-26T01:22:21+00:00\" \/>\n\t\t<meta name=\"twitter:card\" content=\"summary_large_image\" \/>\n\t\t<meta name=\"twitter:title\" content=\"Conoce el mundo a trav\u00e9s de la fotograf\u00eda | El Digital de Asturias\" \/>\n\t\t<meta name=\"twitter:description\" content=\"Viajar por el mundo o conocer lugares impresionantes de Espa\u00f1a disfrutando de sus mejores paisajes es una verdadera delicia para los amantes de la fotograf\u00eda\" \/>\n\t\t<meta name=\"twitter:image\" content=\"https:\/\/eldigitaldeasturias.com\/magazine365\/wp-content\/uploads\/2022\/05\/fotografia.jpg\" \/>\n\t\t<script type=\"application\/ld+json\" class=\"aioseo-schema\">\n\t\t\t{\"@context\":\"https:\\\/\\\/schema.org\",\"@graph\":[{\"@type\":\"Article\",\"@id\":\"https:\\\/\\\/eldigitaldeasturias.com\\\/magazine365\\\/conoce-el-mundo-a-traves-de-la-fotografia\\\/#article\",\"name\":\"Conoce el mundo a trav\\u00e9s de la fotograf\\u00eda | El Digital de Asturias\",\"headline\":\"Conoce el mundo a trav\\u00e9s de la fotograf\\u00eda\",\"author\":{\"@id\":\"https:\\\/\\\/eldigitaldeasturias.com\\\/magazine365\\\/author\\\/admin\\\/#author\"},\"publisher\":{\"@id\":\"https:\\\/\\\/eldigitaldeasturias.com\\\/magazine365\\\/#organization\"},\"image\":{\"@type\":\"ImageObject\",\"url\":\"https:\\\/\\\/eldigitaldeasturias.com\\\/magazine365\\\/wp-content\\\/uploads\\\/2022\\\/05\\\/fotografia.jpg\",\"width\":640,\"height\":480,\"caption\":\"fotograf\\u00eda\"},\"datePublished\":\"2022-05-26T01:22:09+02:00\",\"dateModified\":\"2022-05-26T01:22:21+02:00\",\"inLanguage\":\"es-ES\",\"mainEntityOfPage\":{\"@id\":\"https:\\\/\\\/eldigitaldeasturias.com\\\/magazine365\\\/conoce-el-mundo-a-traves-de-la-fotografia\\\/#webpage\"},\"isPartOf\":{\"@id\":\"https:\\\/\\\/eldigitaldeasturias.com\\\/magazine365\\\/conoce-el-mundo-a-traves-de-la-fotografia\\\/#webpage\"},\"articleSection\":\"Destacadas, Viajes, Sociedad, turismo, viajes\"},{\"@type\":\"BreadcrumbList\",\"@id\":\"https:\\\/\\\/eldigitaldeasturias.com\\\/magazine365\\\/conoce-el-mundo-a-traves-de-la-fotografia\\\/#breadcrumblist\",\"itemListElement\":[{\"@type\":\"ListItem\",\"@id\":\"https:\\\/\\\/eldigitaldeasturias.com\\\/magazine365#listItem\",\"position\":1,\"name\":\"Home\",\"item\":\"https:\\\/\\\/eldigitaldeasturias.com\\\/magazine365\",\"nextItem\":{\"@type\":\"ListItem\",\"@id\":\"https:\\\/\\\/eldigitaldeasturias.com\\\/magazine365\\\/category\\\/destacadas\\\/#listItem\",\"name\":\"Destacadas\"}},{\"@type\":\"ListItem\",\"@id\":\"https:\\\/\\\/eldigitaldeasturias.com\\\/magazine365\\\/category\\\/destacadas\\\/#listItem\",\"position\":2,\"name\":\"Destacadas\",\"item\":\"https:\\\/\\\/eldigitaldeasturias.com\\\/magazine365\\\/category\\\/destacadas\\\/\",\"nextItem\":{\"@type\":\"ListItem\",\"@id\":\"https:\\\/\\\/eldigitaldeasturias.com\\\/magazine365\\\/conoce-el-mundo-a-traves-de-la-fotografia\\\/#listItem\",\"name\":\"Conoce el mundo a trav\\u00e9s de la fotograf\\u00eda\"},\"previousItem\":{\"@type\":\"ListItem\",\"@id\":\"https:\\\/\\\/eldigitaldeasturias.com\\\/magazine365#listItem\",\"name\":\"Home\"}},{\"@type\":\"ListItem\",\"@id\":\"https:\\\/\\\/eldigitaldeasturias.com\\\/magazine365\\\/conoce-el-mundo-a-traves-de-la-fotografia\\\/#listItem\",\"position\":3,\"name\":\"Conoce el mundo a trav\\u00e9s de la fotograf\\u00eda\",\"previousItem\":{\"@type\":\"ListItem\",\"@id\":\"https:\\\/\\\/eldigitaldeasturias.com\\\/magazine365\\\/category\\\/destacadas\\\/#listItem\",\"name\":\"Destacadas\"}}]},{\"@type\":\"Organization\",\"@id\":\"https:\\\/\\\/eldigitaldeasturias.com\\\/magazine365\\\/#organization\",\"name\":\"El digital de Asturias\",\"description\":\"Revista de ocio, turismo y estilo de vida\",\"url\":\"https:\\\/\\\/eldigitaldeasturias.com\\\/magazine365\\\/\",\"logo\":{\"@type\":\"ImageObject\",\"url\":\"https:\\\/\\\/www.eldigitaldeasturias.com\\\/noticias\\\/wp-content\\\/uploads\\\/2020\\\/12\\\/EDA.jpg\",\"@id\":\"https:\\\/\\\/eldigitaldeasturias.com\\\/magazine365\\\/conoce-el-mundo-a-traves-de-la-fotografia\\\/#organizationLogo\"},\"image\":{\"@id\":\"https:\\\/\\\/eldigitaldeasturias.com\\\/magazine365\\\/conoce-el-mundo-a-traves-de-la-fotografia\\\/#organizationLogo\"}},{\"@type\":\"Person\",\"@id\":\"https:\\\/\\\/eldigitaldeasturias.com\\\/magazine365\\\/author\\\/admin\\\/#author\",\"url\":\"https:\\\/\\\/eldigitaldeasturias.com\\\/magazine365\\\/author\\\/admin\\\/\",\"name\":\"admin\",\"image\":{\"@type\":\"ImageObject\",\"@id\":\"https:\\\/\\\/eldigitaldeasturias.com\\\/magazine365\\\/conoce-el-mundo-a-traves-de-la-fotografia\\\/#authorImage\",\"url\":\"https:\\\/\\\/eldigitaldeasturias.com\\\/magazine365\\\/wp-content\\\/litespeed\\\/avatar\\\/e571bcf59a0edd6fa6838245a470f2fe.jpg?ver=1776969259\",\"width\":96,\"height\":96,\"caption\":\"admin\"}},{\"@type\":\"WebPage\",\"@id\":\"https:\\\/\\\/eldigitaldeasturias.com\\\/magazine365\\\/conoce-el-mundo-a-traves-de-la-fotografia\\\/#webpage\",\"url\":\"https:\\\/\\\/eldigitaldeasturias.com\\\/magazine365\\\/conoce-el-mundo-a-traves-de-la-fotografia\\\/\",\"name\":\"Conoce el mundo a trav\\u00e9s de la fotograf\\u00eda | El Digital de Asturias\",\"description\":\"Viajar por el mundo o conocer lugares impresionantes de Espa\\u00f1a disfrutando de sus mejores paisajes es una verdadera delicia para los amantes de la fotograf\\u00eda\",\"inLanguage\":\"es-ES\",\"isPartOf\":{\"@id\":\"https:\\\/\\\/eldigitaldeasturias.com\\\/magazine365\\\/#website\"},\"breadcrumb\":{\"@id\":\"https:\\\/\\\/eldigitaldeasturias.com\\\/magazine365\\\/conoce-el-mundo-a-traves-de-la-fotografia\\\/#breadcrumblist\"},\"author\":{\"@id\":\"https:\\\/\\\/eldigitaldeasturias.com\\\/magazine365\\\/author\\\/admin\\\/#author\"},\"creator\":{\"@id\":\"https:\\\/\\\/eldigitaldeasturias.com\\\/magazine365\\\/author\\\/admin\\\/#author\"},\"image\":{\"@type\":\"ImageObject\",\"url\":\"https:\\\/\\\/eldigitaldeasturias.com\\\/magazine365\\\/wp-content\\\/uploads\\\/2022\\\/05\\\/fotografia.jpg\",\"@id\":\"https:\\\/\\\/eldigitaldeasturias.com\\\/magazine365\\\/conoce-el-mundo-a-traves-de-la-fotografia\\\/#mainImage\",\"width\":640,\"height\":480,\"caption\":\"fotograf\\u00eda\"},\"primaryImageOfPage\":{\"@id\":\"https:\\\/\\\/eldigitaldeasturias.com\\\/magazine365\\\/conoce-el-mundo-a-traves-de-la-fotografia\\\/#mainImage\"},\"datePublished\":\"2022-05-26T01:22:09+02:00\",\"dateModified\":\"2022-05-26T01:22:21+02:00\"},{\"@type\":\"WebSite\",\"@id\":\"https:\\\/\\\/eldigitaldeasturias.com\\\/magazine365\\\/#website\",\"url\":\"https:\\\/\\\/eldigitaldeasturias.com\\\/magazine365\\\/\",\"name\":\"El Digital de Asturias\",\"description\":\"Revista de ocio, turismo y estilo de vida\",\"inLanguage\":\"es-ES\",\"publisher\":{\"@id\":\"https:\\\/\\\/eldigitaldeasturias.com\\\/magazine365\\\/#organization\"}}]}\n\t\t<\/script>\n\t\t<!-- All in One SEO Pro -->\r\n\t\t<title>Conoce el mundo a trav\u00e9s de la fotograf\u00eda | El Digital de Asturias<\/title>\n\n","aioseo_head_json":{"title":"Conoce el mundo a trav\u00e9s de la fotograf\u00eda | El Digital de Asturias","description":"Viajar por el mundo o conocer lugares impresionantes de Espa\u00f1a disfrutando de sus mejores paisajes es una verdadera delicia para los amantes de la fotograf\u00eda","canonical_url":"https:\/\/eldigitaldeasturias.com\/magazine365\/conoce-el-mundo-a-traves-de-la-fotografia\/","robots":"max-image-preview:large","keywords":"sociedad,turismo,viajes,destacadas","webmasterTools":{"google-site-verification":"UA-38556648-1","miscellaneous":""},"schema":{"@context":"https:\/\/schema.org","@graph":[{"@type":"Article","@id":"https:\/\/eldigitaldeasturias.com\/magazine365\/conoce-el-mundo-a-traves-de-la-fotografia\/#article","name":"Conoce el mundo a trav\u00e9s de la fotograf\u00eda | El Digital de Asturias","headline":"Conoce el mundo a trav\u00e9s de la fotograf\u00eda","author":{"@id":"https:\/\/eldigitaldeasturias.com\/magazine365\/author\/admin\/#author"},"publisher":{"@id":"https:\/\/eldigitaldeasturias.com\/magazine365\/#organization"},"image":{"@type":"ImageObject","url":"https:\/\/eldigitaldeasturias.com\/magazine365\/wp-content\/uploads\/2022\/05\/fotografia.jpg","width":640,"height":480,"caption":"fotograf\u00eda"},"datePublished":"2022-05-26T01:22:09+02:00","dateModified":"2022-05-26T01:22:21+02:00","inLanguage":"es-ES","mainEntityOfPage":{"@id":"https:\/\/eldigitaldeasturias.com\/magazine365\/conoce-el-mundo-a-traves-de-la-fotografia\/#webpage"},"isPartOf":{"@id":"https:\/\/eldigitaldeasturias.com\/magazine365\/conoce-el-mundo-a-traves-de-la-fotografia\/#webpage"},"articleSection":"Destacadas, Viajes, Sociedad, turismo, viajes"},{"@type":"BreadcrumbList","@id":"https:\/\/eldigitaldeasturias.com\/magazine365\/conoce-el-mundo-a-traves-de-la-fotografia\/#breadcrumblist","itemListElement":[{"@type":"ListItem","@id":"https:\/\/eldigitaldeasturias.com\/magazine365#listItem","position":1,"name":"Home","item":"https:\/\/eldigitaldeasturias.com\/magazine365","nextItem":{"@type":"ListItem","@id":"https:\/\/eldigitaldeasturias.com\/magazine365\/category\/destacadas\/#listItem","name":"Destacadas"}},{"@type":"ListItem","@id":"https:\/\/eldigitaldeasturias.com\/magazine365\/category\/destacadas\/#listItem","position":2,"name":"Destacadas","item":"https:\/\/eldigitaldeasturias.com\/magazine365\/category\/destacadas\/","nextItem":{"@type":"ListItem","@id":"https:\/\/eldigitaldeasturias.com\/magazine365\/conoce-el-mundo-a-traves-de-la-fotografia\/#listItem","name":"Conoce el mundo a trav\u00e9s de la fotograf\u00eda"},"previousItem":{"@type":"ListItem","@id":"https:\/\/eldigitaldeasturias.com\/magazine365#listItem","name":"Home"}},{"@type":"ListItem","@id":"https:\/\/eldigitaldeasturias.com\/magazine365\/conoce-el-mundo-a-traves-de-la-fotografia\/#listItem","position":3,"name":"Conoce el mundo a trav\u00e9s de la fotograf\u00eda","previousItem":{"@type":"ListItem","@id":"https:\/\/eldigitaldeasturias.com\/magazine365\/category\/destacadas\/#listItem","name":"Destacadas"}}]},{"@type":"Organization","@id":"https:\/\/eldigitaldeasturias.com\/magazine365\/#organization","name":"El digital de Asturias","description":"Revista de ocio, turismo y estilo de vida","url":"https:\/\/eldigitaldeasturias.com\/magazine365\/","logo":{"@type":"ImageObject","url":"https:\/\/www.eldigitaldeasturias.com\/noticias\/wp-content\/uploads\/2020\/12\/EDA.jpg","@id":"https:\/\/eldigitaldeasturias.com\/magazine365\/conoce-el-mundo-a-traves-de-la-fotografia\/#organizationLogo"},"image":{"@id":"https:\/\/eldigitaldeasturias.com\/magazine365\/conoce-el-mundo-a-traves-de-la-fotografia\/#organizationLogo"}},{"@type":"Person","@id":"https:\/\/eldigitaldeasturias.com\/magazine365\/author\/admin\/#author","url":"https:\/\/eldigitaldeasturias.com\/magazine365\/author\/admin\/","name":"admin","image":{"@type":"ImageObject","@id":"https:\/\/eldigitaldeasturias.com\/magazine365\/conoce-el-mundo-a-traves-de-la-fotografia\/#authorImage","url":"https:\/\/eldigitaldeasturias.com\/magazine365\/wp-content\/litespeed\/avatar\/e571bcf59a0edd6fa6838245a470f2fe.jpg?ver=1776969259","width":96,"height":96,"caption":"admin"}},{"@type":"WebPage","@id":"https:\/\/eldigitaldeasturias.com\/magazine365\/conoce-el-mundo-a-traves-de-la-fotografia\/#webpage","url":"https:\/\/eldigitaldeasturias.com\/magazine365\/conoce-el-mundo-a-traves-de-la-fotografia\/","name":"Conoce el mundo a trav\u00e9s de la fotograf\u00eda | El Digital de Asturias","description":"Viajar por el mundo o conocer lugares impresionantes de Espa\u00f1a disfrutando de sus mejores paisajes es una verdadera delicia para los amantes de la fotograf\u00eda","inLanguage":"es-ES","isPartOf":{"@id":"https:\/\/eldigitaldeasturias.com\/magazine365\/#website"},"breadcrumb":{"@id":"https:\/\/eldigitaldeasturias.com\/magazine365\/conoce-el-mundo-a-traves-de-la-fotografia\/#breadcrumblist"},"author":{"@id":"https:\/\/eldigitaldeasturias.com\/magazine365\/author\/admin\/#author"},"creator":{"@id":"https:\/\/eldigitaldeasturias.com\/magazine365\/author\/admin\/#author"},"image":{"@type":"ImageObject","url":"https:\/\/eldigitaldeasturias.com\/magazine365\/wp-content\/uploads\/2022\/05\/fotografia.jpg","@id":"https:\/\/eldigitaldeasturias.com\/magazine365\/conoce-el-mundo-a-traves-de-la-fotografia\/#mainImage","width":640,"height":480,"caption":"fotograf\u00eda"},"primaryImageOfPage":{"@id":"https:\/\/eldigitaldeasturias.com\/magazine365\/conoce-el-mundo-a-traves-de-la-fotografia\/#mainImage"},"datePublished":"2022-05-26T01:22:09+02:00","dateModified":"2022-05-26T01:22:21+02:00"},{"@type":"WebSite","@id":"https:\/\/eldigitaldeasturias.com\/magazine365\/#website","url":"https:\/\/eldigitaldeasturias.com\/magazine365\/","name":"El Digital de Asturias","description":"Revista de ocio, turismo y estilo de vida","inLanguage":"es-ES","publisher":{"@id":"https:\/\/eldigitaldeasturias.com\/magazine365\/#organization"}}]},"og:locale":"es_ES","og:site_name":"El Digital de Asturias \u2013 Revista de ocio, turismo y estilo de vida","og:type":"article","og:title":"Conoce el mundo a trav\u00e9s de la fotograf\u00eda | El Digital de Asturias","og:description":"Viajar por el mundo o conocer lugares impresionantes de Espa\u00f1a disfrutando de sus mejores paisajes es una verdadera delicia para los amantes de la fotograf\u00eda","og:url":"https:\/\/eldigitaldeasturias.com\/magazine365\/conoce-el-mundo-a-traves-de-la-fotografia\/","og:image":"https:\/\/eldigitaldeasturias.com\/magazine365\/wp-content\/uploads\/2022\/05\/fotografia.jpg","og:image:secure_url":"https:\/\/eldigitaldeasturias.com\/magazine365\/wp-content\/uploads\/2022\/05\/fotografia.jpg","og:image:width":640,"og:image:height":480,"article:published_time":"2022-05-26T01:22:09+00:00","article:modified_time":"2022-05-26T01:22:21+00:00","twitter:card":"summary_large_image","twitter:title":"Conoce el mundo a trav\u00e9s de la fotograf\u00eda | El Digital de Asturias","twitter:description":"Viajar por el mundo o conocer lugares impresionantes de Espa\u00f1a disfrutando de sus mejores paisajes es una verdadera delicia para los amantes de la fotograf\u00eda","twitter:image":"https:\/\/eldigitaldeasturias.com\/magazine365\/wp-content\/uploads\/2022\/05\/fotografia.jpg"},"aioseo_meta_data":{"post_id":"108632","title":null,"description":"Viajar por el mundo o conocer lugares impresionantes de Espa\u00f1a disfrutando de sus mejores paisajes es una verdadera delicia para los amantes de la fotograf\u00eda","keywords":[],"keyphrases":{"focus":{"keyphrase":"fotograf\u00eda","score":83,"analysis":{"keyphraseInTitle":{"title":"Focus keyphrase in SEO title","description":"Focus keyphrase found in SEO title.","score":9,"maxScore":9,"error":0},"keyphraseInDescription":{"title":"Focus keyphrase in meta description","description":"Focus keyphrase found in meta description.","score":9,"maxScore":9,"error":0},"keyphraseLength":{"title":"Focus keyphrase length","description":"Good job!","score":9,"maxScore":9,"error":0,"length":1},"keyphraseInURL":{"title":"Focus keyphrase in URL","description":"Focus keyphrase not found in the URL.","score":1,"maxScore":5,"error":1},"keyphraseInIntroduction":{"title":"Focus keyphrase in introduction","description":"Your Focus keyphrase appears in the first paragraph. Well done!","score":9,"maxScore":9,"error":0},"keyphraseInSubHeadings":{"title":"Focus keyphrase in Subheadings","description":"Use your focus keyphrase more in your H2 and H3 subheadings.","score":3,"maxScore":9,"error":1},"keyphraseInImageAlt":{"title":"Focus keyphrase in image alt attributes","description":"Focus keyphrase found in image alt attribute(s).","score":9,"maxScore":9,"error":0}}},"additional":[{"keyphrase":"Viajar","score":100,"analysis":{"keyphraseInDescription":{"title":"Keyphrase in meta description","description":"Keyphrase found in meta description.","score":9,"maxScore":9,"error":0},"keyphraseLength":{"title":"Keyphrase length","description":"Good job!","score":9,"maxScore":9,"error":0,"length":1},"keyphraseInIntroduction":{"title":"Keyphrase in introduction","description":"Your Keyphrase appears in the first paragraph. Well done!","score":9,"maxScore":9,"error":0},"keyphraseInImageAlt":{"title":"Keyphrase in image alt attributes","description":"Keyphrase found in image alt attribute(s).","score":9,"maxScore":9,"error":0}}},{"keyphrase":"la fotograf\u00eda","score":83,"analysis":{"keyphraseInDescription":{"title":"Keyphrase in meta description","description":"Keyphrase found in meta description.","score":9,"maxScore":9,"error":0},"keyphraseLength":{"title":"Keyphrase length","description":"Good job!","score":9,"maxScore":9,"error":0,"length":2},"keyphraseInIntroduction":{"title":"Keyphrase in introduction","description":"Your Keyphrase appears in the first paragraph. Well done!","score":9,"maxScore":9,"error":0},"keyphraseInImageAlt":{"title":"Keyphrase in image alt attributes","description":"Keyphrase not found in image alt attribute(s). Add an image with your Keyphrase as alt text.","score":3,"maxScore":9,"error":1}}},{"keyphrase":"mundo","score":83,"analysis":{"keyphraseInDescription":{"title":"Keyphrase in meta description","description":"Keyphrase found in meta description.","score":9,"maxScore":9,"error":0},"keyphraseLength":{"title":"Keyphrase length","description":"Good job!","score":9,"maxScore":9,"error":0,"length":1},"keyphraseInIntroduction":{"title":"Keyphrase in introduction","description":"Your Keyphrase appears in the first paragraph. Well done!","score":9,"maxScore":9,"error":0},"keyphraseInImageAlt":{"title":"Keyphrase in image alt attributes","description":"Keyphrase not found in image alt attribute(s). Add an image with your Keyphrase as alt text.","score":3,"maxScore":9,"error":1}}}]},"primary_term":null,"canonical_url":null,"og_title":null,"og_description":null,"og_object_type":"default","og_image_type":"default","og_image_url":null,"og_image_width":null,"og_image_height":null,"og_image_custom_url":null,"og_image_custom_fields":null,"og_video":"","og_custom_url":null,"og_article_section":null,"og_article_tags":[],"twitter_use_og":false,"twitter_card":"default","twitter_image_type":"default","twitter_image_url":null,"twitter_image_custom_url":null,"twitter_image_custom_fields":null,"twitter_title":null,"twitter_description":null,"schema":{"blockGraphs":[],"customGraphs":[],"default":{"data":{"Article":[],"Course":[],"Dataset":[],"FAQPage":[],"Movie":[],"Person":[],"Product":[],"ProductReview":[],"Car":[],"Recipe":[],"Service":[],"SoftwareApplication":[],"WebPage":[]},"graphName":"","isEnabled":true},"graphs":[],"defaultGraph":"Article","defaultPostTypeGraph":""},"schema_type":"default","schema_type_options":"{\"article\":{\"articleType\":\"BlogPosting\"},\"course\":{\"name\":\"\",\"description\":\"\",\"provider\":\"\"},\"faq\":{\"pages\":[]},\"product\":{\"reviews\":[]},\"recipe\":{\"ingredients\":[],\"instructions\":[],\"keywords\":[]},\"software\":{\"reviews\":[],\"operatingSystems\":[]},\"webPage\":{\"webPageType\":\"WebPage\"}}","pillar_content":false,"robots_default":true,"robots_noindex":false,"robots_noarchive":false,"robots_nosnippet":false,"robots_nofollow":false,"robots_noimageindex":false,"robots_noodp":false,"robots_notranslate":false,"robots_max_snippet":"-1","robots_max_videopreview":"-1","robots_max_imagepreview":"large","priority":null,"frequency":"default","location":null,"local_seo":null,"seo_analyzer_scan_date":"2025-09-30 02:41:08","breadcrumb_settings":null,"limit_modified_date":false,"open_ai":null,"ai":null,"created":"2022-05-26 00:52:04","updated":"2025-09-30 02:41:08"},"aioseo_breadcrumb":"<div class=\"aioseo-breadcrumbs\"><span class=\"aioseo-breadcrumb\">\n\t<a href=\"https:\/\/eldigitaldeasturias.com\/magazine365\" title=\"Home\">Home<\/a>\n<\/span><span class=\"aioseo-breadcrumb-separator\">\u2013<\/span><span class=\"aioseo-breadcrumb\">\n\t<a href=\"https:\/\/eldigitaldeasturias.com\/magazine365\/category\/destacadas\/\" title=\"Destacadas\">Destacadas<\/a>\n<\/span><span class=\"aioseo-breadcrumb-separator\">\u2013<\/span><span class=\"aioseo-breadcrumb\">\n\t<a href=\"https:\/\/eldigitaldeasturias.com\/magazine365\/conoce-el-mundo-a-traves-de-la-fotografia\/\" title=\"Conoce el mundo a trav\u00e9s de la fotograf\u00eda\">Conoce el mundo a trav\u00e9s de la fotograf\u00eda<\/a>\n<\/span><\/div>","aioseo_breadcrumb_json":[{"label":"Home","link":"https:\/\/eldigitaldeasturias.com\/magazine365"},{"label":"Destacadas","link":"https:\/\/eldigitaldeasturias.com\/magazine365\/category\/destacadas\/"},{"label":"Conoce el mundo a trav\u00e9s de la fotograf\u00eda","link":"https:\/\/eldigitaldeasturias.com\/magazine365\/conoce-el-mundo-a-traves-de-la-fotografia\/"}],"_links":{"self":[{"href":"https:\/\/eldigitaldeasturias.com\/magazine365\/wp-json\/wp\/v2\/posts\/108632","targetHints":{"allow":["GET"]}}],"collection":[{"href":"https:\/\/eldigitaldeasturias.com\/magazine365\/wp-json\/wp\/v2\/posts"}],"about":[{"href":"https:\/\/eldigitaldeasturias.com\/magazine365\/wp-json\/wp\/v2\/types\/post"}],"author":[{"embeddable":true,"href":"https:\/\/eldigitaldeasturias.com\/magazine365\/wp-json\/wp\/v2\/users\/1"}],"replies":[{"embeddable":true,"href":"https:\/\/eldigitaldeasturias.com\/magazine365\/wp-json\/wp\/v2\/comments?post=108632"}],"version-history":[{"count":0,"href":"https:\/\/eldigitaldeasturias.com\/magazine365\/wp-json\/wp\/v2\/posts\/108632\/revisions"}],"wp:featuredmedia":[{"embeddable":true,"href":"https:\/\/eldigitaldeasturias.com\/magazine365\/wp-json\/wp\/v2\/media\/108633"}],"wp:attachment":[{"href":"https:\/\/eldigitaldeasturias.com\/magazine365\/wp-json\/wp\/v2\/media?parent=108632"}],"wp:term":[{"taxonomy":"category","embeddable":true,"href":"https:\/\/eldigitaldeasturias.com\/magazine365\/wp-json\/wp\/v2\/categories?post=108632"},{"taxonomy":"post_tag","embeddable":true,"href":"https:\/\/eldigitaldeasturias.com\/magazine365\/wp-json\/wp\/v2\/tags?post=108632"}],"curies":[{"name":"wp","href":"https:\/\/api.w.org\/{rel}","templated":true}]}}