{"id":108548,"date":"2022-05-09T02:20:59","date_gmt":"2022-05-09T02:20:59","guid":{"rendered":"http:\/\/eldigitaldeasturias.com\/magazine365\/?p=108548"},"modified":"2022-05-09T02:20:59","modified_gmt":"2022-05-09T02:20:59","slug":"el-tiempo-en-espana-lunes-9-de-mayo-de-2022","status":"publish","type":"post","link":"https:\/\/eldigitaldeasturias.com\/magazine365\/el-tiempo-en-espana-lunes-9-de-mayo-de-2022\/","title":{"rendered":"El tiempo en Espa\u00f1a, lunes 9 de mayo de 2022"},"content":{"rendered":"<p>Hoy lunes 9 de mayo la semana comenzar\u00e1 con predominio de cielos poco nubosos o despejados en todo el pa\u00eds. As\u00ed lo informa <a href=\"http:\/\/www.aemet.es\/es\/eltiempo\/prediccion\/espana?w=23\" target=\"_blank\" rel=\"noopener\"><span style=\"color: #ff6600;\"><strong>AEMET en su previsi\u00f3n del tiempo<\/strong> <\/span><\/a>que adem\u00e1s tambi\u00e9n indica la probabilidad de algunas nubes altas en la mitad occidental de la Pen\u00ednsula y en Canarias.<\/p>\n<p><img fetchpriority=\"high\" decoding=\"async\" class=\"aligncenter size-full wp-image-108549\" src=\"https:\/\/eldigitaldeasturias.com\/magazine365\/wp-content\/uploads\/2022\/05\/tiempo-Espana.jpg\" alt=\"tiempo Espa\u00f1a\" width=\"640\" height=\"421\" srcset=\"https:\/\/eldigitaldeasturias.com\/magazine365\/wp-content\/uploads\/2022\/05\/tiempo-Espana.jpg 640w, https:\/\/eldigitaldeasturias.com\/magazine365\/wp-content\/uploads\/2022\/05\/tiempo-Espana-360x237.jpg 360w, https:\/\/eldigitaldeasturias.com\/magazine365\/wp-content\/uploads\/2022\/05\/tiempo-Espana-150x99.jpg 150w, https:\/\/eldigitaldeasturias.com\/magazine365\/wp-content\/uploads\/2022\/05\/tiempo-Espana-450x296.jpg 450w\" sizes=\"(max-width: 640px) 100vw, 640px\" \/><\/p>\n<p>Durante el lunes solo se esperan nubes bajas matinales dispersas en el extremo norte, as\u00ed como nubosidad de evoluci\u00f3n por la tarde en Mallorca, interior del tercio este y mitad sur peninsulares.<\/p>\n<p>Chubascos y tormentas de cierta intensidad en el nordeste de Catalu\u00f1a, y con baja probabilidad algunos chubascos aislados en el resto de Pirineos, sur del sistema Ib\u00e9rico, sierras del interior de la Comunidad Valenciana y del este de Andaluc\u00eda y en Mallorca. En Canarias, probable calima en islas orientales.<\/p>\n<p>Temperaturas m\u00e1ximas en ascenso en la vertiente atl\u00e1ntica y, con subidas m\u00e1s acusadas, en la vertiente cant\u00e1brica. En el \u00e1rea mediterr\u00e1nea, pocos cambios o con ligeros descensos. En Canarias, en ascenso localmente notable, pudiendo superarse los 34 grados en las islas orientales. Estar\u00e1n por encima de valores normales en la mitad oeste peninsular y en Canarias. Las m\u00ednimas, en ascenso casi generalizado.<\/p>\n<p>Viento del este en el Cant\u00e1brico y Albor\u00e1n. Levante con intervalos de fuerte en el Estrecho. En Canarias, alisios con intervalos fuertes tendiendo a amainar. Vientos flojos variables en el resto.<\/p>\n","protected":false},"excerpt":{"rendered":"<p>Hoy lunes 9 de mayo la semana comenzar\u00e1 con predominio de cielos poco nubosos o despejados en todo el pa\u00eds. As\u00ed lo informa AEMET en su previsi\u00f3n del tiempo que adem\u00e1s tambi\u00e9n indica la probabilidad de algunas nubes altas en la mitad occidental de la Pen\u00ednsula y en Canarias. Durante el lunes solo se esperan<\/p>\n","protected":false},"author":1,"featured_media":108549,"comment_status":"closed","ping_status":"closed","sticky":false,"template":"","format":"standard","meta":{"footnotes":""},"categories":[1],"tags":[342,347],"class_list":{"0":"post-108548","1":"post","2":"type-post","3":"status-publish","4":"format-standard","5":"has-post-thumbnail","7":"category-la-agenda","8":"tag-el-tiempo","9":"tag-espana"},"aioseo_notices":[],"aioseo_head":"\n\t\t<!-- All in One SEO Pro 4.9.6.1 - aioseo.com -->\n\t<meta name=\"description\" content=\"Hoy lunes 9 de mayo la semana comenzar\u00e1 con predominio de cielos poco nubosos o despejados en todo el pa\u00eds. As\u00ed lo informa AEMET\" \/>\n\t<meta name=\"robots\" content=\"max-image-preview:large\" \/>\n\t<meta name=\"author\" content=\"admin\"\/>\n\t<meta name=\"google-site-verification\" content=\"UA-38556648-1\" \/>\n\t<meta name=\"keywords\" content=\"el tiempo,espa\u00f1a,la agenda\" \/>\n\t<link rel=\"canonical\" href=\"https:\/\/eldigitaldeasturias.com\/magazine365\/el-tiempo-en-espana-lunes-9-de-mayo-de-2022\/\" \/>\n\t<meta name=\"generator\" content=\"All in One SEO Pro (AIOSEO) 4.9.6.1\" \/>\n\t\t<meta property=\"og:locale\" content=\"es_ES\" \/>\n\t\t<meta property=\"og:site_name\" content=\"El Digital de Asturias \u2013 Revista de ocio, turismo y estilo de vida\" \/>\n\t\t<meta property=\"og:type\" content=\"article\" \/>\n\t\t<meta property=\"og:title\" content=\"El tiempo en Espa\u00f1a, lunes 9 de mayo de 2022 | El Digital de Asturias\" \/>\n\t\t<meta property=\"og:description\" content=\"Hoy lunes 9 de mayo la semana comenzar\u00e1 con predominio de cielos poco nubosos o despejados en todo el pa\u00eds. As\u00ed lo informa AEMET\" \/>\n\t\t<meta property=\"og:url\" content=\"https:\/\/eldigitaldeasturias.com\/magazine365\/el-tiempo-en-espana-lunes-9-de-mayo-de-2022\/\" \/>\n\t\t<meta property=\"og:image\" content=\"https:\/\/eldigitaldeasturias.com\/magazine365\/wp-content\/uploads\/2022\/05\/tiempo-Espana.jpg\" \/>\n\t\t<meta property=\"og:image:secure_url\" content=\"https:\/\/eldigitaldeasturias.com\/magazine365\/wp-content\/uploads\/2022\/05\/tiempo-Espana.jpg\" \/>\n\t\t<meta property=\"og:image:width\" content=\"640\" \/>\n\t\t<meta property=\"og:image:height\" content=\"421\" \/>\n\t\t<meta property=\"article:published_time\" content=\"2022-05-09T02:20:59+00:00\" \/>\n\t\t<meta property=\"article:modified_time\" content=\"2022-05-09T02:20:59+00:00\" \/>\n\t\t<meta name=\"twitter:card\" content=\"summary_large_image\" \/>\n\t\t<meta name=\"twitter:title\" content=\"El tiempo en Espa\u00f1a, lunes 9 de mayo de 2022 | El Digital de Asturias\" \/>\n\t\t<meta name=\"twitter:description\" content=\"Hoy lunes 9 de mayo la semana comenzar\u00e1 con predominio de cielos poco nubosos o despejados en todo el pa\u00eds. As\u00ed lo informa AEMET\" \/>\n\t\t<meta name=\"twitter:image\" content=\"https:\/\/eldigitaldeasturias.com\/magazine365\/wp-content\/uploads\/2022\/05\/tiempo-Espana.jpg\" \/>\n\t\t<script type=\"application\/ld+json\" class=\"aioseo-schema\">\n\t\t\t{\"@context\":\"https:\\\/\\\/schema.org\",\"@graph\":[{\"@type\":\"Article\",\"@id\":\"https:\\\/\\\/eldigitaldeasturias.com\\\/magazine365\\\/el-tiempo-en-espana-lunes-9-de-mayo-de-2022\\\/#article\",\"name\":\"El tiempo en Espa\\u00f1a, lunes 9 de mayo de 2022 | El Digital de Asturias\",\"headline\":\"El tiempo en Espa\\u00f1a, lunes 9 de mayo de 2022\",\"author\":{\"@id\":\"https:\\\/\\\/eldigitaldeasturias.com\\\/magazine365\\\/author\\\/admin\\\/#author\"},\"publisher\":{\"@id\":\"https:\\\/\\\/eldigitaldeasturias.com\\\/magazine365\\\/#organization\"},\"image\":{\"@type\":\"ImageObject\",\"url\":\"https:\\\/\\\/eldigitaldeasturias.com\\\/magazine365\\\/wp-content\\\/uploads\\\/2022\\\/05\\\/tiempo-Espana.jpg\",\"width\":640,\"height\":421,\"caption\":\"tiempo Espa\\u00f1a\"},\"datePublished\":\"2022-05-09T02:20:59+02:00\",\"dateModified\":\"2022-05-09T02:20:59+02:00\",\"inLanguage\":\"es-ES\",\"mainEntityOfPage\":{\"@id\":\"https:\\\/\\\/eldigitaldeasturias.com\\\/magazine365\\\/el-tiempo-en-espana-lunes-9-de-mayo-de-2022\\\/#webpage\"},\"isPartOf\":{\"@id\":\"https:\\\/\\\/eldigitaldeasturias.com\\\/magazine365\\\/el-tiempo-en-espana-lunes-9-de-mayo-de-2022\\\/#webpage\"},\"articleSection\":\"La Agenda, El tiempo, Espa\\u00f1a\"},{\"@type\":\"BreadcrumbList\",\"@id\":\"https:\\\/\\\/eldigitaldeasturias.com\\\/magazine365\\\/el-tiempo-en-espana-lunes-9-de-mayo-de-2022\\\/#breadcrumblist\",\"itemListElement\":[{\"@type\":\"ListItem\",\"@id\":\"https:\\\/\\\/eldigitaldeasturias.com\\\/magazine365#listItem\",\"position\":1,\"name\":\"Home\",\"item\":\"https:\\\/\\\/eldigitaldeasturias.com\\\/magazine365\",\"nextItem\":{\"@type\":\"ListItem\",\"@id\":\"https:\\\/\\\/eldigitaldeasturias.com\\\/magazine365\\\/category\\\/la-agenda\\\/#listItem\",\"name\":\"La Agenda\"}},{\"@type\":\"ListItem\",\"@id\":\"https:\\\/\\\/eldigitaldeasturias.com\\\/magazine365\\\/category\\\/la-agenda\\\/#listItem\",\"position\":2,\"name\":\"La Agenda\",\"item\":\"https:\\\/\\\/eldigitaldeasturias.com\\\/magazine365\\\/category\\\/la-agenda\\\/\",\"nextItem\":{\"@type\":\"ListItem\",\"@id\":\"https:\\\/\\\/eldigitaldeasturias.com\\\/magazine365\\\/el-tiempo-en-espana-lunes-9-de-mayo-de-2022\\\/#listItem\",\"name\":\"El tiempo en Espa\\u00f1a, lunes 9 de mayo de 2022\"},\"previousItem\":{\"@type\":\"ListItem\",\"@id\":\"https:\\\/\\\/eldigitaldeasturias.com\\\/magazine365#listItem\",\"name\":\"Home\"}},{\"@type\":\"ListItem\",\"@id\":\"https:\\\/\\\/eldigitaldeasturias.com\\\/magazine365\\\/el-tiempo-en-espana-lunes-9-de-mayo-de-2022\\\/#listItem\",\"position\":3,\"name\":\"El tiempo en Espa\\u00f1a, lunes 9 de mayo de 2022\",\"previousItem\":{\"@type\":\"ListItem\",\"@id\":\"https:\\\/\\\/eldigitaldeasturias.com\\\/magazine365\\\/category\\\/la-agenda\\\/#listItem\",\"name\":\"La Agenda\"}}]},{\"@type\":\"Organization\",\"@id\":\"https:\\\/\\\/eldigitaldeasturias.com\\\/magazine365\\\/#organization\",\"name\":\"El digital de Asturias\",\"description\":\"Revista de ocio, turismo y estilo de vida\",\"url\":\"https:\\\/\\\/eldigitaldeasturias.com\\\/magazine365\\\/\",\"logo\":{\"@type\":\"ImageObject\",\"url\":\"https:\\\/\\\/www.eldigitaldeasturias.com\\\/noticias\\\/wp-content\\\/uploads\\\/2020\\\/12\\\/EDA.jpg\",\"@id\":\"https:\\\/\\\/eldigitaldeasturias.com\\\/magazine365\\\/el-tiempo-en-espana-lunes-9-de-mayo-de-2022\\\/#organizationLogo\"},\"image\":{\"@id\":\"https:\\\/\\\/eldigitaldeasturias.com\\\/magazine365\\\/el-tiempo-en-espana-lunes-9-de-mayo-de-2022\\\/#organizationLogo\"}},{\"@type\":\"Person\",\"@id\":\"https:\\\/\\\/eldigitaldeasturias.com\\\/magazine365\\\/author\\\/admin\\\/#author\",\"url\":\"https:\\\/\\\/eldigitaldeasturias.com\\\/magazine365\\\/author\\\/admin\\\/\",\"name\":\"admin\",\"image\":{\"@type\":\"ImageObject\",\"@id\":\"https:\\\/\\\/eldigitaldeasturias.com\\\/magazine365\\\/el-tiempo-en-espana-lunes-9-de-mayo-de-2022\\\/#authorImage\",\"url\":\"https:\\\/\\\/eldigitaldeasturias.com\\\/magazine365\\\/wp-content\\\/litespeed\\\/avatar\\\/e571bcf59a0edd6fa6838245a470f2fe.jpg?ver=1776969259\",\"width\":96,\"height\":96,\"caption\":\"admin\"}},{\"@type\":\"WebPage\",\"@id\":\"https:\\\/\\\/eldigitaldeasturias.com\\\/magazine365\\\/el-tiempo-en-espana-lunes-9-de-mayo-de-2022\\\/#webpage\",\"url\":\"https:\\\/\\\/eldigitaldeasturias.com\\\/magazine365\\\/el-tiempo-en-espana-lunes-9-de-mayo-de-2022\\\/\",\"name\":\"El tiempo en Espa\\u00f1a, lunes 9 de mayo de 2022 | El Digital de Asturias\",\"description\":\"Hoy lunes 9 de mayo la semana comenzar\\u00e1 con predominio de cielos poco nubosos o despejados en todo el pa\\u00eds. As\\u00ed lo informa AEMET\",\"inLanguage\":\"es-ES\",\"isPartOf\":{\"@id\":\"https:\\\/\\\/eldigitaldeasturias.com\\\/magazine365\\\/#website\"},\"breadcrumb\":{\"@id\":\"https:\\\/\\\/eldigitaldeasturias.com\\\/magazine365\\\/el-tiempo-en-espana-lunes-9-de-mayo-de-2022\\\/#breadcrumblist\"},\"author\":{\"@id\":\"https:\\\/\\\/eldigitaldeasturias.com\\\/magazine365\\\/author\\\/admin\\\/#author\"},\"creator\":{\"@id\":\"https:\\\/\\\/eldigitaldeasturias.com\\\/magazine365\\\/author\\\/admin\\\/#author\"},\"image\":{\"@type\":\"ImageObject\",\"url\":\"https:\\\/\\\/eldigitaldeasturias.com\\\/magazine365\\\/wp-content\\\/uploads\\\/2022\\\/05\\\/tiempo-Espana.jpg\",\"@id\":\"https:\\\/\\\/eldigitaldeasturias.com\\\/magazine365\\\/el-tiempo-en-espana-lunes-9-de-mayo-de-2022\\\/#mainImage\",\"width\":640,\"height\":421,\"caption\":\"tiempo Espa\\u00f1a\"},\"primaryImageOfPage\":{\"@id\":\"https:\\\/\\\/eldigitaldeasturias.com\\\/magazine365\\\/el-tiempo-en-espana-lunes-9-de-mayo-de-2022\\\/#mainImage\"},\"datePublished\":\"2022-05-09T02:20:59+02:00\",\"dateModified\":\"2022-05-09T02:20:59+02:00\"},{\"@type\":\"WebSite\",\"@id\":\"https:\\\/\\\/eldigitaldeasturias.com\\\/magazine365\\\/#website\",\"url\":\"https:\\\/\\\/eldigitaldeasturias.com\\\/magazine365\\\/\",\"name\":\"El Digital de Asturias\",\"description\":\"Revista de ocio, turismo y estilo de vida\",\"inLanguage\":\"es-ES\",\"publisher\":{\"@id\":\"https:\\\/\\\/eldigitaldeasturias.com\\\/magazine365\\\/#organization\"}}]}\n\t\t<\/script>\n\t\t<!-- All in One SEO Pro -->\r\n\t\t<title>El tiempo en Espa\u00f1a, lunes 9 de mayo de 2022 | El Digital de Asturias<\/title>\n\n","aioseo_head_json":{"title":"El tiempo en Espa\u00f1a, lunes 9 de mayo de 2022 | El Digital de Asturias","description":"Hoy lunes 9 de mayo la semana comenzar\u00e1 con predominio de cielos poco nubosos o despejados en todo el pa\u00eds. As\u00ed lo informa AEMET","canonical_url":"https:\/\/eldigitaldeasturias.com\/magazine365\/el-tiempo-en-espana-lunes-9-de-mayo-de-2022\/","robots":"max-image-preview:large","keywords":"el tiempo,espa\u00f1a,la agenda","webmasterTools":{"google-site-verification":"UA-38556648-1","miscellaneous":""},"schema":{"@context":"https:\/\/schema.org","@graph":[{"@type":"Article","@id":"https:\/\/eldigitaldeasturias.com\/magazine365\/el-tiempo-en-espana-lunes-9-de-mayo-de-2022\/#article","name":"El tiempo en Espa\u00f1a, lunes 9 de mayo de 2022 | El Digital de Asturias","headline":"El tiempo en Espa\u00f1a, lunes 9 de mayo de 2022","author":{"@id":"https:\/\/eldigitaldeasturias.com\/magazine365\/author\/admin\/#author"},"publisher":{"@id":"https:\/\/eldigitaldeasturias.com\/magazine365\/#organization"},"image":{"@type":"ImageObject","url":"https:\/\/eldigitaldeasturias.com\/magazine365\/wp-content\/uploads\/2022\/05\/tiempo-Espana.jpg","width":640,"height":421,"caption":"tiempo Espa\u00f1a"},"datePublished":"2022-05-09T02:20:59+02:00","dateModified":"2022-05-09T02:20:59+02:00","inLanguage":"es-ES","mainEntityOfPage":{"@id":"https:\/\/eldigitaldeasturias.com\/magazine365\/el-tiempo-en-espana-lunes-9-de-mayo-de-2022\/#webpage"},"isPartOf":{"@id":"https:\/\/eldigitaldeasturias.com\/magazine365\/el-tiempo-en-espana-lunes-9-de-mayo-de-2022\/#webpage"},"articleSection":"La Agenda, El tiempo, Espa\u00f1a"},{"@type":"BreadcrumbList","@id":"https:\/\/eldigitaldeasturias.com\/magazine365\/el-tiempo-en-espana-lunes-9-de-mayo-de-2022\/#breadcrumblist","itemListElement":[{"@type":"ListItem","@id":"https:\/\/eldigitaldeasturias.com\/magazine365#listItem","position":1,"name":"Home","item":"https:\/\/eldigitaldeasturias.com\/magazine365","nextItem":{"@type":"ListItem","@id":"https:\/\/eldigitaldeasturias.com\/magazine365\/category\/la-agenda\/#listItem","name":"La Agenda"}},{"@type":"ListItem","@id":"https:\/\/eldigitaldeasturias.com\/magazine365\/category\/la-agenda\/#listItem","position":2,"name":"La Agenda","item":"https:\/\/eldigitaldeasturias.com\/magazine365\/category\/la-agenda\/","nextItem":{"@type":"ListItem","@id":"https:\/\/eldigitaldeasturias.com\/magazine365\/el-tiempo-en-espana-lunes-9-de-mayo-de-2022\/#listItem","name":"El tiempo en Espa\u00f1a, lunes 9 de mayo de 2022"},"previousItem":{"@type":"ListItem","@id":"https:\/\/eldigitaldeasturias.com\/magazine365#listItem","name":"Home"}},{"@type":"ListItem","@id":"https:\/\/eldigitaldeasturias.com\/magazine365\/el-tiempo-en-espana-lunes-9-de-mayo-de-2022\/#listItem","position":3,"name":"El tiempo en Espa\u00f1a, lunes 9 de mayo de 2022","previousItem":{"@type":"ListItem","@id":"https:\/\/eldigitaldeasturias.com\/magazine365\/category\/la-agenda\/#listItem","name":"La Agenda"}}]},{"@type":"Organization","@id":"https:\/\/eldigitaldeasturias.com\/magazine365\/#organization","name":"El digital de Asturias","description":"Revista de ocio, turismo y estilo de vida","url":"https:\/\/eldigitaldeasturias.com\/magazine365\/","logo":{"@type":"ImageObject","url":"https:\/\/www.eldigitaldeasturias.com\/noticias\/wp-content\/uploads\/2020\/12\/EDA.jpg","@id":"https:\/\/eldigitaldeasturias.com\/magazine365\/el-tiempo-en-espana-lunes-9-de-mayo-de-2022\/#organizationLogo"},"image":{"@id":"https:\/\/eldigitaldeasturias.com\/magazine365\/el-tiempo-en-espana-lunes-9-de-mayo-de-2022\/#organizationLogo"}},{"@type":"Person","@id":"https:\/\/eldigitaldeasturias.com\/magazine365\/author\/admin\/#author","url":"https:\/\/eldigitaldeasturias.com\/magazine365\/author\/admin\/","name":"admin","image":{"@type":"ImageObject","@id":"https:\/\/eldigitaldeasturias.com\/magazine365\/el-tiempo-en-espana-lunes-9-de-mayo-de-2022\/#authorImage","url":"https:\/\/eldigitaldeasturias.com\/magazine365\/wp-content\/litespeed\/avatar\/e571bcf59a0edd6fa6838245a470f2fe.jpg?ver=1776969259","width":96,"height":96,"caption":"admin"}},{"@type":"WebPage","@id":"https:\/\/eldigitaldeasturias.com\/magazine365\/el-tiempo-en-espana-lunes-9-de-mayo-de-2022\/#webpage","url":"https:\/\/eldigitaldeasturias.com\/magazine365\/el-tiempo-en-espana-lunes-9-de-mayo-de-2022\/","name":"El tiempo en Espa\u00f1a, lunes 9 de mayo de 2022 | El Digital de Asturias","description":"Hoy lunes 9 de mayo la semana comenzar\u00e1 con predominio de cielos poco nubosos o despejados en todo el pa\u00eds. As\u00ed lo informa AEMET","inLanguage":"es-ES","isPartOf":{"@id":"https:\/\/eldigitaldeasturias.com\/magazine365\/#website"},"breadcrumb":{"@id":"https:\/\/eldigitaldeasturias.com\/magazine365\/el-tiempo-en-espana-lunes-9-de-mayo-de-2022\/#breadcrumblist"},"author":{"@id":"https:\/\/eldigitaldeasturias.com\/magazine365\/author\/admin\/#author"},"creator":{"@id":"https:\/\/eldigitaldeasturias.com\/magazine365\/author\/admin\/#author"},"image":{"@type":"ImageObject","url":"https:\/\/eldigitaldeasturias.com\/magazine365\/wp-content\/uploads\/2022\/05\/tiempo-Espana.jpg","@id":"https:\/\/eldigitaldeasturias.com\/magazine365\/el-tiempo-en-espana-lunes-9-de-mayo-de-2022\/#mainImage","width":640,"height":421,"caption":"tiempo Espa\u00f1a"},"primaryImageOfPage":{"@id":"https:\/\/eldigitaldeasturias.com\/magazine365\/el-tiempo-en-espana-lunes-9-de-mayo-de-2022\/#mainImage"},"datePublished":"2022-05-09T02:20:59+02:00","dateModified":"2022-05-09T02:20:59+02:00"},{"@type":"WebSite","@id":"https:\/\/eldigitaldeasturias.com\/magazine365\/#website","url":"https:\/\/eldigitaldeasturias.com\/magazine365\/","name":"El Digital de Asturias","description":"Revista de ocio, turismo y estilo de vida","inLanguage":"es-ES","publisher":{"@id":"https:\/\/eldigitaldeasturias.com\/magazine365\/#organization"}}]},"og:locale":"es_ES","og:site_name":"El Digital de Asturias \u2013 Revista de ocio, turismo y estilo de vida","og:type":"article","og:title":"El tiempo en Espa\u00f1a, lunes 9 de mayo de 2022 | El Digital de Asturias","og:description":"Hoy lunes 9 de mayo la semana comenzar\u00e1 con predominio de cielos poco nubosos o despejados en todo el pa\u00eds. As\u00ed lo informa AEMET","og:url":"https:\/\/eldigitaldeasturias.com\/magazine365\/el-tiempo-en-espana-lunes-9-de-mayo-de-2022\/","og:image":"https:\/\/eldigitaldeasturias.com\/magazine365\/wp-content\/uploads\/2022\/05\/tiempo-Espana.jpg","og:image:secure_url":"https:\/\/eldigitaldeasturias.com\/magazine365\/wp-content\/uploads\/2022\/05\/tiempo-Espana.jpg","og:image:width":640,"og:image:height":421,"article:published_time":"2022-05-09T02:20:59+00:00","article:modified_time":"2022-05-09T02:20:59+00:00","twitter:card":"summary_large_image","twitter:title":"El tiempo en Espa\u00f1a, lunes 9 de mayo de 2022 | El Digital de Asturias","twitter:description":"Hoy lunes 9 de mayo la semana comenzar\u00e1 con predominio de cielos poco nubosos o despejados en todo el pa\u00eds. As\u00ed lo informa AEMET","twitter:image":"https:\/\/eldigitaldeasturias.com\/magazine365\/wp-content\/uploads\/2022\/05\/tiempo-Espana.jpg"},"aioseo_meta_data":{"post_id":"108548","title":null,"description":"Hoy lunes 9 de mayo la semana comenzar\u00e1 con predominio de cielos poco nubosos o despejados en todo el pa\u00eds. As\u00ed lo informa AEMET","keywords":[],"keyphrases":{"focus":{"keyphrase":"unes 9 de mayo","score":44,"analysis":{"keyphraseInTitle":{"title":"Focus keyphrase in SEO title","description":"Focus keyphrase not found in SEO title.","score":3,"maxScore":9,"error":1},"keyphraseInDescription":{"title":"Focus keyphrase in meta description","description":"Focus keyphrase not found in meta description.","score":3,"maxScore":9,"error":1},"keyphraseLength":{"title":"Focus keyphrase length","description":"Good job!","score":9,"maxScore":9,"error":0,"length":3},"keyphraseInURL":{"title":"Focus keyphrase in URL","description":"Focus keyphrase not found in the URL.","score":1,"maxScore":5,"error":1},"keyphraseInIntroduction":{"title":"Focus keyphrase in introduction","description":"Your Focus keyphrase does not appear in the first paragraph. Make sure the topic is clear immediately.","score":3,"maxScore":9,"error":1},"keyphraseInSubHeadings":[],"keyphraseInImageAlt":{"title":"Focus keyphrase in image alt attributes","description":"Focus keyphrase not found in image alt attribute(s). Add an image with your Focus keyphrase as alt text.","score":3,"maxScore":9,"error":1}}},"additional":[]},"primary_term":null,"canonical_url":null,"og_title":null,"og_description":null,"og_object_type":"default","og_image_type":"default","og_image_url":null,"og_image_width":null,"og_image_height":null,"og_image_custom_url":null,"og_image_custom_fields":null,"og_video":"","og_custom_url":null,"og_article_section":null,"og_article_tags":[],"twitter_use_og":false,"twitter_card":"default","twitter_image_type":"default","twitter_image_url":null,"twitter_image_custom_url":null,"twitter_image_custom_fields":null,"twitter_title":null,"twitter_description":null,"schema":{"blockGraphs":[],"customGraphs":[],"default":{"data":{"Article":[],"Course":[],"Dataset":[],"FAQPage":[],"Movie":[],"Person":[],"Product":[],"ProductReview":[],"Car":[],"Recipe":[],"Service":[],"SoftwareApplication":[],"WebPage":[]},"graphName":"","isEnabled":true},"graphs":[],"defaultGraph":"Article","defaultPostTypeGraph":""},"schema_type":"default","schema_type_options":"{\"article\":{\"articleType\":\"BlogPosting\"},\"course\":{\"name\":\"\",\"description\":\"\",\"provider\":\"\"},\"faq\":{\"pages\":[]},\"product\":{\"reviews\":[]},\"recipe\":{\"ingredients\":[],\"instructions\":[],\"keywords\":[]},\"software\":{\"reviews\":[],\"operatingSystems\":[]},\"webPage\":{\"webPageType\":\"WebPage\"}}","pillar_content":false,"robots_default":true,"robots_noindex":false,"robots_noarchive":false,"robots_nosnippet":false,"robots_nofollow":false,"robots_noimageindex":false,"robots_noodp":false,"robots_notranslate":false,"robots_max_snippet":"-1","robots_max_videopreview":"-1","robots_max_imagepreview":"large","priority":null,"frequency":"default","location":null,"local_seo":null,"seo_analyzer_scan_date":"2025-09-30 02:33:59","breadcrumb_settings":null,"limit_modified_date":false,"open_ai":null,"ai":null,"created":"2022-05-09 02:17:51","updated":"2025-09-30 02:33:59"},"aioseo_breadcrumb":"<div class=\"aioseo-breadcrumbs\"><span class=\"aioseo-breadcrumb\">\n\t<a href=\"https:\/\/eldigitaldeasturias.com\/magazine365\" title=\"Home\">Home<\/a>\n<\/span><span class=\"aioseo-breadcrumb-separator\">\u2013<\/span><span class=\"aioseo-breadcrumb\">\n\t<a href=\"https:\/\/eldigitaldeasturias.com\/magazine365\/category\/la-agenda\/\" title=\"La Agenda\">La Agenda<\/a>\n<\/span><span class=\"aioseo-breadcrumb-separator\">\u2013<\/span><span class=\"aioseo-breadcrumb\">\n\t<a href=\"https:\/\/eldigitaldeasturias.com\/magazine365\/el-tiempo-en-espana-lunes-9-de-mayo-de-2022\/\" title=\"El tiempo en Espa\u00f1a, lunes 9 de mayo de 2022\">El tiempo en Espa\u00f1a, lunes 9 de mayo de 2022<\/a>\n<\/span><\/div>","aioseo_breadcrumb_json":[{"label":"Home","link":"https:\/\/eldigitaldeasturias.com\/magazine365"},{"label":"La Agenda","link":"https:\/\/eldigitaldeasturias.com\/magazine365\/category\/la-agenda\/"},{"label":"El tiempo en Espa\u00f1a, lunes 9 de mayo de 2022","link":"https:\/\/eldigitaldeasturias.com\/magazine365\/el-tiempo-en-espana-lunes-9-de-mayo-de-2022\/"}],"_links":{"self":[{"href":"https:\/\/eldigitaldeasturias.com\/magazine365\/wp-json\/wp\/v2\/posts\/108548","targetHints":{"allow":["GET"]}}],"collection":[{"href":"https:\/\/eldigitaldeasturias.com\/magazine365\/wp-json\/wp\/v2\/posts"}],"about":[{"href":"https:\/\/eldigitaldeasturias.com\/magazine365\/wp-json\/wp\/v2\/types\/post"}],"author":[{"embeddable":true,"href":"https:\/\/eldigitaldeasturias.com\/magazine365\/wp-json\/wp\/v2\/users\/1"}],"replies":[{"embeddable":true,"href":"https:\/\/eldigitaldeasturias.com\/magazine365\/wp-json\/wp\/v2\/comments?post=108548"}],"version-history":[{"count":0,"href":"https:\/\/eldigitaldeasturias.com\/magazine365\/wp-json\/wp\/v2\/posts\/108548\/revisions"}],"wp:featuredmedia":[{"embeddable":true,"href":"https:\/\/eldigitaldeasturias.com\/magazine365\/wp-json\/wp\/v2\/media\/108549"}],"wp:attachment":[{"href":"https:\/\/eldigitaldeasturias.com\/magazine365\/wp-json\/wp\/v2\/media?parent=108548"}],"wp:term":[{"taxonomy":"category","embeddable":true,"href":"https:\/\/eldigitaldeasturias.com\/magazine365\/wp-json\/wp\/v2\/categories?post=108548"},{"taxonomy":"post_tag","embeddable":true,"href":"https:\/\/eldigitaldeasturias.com\/magazine365\/wp-json\/wp\/v2\/tags?post=108548"}],"curies":[{"name":"wp","href":"https:\/\/api.w.org\/{rel}","templated":true}]}}