{"id":108513,"date":"2022-04-27T02:02:53","date_gmt":"2022-04-27T02:02:53","guid":{"rendered":"http:\/\/eldigitaldeasturias.com\/magazine365\/?p=108513"},"modified":"2022-04-27T02:02:53","modified_gmt":"2022-04-27T02:02:53","slug":"el-tiempo-en-espana-27-de-abril-de-2022","status":"publish","type":"post","link":"https:\/\/eldigitaldeasturias.com\/magazine365\/el-tiempo-en-espana-27-de-abril-de-2022\/","title":{"rendered":"El tiempo en Espa\u00f1a, 27 de abril de 2022"},"content":{"rendered":"<p><a href=\"http:\/\/www.aemet.es\/es\/eltiempo\/prediccion\/espana?w=23\" target=\"_blank\" rel=\"noopener\"><span style=\"color: #ff6600;\"><strong>AEMET<\/strong><\/span><\/a> informa en su previsi\u00f3n del tiempo para <a href=\"https:\/\/eldigitaldeasturias.com\/magazine365\/category\/la-agenda\/\"><span style=\"color: #ff6600;\"><strong>hoy mi\u00e9rcoles 27 de abril de 2022<\/strong><\/span><\/a> en Espa\u00f1a de posibles chubascos y tormentas localmente fuertes en zonas de la mitad este peninsular.<\/p>\n<p>Debido al efecto de una baja situada al oeste de Galicia, en la Pen\u00ednsula predominar\u00e1n los cielos nubosos y la nubosidad de evoluci\u00f3n, con chubascos y tormentas casi generalizados.<\/p>\n<p><img fetchpriority=\"high\" decoding=\"async\" class=\"aligncenter size-full wp-image-108514\" src=\"https:\/\/eldigitaldeasturias.com\/magazine365\/wp-content\/uploads\/2022\/04\/tiempo-lluvia.jpg\" alt=\"tiempo \" width=\"640\" height=\"426\" srcset=\"https:\/\/eldigitaldeasturias.com\/magazine365\/wp-content\/uploads\/2022\/04\/tiempo-lluvia.jpg 640w, https:\/\/eldigitaldeasturias.com\/magazine365\/wp-content\/uploads\/2022\/04\/tiempo-lluvia-360x240.jpg 360w, https:\/\/eldigitaldeasturias.com\/magazine365\/wp-content\/uploads\/2022\/04\/tiempo-lluvia-150x100.jpg 150w, https:\/\/eldigitaldeasturias.com\/magazine365\/wp-content\/uploads\/2022\/04\/tiempo-lluvia-450x300.jpg 450w\" sizes=\"(max-width: 640px) 100vw, 640px\" \/><\/p>\n<p>Con alguna incertidumbre, se espera que puedan ser localmente fuertes en zonas de la mitad este peninsular, mientras que en el suroeste y noreste de la Pen\u00ednsula, as\u00ed como en Baleares, ser\u00e1n menos probables y m\u00e1s d\u00e9biles, predominando los intervalos nubosos. En Canarias cielos nubosos en el norte de las islas monta\u00f1osas y poco nuboso o con intervalos nubosos en el resto.<\/p>\n<p>Cota de nieve a unos 1800\/2000 metros en el noroeste peninsular, y m\u00e1s de 2000 metros en el resto.<\/p>\n<p>Las temperaturas diurnas bajar\u00e1n, salvo en la mitad oeste de Andaluc\u00eda, Pirineos, Catalu\u00f1a, Baleares y Canarias, donde permanecer\u00e1n sin cambios. El descenso podr\u00e1 ser localmente notable en zonas de la mitad este peninsular. Las nocturnas subir\u00e1n en la mitad noreste peninsular.<\/p>\n<p>Vientos del oeste en el litoral andaluz y Cant\u00e1brico oriental, y del norte en Baleares. Flojos variables en el resto de la Pen\u00ednsula, sin descartar rachas algo m\u00e1s intensas en zonas de tormenta. En Canarias, vientos alisios del noreste, con alg\u00fan intervalo fuerte.<\/p>\n","protected":false},"excerpt":{"rendered":"<p>AEMET informa en su previsi\u00f3n del tiempo para hoy mi\u00e9rcoles 27 de abril de 2022 en Espa\u00f1a de posibles chubascos y tormentas localmente fuertes en zonas de la mitad este peninsular. Debido al efecto de una baja situada al oeste de Galicia, en la Pen\u00ednsula predominar\u00e1n los cielos nubosos y la nubosidad de evoluci\u00f3n, con<\/p>\n","protected":false},"author":1,"featured_media":108514,"comment_status":"closed","ping_status":"closed","sticky":false,"template":"","format":"standard","meta":{"footnotes":""},"categories":[1],"tags":[342,347],"class_list":{"0":"post-108513","1":"post","2":"type-post","3":"status-publish","4":"format-standard","5":"has-post-thumbnail","7":"category-la-agenda","8":"tag-el-tiempo","9":"tag-espana"},"aioseo_notices":[],"aioseo_head":"\n\t\t<!-- All in One SEO Pro 4.9.6.1 - aioseo.com -->\n\t<meta name=\"description\" content=\"AEMET informa en su previsi\u00f3n del tiempo para hoy mi\u00e9rcoles 27 de abril de 2022 en Espa\u00f1a de posibles chubascos y tormentas localmente fuertes\" \/>\n\t<meta name=\"robots\" content=\"max-image-preview:large\" \/>\n\t<meta name=\"author\" content=\"admin\"\/>\n\t<meta name=\"google-site-verification\" content=\"UA-38556648-1\" \/>\n\t<meta name=\"keywords\" content=\"el tiempo,espa\u00f1a,la agenda\" \/>\n\t<link rel=\"canonical\" href=\"https:\/\/eldigitaldeasturias.com\/magazine365\/el-tiempo-en-espana-27-de-abril-de-2022\/\" \/>\n\t<meta name=\"generator\" content=\"All in One SEO Pro (AIOSEO) 4.9.6.1\" \/>\n\t\t<meta property=\"og:locale\" content=\"es_ES\" \/>\n\t\t<meta property=\"og:site_name\" content=\"El Digital de Asturias \u2013 Revista de ocio, turismo y estilo de vida\" \/>\n\t\t<meta property=\"og:type\" content=\"article\" \/>\n\t\t<meta property=\"og:title\" content=\"El tiempo en Espa\u00f1a, 27 de abril de 2022 | El Digital de Asturias\" \/>\n\t\t<meta property=\"og:description\" content=\"AEMET informa en su previsi\u00f3n del tiempo para hoy mi\u00e9rcoles 27 de abril de 2022 en Espa\u00f1a de posibles chubascos y tormentas localmente fuertes\" \/>\n\t\t<meta property=\"og:url\" content=\"https:\/\/eldigitaldeasturias.com\/magazine365\/el-tiempo-en-espana-27-de-abril-de-2022\/\" \/>\n\t\t<meta property=\"og:image\" content=\"https:\/\/eldigitaldeasturias.com\/magazine365\/wp-content\/uploads\/2022\/04\/tiempo-lluvia.jpg\" \/>\n\t\t<meta property=\"og:image:secure_url\" content=\"https:\/\/eldigitaldeasturias.com\/magazine365\/wp-content\/uploads\/2022\/04\/tiempo-lluvia.jpg\" \/>\n\t\t<meta property=\"og:image:width\" content=\"640\" \/>\n\t\t<meta property=\"og:image:height\" content=\"426\" \/>\n\t\t<meta property=\"article:published_time\" content=\"2022-04-27T02:02:53+00:00\" \/>\n\t\t<meta property=\"article:modified_time\" content=\"2022-04-27T02:02:53+00:00\" \/>\n\t\t<meta name=\"twitter:card\" content=\"summary_large_image\" \/>\n\t\t<meta name=\"twitter:title\" content=\"El tiempo en Espa\u00f1a, 27 de abril de 2022 | El Digital de Asturias\" \/>\n\t\t<meta name=\"twitter:description\" content=\"AEMET informa en su previsi\u00f3n del tiempo para hoy mi\u00e9rcoles 27 de abril de 2022 en Espa\u00f1a de posibles chubascos y tormentas localmente fuertes\" \/>\n\t\t<meta name=\"twitter:image\" content=\"https:\/\/eldigitaldeasturias.com\/magazine365\/wp-content\/uploads\/2022\/04\/tiempo-lluvia.jpg\" \/>\n\t\t<script type=\"application\/ld+json\" class=\"aioseo-schema\">\n\t\t\t{\"@context\":\"https:\\\/\\\/schema.org\",\"@graph\":[{\"@type\":\"Article\",\"@id\":\"https:\\\/\\\/eldigitaldeasturias.com\\\/magazine365\\\/el-tiempo-en-espana-27-de-abril-de-2022\\\/#article\",\"name\":\"El tiempo en Espa\\u00f1a, 27 de abril de 2022 | El Digital de Asturias\",\"headline\":\"El tiempo en Espa\\u00f1a, 27 de abril de 2022\",\"author\":{\"@id\":\"https:\\\/\\\/eldigitaldeasturias.com\\\/magazine365\\\/author\\\/admin\\\/#author\"},\"publisher\":{\"@id\":\"https:\\\/\\\/eldigitaldeasturias.com\\\/magazine365\\\/#organization\"},\"image\":{\"@type\":\"ImageObject\",\"url\":\"https:\\\/\\\/eldigitaldeasturias.com\\\/magazine365\\\/wp-content\\\/uploads\\\/2022\\\/04\\\/tiempo-lluvia.jpg\",\"width\":640,\"height\":426,\"caption\":\"tiempo\"},\"datePublished\":\"2022-04-27T02:02:53+02:00\",\"dateModified\":\"2022-04-27T02:02:53+02:00\",\"inLanguage\":\"es-ES\",\"mainEntityOfPage\":{\"@id\":\"https:\\\/\\\/eldigitaldeasturias.com\\\/magazine365\\\/el-tiempo-en-espana-27-de-abril-de-2022\\\/#webpage\"},\"isPartOf\":{\"@id\":\"https:\\\/\\\/eldigitaldeasturias.com\\\/magazine365\\\/el-tiempo-en-espana-27-de-abril-de-2022\\\/#webpage\"},\"articleSection\":\"La Agenda, El tiempo, Espa\\u00f1a\"},{\"@type\":\"BreadcrumbList\",\"@id\":\"https:\\\/\\\/eldigitaldeasturias.com\\\/magazine365\\\/el-tiempo-en-espana-27-de-abril-de-2022\\\/#breadcrumblist\",\"itemListElement\":[{\"@type\":\"ListItem\",\"@id\":\"https:\\\/\\\/eldigitaldeasturias.com\\\/magazine365#listItem\",\"position\":1,\"name\":\"Home\",\"item\":\"https:\\\/\\\/eldigitaldeasturias.com\\\/magazine365\",\"nextItem\":{\"@type\":\"ListItem\",\"@id\":\"https:\\\/\\\/eldigitaldeasturias.com\\\/magazine365\\\/category\\\/la-agenda\\\/#listItem\",\"name\":\"La Agenda\"}},{\"@type\":\"ListItem\",\"@id\":\"https:\\\/\\\/eldigitaldeasturias.com\\\/magazine365\\\/category\\\/la-agenda\\\/#listItem\",\"position\":2,\"name\":\"La Agenda\",\"item\":\"https:\\\/\\\/eldigitaldeasturias.com\\\/magazine365\\\/category\\\/la-agenda\\\/\",\"nextItem\":{\"@type\":\"ListItem\",\"@id\":\"https:\\\/\\\/eldigitaldeasturias.com\\\/magazine365\\\/el-tiempo-en-espana-27-de-abril-de-2022\\\/#listItem\",\"name\":\"El tiempo en Espa\\u00f1a, 27 de abril de 2022\"},\"previousItem\":{\"@type\":\"ListItem\",\"@id\":\"https:\\\/\\\/eldigitaldeasturias.com\\\/magazine365#listItem\",\"name\":\"Home\"}},{\"@type\":\"ListItem\",\"@id\":\"https:\\\/\\\/eldigitaldeasturias.com\\\/magazine365\\\/el-tiempo-en-espana-27-de-abril-de-2022\\\/#listItem\",\"position\":3,\"name\":\"El tiempo en Espa\\u00f1a, 27 de abril de 2022\",\"previousItem\":{\"@type\":\"ListItem\",\"@id\":\"https:\\\/\\\/eldigitaldeasturias.com\\\/magazine365\\\/category\\\/la-agenda\\\/#listItem\",\"name\":\"La Agenda\"}}]},{\"@type\":\"Organization\",\"@id\":\"https:\\\/\\\/eldigitaldeasturias.com\\\/magazine365\\\/#organization\",\"name\":\"El digital de Asturias\",\"description\":\"Revista de ocio, turismo y estilo de vida\",\"url\":\"https:\\\/\\\/eldigitaldeasturias.com\\\/magazine365\\\/\",\"logo\":{\"@type\":\"ImageObject\",\"url\":\"https:\\\/\\\/www.eldigitaldeasturias.com\\\/noticias\\\/wp-content\\\/uploads\\\/2020\\\/12\\\/EDA.jpg\",\"@id\":\"https:\\\/\\\/eldigitaldeasturias.com\\\/magazine365\\\/el-tiempo-en-espana-27-de-abril-de-2022\\\/#organizationLogo\"},\"image\":{\"@id\":\"https:\\\/\\\/eldigitaldeasturias.com\\\/magazine365\\\/el-tiempo-en-espana-27-de-abril-de-2022\\\/#organizationLogo\"}},{\"@type\":\"Person\",\"@id\":\"https:\\\/\\\/eldigitaldeasturias.com\\\/magazine365\\\/author\\\/admin\\\/#author\",\"url\":\"https:\\\/\\\/eldigitaldeasturias.com\\\/magazine365\\\/author\\\/admin\\\/\",\"name\":\"admin\",\"image\":{\"@type\":\"ImageObject\",\"@id\":\"https:\\\/\\\/eldigitaldeasturias.com\\\/magazine365\\\/el-tiempo-en-espana-27-de-abril-de-2022\\\/#authorImage\",\"url\":\"https:\\\/\\\/eldigitaldeasturias.com\\\/magazine365\\\/wp-content\\\/litespeed\\\/avatar\\\/e571bcf59a0edd6fa6838245a470f2fe.jpg?ver=1776969259\",\"width\":96,\"height\":96,\"caption\":\"admin\"}},{\"@type\":\"WebPage\",\"@id\":\"https:\\\/\\\/eldigitaldeasturias.com\\\/magazine365\\\/el-tiempo-en-espana-27-de-abril-de-2022\\\/#webpage\",\"url\":\"https:\\\/\\\/eldigitaldeasturias.com\\\/magazine365\\\/el-tiempo-en-espana-27-de-abril-de-2022\\\/\",\"name\":\"El tiempo en Espa\\u00f1a, 27 de abril de 2022 | El Digital de Asturias\",\"description\":\"AEMET informa en su previsi\\u00f3n del tiempo para hoy mi\\u00e9rcoles 27 de abril de 2022 en Espa\\u00f1a de posibles chubascos y tormentas localmente fuertes\",\"inLanguage\":\"es-ES\",\"isPartOf\":{\"@id\":\"https:\\\/\\\/eldigitaldeasturias.com\\\/magazine365\\\/#website\"},\"breadcrumb\":{\"@id\":\"https:\\\/\\\/eldigitaldeasturias.com\\\/magazine365\\\/el-tiempo-en-espana-27-de-abril-de-2022\\\/#breadcrumblist\"},\"author\":{\"@id\":\"https:\\\/\\\/eldigitaldeasturias.com\\\/magazine365\\\/author\\\/admin\\\/#author\"},\"creator\":{\"@id\":\"https:\\\/\\\/eldigitaldeasturias.com\\\/magazine365\\\/author\\\/admin\\\/#author\"},\"image\":{\"@type\":\"ImageObject\",\"url\":\"https:\\\/\\\/eldigitaldeasturias.com\\\/magazine365\\\/wp-content\\\/uploads\\\/2022\\\/04\\\/tiempo-lluvia.jpg\",\"@id\":\"https:\\\/\\\/eldigitaldeasturias.com\\\/magazine365\\\/el-tiempo-en-espana-27-de-abril-de-2022\\\/#mainImage\",\"width\":640,\"height\":426,\"caption\":\"tiempo\"},\"primaryImageOfPage\":{\"@id\":\"https:\\\/\\\/eldigitaldeasturias.com\\\/magazine365\\\/el-tiempo-en-espana-27-de-abril-de-2022\\\/#mainImage\"},\"datePublished\":\"2022-04-27T02:02:53+02:00\",\"dateModified\":\"2022-04-27T02:02:53+02:00\"},{\"@type\":\"WebSite\",\"@id\":\"https:\\\/\\\/eldigitaldeasturias.com\\\/magazine365\\\/#website\",\"url\":\"https:\\\/\\\/eldigitaldeasturias.com\\\/magazine365\\\/\",\"name\":\"El Digital de Asturias\",\"description\":\"Revista de ocio, turismo y estilo de vida\",\"inLanguage\":\"es-ES\",\"publisher\":{\"@id\":\"https:\\\/\\\/eldigitaldeasturias.com\\\/magazine365\\\/#organization\"}}]}\n\t\t<\/script>\n\t\t<!-- All in One SEO Pro -->\r\n\t\t<title>El tiempo en Espa\u00f1a, 27 de abril de 2022 | El Digital de Asturias<\/title>\n\n","aioseo_head_json":{"title":"El tiempo en Espa\u00f1a, 27 de abril de 2022 | El Digital de Asturias","description":"AEMET informa en su previsi\u00f3n del tiempo para hoy mi\u00e9rcoles 27 de abril de 2022 en Espa\u00f1a de posibles chubascos y tormentas localmente fuertes","canonical_url":"https:\/\/eldigitaldeasturias.com\/magazine365\/el-tiempo-en-espana-27-de-abril-de-2022\/","robots":"max-image-preview:large","keywords":"el tiempo,espa\u00f1a,la agenda","webmasterTools":{"google-site-verification":"UA-38556648-1","miscellaneous":""},"schema":{"@context":"https:\/\/schema.org","@graph":[{"@type":"Article","@id":"https:\/\/eldigitaldeasturias.com\/magazine365\/el-tiempo-en-espana-27-de-abril-de-2022\/#article","name":"El tiempo en Espa\u00f1a, 27 de abril de 2022 | El Digital de Asturias","headline":"El tiempo en Espa\u00f1a, 27 de abril de 2022","author":{"@id":"https:\/\/eldigitaldeasturias.com\/magazine365\/author\/admin\/#author"},"publisher":{"@id":"https:\/\/eldigitaldeasturias.com\/magazine365\/#organization"},"image":{"@type":"ImageObject","url":"https:\/\/eldigitaldeasturias.com\/magazine365\/wp-content\/uploads\/2022\/04\/tiempo-lluvia.jpg","width":640,"height":426,"caption":"tiempo"},"datePublished":"2022-04-27T02:02:53+02:00","dateModified":"2022-04-27T02:02:53+02:00","inLanguage":"es-ES","mainEntityOfPage":{"@id":"https:\/\/eldigitaldeasturias.com\/magazine365\/el-tiempo-en-espana-27-de-abril-de-2022\/#webpage"},"isPartOf":{"@id":"https:\/\/eldigitaldeasturias.com\/magazine365\/el-tiempo-en-espana-27-de-abril-de-2022\/#webpage"},"articleSection":"La Agenda, El tiempo, Espa\u00f1a"},{"@type":"BreadcrumbList","@id":"https:\/\/eldigitaldeasturias.com\/magazine365\/el-tiempo-en-espana-27-de-abril-de-2022\/#breadcrumblist","itemListElement":[{"@type":"ListItem","@id":"https:\/\/eldigitaldeasturias.com\/magazine365#listItem","position":1,"name":"Home","item":"https:\/\/eldigitaldeasturias.com\/magazine365","nextItem":{"@type":"ListItem","@id":"https:\/\/eldigitaldeasturias.com\/magazine365\/category\/la-agenda\/#listItem","name":"La Agenda"}},{"@type":"ListItem","@id":"https:\/\/eldigitaldeasturias.com\/magazine365\/category\/la-agenda\/#listItem","position":2,"name":"La Agenda","item":"https:\/\/eldigitaldeasturias.com\/magazine365\/category\/la-agenda\/","nextItem":{"@type":"ListItem","@id":"https:\/\/eldigitaldeasturias.com\/magazine365\/el-tiempo-en-espana-27-de-abril-de-2022\/#listItem","name":"El tiempo en Espa\u00f1a, 27 de abril de 2022"},"previousItem":{"@type":"ListItem","@id":"https:\/\/eldigitaldeasturias.com\/magazine365#listItem","name":"Home"}},{"@type":"ListItem","@id":"https:\/\/eldigitaldeasturias.com\/magazine365\/el-tiempo-en-espana-27-de-abril-de-2022\/#listItem","position":3,"name":"El tiempo en Espa\u00f1a, 27 de abril de 2022","previousItem":{"@type":"ListItem","@id":"https:\/\/eldigitaldeasturias.com\/magazine365\/category\/la-agenda\/#listItem","name":"La Agenda"}}]},{"@type":"Organization","@id":"https:\/\/eldigitaldeasturias.com\/magazine365\/#organization","name":"El digital de Asturias","description":"Revista de ocio, turismo y estilo de vida","url":"https:\/\/eldigitaldeasturias.com\/magazine365\/","logo":{"@type":"ImageObject","url":"https:\/\/www.eldigitaldeasturias.com\/noticias\/wp-content\/uploads\/2020\/12\/EDA.jpg","@id":"https:\/\/eldigitaldeasturias.com\/magazine365\/el-tiempo-en-espana-27-de-abril-de-2022\/#organizationLogo"},"image":{"@id":"https:\/\/eldigitaldeasturias.com\/magazine365\/el-tiempo-en-espana-27-de-abril-de-2022\/#organizationLogo"}},{"@type":"Person","@id":"https:\/\/eldigitaldeasturias.com\/magazine365\/author\/admin\/#author","url":"https:\/\/eldigitaldeasturias.com\/magazine365\/author\/admin\/","name":"admin","image":{"@type":"ImageObject","@id":"https:\/\/eldigitaldeasturias.com\/magazine365\/el-tiempo-en-espana-27-de-abril-de-2022\/#authorImage","url":"https:\/\/eldigitaldeasturias.com\/magazine365\/wp-content\/litespeed\/avatar\/e571bcf59a0edd6fa6838245a470f2fe.jpg?ver=1776969259","width":96,"height":96,"caption":"admin"}},{"@type":"WebPage","@id":"https:\/\/eldigitaldeasturias.com\/magazine365\/el-tiempo-en-espana-27-de-abril-de-2022\/#webpage","url":"https:\/\/eldigitaldeasturias.com\/magazine365\/el-tiempo-en-espana-27-de-abril-de-2022\/","name":"El tiempo en Espa\u00f1a, 27 de abril de 2022 | El Digital de Asturias","description":"AEMET informa en su previsi\u00f3n del tiempo para hoy mi\u00e9rcoles 27 de abril de 2022 en Espa\u00f1a de posibles chubascos y tormentas localmente fuertes","inLanguage":"es-ES","isPartOf":{"@id":"https:\/\/eldigitaldeasturias.com\/magazine365\/#website"},"breadcrumb":{"@id":"https:\/\/eldigitaldeasturias.com\/magazine365\/el-tiempo-en-espana-27-de-abril-de-2022\/#breadcrumblist"},"author":{"@id":"https:\/\/eldigitaldeasturias.com\/magazine365\/author\/admin\/#author"},"creator":{"@id":"https:\/\/eldigitaldeasturias.com\/magazine365\/author\/admin\/#author"},"image":{"@type":"ImageObject","url":"https:\/\/eldigitaldeasturias.com\/magazine365\/wp-content\/uploads\/2022\/04\/tiempo-lluvia.jpg","@id":"https:\/\/eldigitaldeasturias.com\/magazine365\/el-tiempo-en-espana-27-de-abril-de-2022\/#mainImage","width":640,"height":426,"caption":"tiempo"},"primaryImageOfPage":{"@id":"https:\/\/eldigitaldeasturias.com\/magazine365\/el-tiempo-en-espana-27-de-abril-de-2022\/#mainImage"},"datePublished":"2022-04-27T02:02:53+02:00","dateModified":"2022-04-27T02:02:53+02:00"},{"@type":"WebSite","@id":"https:\/\/eldigitaldeasturias.com\/magazine365\/#website","url":"https:\/\/eldigitaldeasturias.com\/magazine365\/","name":"El Digital de Asturias","description":"Revista de ocio, turismo y estilo de vida","inLanguage":"es-ES","publisher":{"@id":"https:\/\/eldigitaldeasturias.com\/magazine365\/#organization"}}]},"og:locale":"es_ES","og:site_name":"El Digital de Asturias \u2013 Revista de ocio, turismo y estilo de vida","og:type":"article","og:title":"El tiempo en Espa\u00f1a, 27 de abril de 2022 | El Digital de Asturias","og:description":"AEMET informa en su previsi\u00f3n del tiempo para hoy mi\u00e9rcoles 27 de abril de 2022 en Espa\u00f1a de posibles chubascos y tormentas localmente fuertes","og:url":"https:\/\/eldigitaldeasturias.com\/magazine365\/el-tiempo-en-espana-27-de-abril-de-2022\/","og:image":"https:\/\/eldigitaldeasturias.com\/magazine365\/wp-content\/uploads\/2022\/04\/tiempo-lluvia.jpg","og:image:secure_url":"https:\/\/eldigitaldeasturias.com\/magazine365\/wp-content\/uploads\/2022\/04\/tiempo-lluvia.jpg","og:image:width":640,"og:image:height":426,"article:published_time":"2022-04-27T02:02:53+00:00","article:modified_time":"2022-04-27T02:02:53+00:00","twitter:card":"summary_large_image","twitter:title":"El tiempo en Espa\u00f1a, 27 de abril de 2022 | El Digital de Asturias","twitter:description":"AEMET informa en su previsi\u00f3n del tiempo para hoy mi\u00e9rcoles 27 de abril de 2022 en Espa\u00f1a de posibles chubascos y tormentas localmente fuertes","twitter:image":"https:\/\/eldigitaldeasturias.com\/magazine365\/wp-content\/uploads\/2022\/04\/tiempo-lluvia.jpg"},"aioseo_meta_data":{"post_id":"108513","title":null,"description":"AEMET informa en su previsi\u00f3n del tiempo para hoy mi\u00e9rcoles 27 de abril de 2022 en Espa\u00f1a de posibles chubascos y tormentas localmente fuertes","keywords":[],"keyphrases":{"focus":{"keyphrase":"tiempo","score":92,"analysis":{"keyphraseInTitle":{"title":"Focus keyphrase in SEO title","description":"Focus keyphrase found in SEO title.","score":9,"maxScore":9,"error":0},"keyphraseInDescription":{"title":"Focus keyphrase in meta description","description":"Focus keyphrase found in meta description.","score":9,"maxScore":9,"error":0},"keyphraseLength":{"title":"Focus keyphrase length","description":"Good job!","score":9,"maxScore":9,"error":0,"length":1},"keyphraseInURL":{"title":"Focus keyphrase in URL","description":"Focus keyphrase not found in the URL.","score":1,"maxScore":5,"error":1},"keyphraseInIntroduction":{"title":"Focus keyphrase in introduction","description":"Your Focus keyphrase appears in the first paragraph. Well done!","score":9,"maxScore":9,"error":0},"keyphraseInSubHeadings":[],"keyphraseInImageAlt":{"title":"Focus keyphrase in image alt attributes","description":"Focus keyphrase found in image alt attribute(s).","score":9,"maxScore":9,"error":0}}},"additional":[{"keyphrase":"27 de abril ","score":83,"analysis":{"keyphraseInDescription":{"title":"Keyphrase in meta description","description":"Keyphrase found in meta description.","score":9,"maxScore":9,"error":0},"keyphraseLength":{"title":"Keyphrase length","description":"Good job!","score":9,"maxScore":9,"error":0,"length":2},"keyphraseInIntroduction":{"title":"Keyphrase in introduction","description":"Your Keyphrase appears in the first paragraph. Well done!","score":9,"maxScore":9,"error":0},"keyphraseInImageAlt":{"title":"Keyphrase in image alt attributes","description":"Keyphrase not found in image alt attribute(s). Add an image with your Keyphrase as alt text.","score":3,"maxScore":9,"error":1}}},{"keyphrase":"AEMET","score":83,"analysis":{"keyphraseInDescription":{"title":"Keyphrase in meta description","description":"Keyphrase found in meta description.","score":9,"maxScore":9,"error":0},"keyphraseLength":{"title":"Keyphrase length","description":"Good job!","score":9,"maxScore":9,"error":0,"length":1},"keyphraseInIntroduction":{"title":"Keyphrase in introduction","description":"Your Keyphrase appears in the first paragraph. Well done!","score":9,"maxScore":9,"error":0},"keyphraseInImageAlt":{"title":"Keyphrase in image alt attributes","description":"Keyphrase not found in image alt attribute(s). Add an image with your Keyphrase as alt text.","score":3,"maxScore":9,"error":1}}},{"keyphrase":"Espa\u00f1a","score":83,"analysis":{"keyphraseInDescription":{"title":"Keyphrase in meta description","description":"Keyphrase found in meta description.","score":9,"maxScore":9,"error":0},"keyphraseLength":{"title":"Keyphrase length","description":"Good job!","score":9,"maxScore":9,"error":0,"length":1},"keyphraseInIntroduction":{"title":"Keyphrase in introduction","description":"Your Keyphrase appears in the first paragraph. Well done!","score":9,"maxScore":9,"error":0},"keyphraseInImageAlt":{"title":"Keyphrase in image alt attributes","description":"Keyphrase not found in image alt attribute(s). Add an image with your Keyphrase as alt text.","score":3,"maxScore":9,"error":1}}}]},"primary_term":null,"canonical_url":null,"og_title":null,"og_description":null,"og_object_type":"default","og_image_type":"default","og_image_url":null,"og_image_width":null,"og_image_height":null,"og_image_custom_url":null,"og_image_custom_fields":null,"og_video":"","og_custom_url":null,"og_article_section":null,"og_article_tags":[],"twitter_use_og":false,"twitter_card":"default","twitter_image_type":"default","twitter_image_url":null,"twitter_image_custom_url":null,"twitter_image_custom_fields":null,"twitter_title":null,"twitter_description":null,"schema":{"blockGraphs":[],"customGraphs":[],"default":{"data":{"Article":[],"Course":[],"Dataset":[],"FAQPage":[],"Movie":[],"Person":[],"Product":[],"ProductReview":[],"Car":[],"Recipe":[],"Service":[],"SoftwareApplication":[],"WebPage":[]},"graphName":"","isEnabled":true},"graphs":[],"defaultGraph":"Article","defaultPostTypeGraph":""},"schema_type":"default","schema_type_options":"{\"article\":{\"articleType\":\"BlogPosting\"},\"course\":{\"name\":\"\",\"description\":\"\",\"provider\":\"\"},\"faq\":{\"pages\":[]},\"product\":{\"reviews\":[]},\"recipe\":{\"ingredients\":[],\"instructions\":[],\"keywords\":[]},\"software\":{\"reviews\":[],\"operatingSystems\":[]},\"webPage\":{\"webPageType\":\"WebPage\"}}","pillar_content":false,"robots_default":true,"robots_noindex":false,"robots_noarchive":false,"robots_nosnippet":false,"robots_nofollow":false,"robots_noimageindex":false,"robots_noodp":false,"robots_notranslate":false,"robots_max_snippet":"-1","robots_max_videopreview":"-1","robots_max_imagepreview":"large","priority":null,"frequency":"default","location":null,"local_seo":null,"seo_analyzer_scan_date":"2025-09-30 02:28:40","breadcrumb_settings":null,"limit_modified_date":false,"open_ai":null,"ai":null,"created":"2022-04-27 01:59:44","updated":"2025-09-30 02:28:40"},"aioseo_breadcrumb":"<div class=\"aioseo-breadcrumbs\"><span class=\"aioseo-breadcrumb\">\n\t<a href=\"https:\/\/eldigitaldeasturias.com\/magazine365\" title=\"Home\">Home<\/a>\n<\/span><span class=\"aioseo-breadcrumb-separator\">\u2013<\/span><span class=\"aioseo-breadcrumb\">\n\t<a href=\"https:\/\/eldigitaldeasturias.com\/magazine365\/category\/la-agenda\/\" title=\"La Agenda\">La Agenda<\/a>\n<\/span><span class=\"aioseo-breadcrumb-separator\">\u2013<\/span><span class=\"aioseo-breadcrumb\">\n\t<a href=\"https:\/\/eldigitaldeasturias.com\/magazine365\/el-tiempo-en-espana-27-de-abril-de-2022\/\" title=\"El tiempo en Espa\u00f1a, 27 de abril de 2022\">El tiempo en Espa\u00f1a, 27 de abril de 2022<\/a>\n<\/span><\/div>","aioseo_breadcrumb_json":[{"label":"Home","link":"https:\/\/eldigitaldeasturias.com\/magazine365"},{"label":"La Agenda","link":"https:\/\/eldigitaldeasturias.com\/magazine365\/category\/la-agenda\/"},{"label":"El tiempo en Espa\u00f1a, 27 de abril de 2022","link":"https:\/\/eldigitaldeasturias.com\/magazine365\/el-tiempo-en-espana-27-de-abril-de-2022\/"}],"_links":{"self":[{"href":"https:\/\/eldigitaldeasturias.com\/magazine365\/wp-json\/wp\/v2\/posts\/108513","targetHints":{"allow":["GET"]}}],"collection":[{"href":"https:\/\/eldigitaldeasturias.com\/magazine365\/wp-json\/wp\/v2\/posts"}],"about":[{"href":"https:\/\/eldigitaldeasturias.com\/magazine365\/wp-json\/wp\/v2\/types\/post"}],"author":[{"embeddable":true,"href":"https:\/\/eldigitaldeasturias.com\/magazine365\/wp-json\/wp\/v2\/users\/1"}],"replies":[{"embeddable":true,"href":"https:\/\/eldigitaldeasturias.com\/magazine365\/wp-json\/wp\/v2\/comments?post=108513"}],"version-history":[{"count":0,"href":"https:\/\/eldigitaldeasturias.com\/magazine365\/wp-json\/wp\/v2\/posts\/108513\/revisions"}],"wp:featuredmedia":[{"embeddable":true,"href":"https:\/\/eldigitaldeasturias.com\/magazine365\/wp-json\/wp\/v2\/media\/108514"}],"wp:attachment":[{"href":"https:\/\/eldigitaldeasturias.com\/magazine365\/wp-json\/wp\/v2\/media?parent=108513"}],"wp:term":[{"taxonomy":"category","embeddable":true,"href":"https:\/\/eldigitaldeasturias.com\/magazine365\/wp-json\/wp\/v2\/categories?post=108513"},{"taxonomy":"post_tag","embeddable":true,"href":"https:\/\/eldigitaldeasturias.com\/magazine365\/wp-json\/wp\/v2\/tags?post=108513"}],"curies":[{"name":"wp","href":"https:\/\/api.w.org\/{rel}","templated":true}]}}