{"id":108445,"date":"2022-04-10T00:37:17","date_gmt":"2022-04-10T00:37:17","guid":{"rendered":"http:\/\/eldigitaldeasturias.com\/magazine365\/?p=108445"},"modified":"2022-04-10T00:37:17","modified_gmt":"2022-04-10T00:37:17","slug":"la-ropa-de-trabajo-esta-de-moda","status":"publish","type":"post","link":"https:\/\/eldigitaldeasturias.com\/magazine365\/la-ropa-de-trabajo-esta-de-moda\/","title":{"rendered":"La ropa de trabajo est\u00e1 de moda"},"content":{"rendered":"<p>(dpa) &#8211; \u00bfSabe lo que significa \u00abrelaxed workwear\u00bb? En realidad, es la ropa de trabajo t\u00edpica de muchos oficios. Sin embargo, este t\u00e9rmino actualmente tambi\u00e9n implica una tendencia de moda para todo p\u00fablico.<\/p>\n<figure id=\"attachment_108446\" aria-describedby=\"caption-attachment-108446\" style=\"width: 650px\" class=\"wp-caption aligncenter\"><img fetchpriority=\"high\" decoding=\"async\" class=\"size-large wp-image-108446\" src=\"https:\/\/eldigitaldeasturias.com\/magazine365\/wp-content\/uploads\/2022\/04\/ropa-de-trabajo-650x457.jpg\" alt=\"ropa de trabajo\" width=\"650\" height=\"457\" srcset=\"https:\/\/eldigitaldeasturias.com\/magazine365\/wp-content\/uploads\/2022\/04\/ropa-de-trabajo-650x457.jpg 650w, https:\/\/eldigitaldeasturias.com\/magazine365\/wp-content\/uploads\/2022\/04\/ropa-de-trabajo-360x253.jpg 360w, https:\/\/eldigitaldeasturias.com\/magazine365\/wp-content\/uploads\/2022\/04\/ropa-de-trabajo-768x540.jpg 768w, https:\/\/eldigitaldeasturias.com\/magazine365\/wp-content\/uploads\/2022\/04\/ropa-de-trabajo-150x105.jpg 150w, https:\/\/eldigitaldeasturias.com\/magazine365\/wp-content\/uploads\/2022\/04\/ropa-de-trabajo-450x316.jpg 450w, https:\/\/eldigitaldeasturias.com\/magazine365\/wp-content\/uploads\/2022\/04\/ropa-de-trabajo.jpg 932w\" sizes=\"(max-width: 650px) 100vw, 650px\" \/><figcaption id=\"caption-attachment-108446\" class=\"wp-caption-text\">Muchos bolsillos y corte cuadrado para la chaqueta de campo de Bogner. Foto: Bogner\/dpa<\/figcaption><\/figure>\n<p>\u00abLos vaqueros, los pantalones cargo, las sobrecamisas y las chaquetas, as\u00ed como los chalecos de pesca, son un elemento b\u00e1sico de la <a href=\"https:\/\/eldigitaldeasturias.com\/magazine365\/category\/moda\/\" target=\"_blank\" rel=\"noopener\"><span style=\"color: #ff6600;\"><strong>moda<\/strong><\/span><\/a> masculina\u00bb, afirma el asesor de moda germano Andreas Rose.<\/p>\n<p>\u00abLuego de que la mayor\u00eda de nosotros se acostumbrara a trabajar la mayor parte del tiempo desde la mesa de la cocina, nos puede parecer poco adecuado hablar de ropa de trabajo\u00bb, sostiene Rose.<\/p>\n<p>\u00abPero por supesto que no nos referimos aqu\u00ed a la tradicional combinaci\u00f3n de camisa y corbata\u00bb, indica el experto. Se trata en cambio de ese tipo de ropa de trabajo que vest\u00edan los marineros, los granjeros, los trabajadores del acero y los le\u00f1adores.<\/p>\n<p>\u00abLas nuevas chaquetas suelen tener un corte cuadrado y disponen de grandes solapas cosidas\u00bb, apunta el asesor de moda. \u00abTambi\u00e9n los pantalones cargo est\u00e1n experimentando actualmente un regreso y combinan bien, para crear un &#8216;look&#8217; de tendencia &#8216;utility'\u00bb.<\/p>\n<p>\u00abUtility\u00bb proviene del ingl\u00e9s y su traducci\u00f3n al espa\u00f1ol es \u00abutilidad\u00bb, un esp\u00edritu que se refleja en estos atuendos.<\/p>\n<p>Rose comenta que estos tienen muchos bolsillos montados, solapas, hebillas, tiras de botones y cremalleras. \u00abEl &#8216;look&#8217; se completa con calzado de trabajo s\u00f3lido y cl\u00e1sico\u00bb, agrega el especialista.<\/p>\n","protected":false},"excerpt":{"rendered":"<p>(dpa) &#8211; \u00bfSabe lo que significa \u00abrelaxed workwear\u00bb? En realidad, es la ropa de trabajo t\u00edpica de muchos oficios. Sin embargo, este t\u00e9rmino actualmente tambi\u00e9n implica una tendencia de moda para todo p\u00fablico. \u00abLos vaqueros, los pantalones cargo, las sobrecamisas y las chaquetas, as\u00ed como los chalecos de pesca, son un elemento b\u00e1sico de la<\/p>\n","protected":false},"author":1,"featured_media":108446,"comment_status":"closed","ping_status":"closed","sticky":false,"template":"","format":"standard","meta":{"footnotes":""},"categories":[225],"tags":[361],"class_list":{"0":"post-108445","1":"post","2":"type-post","3":"status-publish","4":"format-standard","5":"has-post-thumbnail","7":"category-moda","8":"tag-moda"},"aioseo_notices":[],"aioseo_head":"\n\t\t<!-- All in One SEO Pro 4.9.6.1 - aioseo.com -->\n\t<meta name=\"description\" content=\"\u00bfSabe lo que significa &quot;relaxed workwear&quot;? En realidad, es la ropa de trabajo t\u00edpica de muchos oficios. Sin embargo, este t\u00e9rmino actualmente tambi\u00e9n implica\" \/>\n\t<meta name=\"robots\" content=\"max-image-preview:large\" \/>\n\t<meta name=\"author\" content=\"admin\"\/>\n\t<meta name=\"google-site-verification\" content=\"UA-38556648-1\" \/>\n\t<meta name=\"keywords\" content=\"moda\" \/>\n\t<link rel=\"canonical\" href=\"https:\/\/eldigitaldeasturias.com\/magazine365\/la-ropa-de-trabajo-esta-de-moda\/\" \/>\n\t<meta name=\"generator\" content=\"All in One SEO Pro (AIOSEO) 4.9.6.1\" \/>\n\t\t<meta property=\"og:locale\" content=\"es_ES\" \/>\n\t\t<meta property=\"og:site_name\" content=\"El Digital de Asturias \u2013 Revista de ocio, turismo y estilo de vida\" \/>\n\t\t<meta property=\"og:type\" content=\"article\" \/>\n\t\t<meta property=\"og:title\" content=\"La ropa de trabajo est\u00e1 de moda | El Digital de Asturias\" \/>\n\t\t<meta property=\"og:description\" content=\"\u00bfSabe lo que significa &quot;relaxed workwear&quot;? En realidad, es la ropa de trabajo t\u00edpica de muchos oficios. Sin embargo, este t\u00e9rmino actualmente tambi\u00e9n implica\" \/>\n\t\t<meta property=\"og:url\" content=\"https:\/\/eldigitaldeasturias.com\/magazine365\/la-ropa-de-trabajo-esta-de-moda\/\" \/>\n\t\t<meta property=\"og:image\" content=\"https:\/\/eldigitaldeasturias.com\/magazine365\/wp-content\/uploads\/2022\/04\/ropa-de-trabajo.jpg\" \/>\n\t\t<meta property=\"og:image:secure_url\" content=\"https:\/\/eldigitaldeasturias.com\/magazine365\/wp-content\/uploads\/2022\/04\/ropa-de-trabajo.jpg\" \/>\n\t\t<meta property=\"og:image:width\" content=\"932\" \/>\n\t\t<meta property=\"og:image:height\" content=\"655\" \/>\n\t\t<meta property=\"article:published_time\" content=\"2022-04-10T00:37:17+00:00\" \/>\n\t\t<meta property=\"article:modified_time\" content=\"2022-04-10T00:37:17+00:00\" \/>\n\t\t<meta name=\"twitter:card\" content=\"summary_large_image\" \/>\n\t\t<meta name=\"twitter:title\" content=\"La ropa de trabajo est\u00e1 de moda | El Digital de Asturias\" \/>\n\t\t<meta name=\"twitter:description\" content=\"\u00bfSabe lo que significa &quot;relaxed workwear&quot;? En realidad, es la ropa de trabajo t\u00edpica de muchos oficios. Sin embargo, este t\u00e9rmino actualmente tambi\u00e9n implica\" \/>\n\t\t<meta name=\"twitter:image\" content=\"https:\/\/eldigitaldeasturias.com\/magazine365\/wp-content\/uploads\/2022\/04\/ropa-de-trabajo.jpg\" \/>\n\t\t<script type=\"application\/ld+json\" class=\"aioseo-schema\">\n\t\t\t{\"@context\":\"https:\\\/\\\/schema.org\",\"@graph\":[{\"@type\":\"Article\",\"@id\":\"https:\\\/\\\/eldigitaldeasturias.com\\\/magazine365\\\/la-ropa-de-trabajo-esta-de-moda\\\/#article\",\"name\":\"La ropa de trabajo est\\u00e1 de moda | El Digital de Asturias\",\"headline\":\"La ropa de trabajo est\\u00e1 de moda\",\"author\":{\"@id\":\"https:\\\/\\\/eldigitaldeasturias.com\\\/magazine365\\\/author\\\/admin\\\/#author\"},\"publisher\":{\"@id\":\"https:\\\/\\\/eldigitaldeasturias.com\\\/magazine365\\\/#organization\"},\"image\":{\"@type\":\"ImageObject\",\"url\":\"https:\\\/\\\/eldigitaldeasturias.com\\\/magazine365\\\/wp-content\\\/uploads\\\/2022\\\/04\\\/ropa-de-trabajo.jpg\",\"width\":932,\"height\":655,\"caption\":\"Muchos bolsillos y corte cuadrado para la chaqueta de campo de Bogner. Foto: Bogner\\\/dpa\"},\"datePublished\":\"2022-04-10T00:37:17+02:00\",\"dateModified\":\"2022-04-10T00:37:17+02:00\",\"inLanguage\":\"es-ES\",\"mainEntityOfPage\":{\"@id\":\"https:\\\/\\\/eldigitaldeasturias.com\\\/magazine365\\\/la-ropa-de-trabajo-esta-de-moda\\\/#webpage\"},\"isPartOf\":{\"@id\":\"https:\\\/\\\/eldigitaldeasturias.com\\\/magazine365\\\/la-ropa-de-trabajo-esta-de-moda\\\/#webpage\"},\"articleSection\":\"Moda, moda\"},{\"@type\":\"BreadcrumbList\",\"@id\":\"https:\\\/\\\/eldigitaldeasturias.com\\\/magazine365\\\/la-ropa-de-trabajo-esta-de-moda\\\/#breadcrumblist\",\"itemListElement\":[{\"@type\":\"ListItem\",\"@id\":\"https:\\\/\\\/eldigitaldeasturias.com\\\/magazine365#listItem\",\"position\":1,\"name\":\"Home\",\"item\":\"https:\\\/\\\/eldigitaldeasturias.com\\\/magazine365\",\"nextItem\":{\"@type\":\"ListItem\",\"@id\":\"https:\\\/\\\/eldigitaldeasturias.com\\\/magazine365\\\/category\\\/moda\\\/#listItem\",\"name\":\"Moda\"}},{\"@type\":\"ListItem\",\"@id\":\"https:\\\/\\\/eldigitaldeasturias.com\\\/magazine365\\\/category\\\/moda\\\/#listItem\",\"position\":2,\"name\":\"Moda\",\"item\":\"https:\\\/\\\/eldigitaldeasturias.com\\\/magazine365\\\/category\\\/moda\\\/\",\"nextItem\":{\"@type\":\"ListItem\",\"@id\":\"https:\\\/\\\/eldigitaldeasturias.com\\\/magazine365\\\/la-ropa-de-trabajo-esta-de-moda\\\/#listItem\",\"name\":\"La ropa de trabajo est\\u00e1 de moda\"},\"previousItem\":{\"@type\":\"ListItem\",\"@id\":\"https:\\\/\\\/eldigitaldeasturias.com\\\/magazine365#listItem\",\"name\":\"Home\"}},{\"@type\":\"ListItem\",\"@id\":\"https:\\\/\\\/eldigitaldeasturias.com\\\/magazine365\\\/la-ropa-de-trabajo-esta-de-moda\\\/#listItem\",\"position\":3,\"name\":\"La ropa de trabajo est\\u00e1 de moda\",\"previousItem\":{\"@type\":\"ListItem\",\"@id\":\"https:\\\/\\\/eldigitaldeasturias.com\\\/magazine365\\\/category\\\/moda\\\/#listItem\",\"name\":\"Moda\"}}]},{\"@type\":\"Organization\",\"@id\":\"https:\\\/\\\/eldigitaldeasturias.com\\\/magazine365\\\/#organization\",\"name\":\"El digital de Asturias\",\"description\":\"Revista de ocio, turismo y estilo de vida\",\"url\":\"https:\\\/\\\/eldigitaldeasturias.com\\\/magazine365\\\/\",\"logo\":{\"@type\":\"ImageObject\",\"url\":\"https:\\\/\\\/www.eldigitaldeasturias.com\\\/noticias\\\/wp-content\\\/uploads\\\/2020\\\/12\\\/EDA.jpg\",\"@id\":\"https:\\\/\\\/eldigitaldeasturias.com\\\/magazine365\\\/la-ropa-de-trabajo-esta-de-moda\\\/#organizationLogo\"},\"image\":{\"@id\":\"https:\\\/\\\/eldigitaldeasturias.com\\\/magazine365\\\/la-ropa-de-trabajo-esta-de-moda\\\/#organizationLogo\"}},{\"@type\":\"Person\",\"@id\":\"https:\\\/\\\/eldigitaldeasturias.com\\\/magazine365\\\/author\\\/admin\\\/#author\",\"url\":\"https:\\\/\\\/eldigitaldeasturias.com\\\/magazine365\\\/author\\\/admin\\\/\",\"name\":\"admin\",\"image\":{\"@type\":\"ImageObject\",\"@id\":\"https:\\\/\\\/eldigitaldeasturias.com\\\/magazine365\\\/la-ropa-de-trabajo-esta-de-moda\\\/#authorImage\",\"url\":\"https:\\\/\\\/eldigitaldeasturias.com\\\/magazine365\\\/wp-content\\\/litespeed\\\/avatar\\\/e571bcf59a0edd6fa6838245a470f2fe.jpg?ver=1777574230\",\"width\":96,\"height\":96,\"caption\":\"admin\"}},{\"@type\":\"WebPage\",\"@id\":\"https:\\\/\\\/eldigitaldeasturias.com\\\/magazine365\\\/la-ropa-de-trabajo-esta-de-moda\\\/#webpage\",\"url\":\"https:\\\/\\\/eldigitaldeasturias.com\\\/magazine365\\\/la-ropa-de-trabajo-esta-de-moda\\\/\",\"name\":\"La ropa de trabajo est\\u00e1 de moda | El Digital de Asturias\",\"description\":\"\\u00bfSabe lo que significa \\\"relaxed workwear\\\"? En realidad, es la ropa de trabajo t\\u00edpica de muchos oficios. Sin embargo, este t\\u00e9rmino actualmente tambi\\u00e9n implica\",\"inLanguage\":\"es-ES\",\"isPartOf\":{\"@id\":\"https:\\\/\\\/eldigitaldeasturias.com\\\/magazine365\\\/#website\"},\"breadcrumb\":{\"@id\":\"https:\\\/\\\/eldigitaldeasturias.com\\\/magazine365\\\/la-ropa-de-trabajo-esta-de-moda\\\/#breadcrumblist\"},\"author\":{\"@id\":\"https:\\\/\\\/eldigitaldeasturias.com\\\/magazine365\\\/author\\\/admin\\\/#author\"},\"creator\":{\"@id\":\"https:\\\/\\\/eldigitaldeasturias.com\\\/magazine365\\\/author\\\/admin\\\/#author\"},\"image\":{\"@type\":\"ImageObject\",\"url\":\"https:\\\/\\\/eldigitaldeasturias.com\\\/magazine365\\\/wp-content\\\/uploads\\\/2022\\\/04\\\/ropa-de-trabajo.jpg\",\"@id\":\"https:\\\/\\\/eldigitaldeasturias.com\\\/magazine365\\\/la-ropa-de-trabajo-esta-de-moda\\\/#mainImage\",\"width\":932,\"height\":655,\"caption\":\"Muchos bolsillos y corte cuadrado para la chaqueta de campo de Bogner. Foto: Bogner\\\/dpa\"},\"primaryImageOfPage\":{\"@id\":\"https:\\\/\\\/eldigitaldeasturias.com\\\/magazine365\\\/la-ropa-de-trabajo-esta-de-moda\\\/#mainImage\"},\"datePublished\":\"2022-04-10T00:37:17+02:00\",\"dateModified\":\"2022-04-10T00:37:17+02:00\"},{\"@type\":\"WebSite\",\"@id\":\"https:\\\/\\\/eldigitaldeasturias.com\\\/magazine365\\\/#website\",\"url\":\"https:\\\/\\\/eldigitaldeasturias.com\\\/magazine365\\\/\",\"name\":\"El Digital de Asturias\",\"description\":\"Revista de ocio, turismo y estilo de vida\",\"inLanguage\":\"es-ES\",\"publisher\":{\"@id\":\"https:\\\/\\\/eldigitaldeasturias.com\\\/magazine365\\\/#organization\"}}]}\n\t\t<\/script>\n\t\t<!-- All in One SEO Pro -->\r\n\t\t<title>La ropa de trabajo est\u00e1 de moda | El Digital de Asturias<\/title>\n\n","aioseo_head_json":{"title":"La ropa de trabajo est\u00e1 de moda | El Digital de Asturias","description":"\u00bfSabe lo que significa \"relaxed workwear\"? En realidad, es la ropa de trabajo t\u00edpica de muchos oficios. Sin embargo, este t\u00e9rmino actualmente tambi\u00e9n implica","canonical_url":"https:\/\/eldigitaldeasturias.com\/magazine365\/la-ropa-de-trabajo-esta-de-moda\/","robots":"max-image-preview:large","keywords":"moda","webmasterTools":{"google-site-verification":"UA-38556648-1","miscellaneous":""},"schema":{"@context":"https:\/\/schema.org","@graph":[{"@type":"Article","@id":"https:\/\/eldigitaldeasturias.com\/magazine365\/la-ropa-de-trabajo-esta-de-moda\/#article","name":"La ropa de trabajo est\u00e1 de moda | El Digital de Asturias","headline":"La ropa de trabajo est\u00e1 de moda","author":{"@id":"https:\/\/eldigitaldeasturias.com\/magazine365\/author\/admin\/#author"},"publisher":{"@id":"https:\/\/eldigitaldeasturias.com\/magazine365\/#organization"},"image":{"@type":"ImageObject","url":"https:\/\/eldigitaldeasturias.com\/magazine365\/wp-content\/uploads\/2022\/04\/ropa-de-trabajo.jpg","width":932,"height":655,"caption":"Muchos bolsillos y corte cuadrado para la chaqueta de campo de Bogner. Foto: Bogner\/dpa"},"datePublished":"2022-04-10T00:37:17+02:00","dateModified":"2022-04-10T00:37:17+02:00","inLanguage":"es-ES","mainEntityOfPage":{"@id":"https:\/\/eldigitaldeasturias.com\/magazine365\/la-ropa-de-trabajo-esta-de-moda\/#webpage"},"isPartOf":{"@id":"https:\/\/eldigitaldeasturias.com\/magazine365\/la-ropa-de-trabajo-esta-de-moda\/#webpage"},"articleSection":"Moda, moda"},{"@type":"BreadcrumbList","@id":"https:\/\/eldigitaldeasturias.com\/magazine365\/la-ropa-de-trabajo-esta-de-moda\/#breadcrumblist","itemListElement":[{"@type":"ListItem","@id":"https:\/\/eldigitaldeasturias.com\/magazine365#listItem","position":1,"name":"Home","item":"https:\/\/eldigitaldeasturias.com\/magazine365","nextItem":{"@type":"ListItem","@id":"https:\/\/eldigitaldeasturias.com\/magazine365\/category\/moda\/#listItem","name":"Moda"}},{"@type":"ListItem","@id":"https:\/\/eldigitaldeasturias.com\/magazine365\/category\/moda\/#listItem","position":2,"name":"Moda","item":"https:\/\/eldigitaldeasturias.com\/magazine365\/category\/moda\/","nextItem":{"@type":"ListItem","@id":"https:\/\/eldigitaldeasturias.com\/magazine365\/la-ropa-de-trabajo-esta-de-moda\/#listItem","name":"La ropa de trabajo est\u00e1 de moda"},"previousItem":{"@type":"ListItem","@id":"https:\/\/eldigitaldeasturias.com\/magazine365#listItem","name":"Home"}},{"@type":"ListItem","@id":"https:\/\/eldigitaldeasturias.com\/magazine365\/la-ropa-de-trabajo-esta-de-moda\/#listItem","position":3,"name":"La ropa de trabajo est\u00e1 de moda","previousItem":{"@type":"ListItem","@id":"https:\/\/eldigitaldeasturias.com\/magazine365\/category\/moda\/#listItem","name":"Moda"}}]},{"@type":"Organization","@id":"https:\/\/eldigitaldeasturias.com\/magazine365\/#organization","name":"El digital de Asturias","description":"Revista de ocio, turismo y estilo de vida","url":"https:\/\/eldigitaldeasturias.com\/magazine365\/","logo":{"@type":"ImageObject","url":"https:\/\/www.eldigitaldeasturias.com\/noticias\/wp-content\/uploads\/2020\/12\/EDA.jpg","@id":"https:\/\/eldigitaldeasturias.com\/magazine365\/la-ropa-de-trabajo-esta-de-moda\/#organizationLogo"},"image":{"@id":"https:\/\/eldigitaldeasturias.com\/magazine365\/la-ropa-de-trabajo-esta-de-moda\/#organizationLogo"}},{"@type":"Person","@id":"https:\/\/eldigitaldeasturias.com\/magazine365\/author\/admin\/#author","url":"https:\/\/eldigitaldeasturias.com\/magazine365\/author\/admin\/","name":"admin","image":{"@type":"ImageObject","@id":"https:\/\/eldigitaldeasturias.com\/magazine365\/la-ropa-de-trabajo-esta-de-moda\/#authorImage","url":"https:\/\/eldigitaldeasturias.com\/magazine365\/wp-content\/litespeed\/avatar\/e571bcf59a0edd6fa6838245a470f2fe.jpg?ver=1777574230","width":96,"height":96,"caption":"admin"}},{"@type":"WebPage","@id":"https:\/\/eldigitaldeasturias.com\/magazine365\/la-ropa-de-trabajo-esta-de-moda\/#webpage","url":"https:\/\/eldigitaldeasturias.com\/magazine365\/la-ropa-de-trabajo-esta-de-moda\/","name":"La ropa de trabajo est\u00e1 de moda | El Digital de Asturias","description":"\u00bfSabe lo que significa \"relaxed workwear\"? En realidad, es la ropa de trabajo t\u00edpica de muchos oficios. Sin embargo, este t\u00e9rmino actualmente tambi\u00e9n implica","inLanguage":"es-ES","isPartOf":{"@id":"https:\/\/eldigitaldeasturias.com\/magazine365\/#website"},"breadcrumb":{"@id":"https:\/\/eldigitaldeasturias.com\/magazine365\/la-ropa-de-trabajo-esta-de-moda\/#breadcrumblist"},"author":{"@id":"https:\/\/eldigitaldeasturias.com\/magazine365\/author\/admin\/#author"},"creator":{"@id":"https:\/\/eldigitaldeasturias.com\/magazine365\/author\/admin\/#author"},"image":{"@type":"ImageObject","url":"https:\/\/eldigitaldeasturias.com\/magazine365\/wp-content\/uploads\/2022\/04\/ropa-de-trabajo.jpg","@id":"https:\/\/eldigitaldeasturias.com\/magazine365\/la-ropa-de-trabajo-esta-de-moda\/#mainImage","width":932,"height":655,"caption":"Muchos bolsillos y corte cuadrado para la chaqueta de campo de Bogner. Foto: Bogner\/dpa"},"primaryImageOfPage":{"@id":"https:\/\/eldigitaldeasturias.com\/magazine365\/la-ropa-de-trabajo-esta-de-moda\/#mainImage"},"datePublished":"2022-04-10T00:37:17+02:00","dateModified":"2022-04-10T00:37:17+02:00"},{"@type":"WebSite","@id":"https:\/\/eldigitaldeasturias.com\/magazine365\/#website","url":"https:\/\/eldigitaldeasturias.com\/magazine365\/","name":"El Digital de Asturias","description":"Revista de ocio, turismo y estilo de vida","inLanguage":"es-ES","publisher":{"@id":"https:\/\/eldigitaldeasturias.com\/magazine365\/#organization"}}]},"og:locale":"es_ES","og:site_name":"El Digital de Asturias \u2013 Revista de ocio, turismo y estilo de vida","og:type":"article","og:title":"La ropa de trabajo est\u00e1 de moda | El Digital de Asturias","og:description":"\u00bfSabe lo que significa &quot;relaxed workwear&quot;? En realidad, es la ropa de trabajo t\u00edpica de muchos oficios. Sin embargo, este t\u00e9rmino actualmente tambi\u00e9n implica","og:url":"https:\/\/eldigitaldeasturias.com\/magazine365\/la-ropa-de-trabajo-esta-de-moda\/","og:image":"https:\/\/eldigitaldeasturias.com\/magazine365\/wp-content\/uploads\/2022\/04\/ropa-de-trabajo.jpg","og:image:secure_url":"https:\/\/eldigitaldeasturias.com\/magazine365\/wp-content\/uploads\/2022\/04\/ropa-de-trabajo.jpg","og:image:width":932,"og:image:height":655,"article:published_time":"2022-04-10T00:37:17+00:00","article:modified_time":"2022-04-10T00:37:17+00:00","twitter:card":"summary_large_image","twitter:title":"La ropa de trabajo est\u00e1 de moda | El Digital de Asturias","twitter:description":"\u00bfSabe lo que significa &quot;relaxed workwear&quot;? En realidad, es la ropa de trabajo t\u00edpica de muchos oficios. Sin embargo, este t\u00e9rmino actualmente tambi\u00e9n implica","twitter:image":"https:\/\/eldigitaldeasturias.com\/magazine365\/wp-content\/uploads\/2022\/04\/ropa-de-trabajo.jpg"},"aioseo_meta_data":{"post_id":"108445","title":null,"description":"\u00bfSabe lo que significa \"relaxed workwear\"? En realidad, es la ropa de trabajo t\u00edpica de muchos oficios. Sin embargo, este t\u00e9rmino actualmente tambi\u00e9n implica","keywords":[],"keyphrases":{"focus":{"keyphrase":" ropa","score":92,"analysis":{"keyphraseInTitle":{"title":"Focus keyphrase in SEO title","description":"Focus keyphrase found in SEO title.","score":9,"maxScore":9,"error":0},"keyphraseInDescription":{"title":"Focus keyphrase in meta description","description":"Focus keyphrase found in meta description.","score":9,"maxScore":9,"error":0},"keyphraseLength":{"title":"Focus keyphrase length","description":"Good job!","score":9,"maxScore":9,"error":0,"length":1},"keyphraseInURL":{"title":"Focus keyphrase in URL","description":"Focus keyphrase not found in the URL.","score":1,"maxScore":5,"error":1},"keyphraseInIntroduction":{"title":"Focus keyphrase in introduction","description":"Your Focus keyphrase appears in the first paragraph. Well done!","score":9,"maxScore":9,"error":0},"keyphraseInSubHeadings":[],"keyphraseInImageAlt":{"title":"Focus keyphrase in image alt attributes","description":"Focus keyphrase found in image alt attribute(s).","score":9,"maxScore":9,"error":0}}},"additional":[{"keyphrase":"relaxed workwear","score":83,"analysis":{"keyphraseInDescription":{"title":"Keyphrase in meta description","description":"Keyphrase found in meta description.","score":9,"maxScore":9,"error":0},"keyphraseLength":{"title":"Keyphrase length","description":"Good job!","score":9,"maxScore":9,"error":0,"length":2},"keyphraseInIntroduction":{"title":"Keyphrase in introduction","description":"Your Keyphrase appears in the first paragraph. Well done!","score":9,"maxScore":9,"error":0},"keyphraseInImageAlt":{"title":"Keyphrase in image alt attributes","description":"Keyphrase not found in image alt attribute(s). Add an image with your Keyphrase as alt text.","score":3,"maxScore":9,"error":1}}},{"keyphrase":" ropa de trabajo","score":100,"analysis":{"keyphraseInDescription":{"title":"Keyphrase in meta description","description":"Keyphrase found in meta description.","score":9,"maxScore":9,"error":0},"keyphraseLength":{"title":"Keyphrase length","description":"Good job!","score":9,"maxScore":9,"error":0,"length":3},"keyphraseInIntroduction":{"title":"Keyphrase in introduction","description":"Your Keyphrase appears in the first paragraph. Well done!","score":9,"maxScore":9,"error":0},"keyphraseInImageAlt":{"title":"Keyphrase in image alt attributes","description":"Keyphrase found in image alt attribute(s).","score":9,"maxScore":9,"error":0}}}]},"primary_term":null,"canonical_url":null,"og_title":null,"og_description":null,"og_object_type":"default","og_image_type":"default","og_image_url":null,"og_image_width":null,"og_image_height":null,"og_image_custom_url":null,"og_image_custom_fields":null,"og_video":"","og_custom_url":null,"og_article_section":null,"og_article_tags":[],"twitter_use_og":false,"twitter_card":"default","twitter_image_type":"default","twitter_image_url":null,"twitter_image_custom_url":null,"twitter_image_custom_fields":null,"twitter_title":null,"twitter_description":null,"schema":{"blockGraphs":[],"customGraphs":[],"default":{"data":{"Article":[],"Course":[],"Dataset":[],"FAQPage":[],"Movie":[],"Person":[],"Product":[],"ProductReview":[],"Car":[],"Recipe":[],"Service":[],"SoftwareApplication":[],"WebPage":[]},"graphName":"","isEnabled":true},"graphs":[],"defaultGraph":"Article","defaultPostTypeGraph":""},"schema_type":"default","schema_type_options":"{\"article\":{\"articleType\":\"BlogPosting\"},\"course\":{\"name\":\"\",\"description\":\"\",\"provider\":\"\"},\"faq\":{\"pages\":[]},\"product\":{\"reviews\":[]},\"recipe\":{\"ingredients\":[],\"instructions\":[],\"keywords\":[]},\"software\":{\"reviews\":[],\"operatingSystems\":[]},\"webPage\":{\"webPageType\":\"WebPage\"}}","pillar_content":false,"robots_default":true,"robots_noindex":false,"robots_noarchive":false,"robots_nosnippet":false,"robots_nofollow":false,"robots_noimageindex":false,"robots_noodp":false,"robots_notranslate":false,"robots_max_snippet":"-1","robots_max_videopreview":"-1","robots_max_imagepreview":"large","priority":null,"frequency":"default","location":null,"local_seo":null,"seo_analyzer_scan_date":"2025-09-30 02:22:42","breadcrumb_settings":null,"limit_modified_date":false,"open_ai":null,"ai":null,"created":"2022-04-10 00:32:44","updated":"2025-09-30 02:22:42"},"aioseo_breadcrumb":"<div class=\"aioseo-breadcrumbs\"><span class=\"aioseo-breadcrumb\">\n\t<a href=\"https:\/\/eldigitaldeasturias.com\/magazine365\" title=\"Home\">Home<\/a>\n<\/span><span class=\"aioseo-breadcrumb-separator\">\u2013<\/span><span class=\"aioseo-breadcrumb\">\n\t<a href=\"https:\/\/eldigitaldeasturias.com\/magazine365\/category\/moda\/\" title=\"Moda\">Moda<\/a>\n<\/span><span class=\"aioseo-breadcrumb-separator\">\u2013<\/span><span class=\"aioseo-breadcrumb\">\n\t<a href=\"https:\/\/eldigitaldeasturias.com\/magazine365\/la-ropa-de-trabajo-esta-de-moda\/\" title=\"La ropa de trabajo est\u00e1 de moda\">La ropa de trabajo est\u00e1 de moda<\/a>\n<\/span><\/div>","aioseo_breadcrumb_json":[{"label":"Home","link":"https:\/\/eldigitaldeasturias.com\/magazine365"},{"label":"Moda","link":"https:\/\/eldigitaldeasturias.com\/magazine365\/category\/moda\/"},{"label":"La ropa de trabajo est\u00e1 de moda","link":"https:\/\/eldigitaldeasturias.com\/magazine365\/la-ropa-de-trabajo-esta-de-moda\/"}],"_links":{"self":[{"href":"https:\/\/eldigitaldeasturias.com\/magazine365\/wp-json\/wp\/v2\/posts\/108445","targetHints":{"allow":["GET"]}}],"collection":[{"href":"https:\/\/eldigitaldeasturias.com\/magazine365\/wp-json\/wp\/v2\/posts"}],"about":[{"href":"https:\/\/eldigitaldeasturias.com\/magazine365\/wp-json\/wp\/v2\/types\/post"}],"author":[{"embeddable":true,"href":"https:\/\/eldigitaldeasturias.com\/magazine365\/wp-json\/wp\/v2\/users\/1"}],"replies":[{"embeddable":true,"href":"https:\/\/eldigitaldeasturias.com\/magazine365\/wp-json\/wp\/v2\/comments?post=108445"}],"version-history":[{"count":0,"href":"https:\/\/eldigitaldeasturias.com\/magazine365\/wp-json\/wp\/v2\/posts\/108445\/revisions"}],"wp:featuredmedia":[{"embeddable":true,"href":"https:\/\/eldigitaldeasturias.com\/magazine365\/wp-json\/wp\/v2\/media\/108446"}],"wp:attachment":[{"href":"https:\/\/eldigitaldeasturias.com\/magazine365\/wp-json\/wp\/v2\/media?parent=108445"}],"wp:term":[{"taxonomy":"category","embeddable":true,"href":"https:\/\/eldigitaldeasturias.com\/magazine365\/wp-json\/wp\/v2\/categories?post=108445"},{"taxonomy":"post_tag","embeddable":true,"href":"https:\/\/eldigitaldeasturias.com\/magazine365\/wp-json\/wp\/v2\/tags?post=108445"}],"curies":[{"name":"wp","href":"https:\/\/api.w.org\/{rel}","templated":true}]}}