{"id":108202,"date":"2022-03-01T11:37:50","date_gmt":"2022-03-01T11:37:50","guid":{"rendered":"http:\/\/eldigitaldeasturias.com\/magazine365\/?p=108202"},"modified":"2022-03-01T11:37:50","modified_gmt":"2022-03-01T11:37:50","slug":"el-tiempo-hoy-1-de-marzo-de-2022","status":"publish","type":"post","link":"https:\/\/eldigitaldeasturias.com\/magazine365\/el-tiempo-hoy-1-de-marzo-de-2022\/","title":{"rendered":"El tiempo, hoy 1 de marzo de 2022"},"content":{"rendered":"<p>Un frente atl\u00e1ntico poco activo entrar\u00e1 por el noroeste peninsular, dejando cielos nubosos o cubiertos y precipitaciones en Galicia y \u00e1rea cant\u00e1brica occidental. <strong>No se descarta que sean localmente intensos en zonas del noroeste de Galicia<\/strong>. De manera m\u00e1s dispersa podr\u00edan extenderse al resto del \u00e1rea cant\u00e1brica, alto Ebro y proximidades. En Catalu\u00f1a poco nuboso con alg\u00fan intervalo de nubes bajas al final. En el \u00e1rea del Estrecho, intervalos de nubes bajas tendiendo a cielos poco nubosos.<\/p>\n<p><img fetchpriority=\"high\" decoding=\"async\" class=\"aligncenter size-full wp-image-108203\" src=\"https:\/\/eldigitaldeasturias.com\/magazine365\/wp-content\/uploads\/2022\/03\/lluvia.jpg\" alt=\"lluvia\" width=\"640\" height=\"379\" srcset=\"https:\/\/eldigitaldeasturias.com\/magazine365\/wp-content\/uploads\/2022\/03\/lluvia.jpg 640w, https:\/\/eldigitaldeasturias.com\/magazine365\/wp-content\/uploads\/2022\/03\/lluvia-360x213.jpg 360w, https:\/\/eldigitaldeasturias.com\/magazine365\/wp-content\/uploads\/2022\/03\/lluvia-150x89.jpg 150w, https:\/\/eldigitaldeasturias.com\/magazine365\/wp-content\/uploads\/2022\/03\/lluvia-450x266.jpg 450w\" sizes=\"(max-width: 640px) 100vw, 640px\" \/><\/p>\n<p>En el resto predominar\u00e1n los cielos poco nubosos con intervalos de nubes de evoluci\u00f3n diurna en Baleares. En Canarias, nuboso en el norte de las islas de mayor relieve, con baja probabilidad de precipitaciones d\u00e9biles y con predominio de poco nuboso en el resto de las islas.<\/p>\n<blockquote><p>Se esperan nubes bajas y brumas matinales dispersas en zonas de valles del sudoeste, interior de Galicia y noroeste de la meseta Norte, seg\u00fan informa AEMET<\/p><\/blockquote>\n<p>Las temperaturas m\u00e1ximas descender\u00e1n en el tercio oeste peninsular y ascender\u00e1n en el resto, Baleares y Canarias, m\u00e1s acusadamente en el tercio oriental de la Pen\u00ednsula. Las m\u00ednimas subir\u00e1n en el noroeste peninsular y en Canarias y bajar\u00e1n en el resto del pa\u00eds. Se esperan heladas d\u00e9biles en el sistema Ib\u00e9rico, en las sierras del sudeste y en Pirineos, donde podr\u00edan ser algo m\u00e1s intensas; y dispersas, en zonas de ambas mesetas.<\/p>\n<p>Alisio fuerte en Canarias. Levante en Albor\u00e1n y, con intervalos de fuerte, en el Estrecho. Viento del suroeste en Galicia, rolando a noroeste. Predominio del suroeste y sur en el Cant\u00e1brico y Baleares. Flojo en el resto, rolando a sureste en el valle del Ebro.<\/p>\n","protected":false},"excerpt":{"rendered":"<p>Un frente atl\u00e1ntico poco activo entrar\u00e1 por el noroeste peninsular, dejando cielos nubosos o cubiertos y precipitaciones en Galicia y \u00e1rea cant\u00e1brica occidental. No se descarta que sean localmente intensos en zonas del noroeste de Galicia. De manera m\u00e1s dispersa podr\u00edan extenderse al resto del \u00e1rea cant\u00e1brica, alto Ebro y proximidades. En Catalu\u00f1a poco nuboso<\/p>\n","protected":false},"author":1,"featured_media":108203,"comment_status":"closed","ping_status":"closed","sticky":false,"template":"","format":"standard","meta":{"footnotes":""},"categories":[1],"tags":[342],"class_list":{"0":"post-108202","1":"post","2":"type-post","3":"status-publish","4":"format-standard","5":"has-post-thumbnail","7":"category-la-agenda","8":"tag-el-tiempo"},"aioseo_notices":[],"aioseo_head":"\n\t\t<!-- All in One SEO Pro 4.9.6.1 - aioseo.com -->\n\t<meta name=\"description\" content=\"Un frente atl\u00e1ntico poco activo entrar\u00e1 por el noroeste peninsular, dejando cielos nubosos o cubiertos y precipitaciones en Galicia y \u00e1rea cant\u00e1brica occidental\" \/>\n\t<meta name=\"robots\" content=\"max-image-preview:large\" \/>\n\t<meta name=\"author\" content=\"admin\"\/>\n\t<meta name=\"google-site-verification\" content=\"UA-38556648-1\" \/>\n\t<meta name=\"keywords\" content=\"el tiempo,la agenda\" \/>\n\t<link rel=\"canonical\" href=\"https:\/\/eldigitaldeasturias.com\/magazine365\/el-tiempo-hoy-1-de-marzo-de-2022\/\" \/>\n\t<meta name=\"generator\" content=\"All in One SEO Pro (AIOSEO) 4.9.6.1\" \/>\n\t\t<meta property=\"og:locale\" content=\"es_ES\" \/>\n\t\t<meta property=\"og:site_name\" content=\"El Digital de Asturias \u2013 Revista de ocio, turismo y estilo de vida\" \/>\n\t\t<meta property=\"og:type\" content=\"article\" \/>\n\t\t<meta property=\"og:title\" content=\"El tiempo, hoy 1 de marzo de 2022 | El Digital de Asturias\" \/>\n\t\t<meta property=\"og:description\" content=\"Un frente atl\u00e1ntico poco activo entrar\u00e1 por el noroeste peninsular, dejando cielos nubosos o cubiertos y precipitaciones en Galicia y \u00e1rea cant\u00e1brica occidental\" \/>\n\t\t<meta property=\"og:url\" content=\"https:\/\/eldigitaldeasturias.com\/magazine365\/el-tiempo-hoy-1-de-marzo-de-2022\/\" \/>\n\t\t<meta property=\"og:image\" content=\"https:\/\/eldigitaldeasturias.com\/magazine365\/wp-content\/uploads\/2022\/03\/lluvia.jpg\" \/>\n\t\t<meta property=\"og:image:secure_url\" content=\"https:\/\/eldigitaldeasturias.com\/magazine365\/wp-content\/uploads\/2022\/03\/lluvia.jpg\" \/>\n\t\t<meta property=\"og:image:width\" content=\"640\" \/>\n\t\t<meta property=\"og:image:height\" content=\"379\" \/>\n\t\t<meta property=\"article:published_time\" content=\"2022-03-01T11:37:50+00:00\" \/>\n\t\t<meta property=\"article:modified_time\" content=\"2022-03-01T11:37:50+00:00\" \/>\n\t\t<meta name=\"twitter:card\" content=\"summary_large_image\" \/>\n\t\t<meta name=\"twitter:title\" content=\"El tiempo, hoy 1 de marzo de 2022 | El Digital de Asturias\" \/>\n\t\t<meta name=\"twitter:description\" content=\"Un frente atl\u00e1ntico poco activo entrar\u00e1 por el noroeste peninsular, dejando cielos nubosos o cubiertos y precipitaciones en Galicia y \u00e1rea cant\u00e1brica occidental\" \/>\n\t\t<meta name=\"twitter:image\" content=\"https:\/\/eldigitaldeasturias.com\/magazine365\/wp-content\/uploads\/2022\/03\/lluvia.jpg\" \/>\n\t\t<script type=\"application\/ld+json\" class=\"aioseo-schema\">\n\t\t\t{\"@context\":\"https:\\\/\\\/schema.org\",\"@graph\":[{\"@type\":\"Article\",\"@id\":\"https:\\\/\\\/eldigitaldeasturias.com\\\/magazine365\\\/el-tiempo-hoy-1-de-marzo-de-2022\\\/#article\",\"name\":\"El tiempo, hoy 1 de marzo de 2022 | El Digital de Asturias\",\"headline\":\"El tiempo, hoy 1 de marzo de 2022\",\"author\":{\"@id\":\"https:\\\/\\\/eldigitaldeasturias.com\\\/magazine365\\\/author\\\/admin\\\/#author\"},\"publisher\":{\"@id\":\"https:\\\/\\\/eldigitaldeasturias.com\\\/magazine365\\\/#organization\"},\"image\":{\"@type\":\"ImageObject\",\"url\":\"https:\\\/\\\/eldigitaldeasturias.com\\\/magazine365\\\/wp-content\\\/uploads\\\/2022\\\/03\\\/lluvia.jpg\",\"width\":640,\"height\":379,\"caption\":\"lluvia\"},\"datePublished\":\"2022-03-01T11:37:50+01:00\",\"dateModified\":\"2022-03-01T11:37:50+01:00\",\"inLanguage\":\"es-ES\",\"mainEntityOfPage\":{\"@id\":\"https:\\\/\\\/eldigitaldeasturias.com\\\/magazine365\\\/el-tiempo-hoy-1-de-marzo-de-2022\\\/#webpage\"},\"isPartOf\":{\"@id\":\"https:\\\/\\\/eldigitaldeasturias.com\\\/magazine365\\\/el-tiempo-hoy-1-de-marzo-de-2022\\\/#webpage\"},\"articleSection\":\"La Agenda, El tiempo\"},{\"@type\":\"BreadcrumbList\",\"@id\":\"https:\\\/\\\/eldigitaldeasturias.com\\\/magazine365\\\/el-tiempo-hoy-1-de-marzo-de-2022\\\/#breadcrumblist\",\"itemListElement\":[{\"@type\":\"ListItem\",\"@id\":\"https:\\\/\\\/eldigitaldeasturias.com\\\/magazine365#listItem\",\"position\":1,\"name\":\"Home\",\"item\":\"https:\\\/\\\/eldigitaldeasturias.com\\\/magazine365\",\"nextItem\":{\"@type\":\"ListItem\",\"@id\":\"https:\\\/\\\/eldigitaldeasturias.com\\\/magazine365\\\/category\\\/la-agenda\\\/#listItem\",\"name\":\"La Agenda\"}},{\"@type\":\"ListItem\",\"@id\":\"https:\\\/\\\/eldigitaldeasturias.com\\\/magazine365\\\/category\\\/la-agenda\\\/#listItem\",\"position\":2,\"name\":\"La Agenda\",\"item\":\"https:\\\/\\\/eldigitaldeasturias.com\\\/magazine365\\\/category\\\/la-agenda\\\/\",\"nextItem\":{\"@type\":\"ListItem\",\"@id\":\"https:\\\/\\\/eldigitaldeasturias.com\\\/magazine365\\\/el-tiempo-hoy-1-de-marzo-de-2022\\\/#listItem\",\"name\":\"El tiempo, hoy 1 de marzo de 2022\"},\"previousItem\":{\"@type\":\"ListItem\",\"@id\":\"https:\\\/\\\/eldigitaldeasturias.com\\\/magazine365#listItem\",\"name\":\"Home\"}},{\"@type\":\"ListItem\",\"@id\":\"https:\\\/\\\/eldigitaldeasturias.com\\\/magazine365\\\/el-tiempo-hoy-1-de-marzo-de-2022\\\/#listItem\",\"position\":3,\"name\":\"El tiempo, hoy 1 de marzo de 2022\",\"previousItem\":{\"@type\":\"ListItem\",\"@id\":\"https:\\\/\\\/eldigitaldeasturias.com\\\/magazine365\\\/category\\\/la-agenda\\\/#listItem\",\"name\":\"La Agenda\"}}]},{\"@type\":\"Organization\",\"@id\":\"https:\\\/\\\/eldigitaldeasturias.com\\\/magazine365\\\/#organization\",\"name\":\"El digital de Asturias\",\"description\":\"Revista de ocio, turismo y estilo de vida\",\"url\":\"https:\\\/\\\/eldigitaldeasturias.com\\\/magazine365\\\/\",\"logo\":{\"@type\":\"ImageObject\",\"url\":\"https:\\\/\\\/www.eldigitaldeasturias.com\\\/noticias\\\/wp-content\\\/uploads\\\/2020\\\/12\\\/EDA.jpg\",\"@id\":\"https:\\\/\\\/eldigitaldeasturias.com\\\/magazine365\\\/el-tiempo-hoy-1-de-marzo-de-2022\\\/#organizationLogo\"},\"image\":{\"@id\":\"https:\\\/\\\/eldigitaldeasturias.com\\\/magazine365\\\/el-tiempo-hoy-1-de-marzo-de-2022\\\/#organizationLogo\"}},{\"@type\":\"Person\",\"@id\":\"https:\\\/\\\/eldigitaldeasturias.com\\\/magazine365\\\/author\\\/admin\\\/#author\",\"url\":\"https:\\\/\\\/eldigitaldeasturias.com\\\/magazine365\\\/author\\\/admin\\\/\",\"name\":\"admin\",\"image\":{\"@type\":\"ImageObject\",\"@id\":\"https:\\\/\\\/eldigitaldeasturias.com\\\/magazine365\\\/el-tiempo-hoy-1-de-marzo-de-2022\\\/#authorImage\",\"url\":\"https:\\\/\\\/eldigitaldeasturias.com\\\/magazine365\\\/wp-content\\\/litespeed\\\/avatar\\\/e571bcf59a0edd6fa6838245a470f2fe.jpg?ver=1776969259\",\"width\":96,\"height\":96,\"caption\":\"admin\"}},{\"@type\":\"WebPage\",\"@id\":\"https:\\\/\\\/eldigitaldeasturias.com\\\/magazine365\\\/el-tiempo-hoy-1-de-marzo-de-2022\\\/#webpage\",\"url\":\"https:\\\/\\\/eldigitaldeasturias.com\\\/magazine365\\\/el-tiempo-hoy-1-de-marzo-de-2022\\\/\",\"name\":\"El tiempo, hoy 1 de marzo de 2022 | El Digital de Asturias\",\"description\":\"Un frente atl\\u00e1ntico poco activo entrar\\u00e1 por el noroeste peninsular, dejando cielos nubosos o cubiertos y precipitaciones en Galicia y \\u00e1rea cant\\u00e1brica occidental\",\"inLanguage\":\"es-ES\",\"isPartOf\":{\"@id\":\"https:\\\/\\\/eldigitaldeasturias.com\\\/magazine365\\\/#website\"},\"breadcrumb\":{\"@id\":\"https:\\\/\\\/eldigitaldeasturias.com\\\/magazine365\\\/el-tiempo-hoy-1-de-marzo-de-2022\\\/#breadcrumblist\"},\"author\":{\"@id\":\"https:\\\/\\\/eldigitaldeasturias.com\\\/magazine365\\\/author\\\/admin\\\/#author\"},\"creator\":{\"@id\":\"https:\\\/\\\/eldigitaldeasturias.com\\\/magazine365\\\/author\\\/admin\\\/#author\"},\"image\":{\"@type\":\"ImageObject\",\"url\":\"https:\\\/\\\/eldigitaldeasturias.com\\\/magazine365\\\/wp-content\\\/uploads\\\/2022\\\/03\\\/lluvia.jpg\",\"@id\":\"https:\\\/\\\/eldigitaldeasturias.com\\\/magazine365\\\/el-tiempo-hoy-1-de-marzo-de-2022\\\/#mainImage\",\"width\":640,\"height\":379,\"caption\":\"lluvia\"},\"primaryImageOfPage\":{\"@id\":\"https:\\\/\\\/eldigitaldeasturias.com\\\/magazine365\\\/el-tiempo-hoy-1-de-marzo-de-2022\\\/#mainImage\"},\"datePublished\":\"2022-03-01T11:37:50+01:00\",\"dateModified\":\"2022-03-01T11:37:50+01:00\"},{\"@type\":\"WebSite\",\"@id\":\"https:\\\/\\\/eldigitaldeasturias.com\\\/magazine365\\\/#website\",\"url\":\"https:\\\/\\\/eldigitaldeasturias.com\\\/magazine365\\\/\",\"name\":\"El Digital de Asturias\",\"description\":\"Revista de ocio, turismo y estilo de vida\",\"inLanguage\":\"es-ES\",\"publisher\":{\"@id\":\"https:\\\/\\\/eldigitaldeasturias.com\\\/magazine365\\\/#organization\"}}]}\n\t\t<\/script>\n\t\t<!-- All in One SEO Pro -->\r\n\t\t<title>El tiempo, hoy 1 de marzo de 2022 | El Digital de Asturias<\/title>\n\n","aioseo_head_json":{"title":"El tiempo, hoy 1 de marzo de 2022 | El Digital de Asturias","description":"Un frente atl\u00e1ntico poco activo entrar\u00e1 por el noroeste peninsular, dejando cielos nubosos o cubiertos y precipitaciones en Galicia y \u00e1rea cant\u00e1brica occidental","canonical_url":"https:\/\/eldigitaldeasturias.com\/magazine365\/el-tiempo-hoy-1-de-marzo-de-2022\/","robots":"max-image-preview:large","keywords":"el tiempo,la agenda","webmasterTools":{"google-site-verification":"UA-38556648-1","miscellaneous":""},"schema":{"@context":"https:\/\/schema.org","@graph":[{"@type":"Article","@id":"https:\/\/eldigitaldeasturias.com\/magazine365\/el-tiempo-hoy-1-de-marzo-de-2022\/#article","name":"El tiempo, hoy 1 de marzo de 2022 | El Digital de Asturias","headline":"El tiempo, hoy 1 de marzo de 2022","author":{"@id":"https:\/\/eldigitaldeasturias.com\/magazine365\/author\/admin\/#author"},"publisher":{"@id":"https:\/\/eldigitaldeasturias.com\/magazine365\/#organization"},"image":{"@type":"ImageObject","url":"https:\/\/eldigitaldeasturias.com\/magazine365\/wp-content\/uploads\/2022\/03\/lluvia.jpg","width":640,"height":379,"caption":"lluvia"},"datePublished":"2022-03-01T11:37:50+01:00","dateModified":"2022-03-01T11:37:50+01:00","inLanguage":"es-ES","mainEntityOfPage":{"@id":"https:\/\/eldigitaldeasturias.com\/magazine365\/el-tiempo-hoy-1-de-marzo-de-2022\/#webpage"},"isPartOf":{"@id":"https:\/\/eldigitaldeasturias.com\/magazine365\/el-tiempo-hoy-1-de-marzo-de-2022\/#webpage"},"articleSection":"La Agenda, El tiempo"},{"@type":"BreadcrumbList","@id":"https:\/\/eldigitaldeasturias.com\/magazine365\/el-tiempo-hoy-1-de-marzo-de-2022\/#breadcrumblist","itemListElement":[{"@type":"ListItem","@id":"https:\/\/eldigitaldeasturias.com\/magazine365#listItem","position":1,"name":"Home","item":"https:\/\/eldigitaldeasturias.com\/magazine365","nextItem":{"@type":"ListItem","@id":"https:\/\/eldigitaldeasturias.com\/magazine365\/category\/la-agenda\/#listItem","name":"La Agenda"}},{"@type":"ListItem","@id":"https:\/\/eldigitaldeasturias.com\/magazine365\/category\/la-agenda\/#listItem","position":2,"name":"La Agenda","item":"https:\/\/eldigitaldeasturias.com\/magazine365\/category\/la-agenda\/","nextItem":{"@type":"ListItem","@id":"https:\/\/eldigitaldeasturias.com\/magazine365\/el-tiempo-hoy-1-de-marzo-de-2022\/#listItem","name":"El tiempo, hoy 1 de marzo de 2022"},"previousItem":{"@type":"ListItem","@id":"https:\/\/eldigitaldeasturias.com\/magazine365#listItem","name":"Home"}},{"@type":"ListItem","@id":"https:\/\/eldigitaldeasturias.com\/magazine365\/el-tiempo-hoy-1-de-marzo-de-2022\/#listItem","position":3,"name":"El tiempo, hoy 1 de marzo de 2022","previousItem":{"@type":"ListItem","@id":"https:\/\/eldigitaldeasturias.com\/magazine365\/category\/la-agenda\/#listItem","name":"La Agenda"}}]},{"@type":"Organization","@id":"https:\/\/eldigitaldeasturias.com\/magazine365\/#organization","name":"El digital de Asturias","description":"Revista de ocio, turismo y estilo de vida","url":"https:\/\/eldigitaldeasturias.com\/magazine365\/","logo":{"@type":"ImageObject","url":"https:\/\/www.eldigitaldeasturias.com\/noticias\/wp-content\/uploads\/2020\/12\/EDA.jpg","@id":"https:\/\/eldigitaldeasturias.com\/magazine365\/el-tiempo-hoy-1-de-marzo-de-2022\/#organizationLogo"},"image":{"@id":"https:\/\/eldigitaldeasturias.com\/magazine365\/el-tiempo-hoy-1-de-marzo-de-2022\/#organizationLogo"}},{"@type":"Person","@id":"https:\/\/eldigitaldeasturias.com\/magazine365\/author\/admin\/#author","url":"https:\/\/eldigitaldeasturias.com\/magazine365\/author\/admin\/","name":"admin","image":{"@type":"ImageObject","@id":"https:\/\/eldigitaldeasturias.com\/magazine365\/el-tiempo-hoy-1-de-marzo-de-2022\/#authorImage","url":"https:\/\/eldigitaldeasturias.com\/magazine365\/wp-content\/litespeed\/avatar\/e571bcf59a0edd6fa6838245a470f2fe.jpg?ver=1776969259","width":96,"height":96,"caption":"admin"}},{"@type":"WebPage","@id":"https:\/\/eldigitaldeasturias.com\/magazine365\/el-tiempo-hoy-1-de-marzo-de-2022\/#webpage","url":"https:\/\/eldigitaldeasturias.com\/magazine365\/el-tiempo-hoy-1-de-marzo-de-2022\/","name":"El tiempo, hoy 1 de marzo de 2022 | El Digital de Asturias","description":"Un frente atl\u00e1ntico poco activo entrar\u00e1 por el noroeste peninsular, dejando cielos nubosos o cubiertos y precipitaciones en Galicia y \u00e1rea cant\u00e1brica occidental","inLanguage":"es-ES","isPartOf":{"@id":"https:\/\/eldigitaldeasturias.com\/magazine365\/#website"},"breadcrumb":{"@id":"https:\/\/eldigitaldeasturias.com\/magazine365\/el-tiempo-hoy-1-de-marzo-de-2022\/#breadcrumblist"},"author":{"@id":"https:\/\/eldigitaldeasturias.com\/magazine365\/author\/admin\/#author"},"creator":{"@id":"https:\/\/eldigitaldeasturias.com\/magazine365\/author\/admin\/#author"},"image":{"@type":"ImageObject","url":"https:\/\/eldigitaldeasturias.com\/magazine365\/wp-content\/uploads\/2022\/03\/lluvia.jpg","@id":"https:\/\/eldigitaldeasturias.com\/magazine365\/el-tiempo-hoy-1-de-marzo-de-2022\/#mainImage","width":640,"height":379,"caption":"lluvia"},"primaryImageOfPage":{"@id":"https:\/\/eldigitaldeasturias.com\/magazine365\/el-tiempo-hoy-1-de-marzo-de-2022\/#mainImage"},"datePublished":"2022-03-01T11:37:50+01:00","dateModified":"2022-03-01T11:37:50+01:00"},{"@type":"WebSite","@id":"https:\/\/eldigitaldeasturias.com\/magazine365\/#website","url":"https:\/\/eldigitaldeasturias.com\/magazine365\/","name":"El Digital de Asturias","description":"Revista de ocio, turismo y estilo de vida","inLanguage":"es-ES","publisher":{"@id":"https:\/\/eldigitaldeasturias.com\/magazine365\/#organization"}}]},"og:locale":"es_ES","og:site_name":"El Digital de Asturias \u2013 Revista de ocio, turismo y estilo de vida","og:type":"article","og:title":"El tiempo, hoy 1 de marzo de 2022 | El Digital de Asturias","og:description":"Un frente atl\u00e1ntico poco activo entrar\u00e1 por el noroeste peninsular, dejando cielos nubosos o cubiertos y precipitaciones en Galicia y \u00e1rea cant\u00e1brica occidental","og:url":"https:\/\/eldigitaldeasturias.com\/magazine365\/el-tiempo-hoy-1-de-marzo-de-2022\/","og:image":"https:\/\/eldigitaldeasturias.com\/magazine365\/wp-content\/uploads\/2022\/03\/lluvia.jpg","og:image:secure_url":"https:\/\/eldigitaldeasturias.com\/magazine365\/wp-content\/uploads\/2022\/03\/lluvia.jpg","og:image:width":640,"og:image:height":379,"article:published_time":"2022-03-01T11:37:50+00:00","article:modified_time":"2022-03-01T11:37:50+00:00","twitter:card":"summary_large_image","twitter:title":"El tiempo, hoy 1 de marzo de 2022 | El Digital de Asturias","twitter:description":"Un frente atl\u00e1ntico poco activo entrar\u00e1 por el noroeste peninsular, dejando cielos nubosos o cubiertos y precipitaciones en Galicia y \u00e1rea cant\u00e1brica occidental","twitter:image":"https:\/\/eldigitaldeasturias.com\/magazine365\/wp-content\/uploads\/2022\/03\/lluvia.jpg"},"aioseo_meta_data":{"post_id":"108202","title":null,"description":"Un frente atl\u00e1ntico poco activo entrar\u00e1 por el noroeste peninsular, dejando cielos nubosos o cubiertos y precipitaciones en Galicia y \u00e1rea cant\u00e1brica occidental","keywords":[],"keyphrases":{"focus":{"keyphrase":"frente atl\u00e1ntico","score":68,"analysis":{"keyphraseInTitle":{"title":"Focus keyphrase in SEO title","description":"Focus keyphrase not found in SEO title.","score":3,"maxScore":9,"error":1},"keyphraseInDescription":{"title":"Focus keyphrase in meta description","description":"Focus keyphrase found in meta description.","score":9,"maxScore":9,"error":0},"keyphraseLength":{"title":"Focus keyphrase length","description":"Good job!","score":9,"maxScore":9,"error":0,"length":2},"keyphraseInURL":{"title":"Focus keyphrase in URL","description":"Focus keyphrase not found in the URL.","score":1,"maxScore":5,"error":1},"keyphraseInIntroduction":{"title":"Focus keyphrase in introduction","description":"Your Focus keyphrase appears in the first paragraph. Well done!","score":9,"maxScore":9,"error":0},"keyphraseInSubHeadings":[],"keyphraseInImageAlt":{"title":"Focus keyphrase in image alt attributes","description":"Focus keyphrase not found in image alt attribute(s). Add an image with your Focus keyphrase as alt text.","score":3,"maxScore":9,"error":1}}},"additional":[{"keyphrase":"precipitaciones","score":83,"analysis":{"keyphraseInDescription":{"title":"Keyphrase in meta description","description":"Keyphrase found in meta description.","score":9,"maxScore":9,"error":0},"keyphraseLength":{"title":"Keyphrase length","description":"Good job!","score":9,"maxScore":9,"error":0,"length":1},"keyphraseInIntroduction":{"title":"Keyphrase in introduction","description":"Your Keyphrase appears in the first paragraph. Well done!","score":9,"maxScore":9,"error":0},"keyphraseInImageAlt":{"title":"Keyphrase in image alt attributes","description":"Keyphrase not found in image alt attribute(s). Add an image with your Keyphrase as alt text.","score":3,"maxScore":9,"error":1}}}]},"primary_term":null,"canonical_url":null,"og_title":null,"og_description":null,"og_object_type":"default","og_image_type":"default","og_image_url":null,"og_image_width":null,"og_image_height":null,"og_image_custom_url":null,"og_image_custom_fields":null,"og_video":"","og_custom_url":null,"og_article_section":null,"og_article_tags":[],"twitter_use_og":false,"twitter_card":"default","twitter_image_type":"default","twitter_image_url":null,"twitter_image_custom_url":null,"twitter_image_custom_fields":null,"twitter_title":null,"twitter_description":null,"schema":{"blockGraphs":[],"customGraphs":[],"default":{"data":{"Article":[],"Course":[],"Dataset":[],"FAQPage":[],"Movie":[],"Person":[],"Product":[],"ProductReview":[],"Car":[],"Recipe":[],"Service":[],"SoftwareApplication":[],"WebPage":[]},"graphName":"","isEnabled":true},"graphs":[],"defaultGraph":"Article","defaultPostTypeGraph":""},"schema_type":"default","schema_type_options":"{\"article\":{\"articleType\":\"BlogPosting\"},\"course\":{\"name\":\"\",\"description\":\"\",\"provider\":\"\"},\"faq\":{\"pages\":[]},\"product\":{\"reviews\":[]},\"recipe\":{\"ingredients\":[],\"instructions\":[],\"keywords\":[]},\"software\":{\"reviews\":[],\"operatingSystems\":[]},\"webPage\":{\"webPageType\":\"WebPage\"}}","pillar_content":false,"robots_default":true,"robots_noindex":false,"robots_noarchive":false,"robots_nosnippet":false,"robots_nofollow":false,"robots_noimageindex":false,"robots_noodp":false,"robots_notranslate":false,"robots_max_snippet":"-1","robots_max_videopreview":"-1","robots_max_imagepreview":"large","priority":null,"frequency":"default","location":null,"local_seo":null,"seo_analyzer_scan_date":"2025-09-30 01:58:10","breadcrumb_settings":null,"limit_modified_date":false,"open_ai":null,"ai":null,"created":"2022-03-01 11:34:28","updated":"2025-09-30 01:58:10"},"aioseo_breadcrumb":"<div class=\"aioseo-breadcrumbs\"><span class=\"aioseo-breadcrumb\">\n\t<a href=\"https:\/\/eldigitaldeasturias.com\/magazine365\" title=\"Home\">Home<\/a>\n<\/span><span class=\"aioseo-breadcrumb-separator\">\u2013<\/span><span class=\"aioseo-breadcrumb\">\n\t<a href=\"https:\/\/eldigitaldeasturias.com\/magazine365\/category\/la-agenda\/\" title=\"La Agenda\">La Agenda<\/a>\n<\/span><span class=\"aioseo-breadcrumb-separator\">\u2013<\/span><span class=\"aioseo-breadcrumb\">\n\t<a href=\"https:\/\/eldigitaldeasturias.com\/magazine365\/el-tiempo-hoy-1-de-marzo-de-2022\/\" title=\"El tiempo, hoy 1 de marzo de 2022\">El tiempo, hoy 1 de marzo de 2022<\/a>\n<\/span><\/div>","aioseo_breadcrumb_json":[{"label":"Home","link":"https:\/\/eldigitaldeasturias.com\/magazine365"},{"label":"La Agenda","link":"https:\/\/eldigitaldeasturias.com\/magazine365\/category\/la-agenda\/"},{"label":"El tiempo, hoy 1 de marzo de 2022","link":"https:\/\/eldigitaldeasturias.com\/magazine365\/el-tiempo-hoy-1-de-marzo-de-2022\/"}],"_links":{"self":[{"href":"https:\/\/eldigitaldeasturias.com\/magazine365\/wp-json\/wp\/v2\/posts\/108202","targetHints":{"allow":["GET"]}}],"collection":[{"href":"https:\/\/eldigitaldeasturias.com\/magazine365\/wp-json\/wp\/v2\/posts"}],"about":[{"href":"https:\/\/eldigitaldeasturias.com\/magazine365\/wp-json\/wp\/v2\/types\/post"}],"author":[{"embeddable":true,"href":"https:\/\/eldigitaldeasturias.com\/magazine365\/wp-json\/wp\/v2\/users\/1"}],"replies":[{"embeddable":true,"href":"https:\/\/eldigitaldeasturias.com\/magazine365\/wp-json\/wp\/v2\/comments?post=108202"}],"version-history":[{"count":0,"href":"https:\/\/eldigitaldeasturias.com\/magazine365\/wp-json\/wp\/v2\/posts\/108202\/revisions"}],"wp:featuredmedia":[{"embeddable":true,"href":"https:\/\/eldigitaldeasturias.com\/magazine365\/wp-json\/wp\/v2\/media\/108203"}],"wp:attachment":[{"href":"https:\/\/eldigitaldeasturias.com\/magazine365\/wp-json\/wp\/v2\/media?parent=108202"}],"wp:term":[{"taxonomy":"category","embeddable":true,"href":"https:\/\/eldigitaldeasturias.com\/magazine365\/wp-json\/wp\/v2\/categories?post=108202"},{"taxonomy":"post_tag","embeddable":true,"href":"https:\/\/eldigitaldeasturias.com\/magazine365\/wp-json\/wp\/v2\/tags?post=108202"}],"curies":[{"name":"wp","href":"https:\/\/api.w.org\/{rel}","templated":true}]}}