{"id":107905,"date":"2021-12-17T06:51:59","date_gmt":"2021-12-17T06:51:59","guid":{"rendered":"http:\/\/eldigitaldeasturias.com\/magazine365\/?p=107905"},"modified":"2021-12-17T17:32:36","modified_gmt":"2021-12-17T17:32:36","slug":"los-mejores-destinos-del-valle-de-aran-para-las-vacaciones-de-navidad","status":"publish","type":"post","link":"https:\/\/eldigitaldeasturias.com\/magazine365\/los-mejores-destinos-del-valle-de-aran-para-las-vacaciones-de-navidad\/","title":{"rendered":"Los mejores destinos del Valle de Ar\u00e1n para las vacaciones de Navidad"},"content":{"rendered":"<p>Ha llegado la \u00e9poca de disfrutar de la Navidad, y que mejor manera que viajando al <strong>Valle de Ar\u00e1n<\/strong>, un lujo para los sentidos y el plan perfecto para irte unos d\u00edas con la familia, la pareja o con los amigos, lo importante es hacerlo con ganas y disfrutar de cada momento en un destino realmente bello y que te ofrece todas las comodidades y tambi\u00e9n seguridad sanitaria frente al Covid-19, adem\u00e1s hablamos de un<strong> destino en el que podr\u00e1s esquiar<\/strong>, disfrutar de los paisajes, gastronom\u00eda o relajarte en uno de los <span style=\"color: #ff6600;\"><a style=\"color: #ff6600;\" title=\"alojamientos en el valle de ar\u00e1n\" href=\"https:\/\/almadenieve.com\/es\/\" target=\"_blank\" rel=\"noopener sponsored\"><strong>alojamientos en el valle de ar\u00e1n<\/strong><\/a><\/span> que te ofrece <strong>Alma de Nieve<\/strong>.<\/p>\n<figure id=\"attachment_107906\" aria-describedby=\"caption-attachment-107906\" style=\"width: 650px\" class=\"wp-caption aligncenter\"><img fetchpriority=\"high\" decoding=\"async\" class=\"wp-image-107906 size-large\" src=\"https:\/\/eldigitaldeasturias.com\/magazine365\/wp-content\/uploads\/2021\/12\/Val-de-Ruda-650x488.jpg\" alt=\"Val de Ruda\" width=\"650\" height=\"488\" srcset=\"https:\/\/eldigitaldeasturias.com\/magazine365\/wp-content\/uploads\/2021\/12\/Val-de-Ruda-650x488.jpg 650w, https:\/\/eldigitaldeasturias.com\/magazine365\/wp-content\/uploads\/2021\/12\/Val-de-Ruda-360x270.jpg 360w, https:\/\/eldigitaldeasturias.com\/magazine365\/wp-content\/uploads\/2021\/12\/Val-de-Ruda-768x576.jpg 768w, https:\/\/eldigitaldeasturias.com\/magazine365\/wp-content\/uploads\/2021\/12\/Val-de-Ruda-150x113.jpg 150w, https:\/\/eldigitaldeasturias.com\/magazine365\/wp-content\/uploads\/2021\/12\/Val-de-Ruda-450x338.jpg 450w, https:\/\/eldigitaldeasturias.com\/magazine365\/wp-content\/uploads\/2021\/12\/Val-de-Ruda-1200x900.jpg 1200w, https:\/\/eldigitaldeasturias.com\/magazine365\/wp-content\/uploads\/2021\/12\/Val-de-Ruda.jpg 1400w\" sizes=\"(max-width: 650px) 100vw, 650px\" \/><figcaption id=\"caption-attachment-107906\" class=\"wp-caption-text\">Foto: almadenieve.com\/es\/<\/figcaption><\/figure>\n<blockquote><p>Es momento de disfrutar, de olvidarse durante unos d\u00edas de las rutinas, la prisa y el trabajo, y las propuestas de Alma de Nieve son perfectas para todos, grupos, parejas o familias.<\/p><\/blockquote>\n<h2>Vacaciones diferentes<\/h2>\n<p>Si eres de los que busca <strong>un destino diferente<\/strong> no lo dudes y conf\u00eda en las propuestas y servicios de la empresa ideal para el <a title=\"alquiler de apartamentos en baqueira\" href=\"https:\/\/almadenieve.com\/es\/\" target=\"_blank\" rel=\"noopener sponsored\"><span style=\"color: #ff6600;\"><strong>alquiler de apartamentos en Baqueira<\/strong><\/span><\/a>, <strong>con Alma de Nieve todo son ventajas, calidad y buenas experiencias<\/strong>, y no lo decimos nosotros lo dicen sus clientes satisfechos y las buenas valoraciones con las que cuenta la empresa en la red.<br \/>\nVacaciones a tu medida y a tu ritmo en la zona del <strong>Valle de Ar\u00e1n; Baqueira, Val de Ruda, Vielha, Tred\u00f3s, Salardu, Escunhau, Gessa<\/strong>. \u00bfSuena bien verdad?, pues ahora es el momento de ir haciendo tu reserva, preparar la ropa y la maleta y lo m\u00e1s importante&#8230; elegir a los acompa\u00f1antes perfectos para vivir unos d\u00edas inolvidables.<\/p>\n<h2>\u00bfD\u00f3nde alojarse?<\/h2>\n<p>En Alma de Nieve te ofrecen una gran variedad de alojamientos, con buenos precios y todas las comodidades. <strong>\u00bfDeseas conocer sus propuestas?; puedes hacerlo visitando almadenieve.com\/es<\/strong>; pero nosotros hoy tambi\u00e9n te vamos recomendar tres opciones que sin duda te maravillar\u00e1n.<\/p>\n<p>Comenzamos por <strong>Val de Ruda, apartamento Adelaida<\/strong>, situado a pie de pistas en la cota 1.500 de Baqueira, ideal y perfecto para <strong>vivir unas Navidades blancas<\/strong>, cuenta con todas las comodidades que te puedas imaginar, con 110 metros cuadrados para que disfrutes con los tuyos de la nieve, de una buena cena y de lo que surja, adem\u00e1s cuenta con plazas de parking doble y 1 guarda-esqu\u00eds, desde el que se puede acceder directamente a la telecabina, es una opci\u00f3n perfecta para ir con la familia y tambi\u00e9n con los m\u00e1s peque\u00f1os de la casa.<\/p>\n<p>El <strong>apartamento La Solana<\/strong> es otra de las opciones que te ofrece Alma de Nieve, cuenta con 3 dormitorios y 2 ba\u00f1os y para los amantes de las fotos o de los selfies sus maravillosas vistas al Valle de Ar\u00e1n ser\u00e1n el lugar perfecto para relajarse,<strong> situado en Salard\u00fa tambi\u00e9n cuenta con todo lo necesario para que vivas una experiencia inolvidable<\/strong>.<\/p>\n<p>Y no podemos olvidarnos del <strong>apartamento Egua<\/strong>, situado en la cota 1700, en el complejo residencial<strong> Pleta de Nheu<\/strong>, hablamos de un coqueto apartamento de 1 dormitorio para 5 personas, ideal para disfrutar en familia con ni\u00f1os, pues sal\u00f3n, comedor y cocina americana totalmente equipada, con chimenea y acceso a la terraza que ofrece las magnificas vistas al valle<\/p>\n<h2>Alojamientos con encanto<\/h2>\n<p>Las propuestas que te hemos mencionado y toda la<strong> oferta de alojamientos que te ofrece Alma de Nieve<\/strong> forman parte de una propuesta en la que la calidad, el confort, el deporte, el descanso y la naturaleza se funden para ofrecerte las mejores vacaciones, las que te mereces, y siempre en alojamientos con encanto creados para disfrutar, sentir y disfrutar.<\/p>\n<p>Los mejores destinos del <strong>Valle de Ar\u00e1n<\/strong> para las vacaciones de Navidad los tienes en almadenieve.com\/es<\/p>\n","protected":false},"excerpt":{"rendered":"<p>Ha llegado la \u00e9poca de disfrutar de la Navidad, y que mejor manera que viajando al Valle de Ar\u00e1n, un lujo para los sentidos y el plan perfecto para irte unos d\u00edas con la familia, la pareja o con los amigos, lo importante es hacerlo con ganas y disfrutar de cada momento en un destino<\/p>\n","protected":false},"author":1,"featured_media":107906,"comment_status":"closed","ping_status":"closed","sticky":false,"template":"","format":"standard","meta":{"footnotes":""},"categories":[238],"tags":[364,376,377],"class_list":{"0":"post-107905","1":"post","2":"type-post","3":"status-publish","4":"format-standard","5":"has-post-thumbnail","7":"category-viajes","8":"tag-estilo-de-vida","9":"tag-turismo","10":"tag-viajes"},"aioseo_notices":[],"aioseo_head":"\n\t\t<!-- All in One SEO Pro 4.9.6.1 - aioseo.com -->\n\t<meta name=\"description\" content=\"Ha llegado la \u00e9poca de disfrutar de la Navidad, y que mejor manera que viajando al Valle de Ar\u00e1n, un lujo para los sentidos y el plan perfecto\" \/>\n\t<meta name=\"robots\" content=\"max-image-preview:large\" \/>\n\t<meta name=\"author\" content=\"admin\"\/>\n\t<meta name=\"google-site-verification\" content=\"UA-38556648-1\" \/>\n\t<meta name=\"keywords\" content=\"estilo de vida,turismo,viajes\" \/>\n\t<link rel=\"canonical\" href=\"https:\/\/eldigitaldeasturias.com\/magazine365\/los-mejores-destinos-del-valle-de-aran-para-las-vacaciones-de-navidad\/\" \/>\n\t<meta name=\"generator\" content=\"All in One SEO Pro (AIOSEO) 4.9.6.1\" \/>\n\t\t<meta property=\"og:locale\" content=\"es_ES\" \/>\n\t\t<meta property=\"og:site_name\" content=\"El Digital de Asturias \u2013 Revista de ocio, turismo y estilo de vida\" \/>\n\t\t<meta property=\"og:type\" content=\"article\" \/>\n\t\t<meta property=\"og:title\" content=\"Los mejores destinos del Valle de Ar\u00e1n para las vacaciones de Navidad | El Digital de Asturias\" \/>\n\t\t<meta property=\"og:description\" content=\"Ha llegado la \u00e9poca de disfrutar de la Navidad, y que mejor manera que viajando al Valle de Ar\u00e1n, un lujo para los sentidos y el plan perfecto\" \/>\n\t\t<meta property=\"og:url\" content=\"https:\/\/eldigitaldeasturias.com\/magazine365\/los-mejores-destinos-del-valle-de-aran-para-las-vacaciones-de-navidad\/\" \/>\n\t\t<meta property=\"og:image\" content=\"https:\/\/eldigitaldeasturias.com\/magazine365\/wp-content\/uploads\/2021\/12\/Val-de-Ruda.jpg\" \/>\n\t\t<meta property=\"og:image:secure_url\" content=\"https:\/\/eldigitaldeasturias.com\/magazine365\/wp-content\/uploads\/2021\/12\/Val-de-Ruda.jpg\" \/>\n\t\t<meta property=\"og:image:width\" content=\"1400\" \/>\n\t\t<meta property=\"og:image:height\" content=\"1050\" \/>\n\t\t<meta property=\"article:published_time\" content=\"2021-12-17T06:51:59+00:00\" \/>\n\t\t<meta property=\"article:modified_time\" content=\"2021-12-17T17:32:36+00:00\" \/>\n\t\t<meta name=\"twitter:card\" content=\"summary_large_image\" \/>\n\t\t<meta name=\"twitter:title\" content=\"Los mejores destinos del Valle de Ar\u00e1n para las vacaciones de Navidad | El Digital de Asturias\" \/>\n\t\t<meta name=\"twitter:description\" content=\"Ha llegado la \u00e9poca de disfrutar de la Navidad, y que mejor manera que viajando al Valle de Ar\u00e1n, un lujo para los sentidos y el plan perfecto\" \/>\n\t\t<meta name=\"twitter:image\" content=\"https:\/\/eldigitaldeasturias.com\/magazine365\/wp-content\/uploads\/2021\/12\/Val-de-Ruda.jpg\" \/>\n\t\t<script type=\"application\/ld+json\" class=\"aioseo-schema\">\n\t\t\t{\"@context\":\"https:\\\/\\\/schema.org\",\"@graph\":[{\"@type\":\"Article\",\"@id\":\"https:\\\/\\\/eldigitaldeasturias.com\\\/magazine365\\\/los-mejores-destinos-del-valle-de-aran-para-las-vacaciones-de-navidad\\\/#article\",\"name\":\"Los mejores destinos del Valle de Ar\\u00e1n para las vacaciones de Navidad | El Digital de Asturias\",\"headline\":\"Los mejores destinos del Valle de Ar\\u00e1n para las vacaciones de Navidad\",\"author\":{\"@id\":\"https:\\\/\\\/eldigitaldeasturias.com\\\/magazine365\\\/author\\\/admin\\\/#author\"},\"publisher\":{\"@id\":\"https:\\\/\\\/eldigitaldeasturias.com\\\/magazine365\\\/#organization\"},\"image\":{\"@type\":\"ImageObject\",\"url\":\"https:\\\/\\\/eldigitaldeasturias.com\\\/magazine365\\\/wp-content\\\/uploads\\\/2021\\\/12\\\/Val-de-Ruda.jpg\",\"width\":1400,\"height\":1050,\"caption\":\"Foto: almadenieve.com\\\/es\\\/\"},\"datePublished\":\"2021-12-17T06:51:59+01:00\",\"dateModified\":\"2021-12-17T17:32:36+01:00\",\"inLanguage\":\"es-ES\",\"mainEntityOfPage\":{\"@id\":\"https:\\\/\\\/eldigitaldeasturias.com\\\/magazine365\\\/los-mejores-destinos-del-valle-de-aran-para-las-vacaciones-de-navidad\\\/#webpage\"},\"isPartOf\":{\"@id\":\"https:\\\/\\\/eldigitaldeasturias.com\\\/magazine365\\\/los-mejores-destinos-del-valle-de-aran-para-las-vacaciones-de-navidad\\\/#webpage\"},\"articleSection\":\"Viajes, Estilo de vida, turismo, viajes\"},{\"@type\":\"BreadcrumbList\",\"@id\":\"https:\\\/\\\/eldigitaldeasturias.com\\\/magazine365\\\/los-mejores-destinos-del-valle-de-aran-para-las-vacaciones-de-navidad\\\/#breadcrumblist\",\"itemListElement\":[{\"@type\":\"ListItem\",\"@id\":\"https:\\\/\\\/eldigitaldeasturias.com\\\/magazine365#listItem\",\"position\":1,\"name\":\"Home\",\"item\":\"https:\\\/\\\/eldigitaldeasturias.com\\\/magazine365\",\"nextItem\":{\"@type\":\"ListItem\",\"@id\":\"https:\\\/\\\/eldigitaldeasturias.com\\\/magazine365\\\/category\\\/viajes\\\/#listItem\",\"name\":\"Viajes\"}},{\"@type\":\"ListItem\",\"@id\":\"https:\\\/\\\/eldigitaldeasturias.com\\\/magazine365\\\/category\\\/viajes\\\/#listItem\",\"position\":2,\"name\":\"Viajes\",\"item\":\"https:\\\/\\\/eldigitaldeasturias.com\\\/magazine365\\\/category\\\/viajes\\\/\",\"nextItem\":{\"@type\":\"ListItem\",\"@id\":\"https:\\\/\\\/eldigitaldeasturias.com\\\/magazine365\\\/los-mejores-destinos-del-valle-de-aran-para-las-vacaciones-de-navidad\\\/#listItem\",\"name\":\"Los mejores destinos del Valle de Ar\\u00e1n para las vacaciones de Navidad\"},\"previousItem\":{\"@type\":\"ListItem\",\"@id\":\"https:\\\/\\\/eldigitaldeasturias.com\\\/magazine365#listItem\",\"name\":\"Home\"}},{\"@type\":\"ListItem\",\"@id\":\"https:\\\/\\\/eldigitaldeasturias.com\\\/magazine365\\\/los-mejores-destinos-del-valle-de-aran-para-las-vacaciones-de-navidad\\\/#listItem\",\"position\":3,\"name\":\"Los mejores destinos del Valle de Ar\\u00e1n para las vacaciones de Navidad\",\"previousItem\":{\"@type\":\"ListItem\",\"@id\":\"https:\\\/\\\/eldigitaldeasturias.com\\\/magazine365\\\/category\\\/viajes\\\/#listItem\",\"name\":\"Viajes\"}}]},{\"@type\":\"Organization\",\"@id\":\"https:\\\/\\\/eldigitaldeasturias.com\\\/magazine365\\\/#organization\",\"name\":\"El digital de Asturias\",\"description\":\"Revista de ocio, turismo y estilo de vida\",\"url\":\"https:\\\/\\\/eldigitaldeasturias.com\\\/magazine365\\\/\",\"logo\":{\"@type\":\"ImageObject\",\"url\":\"https:\\\/\\\/www.eldigitaldeasturias.com\\\/noticias\\\/wp-content\\\/uploads\\\/2020\\\/12\\\/EDA.jpg\",\"@id\":\"https:\\\/\\\/eldigitaldeasturias.com\\\/magazine365\\\/los-mejores-destinos-del-valle-de-aran-para-las-vacaciones-de-navidad\\\/#organizationLogo\"},\"image\":{\"@id\":\"https:\\\/\\\/eldigitaldeasturias.com\\\/magazine365\\\/los-mejores-destinos-del-valle-de-aran-para-las-vacaciones-de-navidad\\\/#organizationLogo\"}},{\"@type\":\"Person\",\"@id\":\"https:\\\/\\\/eldigitaldeasturias.com\\\/magazine365\\\/author\\\/admin\\\/#author\",\"url\":\"https:\\\/\\\/eldigitaldeasturias.com\\\/magazine365\\\/author\\\/admin\\\/\",\"name\":\"admin\",\"image\":{\"@type\":\"ImageObject\",\"@id\":\"https:\\\/\\\/eldigitaldeasturias.com\\\/magazine365\\\/los-mejores-destinos-del-valle-de-aran-para-las-vacaciones-de-navidad\\\/#authorImage\",\"url\":\"https:\\\/\\\/eldigitaldeasturias.com\\\/magazine365\\\/wp-content\\\/litespeed\\\/avatar\\\/e571bcf59a0edd6fa6838245a470f2fe.jpg?ver=1776969259\",\"width\":96,\"height\":96,\"caption\":\"admin\"}},{\"@type\":\"WebPage\",\"@id\":\"https:\\\/\\\/eldigitaldeasturias.com\\\/magazine365\\\/los-mejores-destinos-del-valle-de-aran-para-las-vacaciones-de-navidad\\\/#webpage\",\"url\":\"https:\\\/\\\/eldigitaldeasturias.com\\\/magazine365\\\/los-mejores-destinos-del-valle-de-aran-para-las-vacaciones-de-navidad\\\/\",\"name\":\"Los mejores destinos del Valle de Ar\\u00e1n para las vacaciones de Navidad | El Digital de Asturias\",\"description\":\"Ha llegado la \\u00e9poca de disfrutar de la Navidad, y que mejor manera que viajando al Valle de Ar\\u00e1n, un lujo para los sentidos y el plan perfecto\",\"inLanguage\":\"es-ES\",\"isPartOf\":{\"@id\":\"https:\\\/\\\/eldigitaldeasturias.com\\\/magazine365\\\/#website\"},\"breadcrumb\":{\"@id\":\"https:\\\/\\\/eldigitaldeasturias.com\\\/magazine365\\\/los-mejores-destinos-del-valle-de-aran-para-las-vacaciones-de-navidad\\\/#breadcrumblist\"},\"author\":{\"@id\":\"https:\\\/\\\/eldigitaldeasturias.com\\\/magazine365\\\/author\\\/admin\\\/#author\"},\"creator\":{\"@id\":\"https:\\\/\\\/eldigitaldeasturias.com\\\/magazine365\\\/author\\\/admin\\\/#author\"},\"image\":{\"@type\":\"ImageObject\",\"url\":\"https:\\\/\\\/eldigitaldeasturias.com\\\/magazine365\\\/wp-content\\\/uploads\\\/2021\\\/12\\\/Val-de-Ruda.jpg\",\"@id\":\"https:\\\/\\\/eldigitaldeasturias.com\\\/magazine365\\\/los-mejores-destinos-del-valle-de-aran-para-las-vacaciones-de-navidad\\\/#mainImage\",\"width\":1400,\"height\":1050,\"caption\":\"Foto: almadenieve.com\\\/es\\\/\"},\"primaryImageOfPage\":{\"@id\":\"https:\\\/\\\/eldigitaldeasturias.com\\\/magazine365\\\/los-mejores-destinos-del-valle-de-aran-para-las-vacaciones-de-navidad\\\/#mainImage\"},\"datePublished\":\"2021-12-17T06:51:59+01:00\",\"dateModified\":\"2021-12-17T17:32:36+01:00\"},{\"@type\":\"WebSite\",\"@id\":\"https:\\\/\\\/eldigitaldeasturias.com\\\/magazine365\\\/#website\",\"url\":\"https:\\\/\\\/eldigitaldeasturias.com\\\/magazine365\\\/\",\"name\":\"El Digital de Asturias\",\"description\":\"Revista de ocio, turismo y estilo de vida\",\"inLanguage\":\"es-ES\",\"publisher\":{\"@id\":\"https:\\\/\\\/eldigitaldeasturias.com\\\/magazine365\\\/#organization\"}}]}\n\t\t<\/script>\n\t\t<!-- All in One SEO Pro -->\r\n\t\t<title>Los mejores destinos del Valle de Ar\u00e1n para las vacaciones de Navidad | El Digital de Asturias<\/title>\n\n","aioseo_head_json":{"title":"Los mejores destinos del Valle de Ar\u00e1n para las vacaciones de Navidad | El Digital de Asturias","description":"Ha llegado la \u00e9poca de disfrutar de la Navidad, y que mejor manera que viajando al Valle de Ar\u00e1n, un lujo para los sentidos y el plan perfecto","canonical_url":"https:\/\/eldigitaldeasturias.com\/magazine365\/los-mejores-destinos-del-valle-de-aran-para-las-vacaciones-de-navidad\/","robots":"max-image-preview:large","keywords":"estilo de vida,turismo,viajes","webmasterTools":{"google-site-verification":"UA-38556648-1","miscellaneous":""},"schema":{"@context":"https:\/\/schema.org","@graph":[{"@type":"Article","@id":"https:\/\/eldigitaldeasturias.com\/magazine365\/los-mejores-destinos-del-valle-de-aran-para-las-vacaciones-de-navidad\/#article","name":"Los mejores destinos del Valle de Ar\u00e1n para las vacaciones de Navidad | El Digital de Asturias","headline":"Los mejores destinos del Valle de Ar\u00e1n para las vacaciones de Navidad","author":{"@id":"https:\/\/eldigitaldeasturias.com\/magazine365\/author\/admin\/#author"},"publisher":{"@id":"https:\/\/eldigitaldeasturias.com\/magazine365\/#organization"},"image":{"@type":"ImageObject","url":"https:\/\/eldigitaldeasturias.com\/magazine365\/wp-content\/uploads\/2021\/12\/Val-de-Ruda.jpg","width":1400,"height":1050,"caption":"Foto: almadenieve.com\/es\/"},"datePublished":"2021-12-17T06:51:59+01:00","dateModified":"2021-12-17T17:32:36+01:00","inLanguage":"es-ES","mainEntityOfPage":{"@id":"https:\/\/eldigitaldeasturias.com\/magazine365\/los-mejores-destinos-del-valle-de-aran-para-las-vacaciones-de-navidad\/#webpage"},"isPartOf":{"@id":"https:\/\/eldigitaldeasturias.com\/magazine365\/los-mejores-destinos-del-valle-de-aran-para-las-vacaciones-de-navidad\/#webpage"},"articleSection":"Viajes, Estilo de vida, turismo, viajes"},{"@type":"BreadcrumbList","@id":"https:\/\/eldigitaldeasturias.com\/magazine365\/los-mejores-destinos-del-valle-de-aran-para-las-vacaciones-de-navidad\/#breadcrumblist","itemListElement":[{"@type":"ListItem","@id":"https:\/\/eldigitaldeasturias.com\/magazine365#listItem","position":1,"name":"Home","item":"https:\/\/eldigitaldeasturias.com\/magazine365","nextItem":{"@type":"ListItem","@id":"https:\/\/eldigitaldeasturias.com\/magazine365\/category\/viajes\/#listItem","name":"Viajes"}},{"@type":"ListItem","@id":"https:\/\/eldigitaldeasturias.com\/magazine365\/category\/viajes\/#listItem","position":2,"name":"Viajes","item":"https:\/\/eldigitaldeasturias.com\/magazine365\/category\/viajes\/","nextItem":{"@type":"ListItem","@id":"https:\/\/eldigitaldeasturias.com\/magazine365\/los-mejores-destinos-del-valle-de-aran-para-las-vacaciones-de-navidad\/#listItem","name":"Los mejores destinos del Valle de Ar\u00e1n para las vacaciones de Navidad"},"previousItem":{"@type":"ListItem","@id":"https:\/\/eldigitaldeasturias.com\/magazine365#listItem","name":"Home"}},{"@type":"ListItem","@id":"https:\/\/eldigitaldeasturias.com\/magazine365\/los-mejores-destinos-del-valle-de-aran-para-las-vacaciones-de-navidad\/#listItem","position":3,"name":"Los mejores destinos del Valle de Ar\u00e1n para las vacaciones de Navidad","previousItem":{"@type":"ListItem","@id":"https:\/\/eldigitaldeasturias.com\/magazine365\/category\/viajes\/#listItem","name":"Viajes"}}]},{"@type":"Organization","@id":"https:\/\/eldigitaldeasturias.com\/magazine365\/#organization","name":"El digital de Asturias","description":"Revista de ocio, turismo y estilo de vida","url":"https:\/\/eldigitaldeasturias.com\/magazine365\/","logo":{"@type":"ImageObject","url":"https:\/\/www.eldigitaldeasturias.com\/noticias\/wp-content\/uploads\/2020\/12\/EDA.jpg","@id":"https:\/\/eldigitaldeasturias.com\/magazine365\/los-mejores-destinos-del-valle-de-aran-para-las-vacaciones-de-navidad\/#organizationLogo"},"image":{"@id":"https:\/\/eldigitaldeasturias.com\/magazine365\/los-mejores-destinos-del-valle-de-aran-para-las-vacaciones-de-navidad\/#organizationLogo"}},{"@type":"Person","@id":"https:\/\/eldigitaldeasturias.com\/magazine365\/author\/admin\/#author","url":"https:\/\/eldigitaldeasturias.com\/magazine365\/author\/admin\/","name":"admin","image":{"@type":"ImageObject","@id":"https:\/\/eldigitaldeasturias.com\/magazine365\/los-mejores-destinos-del-valle-de-aran-para-las-vacaciones-de-navidad\/#authorImage","url":"https:\/\/eldigitaldeasturias.com\/magazine365\/wp-content\/litespeed\/avatar\/e571bcf59a0edd6fa6838245a470f2fe.jpg?ver=1776969259","width":96,"height":96,"caption":"admin"}},{"@type":"WebPage","@id":"https:\/\/eldigitaldeasturias.com\/magazine365\/los-mejores-destinos-del-valle-de-aran-para-las-vacaciones-de-navidad\/#webpage","url":"https:\/\/eldigitaldeasturias.com\/magazine365\/los-mejores-destinos-del-valle-de-aran-para-las-vacaciones-de-navidad\/","name":"Los mejores destinos del Valle de Ar\u00e1n para las vacaciones de Navidad | El Digital de Asturias","description":"Ha llegado la \u00e9poca de disfrutar de la Navidad, y que mejor manera que viajando al Valle de Ar\u00e1n, un lujo para los sentidos y el plan perfecto","inLanguage":"es-ES","isPartOf":{"@id":"https:\/\/eldigitaldeasturias.com\/magazine365\/#website"},"breadcrumb":{"@id":"https:\/\/eldigitaldeasturias.com\/magazine365\/los-mejores-destinos-del-valle-de-aran-para-las-vacaciones-de-navidad\/#breadcrumblist"},"author":{"@id":"https:\/\/eldigitaldeasturias.com\/magazine365\/author\/admin\/#author"},"creator":{"@id":"https:\/\/eldigitaldeasturias.com\/magazine365\/author\/admin\/#author"},"image":{"@type":"ImageObject","url":"https:\/\/eldigitaldeasturias.com\/magazine365\/wp-content\/uploads\/2021\/12\/Val-de-Ruda.jpg","@id":"https:\/\/eldigitaldeasturias.com\/magazine365\/los-mejores-destinos-del-valle-de-aran-para-las-vacaciones-de-navidad\/#mainImage","width":1400,"height":1050,"caption":"Foto: almadenieve.com\/es\/"},"primaryImageOfPage":{"@id":"https:\/\/eldigitaldeasturias.com\/magazine365\/los-mejores-destinos-del-valle-de-aran-para-las-vacaciones-de-navidad\/#mainImage"},"datePublished":"2021-12-17T06:51:59+01:00","dateModified":"2021-12-17T17:32:36+01:00"},{"@type":"WebSite","@id":"https:\/\/eldigitaldeasturias.com\/magazine365\/#website","url":"https:\/\/eldigitaldeasturias.com\/magazine365\/","name":"El Digital de Asturias","description":"Revista de ocio, turismo y estilo de vida","inLanguage":"es-ES","publisher":{"@id":"https:\/\/eldigitaldeasturias.com\/magazine365\/#organization"}}]},"og:locale":"es_ES","og:site_name":"El Digital de Asturias \u2013 Revista de ocio, turismo y estilo de vida","og:type":"article","og:title":"Los mejores destinos del Valle de Ar\u00e1n para las vacaciones de Navidad | El Digital de Asturias","og:description":"Ha llegado la \u00e9poca de disfrutar de la Navidad, y que mejor manera que viajando al Valle de Ar\u00e1n, un lujo para los sentidos y el plan perfecto","og:url":"https:\/\/eldigitaldeasturias.com\/magazine365\/los-mejores-destinos-del-valle-de-aran-para-las-vacaciones-de-navidad\/","og:image":"https:\/\/eldigitaldeasturias.com\/magazine365\/wp-content\/uploads\/2021\/12\/Val-de-Ruda.jpg","og:image:secure_url":"https:\/\/eldigitaldeasturias.com\/magazine365\/wp-content\/uploads\/2021\/12\/Val-de-Ruda.jpg","og:image:width":1400,"og:image:height":1050,"article:published_time":"2021-12-17T06:51:59+00:00","article:modified_time":"2021-12-17T17:32:36+00:00","twitter:card":"summary_large_image","twitter:title":"Los mejores destinos del Valle de Ar\u00e1n para las vacaciones de Navidad | El Digital de Asturias","twitter:description":"Ha llegado la \u00e9poca de disfrutar de la Navidad, y que mejor manera que viajando al Valle de Ar\u00e1n, un lujo para los sentidos y el plan perfecto","twitter:image":"https:\/\/eldigitaldeasturias.com\/magazine365\/wp-content\/uploads\/2021\/12\/Val-de-Ruda.jpg"},"aioseo_meta_data":{"post_id":"107905","title":null,"description":"Ha llegado la \u00e9poca de disfrutar de la Navidad, y que mejor manera que viajando al Valle de Ar\u00e1n, un lujo para los sentidos y el plan perfecto&nbsp;","keywords":[],"keyphrases":{"focus":{"keyphrase":"Navidad","score":80,"analysis":{"keyphraseInTitle":{"title":"Focus Keyphrase in SEO title","description":"Focus Keyphrase found in SEO title.","score":9,"maxScore":9,"error":0},"keyphraseInDescription":{"title":"Focus keyphrase in meta description","description":"Focus keyphrase found in meta description.","score":9,"maxScore":9,"error":0},"keyphraseInURL":{"title":"Focus Keyphrase in URL","description":"Focus Keyphrase used in the URL.","score":5,"maxScore":5,"error":0},"keyphraseLength":{"title":"Focus keyphrase length","description":"Good job!","score":9,"maxScore":9,"error":0,"length":1},"keyphraseInIntroduction":{"title":"Focus keyphrase in introduction","description":"Your Focus keyphrase appears in the first paragraph. Well done!","score":9,"maxScore":9,"error":0},"keyphraseInSubHeadings":{"title":"Focus Keyphrase in Subheadings","description":"Use your focus keyphrase more in your H2 and H3 subheadings.","score":3,"maxScore":9,"error":1},"keyphraseInImageAlt":{"title":"Focus keyphrase in image alt attributes","description":"Focus keyphrase not found in image alt attribute(s). Add an image with your Focus keyphrase as alt text.","score":3,"maxScore":9,"error":1}}},"additional":[{"keyphrase":"Valle de Ar\u00e1n","score":83,"analysis":{"keyphraseInDescription":{"title":"Keyphrase in meta description","description":"Keyphrase found in meta description.","score":9,"maxScore":9,"error":0},"keyphraseLength":{"title":"Keyphrase length","description":"Good job!","score":9,"maxScore":9,"error":0,"length":3},"keyphraseInIntroduction":{"title":"Keyphrase in introduction","description":"Your Keyphrase appears in the first paragraph. Well done!","score":9,"maxScore":9,"error":0},"keyphraseInImageAlt":{"title":"Keyphrase in image alt attributes","description":"Keyphrase not found in image alt attribute(s). Add an image with your Keyphrase as alt text.","score":3,"maxScore":9,"error":1}}},{"keyphrase":" \u00e9poca de disfrutar","score":83,"analysis":{"keyphraseInDescription":{"title":"Keyphrase in meta description","description":"Keyphrase found in meta description.","score":9,"maxScore":9,"error":0},"keyphraseLength":{"title":"Keyphrase length","description":"Good job!","score":9,"maxScore":9,"error":0,"length":3},"keyphraseInIntroduction":{"title":"Keyphrase in introduction","description":"Your Keyphrase appears in the first paragraph. Well done!","score":9,"maxScore":9,"error":0},"keyphraseInImageAlt":{"title":"Keyphrase in image alt attributes","description":"Keyphrase not found in image alt attribute(s). Add an image with your Keyphrase as alt text.","score":3,"maxScore":9,"error":1}}},{"keyphrase":"plan perfecto ","score":83,"analysis":{"keyphraseInDescription":{"title":"Keyphrase in meta description","description":"Keyphrase found in meta description.","score":9,"maxScore":9,"error":0},"keyphraseLength":{"title":"Keyphrase length","description":"Good job!","score":9,"maxScore":9,"error":0,"length":2},"keyphraseInIntroduction":{"title":"Keyphrase in introduction","description":"Your Keyphrase appears in the first paragraph. Well done!","score":9,"maxScore":9,"error":0},"keyphraseInImageAlt":{"title":"Keyphrase in image alt attributes","description":"Keyphrase not found in image alt attribute(s). Add an image with your Keyphrase as alt text.","score":3,"maxScore":9,"error":1}}}]},"primary_term":null,"canonical_url":null,"og_title":null,"og_description":null,"og_object_type":"default","og_image_type":"default","og_image_url":null,"og_image_width":null,"og_image_height":null,"og_image_custom_url":null,"og_image_custom_fields":null,"og_video":"","og_custom_url":null,"og_article_section":null,"og_article_tags":[],"twitter_use_og":false,"twitter_card":"default","twitter_image_type":"default","twitter_image_url":null,"twitter_image_custom_url":null,"twitter_image_custom_fields":null,"twitter_title":null,"twitter_description":null,"schema":{"blockGraphs":[],"customGraphs":[],"default":{"data":{"Article":[],"Course":[],"Dataset":[],"FAQPage":[],"Movie":[],"Person":[],"Product":[],"ProductReview":[],"Car":[],"Recipe":[],"Service":[],"SoftwareApplication":[],"WebPage":[]},"graphName":"","isEnabled":true},"graphs":[],"defaultGraph":"Article","defaultPostTypeGraph":""},"schema_type":"default","schema_type_options":"{\"article\":{\"articleType\":\"BlogPosting\"},\"course\":{\"name\":\"\",\"description\":\"\",\"provider\":\"\"},\"faq\":{\"pages\":[]},\"product\":{\"reviews\":[]},\"recipe\":{\"ingredients\":[],\"instructions\":[],\"keywords\":[]},\"software\":{\"reviews\":[],\"operatingSystems\":[]},\"webPage\":{\"webPageType\":\"WebPage\"}}","pillar_content":false,"robots_default":true,"robots_noindex":false,"robots_noarchive":false,"robots_nosnippet":false,"robots_nofollow":false,"robots_noimageindex":false,"robots_noodp":false,"robots_notranslate":false,"robots_max_snippet":"-1","robots_max_videopreview":"-1","robots_max_imagepreview":"large","priority":null,"frequency":"default","location":null,"local_seo":null,"seo_analyzer_scan_date":"2025-09-30 01:33:22","breadcrumb_settings":null,"limit_modified_date":false,"open_ai":null,"ai":null,"created":"2021-12-17 06:42:51","updated":"2025-09-30 01:33:22"},"aioseo_breadcrumb":"<div class=\"aioseo-breadcrumbs\"><span class=\"aioseo-breadcrumb\">\n\t<a href=\"https:\/\/eldigitaldeasturias.com\/magazine365\" title=\"Home\">Home<\/a>\n<\/span><span class=\"aioseo-breadcrumb-separator\">\u2013<\/span><span class=\"aioseo-breadcrumb\">\n\t<a href=\"https:\/\/eldigitaldeasturias.com\/magazine365\/category\/viajes\/\" title=\"Viajes\">Viajes<\/a>\n<\/span><span class=\"aioseo-breadcrumb-separator\">\u2013<\/span><span class=\"aioseo-breadcrumb\">\n\t<a href=\"https:\/\/eldigitaldeasturias.com\/magazine365\/los-mejores-destinos-del-valle-de-aran-para-las-vacaciones-de-navidad\/\" title=\"Los mejores destinos del Valle de Ar\u00e1n para las vacaciones de Navidad\">Los mejores destinos del Valle de Ar\u00e1n para las vacaciones de Navidad<\/a>\n<\/span><\/div>","aioseo_breadcrumb_json":[{"label":"Home","link":"https:\/\/eldigitaldeasturias.com\/magazine365"},{"label":"Viajes","link":"https:\/\/eldigitaldeasturias.com\/magazine365\/category\/viajes\/"},{"label":"Los mejores destinos del Valle de Ar\u00e1n para las vacaciones de Navidad","link":"https:\/\/eldigitaldeasturias.com\/magazine365\/los-mejores-destinos-del-valle-de-aran-para-las-vacaciones-de-navidad\/"}],"_links":{"self":[{"href":"https:\/\/eldigitaldeasturias.com\/magazine365\/wp-json\/wp\/v2\/posts\/107905","targetHints":{"allow":["GET"]}}],"collection":[{"href":"https:\/\/eldigitaldeasturias.com\/magazine365\/wp-json\/wp\/v2\/posts"}],"about":[{"href":"https:\/\/eldigitaldeasturias.com\/magazine365\/wp-json\/wp\/v2\/types\/post"}],"author":[{"embeddable":true,"href":"https:\/\/eldigitaldeasturias.com\/magazine365\/wp-json\/wp\/v2\/users\/1"}],"replies":[{"embeddable":true,"href":"https:\/\/eldigitaldeasturias.com\/magazine365\/wp-json\/wp\/v2\/comments?post=107905"}],"version-history":[{"count":0,"href":"https:\/\/eldigitaldeasturias.com\/magazine365\/wp-json\/wp\/v2\/posts\/107905\/revisions"}],"wp:featuredmedia":[{"embeddable":true,"href":"https:\/\/eldigitaldeasturias.com\/magazine365\/wp-json\/wp\/v2\/media\/107906"}],"wp:attachment":[{"href":"https:\/\/eldigitaldeasturias.com\/magazine365\/wp-json\/wp\/v2\/media?parent=107905"}],"wp:term":[{"taxonomy":"category","embeddable":true,"href":"https:\/\/eldigitaldeasturias.com\/magazine365\/wp-json\/wp\/v2\/categories?post=107905"},{"taxonomy":"post_tag","embeddable":true,"href":"https:\/\/eldigitaldeasturias.com\/magazine365\/wp-json\/wp\/v2\/tags?post=107905"}],"curies":[{"name":"wp","href":"https:\/\/api.w.org\/{rel}","templated":true}]}}