{"id":107382,"date":"2021-09-09T13:53:10","date_gmt":"2021-09-09T13:53:10","guid":{"rendered":"http:\/\/eldigitaldeasturias.com\/magazine365\/?p=107382"},"modified":"2021-09-09T13:53:10","modified_gmt":"2021-09-09T13:53:10","slug":"el-tiempo-jueves-9-de-septiembre-de-2021","status":"publish","type":"post","link":"https:\/\/eldigitaldeasturias.com\/magazine365\/el-tiempo-jueves-9-de-septiembre-de-2021\/","title":{"rendered":"El tiempo, jueves 9 de septiembre de 2021"},"content":{"rendered":"<p><img fetchpriority=\"high\" decoding=\"async\" class=\"alignleft size-medium wp-image-107383\" src=\"https:\/\/eldigitaldeasturias.com\/magazine365\/wp-content\/uploads\/2021\/09\/Lluvia-360x228.jpg\" alt=\"Lluvia\" width=\"360\" height=\"228\" srcset=\"https:\/\/eldigitaldeasturias.com\/magazine365\/wp-content\/uploads\/2021\/09\/Lluvia-360x228.jpg 360w, https:\/\/eldigitaldeasturias.com\/magazine365\/wp-content\/uploads\/2021\/09\/Lluvia-150x95.jpg 150w, https:\/\/eldigitaldeasturias.com\/magazine365\/wp-content\/uploads\/2021\/09\/Lluvia-450x285.jpg 450w, https:\/\/eldigitaldeasturias.com\/magazine365\/wp-content\/uploads\/2021\/09\/Lluvia.jpg 640w\" sizes=\"(max-width: 360px) 100vw, 360px\" \/>Hoy d\u00eda 9 de septiembre, en el este de Catalu\u00f1a, el jueves ser\u00e1 nuboso o cubierto, con chubascos y tormentas que pueden ser localmente fuertes, extendi\u00e9ndose durante el d\u00eda a otras zonas del nordeste peninsular, Comunidad Valenciana y Baleares. <strong>Son m\u00e1s probables y tambi\u00e9n ser\u00e1n localmente fuertes, principalmente por la tarde, en el resto de Catalu\u00f1a, Huesca, Castell\u00f3n y nordeste de Baleares, sin descartarlo en el Pirineo navarro<\/strong>. Cabe la posibilidad de que localmente alcancen intensidad muy fuerte y vayan acompa\u00f1adas de granizo grande en puntos de Catalu\u00f1a. Por otro lado, se espera un aumento de la nubosidad durante el d\u00eda en el resto del extremo norte peninsular, con precipitaciones dispersas y ocasionales, que se ir\u00e1n extendiendo de oeste a este. <strong>No se descarta que sean localmente fuertes por la tarde en el interior de Galicia y del \u00e1rea cant\u00e1brica, especialmente en zonas monta\u00f1osas de Asturias y Cantabria<\/strong>. De forma d\u00e9bil y aislada, tambi\u00e9n pueden afectar a otros puntos de la mitad norte peninsular. En el resto de la Pen\u00ednsula, poco nuboso al principio o con intervalos de nubes medias y altas, con abundante nubosidad de evoluci\u00f3n diurna en el interior peninsular.<\/p>\n<p>En Canarias, intervalos nubosos en el norte de las islas y poco nuboso en general en el resto.<\/p>\n<p>Las temperaturas descender\u00e1n en el interior de la mitad este peninsular y nordeste de Baleares, manteni\u00e9ndose sin granes cambios en el resto. <strong>Es probable que alcancen valores significativamente altos en puntos del sur y median\u00edas de Canarias, superando los 34 grados en el sur de Gran Canaria, seg\u00fan informa AEMET<\/strong><\/p>\n<p>Viento del oeste en Galicia y Andaluc\u00eda, con intervalos de fuerte en el Estrecho y litoral de Albor\u00e1n. De componentes norte y este en Baleares y resto del litoral mediterr\u00e1neo. Alisios localmente fuertes en Canarias. Predominio del viento flojo en el resto de la Pen\u00ednsula, siendo de componente oeste en la vertiente atl\u00e1ntica.<\/p>\n","protected":false},"excerpt":{"rendered":"<p>Hoy d\u00eda 9 de septiembre, en el este de Catalu\u00f1a, el jueves ser\u00e1 nuboso o cubierto, con chubascos y tormentas que pueden ser localmente fuertes, extendi\u00e9ndose durante el d\u00eda a otras zonas del nordeste peninsular, Comunidad Valenciana y Baleares. Son m\u00e1s probables y tambi\u00e9n ser\u00e1n localmente fuertes, principalmente por la tarde, en el resto de<\/p>\n","protected":false},"author":1,"featured_media":107383,"comment_status":"closed","ping_status":"closed","sticky":false,"template":"","format":"standard","meta":{"footnotes":""},"categories":[1],"tags":[342,347],"class_list":{"0":"post-107382","1":"post","2":"type-post","3":"status-publish","4":"format-standard","5":"has-post-thumbnail","7":"category-la-agenda","8":"tag-el-tiempo","9":"tag-espana"},"aioseo_notices":[],"aioseo_head":"\n\t\t<!-- All in One SEO Pro 4.9.6.1 - aioseo.com -->\n\t<meta name=\"description\" content=\"Hoy d\u00eda 9 de septiembre, en el este de Catalu\u00f1a, el jueves ser\u00e1 nuboso o cubierto, con chubascos y tormentas que pueden ser localmente fuertes\" \/>\n\t<meta name=\"robots\" content=\"max-image-preview:large\" \/>\n\t<meta name=\"author\" content=\"admin\"\/>\n\t<meta name=\"google-site-verification\" content=\"UA-38556648-1\" \/>\n\t<meta name=\"keywords\" content=\"el tiempo,espa\u00f1a,la agenda\" \/>\n\t<link rel=\"canonical\" href=\"https:\/\/eldigitaldeasturias.com\/magazine365\/el-tiempo-jueves-9-de-septiembre-de-2021\/\" \/>\n\t<meta name=\"generator\" content=\"All in One SEO Pro (AIOSEO) 4.9.6.1\" \/>\n\t\t<meta property=\"og:locale\" content=\"es_ES\" \/>\n\t\t<meta property=\"og:site_name\" content=\"El Digital de Asturias \u2013 Revista de ocio, turismo y estilo de vida\" \/>\n\t\t<meta property=\"og:type\" content=\"article\" \/>\n\t\t<meta property=\"og:title\" content=\"El tiempo, jueves 9 de septiembre de 2021 | El Digital de Asturias\" \/>\n\t\t<meta property=\"og:description\" content=\"Hoy d\u00eda 9 de septiembre, en el este de Catalu\u00f1a, el jueves ser\u00e1 nuboso o cubierto, con chubascos y tormentas que pueden ser localmente fuertes\" \/>\n\t\t<meta property=\"og:url\" content=\"https:\/\/eldigitaldeasturias.com\/magazine365\/el-tiempo-jueves-9-de-septiembre-de-2021\/\" \/>\n\t\t<meta property=\"og:image\" content=\"https:\/\/eldigitaldeasturias.com\/magazine365\/wp-content\/uploads\/2021\/09\/Lluvia.jpg\" \/>\n\t\t<meta property=\"og:image:secure_url\" content=\"https:\/\/eldigitaldeasturias.com\/magazine365\/wp-content\/uploads\/2021\/09\/Lluvia.jpg\" \/>\n\t\t<meta property=\"og:image:width\" content=\"640\" \/>\n\t\t<meta property=\"og:image:height\" content=\"406\" \/>\n\t\t<meta property=\"article:published_time\" content=\"2021-09-09T13:53:10+00:00\" \/>\n\t\t<meta property=\"article:modified_time\" content=\"2021-09-09T13:53:10+00:00\" \/>\n\t\t<meta name=\"twitter:card\" content=\"summary_large_image\" \/>\n\t\t<meta name=\"twitter:title\" content=\"El tiempo, jueves 9 de septiembre de 2021 | El Digital de Asturias\" \/>\n\t\t<meta name=\"twitter:description\" content=\"Hoy d\u00eda 9 de septiembre, en el este de Catalu\u00f1a, el jueves ser\u00e1 nuboso o cubierto, con chubascos y tormentas que pueden ser localmente fuertes\" \/>\n\t\t<meta name=\"twitter:image\" content=\"https:\/\/eldigitaldeasturias.com\/magazine365\/wp-content\/uploads\/2021\/09\/Lluvia.jpg\" \/>\n\t\t<script type=\"application\/ld+json\" class=\"aioseo-schema\">\n\t\t\t{\"@context\":\"https:\\\/\\\/schema.org\",\"@graph\":[{\"@type\":\"Article\",\"@id\":\"https:\\\/\\\/eldigitaldeasturias.com\\\/magazine365\\\/el-tiempo-jueves-9-de-septiembre-de-2021\\\/#article\",\"name\":\"El tiempo, jueves 9 de septiembre de 2021 | El Digital de Asturias\",\"headline\":\"El tiempo, jueves 9 de septiembre de 2021\",\"author\":{\"@id\":\"https:\\\/\\\/eldigitaldeasturias.com\\\/magazine365\\\/author\\\/admin\\\/#author\"},\"publisher\":{\"@id\":\"https:\\\/\\\/eldigitaldeasturias.com\\\/magazine365\\\/#organization\"},\"image\":{\"@type\":\"ImageObject\",\"url\":\"https:\\\/\\\/eldigitaldeasturias.com\\\/magazine365\\\/wp-content\\\/uploads\\\/2021\\\/09\\\/Lluvia.jpg\",\"width\":640,\"height\":406,\"caption\":\"Lluvia\"},\"datePublished\":\"2021-09-09T13:53:10+02:00\",\"dateModified\":\"2021-09-09T13:53:10+02:00\",\"inLanguage\":\"es-ES\",\"mainEntityOfPage\":{\"@id\":\"https:\\\/\\\/eldigitaldeasturias.com\\\/magazine365\\\/el-tiempo-jueves-9-de-septiembre-de-2021\\\/#webpage\"},\"isPartOf\":{\"@id\":\"https:\\\/\\\/eldigitaldeasturias.com\\\/magazine365\\\/el-tiempo-jueves-9-de-septiembre-de-2021\\\/#webpage\"},\"articleSection\":\"La Agenda, El tiempo, Espa\\u00f1a\"},{\"@type\":\"BreadcrumbList\",\"@id\":\"https:\\\/\\\/eldigitaldeasturias.com\\\/magazine365\\\/el-tiempo-jueves-9-de-septiembre-de-2021\\\/#breadcrumblist\",\"itemListElement\":[{\"@type\":\"ListItem\",\"@id\":\"https:\\\/\\\/eldigitaldeasturias.com\\\/magazine365#listItem\",\"position\":1,\"name\":\"Home\",\"item\":\"https:\\\/\\\/eldigitaldeasturias.com\\\/magazine365\",\"nextItem\":{\"@type\":\"ListItem\",\"@id\":\"https:\\\/\\\/eldigitaldeasturias.com\\\/magazine365\\\/category\\\/la-agenda\\\/#listItem\",\"name\":\"La Agenda\"}},{\"@type\":\"ListItem\",\"@id\":\"https:\\\/\\\/eldigitaldeasturias.com\\\/magazine365\\\/category\\\/la-agenda\\\/#listItem\",\"position\":2,\"name\":\"La Agenda\",\"item\":\"https:\\\/\\\/eldigitaldeasturias.com\\\/magazine365\\\/category\\\/la-agenda\\\/\",\"nextItem\":{\"@type\":\"ListItem\",\"@id\":\"https:\\\/\\\/eldigitaldeasturias.com\\\/magazine365\\\/el-tiempo-jueves-9-de-septiembre-de-2021\\\/#listItem\",\"name\":\"El tiempo, jueves 9 de septiembre de 2021\"},\"previousItem\":{\"@type\":\"ListItem\",\"@id\":\"https:\\\/\\\/eldigitaldeasturias.com\\\/magazine365#listItem\",\"name\":\"Home\"}},{\"@type\":\"ListItem\",\"@id\":\"https:\\\/\\\/eldigitaldeasturias.com\\\/magazine365\\\/el-tiempo-jueves-9-de-septiembre-de-2021\\\/#listItem\",\"position\":3,\"name\":\"El tiempo, jueves 9 de septiembre de 2021\",\"previousItem\":{\"@type\":\"ListItem\",\"@id\":\"https:\\\/\\\/eldigitaldeasturias.com\\\/magazine365\\\/category\\\/la-agenda\\\/#listItem\",\"name\":\"La Agenda\"}}]},{\"@type\":\"Organization\",\"@id\":\"https:\\\/\\\/eldigitaldeasturias.com\\\/magazine365\\\/#organization\",\"name\":\"El digital de Asturias\",\"description\":\"Revista de ocio, turismo y estilo de vida\",\"url\":\"https:\\\/\\\/eldigitaldeasturias.com\\\/magazine365\\\/\",\"logo\":{\"@type\":\"ImageObject\",\"url\":\"https:\\\/\\\/www.eldigitaldeasturias.com\\\/noticias\\\/wp-content\\\/uploads\\\/2020\\\/12\\\/EDA.jpg\",\"@id\":\"https:\\\/\\\/eldigitaldeasturias.com\\\/magazine365\\\/el-tiempo-jueves-9-de-septiembre-de-2021\\\/#organizationLogo\"},\"image\":{\"@id\":\"https:\\\/\\\/eldigitaldeasturias.com\\\/magazine365\\\/el-tiempo-jueves-9-de-septiembre-de-2021\\\/#organizationLogo\"}},{\"@type\":\"Person\",\"@id\":\"https:\\\/\\\/eldigitaldeasturias.com\\\/magazine365\\\/author\\\/admin\\\/#author\",\"url\":\"https:\\\/\\\/eldigitaldeasturias.com\\\/magazine365\\\/author\\\/admin\\\/\",\"name\":\"admin\",\"image\":{\"@type\":\"ImageObject\",\"@id\":\"https:\\\/\\\/eldigitaldeasturias.com\\\/magazine365\\\/el-tiempo-jueves-9-de-septiembre-de-2021\\\/#authorImage\",\"url\":\"https:\\\/\\\/eldigitaldeasturias.com\\\/magazine365\\\/wp-content\\\/litespeed\\\/avatar\\\/e571bcf59a0edd6fa6838245a470f2fe.jpg?ver=1776969259\",\"width\":96,\"height\":96,\"caption\":\"admin\"}},{\"@type\":\"WebPage\",\"@id\":\"https:\\\/\\\/eldigitaldeasturias.com\\\/magazine365\\\/el-tiempo-jueves-9-de-septiembre-de-2021\\\/#webpage\",\"url\":\"https:\\\/\\\/eldigitaldeasturias.com\\\/magazine365\\\/el-tiempo-jueves-9-de-septiembre-de-2021\\\/\",\"name\":\"El tiempo, jueves 9 de septiembre de 2021 | El Digital de Asturias\",\"description\":\"Hoy d\\u00eda 9 de septiembre, en el este de Catalu\\u00f1a, el jueves ser\\u00e1 nuboso o cubierto, con chubascos y tormentas que pueden ser localmente fuertes\",\"inLanguage\":\"es-ES\",\"isPartOf\":{\"@id\":\"https:\\\/\\\/eldigitaldeasturias.com\\\/magazine365\\\/#website\"},\"breadcrumb\":{\"@id\":\"https:\\\/\\\/eldigitaldeasturias.com\\\/magazine365\\\/el-tiempo-jueves-9-de-septiembre-de-2021\\\/#breadcrumblist\"},\"author\":{\"@id\":\"https:\\\/\\\/eldigitaldeasturias.com\\\/magazine365\\\/author\\\/admin\\\/#author\"},\"creator\":{\"@id\":\"https:\\\/\\\/eldigitaldeasturias.com\\\/magazine365\\\/author\\\/admin\\\/#author\"},\"image\":{\"@type\":\"ImageObject\",\"url\":\"https:\\\/\\\/eldigitaldeasturias.com\\\/magazine365\\\/wp-content\\\/uploads\\\/2021\\\/09\\\/Lluvia.jpg\",\"@id\":\"https:\\\/\\\/eldigitaldeasturias.com\\\/magazine365\\\/el-tiempo-jueves-9-de-septiembre-de-2021\\\/#mainImage\",\"width\":640,\"height\":406,\"caption\":\"Lluvia\"},\"primaryImageOfPage\":{\"@id\":\"https:\\\/\\\/eldigitaldeasturias.com\\\/magazine365\\\/el-tiempo-jueves-9-de-septiembre-de-2021\\\/#mainImage\"},\"datePublished\":\"2021-09-09T13:53:10+02:00\",\"dateModified\":\"2021-09-09T13:53:10+02:00\"},{\"@type\":\"WebSite\",\"@id\":\"https:\\\/\\\/eldigitaldeasturias.com\\\/magazine365\\\/#website\",\"url\":\"https:\\\/\\\/eldigitaldeasturias.com\\\/magazine365\\\/\",\"name\":\"El Digital de Asturias\",\"description\":\"Revista de ocio, turismo y estilo de vida\",\"inLanguage\":\"es-ES\",\"publisher\":{\"@id\":\"https:\\\/\\\/eldigitaldeasturias.com\\\/magazine365\\\/#organization\"}}]}\n\t\t<\/script>\n\t\t<!-- All in One SEO Pro -->\r\n\t\t<title>El tiempo, jueves 9 de septiembre de 2021 | El Digital de Asturias<\/title>\n\n","aioseo_head_json":{"title":"El tiempo, jueves 9 de septiembre de 2021 | El Digital de Asturias","description":"Hoy d\u00eda 9 de septiembre, en el este de Catalu\u00f1a, el jueves ser\u00e1 nuboso o cubierto, con chubascos y tormentas que pueden ser localmente fuertes","canonical_url":"https:\/\/eldigitaldeasturias.com\/magazine365\/el-tiempo-jueves-9-de-septiembre-de-2021\/","robots":"max-image-preview:large","keywords":"el tiempo,espa\u00f1a,la agenda","webmasterTools":{"google-site-verification":"UA-38556648-1","miscellaneous":""},"schema":{"@context":"https:\/\/schema.org","@graph":[{"@type":"Article","@id":"https:\/\/eldigitaldeasturias.com\/magazine365\/el-tiempo-jueves-9-de-septiembre-de-2021\/#article","name":"El tiempo, jueves 9 de septiembre de 2021 | El Digital de Asturias","headline":"El tiempo, jueves 9 de septiembre de 2021","author":{"@id":"https:\/\/eldigitaldeasturias.com\/magazine365\/author\/admin\/#author"},"publisher":{"@id":"https:\/\/eldigitaldeasturias.com\/magazine365\/#organization"},"image":{"@type":"ImageObject","url":"https:\/\/eldigitaldeasturias.com\/magazine365\/wp-content\/uploads\/2021\/09\/Lluvia.jpg","width":640,"height":406,"caption":"Lluvia"},"datePublished":"2021-09-09T13:53:10+02:00","dateModified":"2021-09-09T13:53:10+02:00","inLanguage":"es-ES","mainEntityOfPage":{"@id":"https:\/\/eldigitaldeasturias.com\/magazine365\/el-tiempo-jueves-9-de-septiembre-de-2021\/#webpage"},"isPartOf":{"@id":"https:\/\/eldigitaldeasturias.com\/magazine365\/el-tiempo-jueves-9-de-septiembre-de-2021\/#webpage"},"articleSection":"La Agenda, El tiempo, Espa\u00f1a"},{"@type":"BreadcrumbList","@id":"https:\/\/eldigitaldeasturias.com\/magazine365\/el-tiempo-jueves-9-de-septiembre-de-2021\/#breadcrumblist","itemListElement":[{"@type":"ListItem","@id":"https:\/\/eldigitaldeasturias.com\/magazine365#listItem","position":1,"name":"Home","item":"https:\/\/eldigitaldeasturias.com\/magazine365","nextItem":{"@type":"ListItem","@id":"https:\/\/eldigitaldeasturias.com\/magazine365\/category\/la-agenda\/#listItem","name":"La Agenda"}},{"@type":"ListItem","@id":"https:\/\/eldigitaldeasturias.com\/magazine365\/category\/la-agenda\/#listItem","position":2,"name":"La Agenda","item":"https:\/\/eldigitaldeasturias.com\/magazine365\/category\/la-agenda\/","nextItem":{"@type":"ListItem","@id":"https:\/\/eldigitaldeasturias.com\/magazine365\/el-tiempo-jueves-9-de-septiembre-de-2021\/#listItem","name":"El tiempo, jueves 9 de septiembre de 2021"},"previousItem":{"@type":"ListItem","@id":"https:\/\/eldigitaldeasturias.com\/magazine365#listItem","name":"Home"}},{"@type":"ListItem","@id":"https:\/\/eldigitaldeasturias.com\/magazine365\/el-tiempo-jueves-9-de-septiembre-de-2021\/#listItem","position":3,"name":"El tiempo, jueves 9 de septiembre de 2021","previousItem":{"@type":"ListItem","@id":"https:\/\/eldigitaldeasturias.com\/magazine365\/category\/la-agenda\/#listItem","name":"La Agenda"}}]},{"@type":"Organization","@id":"https:\/\/eldigitaldeasturias.com\/magazine365\/#organization","name":"El digital de Asturias","description":"Revista de ocio, turismo y estilo de vida","url":"https:\/\/eldigitaldeasturias.com\/magazine365\/","logo":{"@type":"ImageObject","url":"https:\/\/www.eldigitaldeasturias.com\/noticias\/wp-content\/uploads\/2020\/12\/EDA.jpg","@id":"https:\/\/eldigitaldeasturias.com\/magazine365\/el-tiempo-jueves-9-de-septiembre-de-2021\/#organizationLogo"},"image":{"@id":"https:\/\/eldigitaldeasturias.com\/magazine365\/el-tiempo-jueves-9-de-septiembre-de-2021\/#organizationLogo"}},{"@type":"Person","@id":"https:\/\/eldigitaldeasturias.com\/magazine365\/author\/admin\/#author","url":"https:\/\/eldigitaldeasturias.com\/magazine365\/author\/admin\/","name":"admin","image":{"@type":"ImageObject","@id":"https:\/\/eldigitaldeasturias.com\/magazine365\/el-tiempo-jueves-9-de-septiembre-de-2021\/#authorImage","url":"https:\/\/eldigitaldeasturias.com\/magazine365\/wp-content\/litespeed\/avatar\/e571bcf59a0edd6fa6838245a470f2fe.jpg?ver=1776969259","width":96,"height":96,"caption":"admin"}},{"@type":"WebPage","@id":"https:\/\/eldigitaldeasturias.com\/magazine365\/el-tiempo-jueves-9-de-septiembre-de-2021\/#webpage","url":"https:\/\/eldigitaldeasturias.com\/magazine365\/el-tiempo-jueves-9-de-septiembre-de-2021\/","name":"El tiempo, jueves 9 de septiembre de 2021 | El Digital de Asturias","description":"Hoy d\u00eda 9 de septiembre, en el este de Catalu\u00f1a, el jueves ser\u00e1 nuboso o cubierto, con chubascos y tormentas que pueden ser localmente fuertes","inLanguage":"es-ES","isPartOf":{"@id":"https:\/\/eldigitaldeasturias.com\/magazine365\/#website"},"breadcrumb":{"@id":"https:\/\/eldigitaldeasturias.com\/magazine365\/el-tiempo-jueves-9-de-septiembre-de-2021\/#breadcrumblist"},"author":{"@id":"https:\/\/eldigitaldeasturias.com\/magazine365\/author\/admin\/#author"},"creator":{"@id":"https:\/\/eldigitaldeasturias.com\/magazine365\/author\/admin\/#author"},"image":{"@type":"ImageObject","url":"https:\/\/eldigitaldeasturias.com\/magazine365\/wp-content\/uploads\/2021\/09\/Lluvia.jpg","@id":"https:\/\/eldigitaldeasturias.com\/magazine365\/el-tiempo-jueves-9-de-septiembre-de-2021\/#mainImage","width":640,"height":406,"caption":"Lluvia"},"primaryImageOfPage":{"@id":"https:\/\/eldigitaldeasturias.com\/magazine365\/el-tiempo-jueves-9-de-septiembre-de-2021\/#mainImage"},"datePublished":"2021-09-09T13:53:10+02:00","dateModified":"2021-09-09T13:53:10+02:00"},{"@type":"WebSite","@id":"https:\/\/eldigitaldeasturias.com\/magazine365\/#website","url":"https:\/\/eldigitaldeasturias.com\/magazine365\/","name":"El Digital de Asturias","description":"Revista de ocio, turismo y estilo de vida","inLanguage":"es-ES","publisher":{"@id":"https:\/\/eldigitaldeasturias.com\/magazine365\/#organization"}}]},"og:locale":"es_ES","og:site_name":"El Digital de Asturias \u2013 Revista de ocio, turismo y estilo de vida","og:type":"article","og:title":"El tiempo, jueves 9 de septiembre de 2021 | El Digital de Asturias","og:description":"Hoy d\u00eda 9 de septiembre, en el este de Catalu\u00f1a, el jueves ser\u00e1 nuboso o cubierto, con chubascos y tormentas que pueden ser localmente fuertes","og:url":"https:\/\/eldigitaldeasturias.com\/magazine365\/el-tiempo-jueves-9-de-septiembre-de-2021\/","og:image":"https:\/\/eldigitaldeasturias.com\/magazine365\/wp-content\/uploads\/2021\/09\/Lluvia.jpg","og:image:secure_url":"https:\/\/eldigitaldeasturias.com\/magazine365\/wp-content\/uploads\/2021\/09\/Lluvia.jpg","og:image:width":640,"og:image:height":406,"article:published_time":"2021-09-09T13:53:10+00:00","article:modified_time":"2021-09-09T13:53:10+00:00","twitter:card":"summary_large_image","twitter:title":"El tiempo, jueves 9 de septiembre de 2021 | El Digital de Asturias","twitter:description":"Hoy d\u00eda 9 de septiembre, en el este de Catalu\u00f1a, el jueves ser\u00e1 nuboso o cubierto, con chubascos y tormentas que pueden ser localmente fuertes","twitter:image":"https:\/\/eldigitaldeasturias.com\/magazine365\/wp-content\/uploads\/2021\/09\/Lluvia.jpg"},"aioseo_meta_data":{"post_id":"107382","title":null,"description":"Hoy d\u00eda 9 de septiembre, en el este de Catalu\u00f1a, el jueves ser\u00e1 nuboso o cubierto, con chubascos y tormentas que pueden ser localmente fuertes","keywords":[],"keyphrases":{"focus":{"keyphrase":"Hoy ","score":68,"analysis":{"keyphraseInTitle":{"title":"Focus Keyphrase in SEO title","description":"Focus Keyphrase not found in SEO title.","score":3,"maxScore":9,"error":1},"keyphraseInDescription":{"title":"Focus keyphrase in meta description","description":"Focus keyphrase found in meta description.","score":9,"maxScore":9,"error":0},"keyphraseInURL":{"title":"Focus Keyphrase in URL","description":"Focus Keyphrase not found in the URL.","score":1,"maxScore":5,"error":1},"keyphraseLength":{"title":"Focus keyphrase length","description":"Good job!","score":9,"maxScore":9,"error":0,"length":1},"keyphraseInIntroduction":{"title":"Focus keyphrase in introduction","description":"Your Focus keyphrase appears in the first paragraph. Well done!","score":9,"maxScore":9,"error":0},"keyphraseInSubHeadings":[],"keyphraseInImageAlt":{"title":"Focus keyphrase in image alt attributes","description":"Focus keyphrase not found in image alt attribute(s). Add an image with your Focus keyphrase as alt text.","score":3,"maxScore":9,"error":1}}},"additional":[{"keyphrase":"jueves","score":83,"analysis":{"keyphraseInDescription":{"title":"Keyphrase in meta description","description":"Keyphrase found in meta description.","score":9,"maxScore":9,"error":0},"keyphraseLength":{"title":"Keyphrase length","description":"Good job!","score":9,"maxScore":9,"error":0,"length":1},"keyphraseInIntroduction":{"title":"Keyphrase in introduction","description":"Your Keyphrase appears in the first paragraph. Well done!","score":9,"maxScore":9,"error":0},"keyphraseInImageAlt":{"title":"Keyphrase in image alt attributes","description":"Keyphrase not found in image alt attribute(s). Add an image with your Keyphrase as alt text.","score":3,"maxScore":9,"error":1}}},{"keyphrase":"septiembre","score":83,"analysis":{"keyphraseInDescription":{"title":"Keyphrase in meta description","description":"Keyphrase found in meta description.","score":9,"maxScore":9,"error":0},"keyphraseLength":{"title":"Keyphrase length","description":"Good job!","score":9,"maxScore":9,"error":0,"length":1},"keyphraseInIntroduction":{"title":"Keyphrase in introduction","description":"Your Keyphrase appears in the first paragraph. Well done!","score":9,"maxScore":9,"error":0},"keyphraseInImageAlt":{"title":"Keyphrase in image alt attributes","description":"Keyphrase not found in image alt attribute(s). Add an image with your Keyphrase as alt text.","score":3,"maxScore":9,"error":1}}}]},"primary_term":null,"canonical_url":null,"og_title":null,"og_description":null,"og_object_type":"default","og_image_type":"default","og_image_url":null,"og_image_width":null,"og_image_height":null,"og_image_custom_url":null,"og_image_custom_fields":null,"og_video":"","og_custom_url":null,"og_article_section":null,"og_article_tags":[],"twitter_use_og":false,"twitter_card":"default","twitter_image_type":"default","twitter_image_url":null,"twitter_image_custom_url":null,"twitter_image_custom_fields":null,"twitter_title":null,"twitter_description":null,"schema":{"blockGraphs":[],"customGraphs":[],"default":{"data":{"Article":[],"Course":[],"Dataset":[],"FAQPage":[],"Movie":[],"Person":[],"Product":[],"ProductReview":[],"Car":[],"Recipe":[],"Service":[],"SoftwareApplication":[],"WebPage":[]},"graphName":"","isEnabled":true},"graphs":[],"defaultGraph":"Article","defaultPostTypeGraph":""},"schema_type":"default","schema_type_options":"{\"article\":{\"articleType\":\"BlogPosting\"},\"course\":{\"name\":\"\",\"description\":\"\",\"provider\":\"\"},\"faq\":{\"pages\":[]},\"product\":{\"reviews\":[]},\"recipe\":{\"ingredients\":[],\"instructions\":[],\"keywords\":[]},\"software\":{\"reviews\":[],\"operatingSystems\":[]},\"webPage\":{\"webPageType\":\"WebPage\"}}","pillar_content":false,"robots_default":true,"robots_noindex":false,"robots_noarchive":false,"robots_nosnippet":false,"robots_nofollow":false,"robots_noimageindex":false,"robots_noodp":false,"robots_notranslate":false,"robots_max_snippet":"-1","robots_max_videopreview":"-1","robots_max_imagepreview":"large","priority":null,"frequency":"default","location":null,"local_seo":null,"seo_analyzer_scan_date":"2025-09-30 00:40:36","breadcrumb_settings":null,"limit_modified_date":false,"open_ai":null,"ai":null,"created":"2021-09-09 13:48:12","updated":"2025-09-30 00:40:36"},"aioseo_breadcrumb":"<div class=\"aioseo-breadcrumbs\"><span class=\"aioseo-breadcrumb\">\n\t<a href=\"https:\/\/eldigitaldeasturias.com\/magazine365\" title=\"Home\">Home<\/a>\n<\/span><span class=\"aioseo-breadcrumb-separator\">\u2013<\/span><span class=\"aioseo-breadcrumb\">\n\t<a href=\"https:\/\/eldigitaldeasturias.com\/magazine365\/category\/la-agenda\/\" title=\"La Agenda\">La Agenda<\/a>\n<\/span><span class=\"aioseo-breadcrumb-separator\">\u2013<\/span><span class=\"aioseo-breadcrumb\">\n\t<a href=\"https:\/\/eldigitaldeasturias.com\/magazine365\/el-tiempo-jueves-9-de-septiembre-de-2021\/\" title=\"El tiempo, jueves 9 de septiembre de 2021\">El tiempo, jueves 9 de septiembre de 2021<\/a>\n<\/span><\/div>","aioseo_breadcrumb_json":[{"label":"Home","link":"https:\/\/eldigitaldeasturias.com\/magazine365"},{"label":"La Agenda","link":"https:\/\/eldigitaldeasturias.com\/magazine365\/category\/la-agenda\/"},{"label":"El tiempo, jueves 9 de septiembre de 2021","link":"https:\/\/eldigitaldeasturias.com\/magazine365\/el-tiempo-jueves-9-de-septiembre-de-2021\/"}],"_links":{"self":[{"href":"https:\/\/eldigitaldeasturias.com\/magazine365\/wp-json\/wp\/v2\/posts\/107382","targetHints":{"allow":["GET"]}}],"collection":[{"href":"https:\/\/eldigitaldeasturias.com\/magazine365\/wp-json\/wp\/v2\/posts"}],"about":[{"href":"https:\/\/eldigitaldeasturias.com\/magazine365\/wp-json\/wp\/v2\/types\/post"}],"author":[{"embeddable":true,"href":"https:\/\/eldigitaldeasturias.com\/magazine365\/wp-json\/wp\/v2\/users\/1"}],"replies":[{"embeddable":true,"href":"https:\/\/eldigitaldeasturias.com\/magazine365\/wp-json\/wp\/v2\/comments?post=107382"}],"version-history":[{"count":0,"href":"https:\/\/eldigitaldeasturias.com\/magazine365\/wp-json\/wp\/v2\/posts\/107382\/revisions"}],"wp:featuredmedia":[{"embeddable":true,"href":"https:\/\/eldigitaldeasturias.com\/magazine365\/wp-json\/wp\/v2\/media\/107383"}],"wp:attachment":[{"href":"https:\/\/eldigitaldeasturias.com\/magazine365\/wp-json\/wp\/v2\/media?parent=107382"}],"wp:term":[{"taxonomy":"category","embeddable":true,"href":"https:\/\/eldigitaldeasturias.com\/magazine365\/wp-json\/wp\/v2\/categories?post=107382"},{"taxonomy":"post_tag","embeddable":true,"href":"https:\/\/eldigitaldeasturias.com\/magazine365\/wp-json\/wp\/v2\/tags?post=107382"}],"curies":[{"name":"wp","href":"https:\/\/api.w.org\/{rel}","templated":true}]}}