{"id":107252,"date":"2021-08-22T16:18:26","date_gmt":"2021-08-22T16:18:26","guid":{"rendered":"http:\/\/eldigitaldeasturias.com\/magazine365\/?p=107252"},"modified":"2021-09-08T00:53:22","modified_gmt":"2021-09-08T00:53:22","slug":"con-symfonisk-ikea-y-sonos-trasladan-el-sonido-a-la-pared","status":"publish","type":"post","link":"https:\/\/eldigitaldeasturias.com\/magazine365\/con-symfonisk-ikea-y-sonos-trasladan-el-sonido-a-la-pared\/","title":{"rendered":"Con \u00abSymfonisk\u00bb, Ikea y Sonos trasladan el sonido a la pared"},"content":{"rendered":"<p>(dpa) &#8211; La tienda sueca de muebles Ikea y el proveedor de altavoces Sonos han dado un paso m\u00e1s en su misi\u00f3n de combinar objetos cotidianos con altavoces. <strong>La l\u00ednea de productos \u00abSymfonisk\u00bb se inaugur\u00f3 hace dos a\u00f1os con l\u00e1mparas de mesa que tambi\u00e9n pod\u00edan reproducir m\u00fasica<\/strong>. Ahora, el sonido tambi\u00e9n se puede colgar en la pared.<\/p>\n<figure id=\"attachment_107253\" aria-describedby=\"caption-attachment-107253\" style=\"width: 650px\" class=\"wp-caption aligncenter\"><img fetchpriority=\"high\" decoding=\"async\" class=\"size-large wp-image-107253\" src=\"https:\/\/eldigitaldeasturias.com\/magazine365\/wp-content\/uploads\/2021\/08\/Symfonisk-650x426.jpg\" alt=\"Symfonisk\" width=\"650\" height=\"426\" srcset=\"https:\/\/eldigitaldeasturias.com\/magazine365\/wp-content\/uploads\/2021\/08\/Symfonisk-650x426.jpg 650w, https:\/\/eldigitaldeasturias.com\/magazine365\/wp-content\/uploads\/2021\/08\/Symfonisk-360x236.jpg 360w, https:\/\/eldigitaldeasturias.com\/magazine365\/wp-content\/uploads\/2021\/08\/Symfonisk-768x504.jpg 768w, https:\/\/eldigitaldeasturias.com\/magazine365\/wp-content\/uploads\/2021\/08\/Symfonisk-150x98.jpg 150w, https:\/\/eldigitaldeasturias.com\/magazine365\/wp-content\/uploads\/2021\/08\/Symfonisk-450x295.jpg 450w, https:\/\/eldigitaldeasturias.com\/magazine365\/wp-content\/uploads\/2021\/08\/Symfonisk.jpg 1003w\" sizes=\"(max-width: 650px) 100vw, 650px\" \/><figcaption id=\"caption-attachment-107253\" class=\"wp-caption-text\">\u00abSymfonisk\u00bb se puede colgar en la pared, colocar sobre el suelo o apoyar encima de un estante. Conviene ecualizar el sonido con la aplicaci\u00f3n Sonos de la forma m\u00e1s adecuada para la posici\u00f3n elegida. Foto: Ikea\/dpa<\/figcaption><\/figure>\n<p>La idea es especialmente adecuada para habitaciones peque\u00f1as en las que no se quiere gastar espacio en altavoces, argumenta Stjepan Begic, directivo de la marca sueca.<\/p>\n<p><strong>Ikea comercializa el dispositivo como un marco para cuadros<\/strong>, pero en realidad se trata de una carcasa de 57 por 41 cent\u00edmetros que contiene un altavoz plano con una cubierta de tela intercambiable en la parte delantera.<\/p>\n<p>El dispositivo se suministra en principio con un solo motivo en blanco o negro, pero posteriormente se puede elegir entre paneles con doce dise\u00f1os diferentes, entre ellos, salpicaduras de color, un brazo de tocadiscos, rosas, la palabra \u00abLove\u00bb en rojo sobre fondo negro o la cabeza de un venado.<\/p>\n<p>El altavoz en forma de cuadro tiene seis cent\u00edmetros de grosor, pero los dise\u00f1adores de Ikea y Sonos lo dotaron de un fino marco exterior que parece flotar a unos cent\u00edmetros de la pared y otorga al \u00abcuadro\u00bb un aspecto m\u00e1s ligero. De esta manera, la carcasa del altavoz solo es visible desde los laterales. <strong>Esta construcci\u00f3n, explica Chris Davies, ejecutivo de Sonos, ofreci\u00f3 a los ingenieros suficiente volumen para garantizar un sonido con ricos graves<\/strong>.<\/p>\n<p>En general, <strong>el sonido de \u00abSymfonisk\u00bb es agradable y equilibrado para todo tipo de m\u00fasica<\/strong>: los graves profundos se complementan con agudos claros y frecuencias medias bien definidas. En las aberturas hay gu\u00edas de ondas sonoras para que el sonido se propague mejor en la habitaci\u00f3n. Para obtener un panorama sonoro m\u00e1s amplio, se pueden conectar dos dispositivos para formar un par est\u00e9reo.<\/p>\n<p>El altavoz tambi\u00e9n se beneficia de la tecnolog\u00eda \u00abTrueplay\u00bb, de Sonos, que adapta el sonido a la posici\u00f3n y al entorno de la habitaci\u00f3n. Para realizar los ajustes, solo basta descargar la aplicaci\u00f3n de Sonos en un iPhone y acercar el m\u00f3vil al cuadro para hacer un calibrado \u00abTrueplay\u00bb.<\/p>\n<p>El software de la aplicaci\u00f3n de Sonos captura las reflexiones de las ondas sonoras y puede crear un perfil sonoro del entorno de la habitaci\u00f3n gracias a los datos de panor\u00e1mica del sensor girosc\u00f3pico del tel\u00e9fono.<\/p>\n<p>El altavoz-cuadro se puede colocar en posici\u00f3n horizontal o vertical para constatar cu\u00e1l es la mejor configuraci\u00f3n de sonido. Sin embargo,<strong> \u00abTrueplay\u00bb sigue estando solo disponible para el iPhone. Esto se debe a las m\u00faltiples configuraciones de los tel\u00e9fonos Android, que dificultan su adaptaci\u00f3n al sistema operativo de Google<\/strong>.<\/p>\n<p>El altavoz-cuadro puede colgarse en la pared, as\u00ed como colocarse en una estanter\u00eda, en un armario o en el suelo, lo que ha dificultado el trabajo de los ingenieros de sonido. Si el altavoz se coloca sobre un mueble, esto puede amplificar indebidamente los graves.<\/p>\n<p>Sara Morris, directiva de Sonos, explica que por eso tambi\u00e9n se hab\u00edan planteado incorporar un interruptor que permitiera a los usuarios cambiar el sonido en funci\u00f3n de si el \u00abSymfonisk\u00bb estaba colgado en la pared o apoyado en un mueble, pero que finalmente constataron que esta gama de frecuencias se pod\u00eda ajustar bien con el ecualizador de la aplicaci\u00f3n.<\/p>\n<p>Para el montaje en la pared, <strong>Ikea proporciona un generoso gancho para colgar el altavoz-cuadro<\/strong> y, adem\u00e1s, un lazo que se puede fijar a la carcasa para garantizar una seguridad adicional. El gancho se sujeta en la pared con dos tornillos que no son parte del suministro. Para evitar que el marco se deslice sobre los muebles, se incluyen dos pies de goma.<\/p>\n<p>El cuadro puede colocarse vertical u horizontalmente, o colgarse en la pared. Una debilidad est\u00e9tica inevitable del concepto es que el altavoz no puede prescindir de un cable de alimentaci\u00f3n que cuelga de la pared. El cable de color gris claro incluido en la entrega tiene 3,5 metros de longitud.<\/p>\n<p>Si se conectan dos unidades como par est\u00e9reo, se puede ahorrar una toma de corriente, ya que un marco puede suministrar energ\u00eda al otro. Sin embargo, habr\u00e1 un segundo cable colgando entre los altavoces.<\/p>\n<p>Al mismo tiempo, <strong>debido a las diferentes caracter\u00edsticas de sonido, solo se pueden conectar dos unidades \u00abSymfonisk\u00bb de un mismo tipo para formar un par est\u00e9reo, por lo que no se podr\u00e1 emparejar una l\u00e1mpara con un cuadro<\/strong>.<\/p>\n<p>Con la integraci\u00f3n en la aplicaci\u00f3n de Sonos, los dispositivos \u00abSymfonisk\u00bb tambi\u00e9n pueden servir, entre otros, como altavoces envolventes para las barras de sonido de la compa\u00f1\u00eda californiana.<\/p>\n<p>En la aplicaci\u00f3n Sonos, los altavoces se pueden asignar a diferentes habitaciones y recibir m\u00fasica a trav\u00e9s de los servicios de streaming integrados. Adem\u00e1s, los dispositivos \u00abSymfonisk\u00bb tambi\u00e9n pueden controlarse directamente desde el iPhone mediante el formato de transmisi\u00f3n Airplay 2 de Apple. A diferencia de otros modelos de Sonos, no cuentan con micr\u00f3fonos para utilizar un asistente de voz.<\/p>\n<p><i class=\"lang-es\"><span class=\" readonly\" title=\"\">Por Andrej Sokolow (dpa)<\/span><\/i><\/p>\n","protected":false},"excerpt":{"rendered":"<p>(dpa) &#8211; La tienda sueca de muebles Ikea y el proveedor de altavoces Sonos han dado un paso m\u00e1s en su misi\u00f3n de combinar objetos cotidianos con altavoces. La l\u00ednea de productos \u00abSymfonisk\u00bb se inaugur\u00f3 hace dos a\u00f1os con l\u00e1mparas de mesa que tambi\u00e9n pod\u00edan reproducir m\u00fasica. Ahora, el sonido tambi\u00e9n se puede colgar en<\/p>\n","protected":false},"author":1,"featured_media":107253,"comment_status":"closed","ping_status":"closed","sticky":false,"template":"","format":"standard","meta":{"footnotes":""},"categories":[228,213],"tags":[340],"class_list":{"0":"post-107252","1":"post","2":"type-post","3":"status-publish","4":"format-standard","5":"has-post-thumbnail","7":"category-destacadas","8":"category-hogar","9":"tag-destacadas"},"aioseo_notices":[],"aioseo_head":"\n\t\t<!-- All in One SEO Pro 4.9.6.1 - aioseo.com -->\n\t<meta name=\"description\" content=\"La tienda sueca de muebles Ikea y el proveedor de altavoces Sonos han dado un paso m\u00e1s en su misi\u00f3n de combinar objetos cotidianos con altavoces.\" \/>\n\t<meta name=\"robots\" content=\"max-image-preview:large\" \/>\n\t<meta name=\"author\" content=\"admin\"\/>\n\t<meta name=\"google-site-verification\" content=\"UA-38556648-1\" \/>\n\t<meta name=\"keywords\" content=\"destacadas,hogar\" \/>\n\t<link rel=\"canonical\" href=\"https:\/\/eldigitaldeasturias.com\/magazine365\/con-symfonisk-ikea-y-sonos-trasladan-el-sonido-a-la-pared\/\" \/>\n\t<meta name=\"generator\" content=\"All in One SEO Pro (AIOSEO) 4.9.6.1\" \/>\n\t\t<meta property=\"og:locale\" content=\"es_ES\" \/>\n\t\t<meta property=\"og:site_name\" content=\"El Digital de Asturias \u2013 Revista de ocio, turismo y estilo de vida\" \/>\n\t\t<meta property=\"og:type\" content=\"article\" \/>\n\t\t<meta property=\"og:title\" content=\"Con \u00abSymfonisk\u00bb, Ikea y Sonos trasladan el sonido a la pared | El Digital de Asturias\" \/>\n\t\t<meta property=\"og:description\" content=\"La tienda sueca de muebles Ikea y el proveedor de altavoces Sonos han dado un paso m\u00e1s en su misi\u00f3n de combinar objetos cotidianos con altavoces.\" \/>\n\t\t<meta property=\"og:url\" content=\"https:\/\/eldigitaldeasturias.com\/magazine365\/con-symfonisk-ikea-y-sonos-trasladan-el-sonido-a-la-pared\/\" \/>\n\t\t<meta property=\"og:image\" content=\"https:\/\/eldigitaldeasturias.com\/magazine365\/wp-content\/uploads\/2021\/08\/Symfonisk.jpg\" \/>\n\t\t<meta property=\"og:image:secure_url\" content=\"https:\/\/eldigitaldeasturias.com\/magazine365\/wp-content\/uploads\/2021\/08\/Symfonisk.jpg\" \/>\n\t\t<meta property=\"og:image:width\" content=\"1003\" \/>\n\t\t<meta property=\"og:image:height\" content=\"658\" \/>\n\t\t<meta property=\"article:published_time\" content=\"2021-08-22T16:18:26+00:00\" \/>\n\t\t<meta property=\"article:modified_time\" content=\"2021-09-08T00:53:22+00:00\" \/>\n\t\t<meta name=\"twitter:card\" content=\"summary_large_image\" \/>\n\t\t<meta name=\"twitter:title\" content=\"Con \u00abSymfonisk\u00bb, Ikea y Sonos trasladan el sonido a la pared | El Digital de Asturias\" \/>\n\t\t<meta name=\"twitter:description\" content=\"La tienda sueca de muebles Ikea y el proveedor de altavoces Sonos han dado un paso m\u00e1s en su misi\u00f3n de combinar objetos cotidianos con altavoces.\" \/>\n\t\t<meta name=\"twitter:image\" content=\"https:\/\/eldigitaldeasturias.com\/magazine365\/wp-content\/uploads\/2021\/08\/Symfonisk.jpg\" \/>\n\t\t<script type=\"application\/ld+json\" class=\"aioseo-schema\">\n\t\t\t{\"@context\":\"https:\\\/\\\/schema.org\",\"@graph\":[{\"@type\":\"Article\",\"@id\":\"https:\\\/\\\/eldigitaldeasturias.com\\\/magazine365\\\/con-symfonisk-ikea-y-sonos-trasladan-el-sonido-a-la-pared\\\/#article\",\"name\":\"Con \\u00abSymfonisk\\u00bb, Ikea y Sonos trasladan el sonido a la pared | El Digital de Asturias\",\"headline\":\"Con \\u00abSymfonisk\\u00bb, Ikea y Sonos trasladan el sonido a la pared\",\"author\":{\"@id\":\"https:\\\/\\\/eldigitaldeasturias.com\\\/magazine365\\\/author\\\/admin\\\/#author\"},\"publisher\":{\"@id\":\"https:\\\/\\\/eldigitaldeasturias.com\\\/magazine365\\\/#organization\"},\"image\":{\"@type\":\"ImageObject\",\"url\":\"https:\\\/\\\/eldigitaldeasturias.com\\\/magazine365\\\/wp-content\\\/uploads\\\/2021\\\/08\\\/Symfonisk.jpg\",\"width\":1003,\"height\":658,\"caption\":\"\\\"Symfonisk\\\" se puede colgar en la pared, colocar sobre el suelo o apoyar encima de un estante. Conviene ecualizar el sonido con la aplicaci\\u00f3n Sonos de la forma m\\u00e1s adecuada para la posici\\u00f3n elegida. Foto: Ikea\\\/dpa\"},\"datePublished\":\"2021-08-22T16:18:26+02:00\",\"dateModified\":\"2021-09-08T00:53:22+02:00\",\"inLanguage\":\"es-ES\",\"mainEntityOfPage\":{\"@id\":\"https:\\\/\\\/eldigitaldeasturias.com\\\/magazine365\\\/con-symfonisk-ikea-y-sonos-trasladan-el-sonido-a-la-pared\\\/#webpage\"},\"isPartOf\":{\"@id\":\"https:\\\/\\\/eldigitaldeasturias.com\\\/magazine365\\\/con-symfonisk-ikea-y-sonos-trasladan-el-sonido-a-la-pared\\\/#webpage\"},\"articleSection\":\"Destacadas, Hogar, destacadas\"},{\"@type\":\"BreadcrumbList\",\"@id\":\"https:\\\/\\\/eldigitaldeasturias.com\\\/magazine365\\\/con-symfonisk-ikea-y-sonos-trasladan-el-sonido-a-la-pared\\\/#breadcrumblist\",\"itemListElement\":[{\"@type\":\"ListItem\",\"@id\":\"https:\\\/\\\/eldigitaldeasturias.com\\\/magazine365#listItem\",\"position\":1,\"name\":\"Home\",\"item\":\"https:\\\/\\\/eldigitaldeasturias.com\\\/magazine365\",\"nextItem\":{\"@type\":\"ListItem\",\"@id\":\"https:\\\/\\\/eldigitaldeasturias.com\\\/magazine365\\\/category\\\/hogar\\\/#listItem\",\"name\":\"Hogar\"}},{\"@type\":\"ListItem\",\"@id\":\"https:\\\/\\\/eldigitaldeasturias.com\\\/magazine365\\\/category\\\/hogar\\\/#listItem\",\"position\":2,\"name\":\"Hogar\",\"item\":\"https:\\\/\\\/eldigitaldeasturias.com\\\/magazine365\\\/category\\\/hogar\\\/\",\"nextItem\":{\"@type\":\"ListItem\",\"@id\":\"https:\\\/\\\/eldigitaldeasturias.com\\\/magazine365\\\/con-symfonisk-ikea-y-sonos-trasladan-el-sonido-a-la-pared\\\/#listItem\",\"name\":\"Con \\u00abSymfonisk\\u00bb, Ikea y Sonos trasladan el sonido a la pared\"},\"previousItem\":{\"@type\":\"ListItem\",\"@id\":\"https:\\\/\\\/eldigitaldeasturias.com\\\/magazine365#listItem\",\"name\":\"Home\"}},{\"@type\":\"ListItem\",\"@id\":\"https:\\\/\\\/eldigitaldeasturias.com\\\/magazine365\\\/con-symfonisk-ikea-y-sonos-trasladan-el-sonido-a-la-pared\\\/#listItem\",\"position\":3,\"name\":\"Con \\u00abSymfonisk\\u00bb, Ikea y Sonos trasladan el sonido a la pared\",\"previousItem\":{\"@type\":\"ListItem\",\"@id\":\"https:\\\/\\\/eldigitaldeasturias.com\\\/magazine365\\\/category\\\/hogar\\\/#listItem\",\"name\":\"Hogar\"}}]},{\"@type\":\"Organization\",\"@id\":\"https:\\\/\\\/eldigitaldeasturias.com\\\/magazine365\\\/#organization\",\"name\":\"El digital de Asturias\",\"description\":\"Revista de ocio, turismo y estilo de vida\",\"url\":\"https:\\\/\\\/eldigitaldeasturias.com\\\/magazine365\\\/\",\"logo\":{\"@type\":\"ImageObject\",\"url\":\"https:\\\/\\\/www.eldigitaldeasturias.com\\\/noticias\\\/wp-content\\\/uploads\\\/2020\\\/12\\\/EDA.jpg\",\"@id\":\"https:\\\/\\\/eldigitaldeasturias.com\\\/magazine365\\\/con-symfonisk-ikea-y-sonos-trasladan-el-sonido-a-la-pared\\\/#organizationLogo\"},\"image\":{\"@id\":\"https:\\\/\\\/eldigitaldeasturias.com\\\/magazine365\\\/con-symfonisk-ikea-y-sonos-trasladan-el-sonido-a-la-pared\\\/#organizationLogo\"}},{\"@type\":\"Person\",\"@id\":\"https:\\\/\\\/eldigitaldeasturias.com\\\/magazine365\\\/author\\\/admin\\\/#author\",\"url\":\"https:\\\/\\\/eldigitaldeasturias.com\\\/magazine365\\\/author\\\/admin\\\/\",\"name\":\"admin\",\"image\":{\"@type\":\"ImageObject\",\"@id\":\"https:\\\/\\\/eldigitaldeasturias.com\\\/magazine365\\\/con-symfonisk-ikea-y-sonos-trasladan-el-sonido-a-la-pared\\\/#authorImage\",\"url\":\"https:\\\/\\\/eldigitaldeasturias.com\\\/magazine365\\\/wp-content\\\/litespeed\\\/avatar\\\/e571bcf59a0edd6fa6838245a470f2fe.jpg?ver=1776969259\",\"width\":96,\"height\":96,\"caption\":\"admin\"}},{\"@type\":\"WebPage\",\"@id\":\"https:\\\/\\\/eldigitaldeasturias.com\\\/magazine365\\\/con-symfonisk-ikea-y-sonos-trasladan-el-sonido-a-la-pared\\\/#webpage\",\"url\":\"https:\\\/\\\/eldigitaldeasturias.com\\\/magazine365\\\/con-symfonisk-ikea-y-sonos-trasladan-el-sonido-a-la-pared\\\/\",\"name\":\"Con \\u00abSymfonisk\\u00bb, Ikea y Sonos trasladan el sonido a la pared | El Digital de Asturias\",\"description\":\"La tienda sueca de muebles Ikea y el proveedor de altavoces Sonos han dado un paso m\\u00e1s en su misi\\u00f3n de combinar objetos cotidianos con altavoces.\",\"inLanguage\":\"es-ES\",\"isPartOf\":{\"@id\":\"https:\\\/\\\/eldigitaldeasturias.com\\\/magazine365\\\/#website\"},\"breadcrumb\":{\"@id\":\"https:\\\/\\\/eldigitaldeasturias.com\\\/magazine365\\\/con-symfonisk-ikea-y-sonos-trasladan-el-sonido-a-la-pared\\\/#breadcrumblist\"},\"author\":{\"@id\":\"https:\\\/\\\/eldigitaldeasturias.com\\\/magazine365\\\/author\\\/admin\\\/#author\"},\"creator\":{\"@id\":\"https:\\\/\\\/eldigitaldeasturias.com\\\/magazine365\\\/author\\\/admin\\\/#author\"},\"image\":{\"@type\":\"ImageObject\",\"url\":\"https:\\\/\\\/eldigitaldeasturias.com\\\/magazine365\\\/wp-content\\\/uploads\\\/2021\\\/08\\\/Symfonisk.jpg\",\"@id\":\"https:\\\/\\\/eldigitaldeasturias.com\\\/magazine365\\\/con-symfonisk-ikea-y-sonos-trasladan-el-sonido-a-la-pared\\\/#mainImage\",\"width\":1003,\"height\":658,\"caption\":\"\\\"Symfonisk\\\" se puede colgar en la pared, colocar sobre el suelo o apoyar encima de un estante. Conviene ecualizar el sonido con la aplicaci\\u00f3n Sonos de la forma m\\u00e1s adecuada para la posici\\u00f3n elegida. Foto: Ikea\\\/dpa\"},\"primaryImageOfPage\":{\"@id\":\"https:\\\/\\\/eldigitaldeasturias.com\\\/magazine365\\\/con-symfonisk-ikea-y-sonos-trasladan-el-sonido-a-la-pared\\\/#mainImage\"},\"datePublished\":\"2021-08-22T16:18:26+02:00\",\"dateModified\":\"2021-09-08T00:53:22+02:00\"},{\"@type\":\"WebSite\",\"@id\":\"https:\\\/\\\/eldigitaldeasturias.com\\\/magazine365\\\/#website\",\"url\":\"https:\\\/\\\/eldigitaldeasturias.com\\\/magazine365\\\/\",\"name\":\"El Digital de Asturias\",\"description\":\"Revista de ocio, turismo y estilo de vida\",\"inLanguage\":\"es-ES\",\"publisher\":{\"@id\":\"https:\\\/\\\/eldigitaldeasturias.com\\\/magazine365\\\/#organization\"}}]}\n\t\t<\/script>\n\t\t<!-- All in One SEO Pro -->\r\n\t\t<title>Con \u00abSymfonisk\u00bb, Ikea y Sonos trasladan el sonido a la pared | El Digital de Asturias<\/title>\n\n","aioseo_head_json":{"title":"Con \u00abSymfonisk\u00bb, Ikea y Sonos trasladan el sonido a la pared | El Digital de Asturias","description":"La tienda sueca de muebles Ikea y el proveedor de altavoces Sonos han dado un paso m\u00e1s en su misi\u00f3n de combinar objetos cotidianos con altavoces.","canonical_url":"https:\/\/eldigitaldeasturias.com\/magazine365\/con-symfonisk-ikea-y-sonos-trasladan-el-sonido-a-la-pared\/","robots":"max-image-preview:large","keywords":"destacadas,hogar","webmasterTools":{"google-site-verification":"UA-38556648-1","miscellaneous":""},"schema":{"@context":"https:\/\/schema.org","@graph":[{"@type":"Article","@id":"https:\/\/eldigitaldeasturias.com\/magazine365\/con-symfonisk-ikea-y-sonos-trasladan-el-sonido-a-la-pared\/#article","name":"Con \u00abSymfonisk\u00bb, Ikea y Sonos trasladan el sonido a la pared | El Digital de Asturias","headline":"Con \u00abSymfonisk\u00bb, Ikea y Sonos trasladan el sonido a la pared","author":{"@id":"https:\/\/eldigitaldeasturias.com\/magazine365\/author\/admin\/#author"},"publisher":{"@id":"https:\/\/eldigitaldeasturias.com\/magazine365\/#organization"},"image":{"@type":"ImageObject","url":"https:\/\/eldigitaldeasturias.com\/magazine365\/wp-content\/uploads\/2021\/08\/Symfonisk.jpg","width":1003,"height":658,"caption":"\"Symfonisk\" se puede colgar en la pared, colocar sobre el suelo o apoyar encima de un estante. Conviene ecualizar el sonido con la aplicaci\u00f3n Sonos de la forma m\u00e1s adecuada para la posici\u00f3n elegida. Foto: Ikea\/dpa"},"datePublished":"2021-08-22T16:18:26+02:00","dateModified":"2021-09-08T00:53:22+02:00","inLanguage":"es-ES","mainEntityOfPage":{"@id":"https:\/\/eldigitaldeasturias.com\/magazine365\/con-symfonisk-ikea-y-sonos-trasladan-el-sonido-a-la-pared\/#webpage"},"isPartOf":{"@id":"https:\/\/eldigitaldeasturias.com\/magazine365\/con-symfonisk-ikea-y-sonos-trasladan-el-sonido-a-la-pared\/#webpage"},"articleSection":"Destacadas, Hogar, destacadas"},{"@type":"BreadcrumbList","@id":"https:\/\/eldigitaldeasturias.com\/magazine365\/con-symfonisk-ikea-y-sonos-trasladan-el-sonido-a-la-pared\/#breadcrumblist","itemListElement":[{"@type":"ListItem","@id":"https:\/\/eldigitaldeasturias.com\/magazine365#listItem","position":1,"name":"Home","item":"https:\/\/eldigitaldeasturias.com\/magazine365","nextItem":{"@type":"ListItem","@id":"https:\/\/eldigitaldeasturias.com\/magazine365\/category\/hogar\/#listItem","name":"Hogar"}},{"@type":"ListItem","@id":"https:\/\/eldigitaldeasturias.com\/magazine365\/category\/hogar\/#listItem","position":2,"name":"Hogar","item":"https:\/\/eldigitaldeasturias.com\/magazine365\/category\/hogar\/","nextItem":{"@type":"ListItem","@id":"https:\/\/eldigitaldeasturias.com\/magazine365\/con-symfonisk-ikea-y-sonos-trasladan-el-sonido-a-la-pared\/#listItem","name":"Con \u00abSymfonisk\u00bb, Ikea y Sonos trasladan el sonido a la pared"},"previousItem":{"@type":"ListItem","@id":"https:\/\/eldigitaldeasturias.com\/magazine365#listItem","name":"Home"}},{"@type":"ListItem","@id":"https:\/\/eldigitaldeasturias.com\/magazine365\/con-symfonisk-ikea-y-sonos-trasladan-el-sonido-a-la-pared\/#listItem","position":3,"name":"Con \u00abSymfonisk\u00bb, Ikea y Sonos trasladan el sonido a la pared","previousItem":{"@type":"ListItem","@id":"https:\/\/eldigitaldeasturias.com\/magazine365\/category\/hogar\/#listItem","name":"Hogar"}}]},{"@type":"Organization","@id":"https:\/\/eldigitaldeasturias.com\/magazine365\/#organization","name":"El digital de Asturias","description":"Revista de ocio, turismo y estilo de vida","url":"https:\/\/eldigitaldeasturias.com\/magazine365\/","logo":{"@type":"ImageObject","url":"https:\/\/www.eldigitaldeasturias.com\/noticias\/wp-content\/uploads\/2020\/12\/EDA.jpg","@id":"https:\/\/eldigitaldeasturias.com\/magazine365\/con-symfonisk-ikea-y-sonos-trasladan-el-sonido-a-la-pared\/#organizationLogo"},"image":{"@id":"https:\/\/eldigitaldeasturias.com\/magazine365\/con-symfonisk-ikea-y-sonos-trasladan-el-sonido-a-la-pared\/#organizationLogo"}},{"@type":"Person","@id":"https:\/\/eldigitaldeasturias.com\/magazine365\/author\/admin\/#author","url":"https:\/\/eldigitaldeasturias.com\/magazine365\/author\/admin\/","name":"admin","image":{"@type":"ImageObject","@id":"https:\/\/eldigitaldeasturias.com\/magazine365\/con-symfonisk-ikea-y-sonos-trasladan-el-sonido-a-la-pared\/#authorImage","url":"https:\/\/eldigitaldeasturias.com\/magazine365\/wp-content\/litespeed\/avatar\/e571bcf59a0edd6fa6838245a470f2fe.jpg?ver=1776969259","width":96,"height":96,"caption":"admin"}},{"@type":"WebPage","@id":"https:\/\/eldigitaldeasturias.com\/magazine365\/con-symfonisk-ikea-y-sonos-trasladan-el-sonido-a-la-pared\/#webpage","url":"https:\/\/eldigitaldeasturias.com\/magazine365\/con-symfonisk-ikea-y-sonos-trasladan-el-sonido-a-la-pared\/","name":"Con \u00abSymfonisk\u00bb, Ikea y Sonos trasladan el sonido a la pared | El Digital de Asturias","description":"La tienda sueca de muebles Ikea y el proveedor de altavoces Sonos han dado un paso m\u00e1s en su misi\u00f3n de combinar objetos cotidianos con altavoces.","inLanguage":"es-ES","isPartOf":{"@id":"https:\/\/eldigitaldeasturias.com\/magazine365\/#website"},"breadcrumb":{"@id":"https:\/\/eldigitaldeasturias.com\/magazine365\/con-symfonisk-ikea-y-sonos-trasladan-el-sonido-a-la-pared\/#breadcrumblist"},"author":{"@id":"https:\/\/eldigitaldeasturias.com\/magazine365\/author\/admin\/#author"},"creator":{"@id":"https:\/\/eldigitaldeasturias.com\/magazine365\/author\/admin\/#author"},"image":{"@type":"ImageObject","url":"https:\/\/eldigitaldeasturias.com\/magazine365\/wp-content\/uploads\/2021\/08\/Symfonisk.jpg","@id":"https:\/\/eldigitaldeasturias.com\/magazine365\/con-symfonisk-ikea-y-sonos-trasladan-el-sonido-a-la-pared\/#mainImage","width":1003,"height":658,"caption":"\"Symfonisk\" se puede colgar en la pared, colocar sobre el suelo o apoyar encima de un estante. Conviene ecualizar el sonido con la aplicaci\u00f3n Sonos de la forma m\u00e1s adecuada para la posici\u00f3n elegida. Foto: Ikea\/dpa"},"primaryImageOfPage":{"@id":"https:\/\/eldigitaldeasturias.com\/magazine365\/con-symfonisk-ikea-y-sonos-trasladan-el-sonido-a-la-pared\/#mainImage"},"datePublished":"2021-08-22T16:18:26+02:00","dateModified":"2021-09-08T00:53:22+02:00"},{"@type":"WebSite","@id":"https:\/\/eldigitaldeasturias.com\/magazine365\/#website","url":"https:\/\/eldigitaldeasturias.com\/magazine365\/","name":"El Digital de Asturias","description":"Revista de ocio, turismo y estilo de vida","inLanguage":"es-ES","publisher":{"@id":"https:\/\/eldigitaldeasturias.com\/magazine365\/#organization"}}]},"og:locale":"es_ES","og:site_name":"El Digital de Asturias \u2013 Revista de ocio, turismo y estilo de vida","og:type":"article","og:title":"Con \u00abSymfonisk\u00bb, Ikea y Sonos trasladan el sonido a la pared | El Digital de Asturias","og:description":"La tienda sueca de muebles Ikea y el proveedor de altavoces Sonos han dado un paso m\u00e1s en su misi\u00f3n de combinar objetos cotidianos con altavoces.","og:url":"https:\/\/eldigitaldeasturias.com\/magazine365\/con-symfonisk-ikea-y-sonos-trasladan-el-sonido-a-la-pared\/","og:image":"https:\/\/eldigitaldeasturias.com\/magazine365\/wp-content\/uploads\/2021\/08\/Symfonisk.jpg","og:image:secure_url":"https:\/\/eldigitaldeasturias.com\/magazine365\/wp-content\/uploads\/2021\/08\/Symfonisk.jpg","og:image:width":1003,"og:image:height":658,"article:published_time":"2021-08-22T16:18:26+00:00","article:modified_time":"2021-09-08T00:53:22+00:00","twitter:card":"summary_large_image","twitter:title":"Con \u00abSymfonisk\u00bb, Ikea y Sonos trasladan el sonido a la pared | El Digital de Asturias","twitter:description":"La tienda sueca de muebles Ikea y el proveedor de altavoces Sonos han dado un paso m\u00e1s en su misi\u00f3n de combinar objetos cotidianos con altavoces.","twitter:image":"https:\/\/eldigitaldeasturias.com\/magazine365\/wp-content\/uploads\/2021\/08\/Symfonisk.jpg"},"aioseo_meta_data":{"post_id":"107252","title":null,"description":"La tienda sueca de muebles Ikea y el proveedor de altavoces Sonos han dado un paso m\u00e1s en su misi\u00f3n de combinar objetos cotidianos con altavoces.","keywords":[],"keyphrases":{"focus":{"keyphrase":"Symfonisk","score":88,"analysis":{"keyphraseInTitle":{"title":"Focus Keyphrase in SEO title","description":"Focus Keyphrase found in SEO title.","score":9,"maxScore":9,"error":0},"keyphraseInDescription":{"title":"Focus keyphrase in meta description","description":"Focus keyphrase not found in meta description.","score":3,"maxScore":9,"error":1},"keyphraseInURL":{"title":"Focus Keyphrase in URL","description":"Focus Keyphrase used in the URL.","score":5,"maxScore":5,"error":0},"keyphraseLength":{"title":"Focus keyphrase length","description":"Good job!","score":9,"maxScore":9,"error":0,"length":1},"keyphraseInIntroduction":{"title":"Focus keyphrase in introduction","description":"Your Focus keyphrase appears in the first paragraph. Well done!","score":9,"maxScore":9,"error":0},"keyphraseInSubHeadings":[],"keyphraseInImageAlt":{"title":"Focus keyphrase in image alt attributes","description":"Focus keyphrase found in image alt attribute(s).","score":9,"maxScore":9,"error":0}}},"additional":[{"keyphrase":"Ikea ","score":83,"analysis":{"keyphraseInDescription":{"title":"Keyphrase in meta description","description":"Keyphrase found in meta description.","score":9,"maxScore":9,"error":0},"keyphraseLength":{"title":"Keyphrase length","description":"Good job!","score":9,"maxScore":9,"error":0,"length":1},"keyphraseInIntroduction":{"title":"Keyphrase in introduction","description":"Your Keyphrase appears in the first paragraph. Well done!","score":9,"maxScore":9,"error":0},"keyphraseInImageAlt":{"title":"Keyphrase in image alt attributes","description":"Keyphrase not found in image alt attribute(s). Add an image with your Keyphrase as alt text.","score":3,"maxScore":9,"error":1}}},{"keyphrase":"tienda sueca ","score":83,"analysis":{"keyphraseInDescription":{"title":"Keyphrase in meta description","description":"Keyphrase found in meta description.","score":9,"maxScore":9,"error":0},"keyphraseLength":{"title":"Keyphrase length","description":"Good job!","score":9,"maxScore":9,"error":0,"length":2},"keyphraseInIntroduction":{"title":"Keyphrase in introduction","description":"Your Keyphrase appears in the first paragraph. Well done!","score":9,"maxScore":9,"error":0},"keyphraseInImageAlt":{"title":"Keyphrase in image alt attributes","description":"Keyphrase not found in image alt attribute(s). Add an image with your Keyphrase as alt text.","score":3,"maxScore":9,"error":1}}},{"keyphrase":"altavoces Sonos","score":83,"analysis":{"keyphraseInDescription":{"title":"Keyphrase in meta description","description":"Keyphrase found in meta description.","score":9,"maxScore":9,"error":0},"keyphraseLength":{"title":"Keyphrase length","description":"Good job!","score":9,"maxScore":9,"error":0,"length":2},"keyphraseInIntroduction":{"title":"Keyphrase in introduction","description":"Your Keyphrase appears in the first paragraph. Well done!","score":9,"maxScore":9,"error":0},"keyphraseInImageAlt":{"title":"Keyphrase in image alt attributes","description":"Keyphrase not found in image alt attribute(s). Add an image with your Keyphrase as alt text.","score":3,"maxScore":9,"error":1}}}]},"primary_term":null,"canonical_url":null,"og_title":null,"og_description":null,"og_object_type":"default","og_image_type":"default","og_image_url":null,"og_image_width":null,"og_image_height":null,"og_image_custom_url":null,"og_image_custom_fields":null,"og_video":"","og_custom_url":null,"og_article_section":null,"og_article_tags":[],"twitter_use_og":false,"twitter_card":"default","twitter_image_type":"default","twitter_image_url":null,"twitter_image_custom_url":null,"twitter_image_custom_fields":null,"twitter_title":null,"twitter_description":null,"schema":{"blockGraphs":[],"customGraphs":[],"default":{"data":{"Article":[],"Course":[],"Dataset":[],"FAQPage":[],"Movie":[],"Person":[],"Product":[],"ProductReview":[],"Car":[],"Recipe":[],"Service":[],"SoftwareApplication":[],"WebPage":[]},"graphName":"","isEnabled":true},"graphs":[],"defaultGraph":"Article","defaultPostTypeGraph":""},"schema_type":"default","schema_type_options":"{\"article\":{\"articleType\":\"BlogPosting\"},\"course\":{\"name\":\"\",\"description\":\"\",\"provider\":\"\"},\"faq\":{\"pages\":[]},\"product\":{\"reviews\":[]},\"recipe\":{\"ingredients\":[],\"instructions\":[],\"keywords\":[]},\"software\":{\"reviews\":[],\"operatingSystems\":[]},\"webPage\":{\"webPageType\":\"WebPage\"}}","pillar_content":false,"robots_default":true,"robots_noindex":false,"robots_noarchive":false,"robots_nosnippet":false,"robots_nofollow":false,"robots_noimageindex":false,"robots_noodp":false,"robots_notranslate":false,"robots_max_snippet":"-1","robots_max_videopreview":"-1","robots_max_imagepreview":"large","priority":null,"frequency":"default","location":null,"local_seo":null,"seo_analyzer_scan_date":"2025-09-30 00:34:58","breadcrumb_settings":null,"limit_modified_date":false,"open_ai":null,"ai":null,"created":"2021-08-22 15:56:17","updated":"2025-09-30 00:34:58"},"aioseo_breadcrumb":"<div class=\"aioseo-breadcrumbs\"><span class=\"aioseo-breadcrumb\">\n\t<a href=\"https:\/\/eldigitaldeasturias.com\/magazine365\" title=\"Home\">Home<\/a>\n<\/span><span class=\"aioseo-breadcrumb-separator\">\u2013<\/span><span class=\"aioseo-breadcrumb\">\n\t<a href=\"https:\/\/eldigitaldeasturias.com\/magazine365\/category\/hogar\/\" title=\"Hogar\">Hogar<\/a>\n<\/span><span class=\"aioseo-breadcrumb-separator\">\u2013<\/span><span class=\"aioseo-breadcrumb\">\n\t<a href=\"https:\/\/eldigitaldeasturias.com\/magazine365\/con-symfonisk-ikea-y-sonos-trasladan-el-sonido-a-la-pared\/\" title=\"Con \u00abSymfonisk\u00bb, Ikea y Sonos trasladan el sonido a la pared\">Con \u00abSymfonisk\u00bb, Ikea y Sonos trasladan el sonido a la pared<\/a>\n<\/span><\/div>","aioseo_breadcrumb_json":[{"label":"Home","link":"https:\/\/eldigitaldeasturias.com\/magazine365"},{"label":"Hogar","link":"https:\/\/eldigitaldeasturias.com\/magazine365\/category\/hogar\/"},{"label":"Con \u00abSymfonisk\u00bb, Ikea y Sonos trasladan el sonido a la pared","link":"https:\/\/eldigitaldeasturias.com\/magazine365\/con-symfonisk-ikea-y-sonos-trasladan-el-sonido-a-la-pared\/"}],"_links":{"self":[{"href":"https:\/\/eldigitaldeasturias.com\/magazine365\/wp-json\/wp\/v2\/posts\/107252","targetHints":{"allow":["GET"]}}],"collection":[{"href":"https:\/\/eldigitaldeasturias.com\/magazine365\/wp-json\/wp\/v2\/posts"}],"about":[{"href":"https:\/\/eldigitaldeasturias.com\/magazine365\/wp-json\/wp\/v2\/types\/post"}],"author":[{"embeddable":true,"href":"https:\/\/eldigitaldeasturias.com\/magazine365\/wp-json\/wp\/v2\/users\/1"}],"replies":[{"embeddable":true,"href":"https:\/\/eldigitaldeasturias.com\/magazine365\/wp-json\/wp\/v2\/comments?post=107252"}],"version-history":[{"count":0,"href":"https:\/\/eldigitaldeasturias.com\/magazine365\/wp-json\/wp\/v2\/posts\/107252\/revisions"}],"wp:featuredmedia":[{"embeddable":true,"href":"https:\/\/eldigitaldeasturias.com\/magazine365\/wp-json\/wp\/v2\/media\/107253"}],"wp:attachment":[{"href":"https:\/\/eldigitaldeasturias.com\/magazine365\/wp-json\/wp\/v2\/media?parent=107252"}],"wp:term":[{"taxonomy":"category","embeddable":true,"href":"https:\/\/eldigitaldeasturias.com\/magazine365\/wp-json\/wp\/v2\/categories?post=107252"},{"taxonomy":"post_tag","embeddable":true,"href":"https:\/\/eldigitaldeasturias.com\/magazine365\/wp-json\/wp\/v2\/tags?post=107252"}],"curies":[{"name":"wp","href":"https:\/\/api.w.org\/{rel}","templated":true}]}}