{"id":105816,"date":"2020-12-08T12:59:16","date_gmt":"2020-12-08T12:59:16","guid":{"rendered":"http:\/\/www.eldigitaldeasturias.com\/magazine365\/?p=105816"},"modified":"2020-12-08T12:59:16","modified_gmt":"2020-12-08T12:59:16","slug":"hora-de-esquiar-momento-de-abrigarse","status":"publish","type":"post","link":"https:\/\/eldigitaldeasturias.com\/magazine365\/hora-de-esquiar-momento-de-abrigarse\/","title":{"rendered":"Hora de esquiar, momento de abrigarse"},"content":{"rendered":"<figure id=\"attachment_105817\" aria-describedby=\"caption-attachment-105817\" style=\"width: 360px\" class=\"wp-caption alignleft\"><img fetchpriority=\"high\" decoding=\"async\" class=\"size-thumbnail wp-image-105817\" src=\"http:\/\/www.eldigitaldeasturias.com\/magazine365\/wp-content\/uploads\/2020\/12\/esquiar-360x300.jpg\" alt=\"Esqu\u00ed Invierno Ropa Turismo\" width=\"360\" height=\"300\" \/><figcaption id=\"caption-attachment-105817\" class=\"wp-caption-text\">La chaqueta de plumas, correctamente usada, a\u00edsla del fr\u00edo al esquiar sin dejar pasar humedad. Foto: Tobias Hase\/dpa<\/figcaption><\/figure>\n<p>(dpa) &#8211; Cuando se esqu\u00eda, en las excursiones con esqu\u00edes y otras actividades al aire libre en d\u00edas fr\u00edos, una chaqueta de plumas calienta, pero solo si se usa correctamente.<\/p>\n<p>Porque muchos usuarios frecuentemente hacen mal uso de este tipo de material de abrigo, seg\u00fan explican los expertos de la revista \u00abAlpin\u00bb en su n\u00famero de noviembre.<\/p>\n<p>La chaqueta de plumas solo se debe usar debajo de una chaqueta hardshell cuando llueve o nieva. Porque este tipo de chaqueta exterior, impermeable y m\u00e1s delgada, sirve como protecci\u00f3n contra la humedad.<\/p>\n<p>Sin embargo, si la combinaci\u00f3n de ambas chaquetas busca protegerse del fr\u00edo cuando no llueve ni nieva, entonces tiene m\u00e1s sentido ponerse la chaqueta de plumas encima de la hardshell.<\/p>\n<p>El motivo es que si la chaqueta impermeable se usa por fuera, la humedad se condensa en el interior de esta capa de ropa, porque la capa aislante del plum\u00f3n es m\u00e1s gruesa y la hardshell es fr\u00eda por dentro.<\/p>\n<p>Esta humedad es traspasada a la chaqueta de plumas por contacto, lo que disminuye la protecci\u00f3n t\u00e9rmica.<\/p>\n","protected":false},"excerpt":{"rendered":"<p>(dpa) &#8211; Cuando se esqu\u00eda, en las excursiones con esqu\u00edes y otras actividades al aire libre en d\u00edas fr\u00edos, una chaqueta de plumas calienta, pero solo si se usa correctamente. Porque muchos usuarios frecuentemente hacen mal uso de este tipo de material de abrigo, seg\u00fan explican los expertos de la revista \u00abAlpin\u00bb en su n\u00famero<\/p>\n","protected":false},"author":1,"featured_media":105817,"comment_status":"closed","ping_status":"closed","sticky":false,"template":"","format":"standard","meta":{"footnotes":""},"categories":[222],"tags":[],"class_list":{"0":"post-105816","1":"post","2":"type-post","3":"status-publish","4":"format-standard","5":"has-post-thumbnail","7":"category-actualidad-turismo"},"aioseo_notices":[],"aioseo_head":"\n\t\t<!-- All in One SEO Pro 4.9.6.1 - aioseo.com -->\n\t<meta name=\"description\" content=\"La chaqueta de plumas, correctamente usada, a\u00edsla del fr\u00edo al esquiar sin dejar pasar humedad\" \/>\n\t<meta name=\"robots\" content=\"max-image-preview:large\" \/>\n\t<meta name=\"author\" content=\"admin\"\/>\n\t<meta name=\"google-site-verification\" content=\"UA-38556648-1\" \/>\n\t<meta name=\"keywords\" content=\"esqu\u00ed,invierno,ropa,turismo,actualidad turismo\" \/>\n\t<link rel=\"canonical\" href=\"https:\/\/eldigitaldeasturias.com\/magazine365\/hora-de-esquiar-momento-de-abrigarse\/\" \/>\n\t<meta name=\"generator\" content=\"All in One SEO Pro (AIOSEO) 4.9.6.1\" \/>\n\t\t<meta property=\"og:locale\" content=\"es_ES\" \/>\n\t\t<meta property=\"og:site_name\" content=\"El Digital de Asturias \u2013 Revista de ocio, turismo y estilo de vida\" \/>\n\t\t<meta property=\"og:type\" content=\"article\" \/>\n\t\t<meta property=\"og:title\" content=\"Hora de esquiar, momento de abrigarse | El Digital de Asturias\" \/>\n\t\t<meta property=\"og:description\" content=\"La chaqueta de plumas, correctamente usada, a\u00edsla del fr\u00edo al esquiar sin dejar pasar humedad\" \/>\n\t\t<meta property=\"og:url\" content=\"https:\/\/eldigitaldeasturias.com\/magazine365\/hora-de-esquiar-momento-de-abrigarse\/\" \/>\n\t\t<meta property=\"og:image\" content=\"https:\/\/eldigitaldeasturias.com\/magazine365\/wp-content\/uploads\/2020\/12\/esquiar.jpg\" \/>\n\t\t<meta property=\"og:image:secure_url\" content=\"https:\/\/eldigitaldeasturias.com\/magazine365\/wp-content\/uploads\/2020\/12\/esquiar.jpg\" \/>\n\t\t<meta property=\"og:image:width\" content=\"1016\" \/>\n\t\t<meta property=\"og:image:height\" content=\"664\" \/>\n\t\t<meta property=\"article:published_time\" content=\"2020-12-08T12:59:16+00:00\" \/>\n\t\t<meta property=\"article:modified_time\" content=\"2020-12-08T12:59:16+00:00\" \/>\n\t\t<meta name=\"twitter:card\" content=\"summary_large_image\" \/>\n\t\t<meta name=\"twitter:title\" content=\"Hora de esquiar, momento de abrigarse | El Digital de Asturias\" \/>\n\t\t<meta name=\"twitter:description\" content=\"La chaqueta de plumas, correctamente usada, a\u00edsla del fr\u00edo al esquiar sin dejar pasar humedad\" \/>\n\t\t<meta name=\"twitter:image\" content=\"https:\/\/eldigitaldeasturias.com\/magazine365\/wp-content\/uploads\/2020\/12\/esquiar.jpg\" \/>\n\t\t<script type=\"application\/ld+json\" class=\"aioseo-schema\">\n\t\t\t{\"@context\":\"https:\\\/\\\/schema.org\",\"@graph\":[{\"@type\":\"Article\",\"@id\":\"https:\\\/\\\/eldigitaldeasturias.com\\\/magazine365\\\/hora-de-esquiar-momento-de-abrigarse\\\/#article\",\"name\":\"Hora de esquiar, momento de abrigarse | El Digital de Asturias\",\"headline\":\"Hora de esquiar, momento de abrigarse\",\"author\":{\"@id\":\"https:\\\/\\\/eldigitaldeasturias.com\\\/magazine365\\\/author\\\/admin\\\/#author\"},\"publisher\":{\"@id\":\"https:\\\/\\\/eldigitaldeasturias.com\\\/magazine365\\\/#organization\"},\"image\":{\"@type\":\"ImageObject\",\"url\":\"https:\\\/\\\/eldigitaldeasturias.com\\\/magazine365\\\/wp-content\\\/uploads\\\/2020\\\/12\\\/esquiar.jpg\",\"width\":1016,\"height\":664,\"caption\":\"La chaqueta de plumas, correctamente usada, a\\u00edsla del fr\\u00edo al esquiar sin dejar pasar humedad. Foto: Tobias Hase\\\/dpa\"},\"datePublished\":\"2020-12-08T12:59:16+01:00\",\"dateModified\":\"2020-12-08T12:59:16+01:00\",\"inLanguage\":\"es-ES\",\"mainEntityOfPage\":{\"@id\":\"https:\\\/\\\/eldigitaldeasturias.com\\\/magazine365\\\/hora-de-esquiar-momento-de-abrigarse\\\/#webpage\"},\"isPartOf\":{\"@id\":\"https:\\\/\\\/eldigitaldeasturias.com\\\/magazine365\\\/hora-de-esquiar-momento-de-abrigarse\\\/#webpage\"},\"articleSection\":\"Actualidad Turismo\"},{\"@type\":\"BreadcrumbList\",\"@id\":\"https:\\\/\\\/eldigitaldeasturias.com\\\/magazine365\\\/hora-de-esquiar-momento-de-abrigarse\\\/#breadcrumblist\",\"itemListElement\":[{\"@type\":\"ListItem\",\"@id\":\"https:\\\/\\\/eldigitaldeasturias.com\\\/magazine365#listItem\",\"position\":1,\"name\":\"Home\",\"item\":\"https:\\\/\\\/eldigitaldeasturias.com\\\/magazine365\",\"nextItem\":{\"@type\":\"ListItem\",\"@id\":\"https:\\\/\\\/eldigitaldeasturias.com\\\/magazine365\\\/category\\\/actualidad-turismo\\\/#listItem\",\"name\":\"Actualidad Turismo\"}},{\"@type\":\"ListItem\",\"@id\":\"https:\\\/\\\/eldigitaldeasturias.com\\\/magazine365\\\/category\\\/actualidad-turismo\\\/#listItem\",\"position\":2,\"name\":\"Actualidad Turismo\",\"item\":\"https:\\\/\\\/eldigitaldeasturias.com\\\/magazine365\\\/category\\\/actualidad-turismo\\\/\",\"nextItem\":{\"@type\":\"ListItem\",\"@id\":\"https:\\\/\\\/eldigitaldeasturias.com\\\/magazine365\\\/hora-de-esquiar-momento-de-abrigarse\\\/#listItem\",\"name\":\"Hora de esquiar, momento de abrigarse\"},\"previousItem\":{\"@type\":\"ListItem\",\"@id\":\"https:\\\/\\\/eldigitaldeasturias.com\\\/magazine365#listItem\",\"name\":\"Home\"}},{\"@type\":\"ListItem\",\"@id\":\"https:\\\/\\\/eldigitaldeasturias.com\\\/magazine365\\\/hora-de-esquiar-momento-de-abrigarse\\\/#listItem\",\"position\":3,\"name\":\"Hora de esquiar, momento de abrigarse\",\"previousItem\":{\"@type\":\"ListItem\",\"@id\":\"https:\\\/\\\/eldigitaldeasturias.com\\\/magazine365\\\/category\\\/actualidad-turismo\\\/#listItem\",\"name\":\"Actualidad Turismo\"}}]},{\"@type\":\"Organization\",\"@id\":\"https:\\\/\\\/eldigitaldeasturias.com\\\/magazine365\\\/#organization\",\"name\":\"El digital de Asturias\",\"description\":\"Revista de ocio, turismo y estilo de vida\",\"url\":\"https:\\\/\\\/eldigitaldeasturias.com\\\/magazine365\\\/\",\"logo\":{\"@type\":\"ImageObject\",\"url\":\"https:\\\/\\\/www.eldigitaldeasturias.com\\\/noticias\\\/wp-content\\\/uploads\\\/2020\\\/12\\\/EDA.jpg\",\"@id\":\"https:\\\/\\\/eldigitaldeasturias.com\\\/magazine365\\\/hora-de-esquiar-momento-de-abrigarse\\\/#organizationLogo\"},\"image\":{\"@id\":\"https:\\\/\\\/eldigitaldeasturias.com\\\/magazine365\\\/hora-de-esquiar-momento-de-abrigarse\\\/#organizationLogo\"}},{\"@type\":\"Person\",\"@id\":\"https:\\\/\\\/eldigitaldeasturias.com\\\/magazine365\\\/author\\\/admin\\\/#author\",\"url\":\"https:\\\/\\\/eldigitaldeasturias.com\\\/magazine365\\\/author\\\/admin\\\/\",\"name\":\"admin\",\"image\":{\"@type\":\"ImageObject\",\"@id\":\"https:\\\/\\\/eldigitaldeasturias.com\\\/magazine365\\\/hora-de-esquiar-momento-de-abrigarse\\\/#authorImage\",\"url\":\"https:\\\/\\\/eldigitaldeasturias.com\\\/magazine365\\\/wp-content\\\/litespeed\\\/avatar\\\/e571bcf59a0edd6fa6838245a470f2fe.jpg?ver=1776969259\",\"width\":96,\"height\":96,\"caption\":\"admin\"}},{\"@type\":\"WebPage\",\"@id\":\"https:\\\/\\\/eldigitaldeasturias.com\\\/magazine365\\\/hora-de-esquiar-momento-de-abrigarse\\\/#webpage\",\"url\":\"https:\\\/\\\/eldigitaldeasturias.com\\\/magazine365\\\/hora-de-esquiar-momento-de-abrigarse\\\/\",\"name\":\"Hora de esquiar, momento de abrigarse | El Digital de Asturias\",\"description\":\"La chaqueta de plumas, correctamente usada, a\\u00edsla del fr\\u00edo al esquiar sin dejar pasar humedad\",\"inLanguage\":\"es-ES\",\"isPartOf\":{\"@id\":\"https:\\\/\\\/eldigitaldeasturias.com\\\/magazine365\\\/#website\"},\"breadcrumb\":{\"@id\":\"https:\\\/\\\/eldigitaldeasturias.com\\\/magazine365\\\/hora-de-esquiar-momento-de-abrigarse\\\/#breadcrumblist\"},\"author\":{\"@id\":\"https:\\\/\\\/eldigitaldeasturias.com\\\/magazine365\\\/author\\\/admin\\\/#author\"},\"creator\":{\"@id\":\"https:\\\/\\\/eldigitaldeasturias.com\\\/magazine365\\\/author\\\/admin\\\/#author\"},\"image\":{\"@type\":\"ImageObject\",\"url\":\"https:\\\/\\\/eldigitaldeasturias.com\\\/magazine365\\\/wp-content\\\/uploads\\\/2020\\\/12\\\/esquiar.jpg\",\"@id\":\"https:\\\/\\\/eldigitaldeasturias.com\\\/magazine365\\\/hora-de-esquiar-momento-de-abrigarse\\\/#mainImage\",\"width\":1016,\"height\":664,\"caption\":\"La chaqueta de plumas, correctamente usada, a\\u00edsla del fr\\u00edo al esquiar sin dejar pasar humedad. Foto: Tobias Hase\\\/dpa\"},\"primaryImageOfPage\":{\"@id\":\"https:\\\/\\\/eldigitaldeasturias.com\\\/magazine365\\\/hora-de-esquiar-momento-de-abrigarse\\\/#mainImage\"},\"datePublished\":\"2020-12-08T12:59:16+01:00\",\"dateModified\":\"2020-12-08T12:59:16+01:00\"},{\"@type\":\"WebSite\",\"@id\":\"https:\\\/\\\/eldigitaldeasturias.com\\\/magazine365\\\/#website\",\"url\":\"https:\\\/\\\/eldigitaldeasturias.com\\\/magazine365\\\/\",\"name\":\"El Digital de Asturias\",\"description\":\"Revista de ocio, turismo y estilo de vida\",\"inLanguage\":\"es-ES\",\"publisher\":{\"@id\":\"https:\\\/\\\/eldigitaldeasturias.com\\\/magazine365\\\/#organization\"}}]}\n\t\t<\/script>\n\t\t<!-- All in One SEO Pro -->\r\n\t\t<title>Hora de esquiar, momento de abrigarse | El Digital de Asturias<\/title>\n\n","aioseo_head_json":{"title":"Hora de esquiar, momento de abrigarse | El Digital de Asturias","description":"La chaqueta de plumas, correctamente usada, a\u00edsla del fr\u00edo al esquiar sin dejar pasar humedad","canonical_url":"https:\/\/eldigitaldeasturias.com\/magazine365\/hora-de-esquiar-momento-de-abrigarse\/","robots":"max-image-preview:large","keywords":"esqu\u00ed,invierno,ropa,turismo,actualidad turismo","webmasterTools":{"google-site-verification":"UA-38556648-1","miscellaneous":""},"schema":{"@context":"https:\/\/schema.org","@graph":[{"@type":"Article","@id":"https:\/\/eldigitaldeasturias.com\/magazine365\/hora-de-esquiar-momento-de-abrigarse\/#article","name":"Hora de esquiar, momento de abrigarse | El Digital de Asturias","headline":"Hora de esquiar, momento de abrigarse","author":{"@id":"https:\/\/eldigitaldeasturias.com\/magazine365\/author\/admin\/#author"},"publisher":{"@id":"https:\/\/eldigitaldeasturias.com\/magazine365\/#organization"},"image":{"@type":"ImageObject","url":"https:\/\/eldigitaldeasturias.com\/magazine365\/wp-content\/uploads\/2020\/12\/esquiar.jpg","width":1016,"height":664,"caption":"La chaqueta de plumas, correctamente usada, a\u00edsla del fr\u00edo al esquiar sin dejar pasar humedad. Foto: Tobias Hase\/dpa"},"datePublished":"2020-12-08T12:59:16+01:00","dateModified":"2020-12-08T12:59:16+01:00","inLanguage":"es-ES","mainEntityOfPage":{"@id":"https:\/\/eldigitaldeasturias.com\/magazine365\/hora-de-esquiar-momento-de-abrigarse\/#webpage"},"isPartOf":{"@id":"https:\/\/eldigitaldeasturias.com\/magazine365\/hora-de-esquiar-momento-de-abrigarse\/#webpage"},"articleSection":"Actualidad Turismo"},{"@type":"BreadcrumbList","@id":"https:\/\/eldigitaldeasturias.com\/magazine365\/hora-de-esquiar-momento-de-abrigarse\/#breadcrumblist","itemListElement":[{"@type":"ListItem","@id":"https:\/\/eldigitaldeasturias.com\/magazine365#listItem","position":1,"name":"Home","item":"https:\/\/eldigitaldeasturias.com\/magazine365","nextItem":{"@type":"ListItem","@id":"https:\/\/eldigitaldeasturias.com\/magazine365\/category\/actualidad-turismo\/#listItem","name":"Actualidad Turismo"}},{"@type":"ListItem","@id":"https:\/\/eldigitaldeasturias.com\/magazine365\/category\/actualidad-turismo\/#listItem","position":2,"name":"Actualidad Turismo","item":"https:\/\/eldigitaldeasturias.com\/magazine365\/category\/actualidad-turismo\/","nextItem":{"@type":"ListItem","@id":"https:\/\/eldigitaldeasturias.com\/magazine365\/hora-de-esquiar-momento-de-abrigarse\/#listItem","name":"Hora de esquiar, momento de abrigarse"},"previousItem":{"@type":"ListItem","@id":"https:\/\/eldigitaldeasturias.com\/magazine365#listItem","name":"Home"}},{"@type":"ListItem","@id":"https:\/\/eldigitaldeasturias.com\/magazine365\/hora-de-esquiar-momento-de-abrigarse\/#listItem","position":3,"name":"Hora de esquiar, momento de abrigarse","previousItem":{"@type":"ListItem","@id":"https:\/\/eldigitaldeasturias.com\/magazine365\/category\/actualidad-turismo\/#listItem","name":"Actualidad Turismo"}}]},{"@type":"Organization","@id":"https:\/\/eldigitaldeasturias.com\/magazine365\/#organization","name":"El digital de Asturias","description":"Revista de ocio, turismo y estilo de vida","url":"https:\/\/eldigitaldeasturias.com\/magazine365\/","logo":{"@type":"ImageObject","url":"https:\/\/www.eldigitaldeasturias.com\/noticias\/wp-content\/uploads\/2020\/12\/EDA.jpg","@id":"https:\/\/eldigitaldeasturias.com\/magazine365\/hora-de-esquiar-momento-de-abrigarse\/#organizationLogo"},"image":{"@id":"https:\/\/eldigitaldeasturias.com\/magazine365\/hora-de-esquiar-momento-de-abrigarse\/#organizationLogo"}},{"@type":"Person","@id":"https:\/\/eldigitaldeasturias.com\/magazine365\/author\/admin\/#author","url":"https:\/\/eldigitaldeasturias.com\/magazine365\/author\/admin\/","name":"admin","image":{"@type":"ImageObject","@id":"https:\/\/eldigitaldeasturias.com\/magazine365\/hora-de-esquiar-momento-de-abrigarse\/#authorImage","url":"https:\/\/eldigitaldeasturias.com\/magazine365\/wp-content\/litespeed\/avatar\/e571bcf59a0edd6fa6838245a470f2fe.jpg?ver=1776969259","width":96,"height":96,"caption":"admin"}},{"@type":"WebPage","@id":"https:\/\/eldigitaldeasturias.com\/magazine365\/hora-de-esquiar-momento-de-abrigarse\/#webpage","url":"https:\/\/eldigitaldeasturias.com\/magazine365\/hora-de-esquiar-momento-de-abrigarse\/","name":"Hora de esquiar, momento de abrigarse | El Digital de Asturias","description":"La chaqueta de plumas, correctamente usada, a\u00edsla del fr\u00edo al esquiar sin dejar pasar humedad","inLanguage":"es-ES","isPartOf":{"@id":"https:\/\/eldigitaldeasturias.com\/magazine365\/#website"},"breadcrumb":{"@id":"https:\/\/eldigitaldeasturias.com\/magazine365\/hora-de-esquiar-momento-de-abrigarse\/#breadcrumblist"},"author":{"@id":"https:\/\/eldigitaldeasturias.com\/magazine365\/author\/admin\/#author"},"creator":{"@id":"https:\/\/eldigitaldeasturias.com\/magazine365\/author\/admin\/#author"},"image":{"@type":"ImageObject","url":"https:\/\/eldigitaldeasturias.com\/magazine365\/wp-content\/uploads\/2020\/12\/esquiar.jpg","@id":"https:\/\/eldigitaldeasturias.com\/magazine365\/hora-de-esquiar-momento-de-abrigarse\/#mainImage","width":1016,"height":664,"caption":"La chaqueta de plumas, correctamente usada, a\u00edsla del fr\u00edo al esquiar sin dejar pasar humedad. Foto: Tobias Hase\/dpa"},"primaryImageOfPage":{"@id":"https:\/\/eldigitaldeasturias.com\/magazine365\/hora-de-esquiar-momento-de-abrigarse\/#mainImage"},"datePublished":"2020-12-08T12:59:16+01:00","dateModified":"2020-12-08T12:59:16+01:00"},{"@type":"WebSite","@id":"https:\/\/eldigitaldeasturias.com\/magazine365\/#website","url":"https:\/\/eldigitaldeasturias.com\/magazine365\/","name":"El Digital de Asturias","description":"Revista de ocio, turismo y estilo de vida","inLanguage":"es-ES","publisher":{"@id":"https:\/\/eldigitaldeasturias.com\/magazine365\/#organization"}}]},"og:locale":"es_ES","og:site_name":"El Digital de Asturias \u2013 Revista de ocio, turismo y estilo de vida","og:type":"article","og:title":"Hora de esquiar, momento de abrigarse | El Digital de Asturias","og:description":"La chaqueta de plumas, correctamente usada, a\u00edsla del fr\u00edo al esquiar sin dejar pasar humedad","og:url":"https:\/\/eldigitaldeasturias.com\/magazine365\/hora-de-esquiar-momento-de-abrigarse\/","og:image":"https:\/\/eldigitaldeasturias.com\/magazine365\/wp-content\/uploads\/2020\/12\/esquiar.jpg","og:image:secure_url":"https:\/\/eldigitaldeasturias.com\/magazine365\/wp-content\/uploads\/2020\/12\/esquiar.jpg","og:image:width":1016,"og:image:height":664,"article:published_time":"2020-12-08T12:59:16+00:00","article:modified_time":"2020-12-08T12:59:16+00:00","twitter:card":"summary_large_image","twitter:title":"Hora de esquiar, momento de abrigarse | El Digital de Asturias","twitter:description":"La chaqueta de plumas, correctamente usada, a\u00edsla del fr\u00edo al esquiar sin dejar pasar humedad","twitter:image":"https:\/\/eldigitaldeasturias.com\/magazine365\/wp-content\/uploads\/2020\/12\/esquiar.jpg"},"aioseo_meta_data":{"post_id":"105816","title":null,"description":"La chaqueta de plumas, correctamente usada, a\u00edsla del fr\u00edo al esquiar sin dejar pasar humedad","keywords":[{"label":"Esqu\u00ed","value":"Esqu\u00ed"},{"label":"Invierno","value":"Invierno"},{"label":"Ropa","value":"Ropa"},{"label":"Turismo","value":"Turismo"}],"keyphrases":null,"primary_term":null,"canonical_url":"","og_title":null,"og_description":null,"og_object_type":"default","og_image_type":"default","og_image_url":null,"og_image_width":null,"og_image_height":null,"og_image_custom_url":null,"og_image_custom_fields":null,"og_video":null,"og_custom_url":null,"og_article_section":null,"og_article_tags":null,"twitter_use_og":false,"twitter_card":"default","twitter_image_type":"default","twitter_image_url":null,"twitter_image_custom_url":null,"twitter_image_custom_fields":null,"twitter_title":null,"twitter_description":null,"schema":{"blockGraphs":[],"customGraphs":[],"default":{"data":{"Article":[],"Course":[],"Dataset":[],"FAQPage":[],"Movie":[],"Person":[],"Product":[],"ProductReview":[],"Car":[],"Recipe":[],"Service":[],"SoftwareApplication":[],"WebPage":[]},"graphName":"","isEnabled":true},"graphs":[],"defaultGraph":"","defaultPostTypeGraph":""},"schema_type":null,"schema_type_options":null,"pillar_content":false,"robots_default":true,"robots_noindex":false,"robots_noarchive":false,"robots_nosnippet":false,"robots_nofollow":false,"robots_noimageindex":false,"robots_noodp":false,"robots_notranslate":false,"robots_max_snippet":null,"robots_max_videopreview":null,"robots_max_imagepreview":"large","priority":null,"frequency":null,"location":null,"local_seo":null,"seo_analyzer_scan_date":"2025-09-29 22:16:53","breadcrumb_settings":null,"limit_modified_date":false,"open_ai":null,"ai":null,"created":"2020-12-21 13:32:19","updated":"2025-09-29 22:16:53"},"aioseo_breadcrumb":"<div class=\"aioseo-breadcrumbs\"><span class=\"aioseo-breadcrumb\">\n\t<a href=\"https:\/\/eldigitaldeasturias.com\/magazine365\" title=\"Home\">Home<\/a>\n<\/span><span class=\"aioseo-breadcrumb-separator\">\u2013<\/span><span class=\"aioseo-breadcrumb\">\n\t<a href=\"https:\/\/eldigitaldeasturias.com\/magazine365\/category\/actualidad-turismo\/\" title=\"Actualidad Turismo\">Actualidad Turismo<\/a>\n<\/span><span class=\"aioseo-breadcrumb-separator\">\u2013<\/span><span class=\"aioseo-breadcrumb\">\n\t<a href=\"https:\/\/eldigitaldeasturias.com\/magazine365\/hora-de-esquiar-momento-de-abrigarse\/\" title=\"Hora de esquiar, momento de abrigarse\">Hora de esquiar, momento de abrigarse<\/a>\n<\/span><\/div>","aioseo_breadcrumb_json":[{"label":"Home","link":"https:\/\/eldigitaldeasturias.com\/magazine365"},{"label":"Actualidad Turismo","link":"https:\/\/eldigitaldeasturias.com\/magazine365\/category\/actualidad-turismo\/"},{"label":"Hora de esquiar, momento de abrigarse","link":"https:\/\/eldigitaldeasturias.com\/magazine365\/hora-de-esquiar-momento-de-abrigarse\/"}],"_links":{"self":[{"href":"https:\/\/eldigitaldeasturias.com\/magazine365\/wp-json\/wp\/v2\/posts\/105816","targetHints":{"allow":["GET"]}}],"collection":[{"href":"https:\/\/eldigitaldeasturias.com\/magazine365\/wp-json\/wp\/v2\/posts"}],"about":[{"href":"https:\/\/eldigitaldeasturias.com\/magazine365\/wp-json\/wp\/v2\/types\/post"}],"author":[{"embeddable":true,"href":"https:\/\/eldigitaldeasturias.com\/magazine365\/wp-json\/wp\/v2\/users\/1"}],"replies":[{"embeddable":true,"href":"https:\/\/eldigitaldeasturias.com\/magazine365\/wp-json\/wp\/v2\/comments?post=105816"}],"version-history":[{"count":0,"href":"https:\/\/eldigitaldeasturias.com\/magazine365\/wp-json\/wp\/v2\/posts\/105816\/revisions"}],"wp:featuredmedia":[{"embeddable":true,"href":"https:\/\/eldigitaldeasturias.com\/magazine365\/wp-json\/wp\/v2\/media\/105817"}],"wp:attachment":[{"href":"https:\/\/eldigitaldeasturias.com\/magazine365\/wp-json\/wp\/v2\/media?parent=105816"}],"wp:term":[{"taxonomy":"category","embeddable":true,"href":"https:\/\/eldigitaldeasturias.com\/magazine365\/wp-json\/wp\/v2\/categories?post=105816"},{"taxonomy":"post_tag","embeddable":true,"href":"https:\/\/eldigitaldeasturias.com\/magazine365\/wp-json\/wp\/v2\/tags?post=105816"}],"curies":[{"name":"wp","href":"https:\/\/api.w.org\/{rel}","templated":true}]}}